{"id":114683,"date":"2025-01-11T15:24:07","date_gmt":"2025-01-11T15:24:07","guid":{"rendered":"https:\/\/www.mundiplus.com\/?p=114683"},"modified":"2025-01-11T15:35:29","modified_gmt":"2025-01-11T15:35:29","slug":"was-es-in-lalin-zu-sehen-gibt","status":"publish","type":"post","link":"https:\/\/www.mundiplus.com\/de\/was-es-in-lalin-zu-sehen-gibt\/","title":{"rendered":"Was es in Lal\u00edn zu sehen gibt"},"content":{"rendered":"<p><img fetchpriority=\"high\" decoding=\"async\" class=\"alignnone wp-image-113244 size-full\" src=\"https:\/\/www.mundiplus.com\/wp-content\/uploads\/2024\/11\/Lalin-Mundiplus.jpg\" alt=\"\" width=\"1024\" height=\"680\" srcset=\"https:\/\/www.mundiplus.com\/wp-content\/uploads\/2024\/11\/Lalin-Mundiplus.jpg 1024w, https:\/\/www.mundiplus.com\/wp-content\/uploads\/2024\/11\/Lalin-Mundiplus-300x199.jpg 300w, https:\/\/www.mundiplus.com\/wp-content\/uploads\/2024\/11\/Lalin-Mundiplus-768x510.jpg 768w, https:\/\/www.mundiplus.com\/wp-content\/uploads\/2024\/11\/Lalin-Mundiplus-600x398.jpg 600w\" sizes=\"(max-width: 1024px) 100vw, 1024px\" \/><\/p>\n<p><span style=\"font-weight: 400;\">Lal\u00edn, gelegen in der Provinz Pontevedra, <\/span><b>Lal\u00edn<\/b><span style=\"font-weight: 400;\"> ist ein unverzichtbarer Zwischenstopp f\u00fcr diejenigen, die in die Kultur, Gastronomie und Landschaften eintauchen m\u00f6chten, die diese Region zu bieten hat. Als <\/span><b>Nullpunkt Galiciens<\/b><span style=\"font-weight: 400;\"> bekannt, stellt es einen strategischen Punkt auf dem Jakobsweg dar, insbesondere auf der <\/span><b>Via de la Plata<\/b><span style=\"font-weight: 400;\">.<\/span><\/p>\n<p><span style=\"font-weight: 400;\">Als Spezialisten f\u00fcr <\/span><a href=\"https:\/\/www.mundiplus.com\/de\/\"><b>Dienstleistungen f\u00fcr den Jakobsweg<\/b><\/a><span style=\"font-weight: 400;\"> m\u00f6chten wir Ihnen umfassende Informationen \u00fcber diese Stadt geben, damit Sie wissen, was Sie hier erwartet. Zuvor m\u00f6chten wir Ihnen einige Gr\u00fcnde nennen, warum Sie die Via de la Plata f\u00fcr Ihre Pilgerreise nach Santiago w\u00e4hlen sollten.\u00a0<\/span><\/p>\n<p>&nbsp;<\/p>\n<h2><b>Warum die Via de la Plata w\u00e4hlen?<\/b><\/h2>\n<ul>\n<li style=\"font-weight: 400;\" aria-level=\"1\"><span style=\"font-weight: 400;\">Die Via de la Plata ist eine Route, die sich durch ihre <\/span><b>L\u00e4nge und Vielfalt der Landschaften<\/b><span style=\"font-weight: 400;\"> auszeichnet, von den Ebenen Andalusiens bis zu den galicischen Bergen. Im Gegensatz dazu bietet der Camino Primitivo, der als der \u00e4lteste Weg gilt, eine k\u00f6rperlich anspruchsvollere Strecke, beeindruckende Berglandschaften und eine tiefgehende historische Verbindung.\u00a0<\/span><\/li>\n<\/ul>\n<p><span style=\"font-weight: 400;\">F\u00fcr weitere Details k\u00f6nnen Sie die <\/span><a href=\"https:\/\/www.mundiplus.com\/de\/caminos\/a-pie\/camino-primitivo\/\"><b>Informationen \u00fcber den Camino Primitivo<\/b><\/a><span style=\"font-weight: 400;\"> einsehen.<\/span><\/p>\n<ul>\n<li style=\"font-weight: 400;\" aria-level=\"1\"><span style=\"font-weight: 400;\">Der <\/span><a href=\"https:\/\/www.mundiplus.com\/de\/caminos\/a-pie\/camino-ingles\/\"><b>komplette Camino Ingl\u00e9s<\/b><\/a><span style=\"font-weight: 400;\"> ist eine k\u00fcrzere Route als die Via de la Plata, ideal f\u00fcr diejenigen mit weniger Zeit. W\u00e4hrend die Via de la Plata <\/span><b>durch das Inland Spaniens f\u00fchrt<\/b><span style=\"font-weight: 400;\">, bietet diese Alternative K\u00fcstenblicke und ein anderes Erlebnis. Beide Routen haben ihren Charme und bieten einzigartige M\u00f6glichkeiten f\u00fcr Introspektion und kulturelle Entdeckungen.\u00a0<\/span><\/li>\n<\/ul>\n<p><span style=\"font-weight: 400;\">F\u00fcr umfassendere Informationen entdecken Sie mehr \u00fcber die <\/span><a href=\"https:\/\/www.mundiplus.com\/de\/caminos\/a-pie\/camino-ingles\/camino-de-santiago-desde-ferrol\/\"><b>Route des Camino Ingl\u00e9s von Ferrol<\/b><\/a><span style=\"font-weight: 400;\">.<\/span><\/p>\n<ul>\n<li style=\"font-weight: 400;\" aria-level=\"1\"><span style=\"font-weight: 400;\">Die <\/span><a href=\"https:\/\/www.mundiplus.com\/de\/caminos\/a-pie\/camino-finisterre\/camino-de-santiago-a-finisterre\/\"><b>Route von Santiago nach Finisterre<\/b><\/a><span style=\"font-weight: 400;\"> ist eine Erweiterung, die die Pilger bis zur &#8222;Costa da Morte&#8220; f\u00fchrt, die in der Antike als das Ende der Welt galt. W\u00e4hrend die Via de la Plata eine Ankunftsroute nach Santiago ist,<\/span><b> ist dieser Weg eine Fortsetzung<\/b><span style=\"font-weight: 400;\">, die K\u00fcstensch\u00f6nheiten und eine besondere Symbolik bietet.\u00a0<\/span><\/li>\n<li style=\"font-weight: 400;\" aria-level=\"1\"><span style=\"font-weight: 400;\">Der Camino Franc\u00e9s ist der beliebteste Weg. Dieser Abschnitt ist bekannt f\u00fcr seine nat\u00fcrliche Sch\u00f6nheit und seinen historischen Reichtum. Im Vergleich zur Via de la Plata, die l\u00e4nger und <\/span><b>weniger frequentiert<\/b><span style=\"font-weight: 400;\"> ist, bieten seine Etappen eine sozialere und gemeinschaftlichere Erfahrung unter Pilgern.\u00a0<\/span><\/li>\n<\/ul>\n<p><span style=\"font-weight: 400;\">Zur Planung Ihrer Reise konsultieren Sie die <\/span><a href=\"https:\/\/www.mundiplus.com\/de\/caminos\/a-pie\/camino-frances\/camino-de-santiago-desde-o-cebreiro\/\"><b>Etappen ab O Cebreiro<\/b><\/a><span style=\"font-weight: 400;\">.<\/span><\/p>\n<p>&nbsp;<\/p>\n<h2><b>Was kann man in Lal\u00edn sehen?<\/b><\/h2>\n<h3><b>Kirche von Lal\u00edn<\/b><\/h3>\n<p><img decoding=\"async\" class=\"alignnone wp-image-113256 size-full\" src=\"https:\/\/www.mundiplus.com\/wp-content\/uploads\/2024\/11\/Iglesia-Parroquial-de-Lalin-Mundiplus.jpg\" alt=\"\" width=\"1024\" height=\"768\" srcset=\"https:\/\/www.mundiplus.com\/wp-content\/uploads\/2024\/11\/Iglesia-Parroquial-de-Lalin-Mundiplus.jpg 1024w, https:\/\/www.mundiplus.com\/wp-content\/uploads\/2024\/11\/Iglesia-Parroquial-de-Lalin-Mundiplus-300x225.jpg 300w, https:\/\/www.mundiplus.com\/wp-content\/uploads\/2024\/11\/Iglesia-Parroquial-de-Lalin-Mundiplus-768x576.jpg 768w, https:\/\/www.mundiplus.com\/wp-content\/uploads\/2024\/11\/Iglesia-Parroquial-de-Lalin-Mundiplus-600x450.jpg 600w\" sizes=\"(max-width: 1024px) 100vw, 1024px\" \/><\/p>\n<p><span style=\"font-weight: 400;\">Die <\/span><b>Kirche San Marti\u00f1o de Lal\u00edn<\/b><span style=\"font-weight: 400;\"> ist ein bemerkenswertes Beispiel religi\u00f6ser Architektur, das barocke und neoklassizistische Stile vereint. Sie wurde im <\/span><b>18. Jahrhundert<\/b><span style=\"font-weight: 400;\"> erbaut und bietet mit ihrer Fassade und dem schlichten Glockenturm einen beeindruckenden Blick auf die Stadtlandschaft.\u00a0<\/span><\/p>\n<p><span style=\"font-weight: 400;\">Im Inneren beherbergt sie wertvolle sakrale Kunstwerke, wie geschnitzte Alt\u00e4re und \u00d6lgem\u00e4lde, die die Hingabe und Geschichte der lokalen Gemeinschaft widerspiegeln. Die bunten Glasfenster filtern das Licht und schaffen eine Atmosph\u00e4re der Ruhe, die zum Nachdenken einl\u00e4dt.<\/span><\/p>\n<p>&nbsp;<\/p>\n<h3><b>Stadtmuseum Ram\u00f3n Mar\u00eda Aller Ulloa<\/b><\/h3>\n<p><img decoding=\"async\" class=\"alignnone wp-image-113250 size-full\" src=\"https:\/\/www.mundiplus.com\/wp-content\/uploads\/2024\/11\/Museo-Municipal-Ramon-Maria-Aller-Ulloa-Mundiplus.jpg\" alt=\"\" width=\"1024\" height=\"768\" srcset=\"https:\/\/www.mundiplus.com\/wp-content\/uploads\/2024\/11\/Museo-Municipal-Ramon-Maria-Aller-Ulloa-Mundiplus.jpg 1024w, https:\/\/www.mundiplus.com\/wp-content\/uploads\/2024\/11\/Museo-Municipal-Ramon-Maria-Aller-Ulloa-Mundiplus-300x225.jpg 300w, https:\/\/www.mundiplus.com\/wp-content\/uploads\/2024\/11\/Museo-Municipal-Ramon-Maria-Aller-Ulloa-Mundiplus-768x576.jpg 768w, https:\/\/www.mundiplus.com\/wp-content\/uploads\/2024\/11\/Museo-Municipal-Ramon-Maria-Aller-Ulloa-Mundiplus-600x450.jpg 600w\" sizes=\"(max-width: 1024px) 100vw, 1024px\" \/><\/p>\n<p><span style=\"font-weight: 400;\">Dieses Museum ist eine Hommage an den ber\u00fchmten Astronomen und Mathematiker Ram\u00f3n Mar\u00eda Aller Ulloa, der aus dieser Stadt stammt. Hier k\u00f6nnen die Besucher <\/span><b>Ausstellungen \u00fcber seine wissenschaftlichen Beitr\u00e4ge<\/b><span style=\"font-weight: 400;\"> sehen, einschlie\u00dflich originaler astronomischer Instrumente und historischer Dokumente.\u00a0<\/span><\/p>\n<p><span style=\"font-weight: 400;\">Das Museum beherbergt au\u00dferdem Sammlungen zeitgen\u00f6ssischer Kunst und Ethnografie, die die kulturelle Entwicklung der Region erz\u00e4hlen.\u00a0<\/span><\/p>\n<p>&nbsp;<\/p>\n<h3><b>Park Loriga<\/b><\/h3>\n<p><span style=\"font-weight: 400;\">Der <\/span><b>Park Loriga<\/b><span style=\"font-weight: 400;\"> ist ein idealer Ort f\u00fcr Erholung und Freizeit. Mit weitl\u00e4ufigen Gartenfl\u00e4chen, Teichen und Spielpl\u00e4tzen ist er der perfekte Ort f\u00fcr einen ruhigen Spaziergang inmitten der Natur, sei es alleine oder mit der Familie. Der Park verf\u00fcgt \u00fcber schattige Wege, die von jahrhundertealten B\u00e4umen ges\u00e4umt sind, sowie Picknickbereiche, die zu einem Tag im Freien einladen.\u00a0<\/span><\/p>\n<p>&nbsp;<\/p>\n<h3><b>Flussweg des R\u00edo Ponti\u00f1as<\/b><\/h3>\n<p><span style=\"font-weight: 400;\">Dieser Wanderweg entlang des R\u00edo Ponti\u00f1as bietet eine entspannende Erfahrung zwischen einheimischer Flora und Fauna. Mit <\/span><b>mehr als 7 Kilometern<\/b><span style=\"font-weight: 400;\"> Strecke ist er ein zug\u00e4nglicher Weg, der es den Pilgern erm\u00f6glicht, sich mit der nat\u00fcrlichen Umgebung zu verbinden, V\u00f6gel zu beobachten und das beruhigende Ger\u00e4usch des flie\u00dfenden Wassers zu genie\u00dfen. Der Weg ist mit Holzbr\u00fccken, Rastpl\u00e4tzen und Informationstafeln zur lokalen Biodiversit\u00e4t ausgestattet.<\/span><\/p>\n<p>&nbsp;<\/p>\n<h2><b>Typische Gastronomie von Lal\u00edn<\/b><\/h2>\n<p><span style=\"font-weight: 400;\">Das <\/span><b>Cocido de Lal\u00edn<\/b><span style=\"font-weight: 400;\"> ist zweifellos das Aush\u00e4ngeschild der lokalen K\u00fcche. Dieses reichhaltige Eintopfgericht, das mit Fleisch, Wurst, Gem\u00fcse und H\u00fclsenfr\u00fcchten zubereitet wird, ist ein<\/span><b> Symbol der galicischen Tradition<\/b><span style=\"font-weight: 400;\">. Seine Bedeutung ist so gro\u00df, dass jedes Jahr die <\/span><b>ber\u00fchmte Feria del Cocido<\/b><span style=\"font-weight: 400;\"> gefeiert wird, die Feinschmecker aus aller Welt anzieht.<\/span><\/p>\n<p><span style=\"font-weight: 400;\">Au\u00dferdem ist die Region bekannt f\u00fcr ihre <\/span><b>handwerklichen Wurstwaren, hochwertigen K\u00e4sesorten und reinen Honig aus der Region<\/b><span style=\"font-weight: 400;\">. Diese Produkte spiegeln die Vielfalt der l\u00e4ndlichen Umgebung und das Engagement der lokalen Produzenten wider.<\/span><\/p>\n<p>&nbsp;<\/p>\n<h2><b>Outdoor-Aktivit\u00e4ten und Natur<\/b><\/h2>\n<ul>\n<li aria-level=\"1\"><b>Wanderwege<\/b><span style=\"font-weight: 400;\">.<\/span> <span style=\"font-weight: 400;\">F\u00fcr Wanderfreunde ist der Wanderweg PR-G 199 &#8222;Senda del Deza&#8220; eine ausgezeichnete Wahl. Dieser Weg f\u00fchrt durch beeindruckende Landschaften, darunter \u00fcppige W\u00e4lder und Panoramablicke, die das nat\u00fcrliche Wesen der Region einfangen.<\/span><\/li>\n<\/ul>\n<ul>\n<li aria-level=\"1\"><b>Naturr\u00e4ume<\/b><span style=\"font-weight: 400;\">.<\/span> <span style=\"font-weight: 400;\">Das Gebirge Sierra del Cand\u00e1n ist ein weiteres Naturjuwel in der N\u00e4he von Lal\u00edn. Dieser gesch\u00fctzte Raum beherbergt eine bemerkenswerte Biodiversit\u00e4t mit einzigartigen Pflanzen- und Tierarten, die Biologen und Naturfreunde gleicherma\u00dfen erfreuen.<\/span><\/li>\n<\/ul>\n<ul>\n<li aria-level=\"1\"><b>Sport und Abenteuer<\/b><span style=\"font-weight: 400;\">.<\/span> <span style=\"font-weight: 400;\">Lal\u00edn bietet M\u00f6glichkeiten f\u00fcr Mountainbiking und Reittourismus. Es gibt markierte Routen und spezialisierte Zentren, die die Aus\u00fcbung dieser Aktivit\u00e4ten erleichtern, sodass die Umgebung aktiv und aufregend erkundet werden kann.<\/span><\/li>\n<\/ul>\n<p>&nbsp;<\/p>\n<h2><b>Kultur und Traditionen<\/b><\/h2>\n<p><span style=\"font-weight: 400;\">Religi\u00f6se Feste und kulturelle Veranstaltungen sind ein fester Bestandteil des Lebens in Lal\u00edn. Zu den H\u00f6hepunkten geh\u00f6ren Feierlichkeiten wie die <\/span><b>Fiestas de San Ram\u00f3n und die Fiestas de Nuestra Se\u00f1ora de las Dores<\/b><span style=\"font-weight: 400;\">, die Prozessionen, traditionelle Musik und gemeinschaftliche Aktivit\u00e4ten umfassen.<\/span><\/p>\n<p><span style=\"font-weight: 400;\">Die <\/span><b>traditionellen M\u00e4rkte<\/b><span style=\"font-weight: 400;\"> sind Orte, an denen man lokale Handwerkskunst bewundern und erwerben kann. Von Holzarbeiten \u00fcber Textilien bis hin zu Keramiken spiegeln diese Produkte das Talent und die Kreativit\u00e4t der regionalen Handwerker wider.<\/span><\/p>\n<p>&nbsp;<\/p>\n<p><span style=\"font-weight: 400;\">Lal\u00edn ist viel mehr als ein Punkt auf der Landkarte, es ist ein Ort, an dem die Geschichte, Kultur und Natur Galiciens aufeinandertreffen. Ob man nun die reiche Gastronomie genie\u00dft, die Landschaften erkundet oder in die Traditionen eintaucht, es bietet unvergessliche Erlebnisse. Verpassen Sie nicht die Gelegenheit, alles zu entdecken, was diese charmante Stadt auf Ihrer Pilgerreise nach Santiago zu bieten hat.<\/span><\/p>\n<p>&nbsp;<\/p>\n","protected":false},"excerpt":{"rendered":"<p>Lal\u00edn, gelegen in der Provinz Pontevedra, Lal\u00edn ist ein unverzichtbarer Zwischenstopp f\u00fcr diejenigen, die in die Kultur, Gastronomie und Landschaften eintauchen m\u00f6chten, die diese Region zu bieten hat. Als Nullpunkt Galiciens bekannt, stellt es einen strategischen Punkt auf dem Jakobsweg dar, insbesondere auf der Via de la Plata. Als Spezialisten f\u00fcr Dienstleistungen f\u00fcr den Jakobsweg [&hellip;]<\/p>\n","protected":false},"author":1,"featured_media":113247,"comment_status":"open","ping_status":"open","sticky":false,"template":"","format":"standard","meta":{"footnotes":""},"categories":[572,584,604,600],"tags":[],"class_list":["post-114683","post","type-post","status-publish","format-standard","has-post-thumbnail","hentry","category-blog-des-weges","category-geschichte","category-ikonische-orte","category-villages-et-regions-de"],"_links":{"self":[{"href":"https:\/\/www.mundiplus.com\/de\/wp-json\/wp\/v2\/posts\/114683","targetHints":{"allow":["GET"]}}],"collection":[{"href":"https:\/\/www.mundiplus.com\/de\/wp-json\/wp\/v2\/posts"}],"about":[{"href":"https:\/\/www.mundiplus.com\/de\/wp-json\/wp\/v2\/types\/post"}],"author":[{"embeddable":true,"href":"https:\/\/www.mundiplus.com\/de\/wp-json\/wp\/v2\/users\/1"}],"replies":[{"embeddable":true,"href":"https:\/\/www.mundiplus.com\/de\/wp-json\/wp\/v2\/comments?post=114683"}],"version-history":[{"count":0,"href":"https:\/\/www.mundiplus.com\/de\/wp-json\/wp\/v2\/posts\/114683\/revisions"}],"wp:featuredmedia":[{"embeddable":true,"href":"https:\/\/www.mundiplus.com\/de\/wp-json\/wp\/v2\/media\/113247"}],"wp:attachment":[{"href":"https:\/\/www.mundiplus.com\/de\/wp-json\/wp\/v2\/media?parent=114683"}],"wp:term":[{"taxonomy":"category","embeddable":true,"href":"https:\/\/www.mundiplus.com\/de\/wp-json\/wp\/v2\/categories?post=114683"},{"taxonomy":"post_tag","embeddable":true,"href":"https:\/\/www.mundiplus.com\/de\/wp-json\/wp\/v2\/tags?post=114683"}],"curies":[{"name":"wp","href":"https:\/\/api.w.org\/{rel}","templated":true}]}}