{"id":114690,"date":"2024-12-11T16:01:36","date_gmt":"2024-12-11T16:01:36","guid":{"rendered":"https:\/\/www.mundiplus.com\/?p=114690"},"modified":"2024-12-12T09:25:13","modified_gmt":"2024-12-12T09:25:13","slug":"was-es-in-orense-zu-sehen-gibt","status":"publish","type":"post","link":"https:\/\/www.mundiplus.com\/de\/blog\/was-es-in-orense-zu-sehen-gibt\/","title":{"rendered":"Was es in Orense zu sehen gibt"},"content":{"rendered":"<p><img fetchpriority=\"high\" decoding=\"async\" class=\"alignnone wp-image-112237 size-full\" src=\"https:\/\/www.mundiplus.com\/wp-content\/uploads\/2024\/11\/Orense-Mundiplus.jpg\" alt=\"\" width=\"1024\" height=\"683\" srcset=\"https:\/\/www.mundiplus.com\/wp-content\/uploads\/2024\/11\/Orense-Mundiplus.jpg 1024w, https:\/\/www.mundiplus.com\/wp-content\/uploads\/2024\/11\/Orense-Mundiplus-300x200.jpg 300w, https:\/\/www.mundiplus.com\/wp-content\/uploads\/2024\/11\/Orense-Mundiplus-768x512.jpg 768w, https:\/\/www.mundiplus.com\/wp-content\/uploads\/2024\/11\/Orense-Mundiplus-600x400.jpg 600w\" sizes=\"(max-width: 1024px) 100vw, 1024px\" \/><\/p>\n<p><b>Orense<\/b><span style=\"font-weight: 400;\">, im Herzen Galiciens gelegen, ist ein wichtiger Halt auf dem Jakobsweg, insbesondere f\u00fcr alle, die den <\/span><b>V\u00eda de la Plata<\/b><span style=\"font-weight: 400;\">-Weg gehen. Bekannt als die <\/span><b>Stadt der Thermalb\u00e4der<\/b><span style=\"font-weight: 400;\">, bietet sie den Pilgern eine unverzichtbare Gelegenheit, sich auszuruhen und neue Kr\u00e4fte f\u00fcr ihre Reise zu tanken.<\/span><\/p>\n<p><span style=\"font-weight: 400;\">Die <\/span><a href=\"https:\/\/www.mundiplus.com\/de\/\"><b>Planung des Jakobswegs<\/b><\/a><span style=\"font-weight: 400;\"> ist entscheidend, um jede Etappe optimal zu nutzen. Deshalb kann dir ein auf diesen Service spezialisiertes Unternehmen wie <\/span><b>Mundiplus<\/b><span style=\"font-weight: 400;\"> helfen, die historischen, nat\u00fcrlichen und kulturellen Sch\u00e4tze einer so interessanten Stadt wie dieser zu entdecken.<\/span><\/p>\n<p><span style=\"font-weight: 400;\">Von den ber\u00fchmten Thermalquellen bis hin zur Altstadt voller Monumente bereichert dieser Ort das Pilgererlebnis.<\/span><\/p>\n<p>&nbsp;<\/p>\n<h2><b>Warum den V\u00eda de la Plata w\u00e4hlen? <\/b><\/h2>\n<p><span style=\"font-weight: 400;\">Bevor wir \u00fcber Ourense sprechen, m\u00f6chten wir dir einige Gr\u00fcnde nennen, warum du diesen Weg w\u00e4hlen solltest. Au\u00dferdem vergleichen wir ihn mit anderen Routen:<\/span><\/p>\n<ul>\n<li style=\"font-weight: 400;\" aria-level=\"1\"><span style=\"font-weight: 400;\">Der <\/span><b>Camino Primitivo<\/b><span style=\"font-weight: 400;\"> ist bekannt als einer der \u00e4ltesten und anspruchsvollsten Wege, da er bergige Landschaften durchquert und eine tiefe historische Verbindung bietet. Im Gegensatz dazu zeichnet sich der V\u00eda de la Plata durch seine <\/span><b>flachere Strecke und sein reiches r\u00f6misches Erbe<\/b><span style=\"font-weight: 400;\"> aus, was eine zug\u00e4nglichere Pilgerreise erm\u00f6glicht, ohne auf nat\u00fcrliche und kulturelle Sch\u00f6nheit zu verzichten.<\/span><\/li>\n<\/ul>\n<p><span style=\"font-weight: 400;\">Wenn du mehr erfahren m\u00f6chtest, <\/span><a href=\"https:\/\/www.mundiplus.com\/de\/caminos\/a-pie\/camino-primitivo\/\"><b>entdecke den Camino Primitivo<\/b><\/a><span style=\"font-weight: 400;\"> mit Mundiplus<\/span><\/p>\n<ul>\n<li style=\"font-weight: 400;\" aria-level=\"1\"><span style=\"font-weight: 400;\">Der <\/span><a href=\"https:\/\/www.mundiplus.com\/de\/caminos\/a-pie\/camino-finisterre\/camino-de-santiago-a-finisterre\/\"><b>Weg von Santiago nach Finisterre<\/b><\/a><span style=\"font-weight: 400;\"> ist bei denen beliebt, die ihre Pilgerreise bis zum Ende der Welt ausdehnen m\u00f6chten, mit spektakul\u00e4ren Ausblicken auf den Atlantik. W\u00e4hrend dieser Weg in Finisterre endet, bietet der V\u00eda de la Plata eine <\/span><b>vollst\u00e4ndige Erfahrung, indem er historische St\u00e4dte wie Orense durchquert<\/b><span style=\"font-weight: 400;\">.<\/span><\/li>\n<li style=\"font-weight: 400;\" aria-level=\"1\"><span style=\"font-weight: 400;\">Der <\/span><a href=\"https:\/\/www.mundiplus.com\/de\/caminos\/a-pie\/camino-ingles\/camino-de-santiago-desde-ferrol\/\"><b>Camino Ingl\u00e9s von Ferrol<\/b><\/a><span style=\"font-weight: 400;\"> und der <\/span><a href=\"https:\/\/www.mundiplus.com\/de\/caminos\/a-pie\/camino-ingles\/\"><b>Camino Ingl\u00e9s nach Santiago<\/b><\/a><span style=\"font-weight: 400;\"> sind beliebte Optionen wegen ihrer N\u00e4he zum Meer und des milderen Klimas. Diese Wege sind ideal f\u00fcr diejenigen, die eine sanftere und weniger k\u00f6rperlich anspruchsvolle Reise suchen. Im Gegensatz dazu bietet der V\u00eda de la Plata die M\u00f6glichkeit, in die <\/span><b>galicische Kultur einzutauchen<\/b><span style=\"font-weight: 400;\"> und ihre Monumente zu erleben.<\/span><\/li>\n<li style=\"font-weight: 400;\" aria-level=\"1\"><span style=\"font-weight: 400;\">Der <\/span><a href=\"https:\/\/www.mundiplus.com\/de\/caminos\/a-pie\/camino-frances\/camino-de-santiago-desde-o-cebreiro\/\"><b>Camino von O Cebreiro<\/b><\/a><span style=\"font-weight: 400;\"> ist ber\u00fchmt f\u00fcr seine Berglandschaften und das malerische keltische Dorf, was ihn zu einer spektakul\u00e4ren Route f\u00fcr Natur- und Geschichtsfreunde macht. Der V\u00eda de la Plata bietet ein anderes Erlebnis, das sich auf <\/span><b>kulturelle Vielfalt<\/b><span style=\"font-weight: 400;\"> und Thermalquellen konzentriert.<\/span><\/li>\n<\/ul>\n<p><span style=\"font-weight: 400;\">Die Wahl des V\u00eda de la Plata hat viele Vorteile. Neben der Tatsache, dass es ein <\/span><b>weniger \u00fcberlaufener Weg<\/b><span style=\"font-weight: 400;\"> ist, erm\u00f6glicht er eine <\/span><b>flexiblere Planung<\/b><span style=\"font-weight: 400;\"> mit vielen Dienstleistungen und Unterk\u00fcnften, die die Pilgerreise erleichtern.<\/span><\/p>\n<p>&nbsp;<\/p>\n<h2><b>Die Altstadt von Orense: eine Reise in die Vergangenheit<\/b><\/h2>\n<p><span style=\"font-weight: 400;\">Orense hat eine Altstadt, die die Besucher in vergangene Zeiten versetzt. Ein Spaziergang durch die gepflasterten Stra\u00dfen bedeutet, ein Ensemble von Denkm\u00e4lern zu entdecken, die die reiche Geschichte dieser Stadt offenbaren.<\/span><\/p>\n<p><span style=\"font-weight: 400;\">Ein wichtiger Anziehungspunkt ist die <\/span><b>Kathedrale von San Marti\u00f1o<\/b><span style=\"font-weight: 400;\">, ein beeindruckendes Geb\u00e4ude aus dem <\/span><b>12. Jahrhundert<\/b><span style=\"font-weight: 400;\">, das <\/span><b>romantische, gotische und barocke Elemente<\/b><span style=\"font-weight: 400;\"> bewahrt. Im Inneren sticht der ber\u00fchmte <\/span><b>Portal des Paradieses<\/b><span style=\"font-weight: 400;\"> hervor, ein architektonisches Juwel, das mit dem Portal de la Gloria in Santiago de Compostela verglichen wird.<\/span><\/p>\n<p><span style=\"font-weight: 400;\">Der <\/span><b>Plaza Mayor<\/b><span style=\"font-weight: 400;\"> ist ein weiterer unverzichtbarer Ort f\u00fcr Besucher. Mit seiner besonderen Neigung bietet der Platz eine lebendige Atmosph\u00e4re, umgeben von historischen Geb\u00e4uden und Bars, in denen man die galicische Gastronomie genie\u00dfen kann.<\/span><\/p>\n<p><span style=\"font-weight: 400;\">In der Umgebung befinden sich weitere sehenswerte Monumente, wie der <\/span><b>Episkopalpalast<\/b><span style=\"font-weight: 400;\"> und die <\/span><b>Kirche von Santa Eufemia<\/b><span style=\"font-weight: 400;\">, die beide repr\u00e4sentativ f\u00fcr die religi\u00f6se Architektur und Kunst Galiciens sind.<\/span><\/p>\n<p>&nbsp;<\/p>\n<h2><b>Thermalb\u00e4der von Orense: eine Oase der Entspannung<\/b><\/h2>\n<p><img decoding=\"async\" class=\"alignnone wp-image-112243 size-full\" src=\"https:\/\/www.mundiplus.com\/wp-content\/uploads\/2024\/11\/Termas-de-Orense-Mundiplus.jpg\" alt=\"\" width=\"1024\" height=\"768\" srcset=\"https:\/\/www.mundiplus.com\/wp-content\/uploads\/2024\/11\/Termas-de-Orense-Mundiplus.jpg 1024w, https:\/\/www.mundiplus.com\/wp-content\/uploads\/2024\/11\/Termas-de-Orense-Mundiplus-300x225.jpg 300w, https:\/\/www.mundiplus.com\/wp-content\/uploads\/2024\/11\/Termas-de-Orense-Mundiplus-768x576.jpg 768w, https:\/\/www.mundiplus.com\/wp-content\/uploads\/2024\/11\/Termas-de-Orense-Mundiplus-600x450.jpg 600w\" sizes=\"(max-width: 1024px) 100vw, 1024px\" \/><\/p>\n<p><span style=\"font-weight: 400;\">Eines der gr\u00f6\u00dften Attraktionen sind ihre Thermalquellen, die f\u00fcr ihre <\/span><b>therapeutischen Eigenschaften<\/b><span style=\"font-weight: 400;\"> bekannt sind. Die Thermalb\u00e4der bieten ein einzigartiges Erlebnis, ideal f\u00fcr Pilger, die nach langen Etappen eine Auszeit suchen.<\/span><\/p>\n<p><span style=\"font-weight: 400;\">Zu den bekanntesten Thermalb\u00e4dern geh\u00f6ren die <\/span><b>Thermalb\u00e4der von Outariz<\/b><span style=\"font-weight: 400;\">, ein perfekter Ort, um sich im Freien in nat\u00fcrlichen hei\u00dfen Pools zu entspannen. Ein weiteres Highlight ist der <\/span><b>Kurort As Burgas<\/b><span style=\"font-weight: 400;\">, der sich in der Altstadt befindet und sowohl Badezonen als auch Spa-Dienste bietet.<\/span><\/p>\n<p><span style=\"font-weight: 400;\">Die Vorteile der Thermalquellen gehen \u00fcber einfache Entspannung hinaus, da das Wasser dieser nat\u00fcrlichen Quellen reich an Mineralien ist und <\/span><b>vorteilhafte Eigenschaften f\u00fcr Haut, Gelenke und Kreislaufsystem<\/b><span style=\"font-weight: 400;\"> hat.<\/span><\/p>\n<p><span style=\"font-weight: 400;\">Die Stadt hat diese Eigenschaften gut genutzt und ein Netzwerk \u00f6ffentlicher und privater Thermalb\u00e4der entwickelt, die allen Besuchern leicht zug\u00e4nglich sind. Sei es in den Outdoor-Pools von <\/span><b>A Chavasqueira<\/b><span style=\"font-weight: 400;\"> oder in den modernen B\u00e4dern von Outariz, sie sind ein wahres Geschenk der Natur und ein perfekter Ort, um neue Energie zu tanken, bevor man die Reise fortsetzt.<\/span><\/p>\n<p>&nbsp;<\/p>\n<h2><b>R\u00f6mische Br\u00fccke und Millenniumbr\u00fccke: Ikonen von Orense<\/b><\/h2>\n<p><img decoding=\"async\" class=\"alignnone wp-image-112249 size-full\" src=\"https:\/\/www.mundiplus.com\/wp-content\/uploads\/2024\/11\/Puente-Romano-Orense-Mundiplus.jpg\" alt=\"\" width=\"1024\" height=\"768\" srcset=\"https:\/\/www.mundiplus.com\/wp-content\/uploads\/2024\/11\/Puente-Romano-Orense-Mundiplus.jpg 1024w, https:\/\/www.mundiplus.com\/wp-content\/uploads\/2024\/11\/Puente-Romano-Orense-Mundiplus-300x225.jpg 300w, https:\/\/www.mundiplus.com\/wp-content\/uploads\/2024\/11\/Puente-Romano-Orense-Mundiplus-768x576.jpg 768w, https:\/\/www.mundiplus.com\/wp-content\/uploads\/2024\/11\/Puente-Romano-Orense-Mundiplus-600x450.jpg 600w\" sizes=\"(max-width: 1024px) 100vw, 1024px\" \/><\/p>\n<p><span style=\"font-weight: 400;\">Die <\/span><b>R\u00f6mische Br\u00fccke<\/b><span style=\"font-weight: 400;\"> ist eines der \u00e4ltesten und symboltr\u00e4chtigsten Monumente der Stadt. Mit <\/span><b>mehr als 2.000 Jahren Geschichte<\/b><span style=\"font-weight: 400;\"> ist sie einer der beliebtesten Orte sowohl f\u00fcr Einheimische als auch f\u00fcr Touristen, um den Fluss Mi\u00f1o zu bewundern und den Blick auf die Stadt zu genie\u00dfen. Die Br\u00fccke, mit ihrem charakteristischen zentralen Bogen, ist in gutem Zustand erhalten und geh\u00f6rt zu den meistfotografierten Punkten der Stadt.<\/span><\/p>\n<p><span style=\"font-weight: 400;\">Auf der anderen Seite bietet die <\/span><b>Millenniumbr\u00fccke<\/b><span style=\"font-weight: 400;\"> einen kontrastierenden Blick. Diese moderne Br\u00fccke, die im Jahr 2001 gebaut wurde, zeigt die architektonische Entwicklung der Stadt. Ihr <\/span><b>futuristisches Design<\/b><span style=\"font-weight: 400;\"> und ihre Fu\u00dfg\u00e4ngerplattform bieten ein einzigartiges Erlebnis f\u00fcr diejenigen, die eine gute Panoramasicht suchen.<\/span><\/p>\n<p>&nbsp;<\/p>\n<h2><b>Der Plaza del Hierro und sein Markt: Ein Zentrum der Tradition<\/b><\/h2>\n<p><span style=\"font-weight: 400;\">Der <\/span><b>Plaza del Hierro<\/b><span style=\"font-weight: 400;\"> beherbergt einen der traditionellsten M\u00e4rkte der Stadt. Dieser Markt ist ein idealer Ort f\u00fcr <\/span><b>Gastronomieliebhaber<\/b><span style=\"font-weight: 400;\">, die lokale Produkte probieren und die authentische Atmosph\u00e4re der Region erleben m\u00f6chten. Hier kann man frische Produkte wie Meeresfr\u00fcchte, Wurstwaren, K\u00e4se und Obst finden, die alle aus der Region Galicien stammen.<\/span><\/p>\n<p><span style=\"font-weight: 400;\">Neben dem Einkaufen ist der Markt auch ein sozialer Treffpunkt, an dem die Besucher das allt\u00e4gliche Leben der Einwohner von Orense beobachten k\u00f6nnen. Hier kann man historische Geb\u00e4ude mit Arkaden aus dem 15. Jahrhundert wie den <\/span><b>Pazo dos Bo\u00e1n<\/b><span style=\"font-weight: 400;\">, ein Palast aus dem 17. Jahrhundert, bewundern.<\/span><\/p>\n<p>&nbsp;<\/p>\n<h2><b>Kirche Santa Mar\u00eda Madre<\/b><\/h2>\n<p><span style=\"font-weight: 400;\">Die <\/span><b>Kirche Santa Mar\u00eda Madre<\/b><span style=\"font-weight: 400;\"> wurde im <\/span><b>16. Jahrhundert<\/b><span style=\"font-weight: 400;\"> erbaut und zeichnet sich durch ihre imposante <\/span><b>rennaissance Fassade<\/b><span style=\"font-weight: 400;\"> und ihre Innenr\u00e4ume mit barocken Details aus. Ihre Architektur spiegelt den stilistischen Wandel der Epoche wider und bietet den Besuchern ein spirituelles und k\u00fcnstlerisches Erlebnis.<\/span><\/p>\n<p><span style=\"font-weight: 400;\">Im Inneren kann man <\/span><b>aufwendig gestaltete Alt\u00e4re, religi\u00f6se Skulpturen<\/b><span style=\"font-weight: 400;\"> und Buntglasfenster bewundern, die das Licht filtern und eine ruhige und kontemplative Atmosph\u00e4re schaffen.<\/span><\/p>\n<p>&nbsp;<\/p>\n<h2><b>Kreuzgang von San Francisco<\/b><\/h2>\n<p><span style=\"font-weight: 400;\">Der <\/span><b>Kreuzgang von San Francisco<\/b><span style=\"font-weight: 400;\">, der zum ehemaligen Franziskanerorden geh\u00f6rt, stammt aus dem <\/span><b>14. Jahrhundert<\/b><span style=\"font-weight: 400;\"> und ist ein herausragendes Beispiel der <\/span><b>gotischen Architektur<\/b><span style=\"font-weight: 400;\">. Umgeben von Spitzbogenarkaden und kunstvoll gestalteten S\u00e4ulen bietet er einen R\u00fcckzugsort der Ruhe im Herzen der Stadt.<\/span><\/p>\n<p><span style=\"font-weight: 400;\">Die G\u00e4rten, die ihn umgeben, sind sorgf\u00e4ltig gepflegt und bieten einen perfekten Ort f\u00fcr Erholung und Reflexion. Dar\u00fcber hinaus beherbergt er <\/span><b>tempor\u00e4re Ausstellungen und kulturelle Veranstaltungen<\/b><span style=\"font-weight: 400;\">, die es den Besuchern erm\u00f6glichen, in die lokale Geschichte und Kultur einzutauchen.<\/span><\/p>\n<p>&nbsp;<\/p>\n<h2><b>Stra\u00dfe Santo Domingo<\/b><\/h2>\n<p><span style=\"font-weight: 400;\">Die <\/span><b>Stra\u00dfe Santo Domingo<\/b><span style=\"font-weight: 400;\"> ist eine der emblematischsten Stra\u00dfen der Altstadt von Orense. Diese Fu\u00dfg\u00e4ngerzone, voller Charme und Vitalit\u00e4t, wird von historischen Geb\u00e4uden flankiert, die aus verschiedenen Jahrhunderten stammen. Ein Spaziergang hier bedeutet, in das Alltagsleben der Stadt einzutauchen, wo man handwerkliche Gesch\u00e4fte, gem\u00fctliche Caf\u00e9s und Kunstgalerien finden kann.<\/span><\/p>\n<p>&nbsp;<\/p>\n<h2><b>Parks und gr\u00fcne Fl\u00e4chen: Natur in Orense<\/b><\/h2>\n<p><span style=\"font-weight: 400;\">Orense ist auch bekannt f\u00fcr seine gr\u00fcnen Fl\u00e4chen, die ideal f\u00fcr diejenigen sind, die einen Moment der Ruhe inmitten der Stadt suchen.<\/span><\/p>\n<ul>\n<li style=\"font-weight: 400;\" aria-level=\"1\"><span style=\"font-weight: 400;\">Der <\/span><b>Park von San L\u00e1zaro<\/b><span style=\"font-weight: 400;\">, im Zentrum gelegen, ist ein beliebter Ort unter den Einwohnern, um spazieren zu gehen, Sport zu treiben oder einfach zu entspannen. Dieser Park ist ein R\u00fcckzugsort der Natur, in dem man jahrhundertealte B\u00e4ume und gartenarchitektonische Fl\u00e4chen bewundern kann.<\/span><\/li>\n<li style=\"font-weight: 400;\" aria-level=\"1\"><span style=\"font-weight: 400;\">Ein weiterer interessanter Ort ist der <\/span><b>Garten von Pos\u00edo<\/b><span style=\"font-weight: 400;\">, einer der \u00e4ltesten botanischen G\u00e4rten Galiciens, der eine gro\u00dfe Vielfalt an einheimischen und exotischen Pflanzen beherbergt. Dieser Raum ist perfekt f\u00fcr Besucher, die sich entspannen und die Natur in einer ruhigen Umgebung genie\u00dfen m\u00f6chten.<\/span><\/li>\n<\/ul>\n<p>&nbsp;<\/p>\n<h2><b>Kultur und Museen in Orense: Entdecke das Erbe<\/b><\/h2>\n<ul>\n<li style=\"font-weight: 400;\" aria-level=\"1\"><span style=\"font-weight: 400;\">Das <\/span><b>Arch\u00e4ologische Provinzmuseum<\/b><span style=\"font-weight: 400;\"> im alten Erzbischofspalast<\/span> <span style=\"font-weight: 400;\">ist ein Muss f\u00fcr diejenigen, die mehr \u00fcber die Geschichte Galiciens und seine Wurzeln erfahren m\u00f6chten. Dieses Museum verf\u00fcgt \u00fcber eine Sammlung von Objekten, die von der Urgeschichte bis zum Mittelalter reichen, und erm\u00f6glicht es den Besuchern, die Entwicklung der Region besser zu verstehen.<\/span><\/li>\n<li style=\"font-weight: 400;\" aria-level=\"1\"><span style=\"font-weight: 400;\">Das <\/span><b>Marcos Valc\u00e1rcel Kulturzentrum<\/b><span style=\"font-weight: 400;\"> ist ein weiterer Raum, in dem zeitgen\u00f6ssische Kunstausstellungen, kulturelle Aktivit\u00e4ten und lokale Veranstaltungen organisiert werden. Dieses Zentrum ist ein kultureller Bezugspunkt in Orense und eine ausgezeichnete Option f\u00fcr Touristen, die in die galicische Kunst eintauchen m\u00f6chten.<\/span><\/li>\n<\/ul>\n<p>&nbsp;<\/p>\n<h2><b>Ausfl\u00fcge ab Orense: Was in der N\u00e4he zu sehen ist<\/b><\/h2>\n<p><span style=\"font-weight: 400;\">F\u00fcr diejenigen, die mehr als die Stadt entdecken m\u00f6chten, bietet Orense die M\u00f6glichkeit, Ausfl\u00fcge zu Orten von gro\u00dfer Sch\u00f6nheit und kulturellem Wert zu unternehmen.<\/span><\/p>\n<ul>\n<li style=\"font-weight: 400;\" aria-level=\"1\"><span style=\"font-weight: 400;\">Eines der empfohlenen Reiseziele ist die <\/span><b>Ribeira Sacra<\/b><span style=\"font-weight: 400;\">, ber\u00fchmt f\u00fcr ihre Weinberge und die atemberaubenden Landschaften der Schluchten des Flusses Sil. Hier k\u00f6nnen die Besucher eine <\/span><b>Weintourismus-Erfahrung<\/b><span style=\"font-weight: 400;\"> genie\u00dfen, lokale Weine probieren und den beeindruckenden Blick auf die Schluchten bewundern.<\/span><\/li>\n<li style=\"font-weight: 400;\" aria-level=\"1\"><span style=\"font-weight: 400;\">Ein weiteres interessantes Ausflugsziel ist das <\/span><b>Kloster von Santo Estevo<\/b><span style=\"font-weight: 400;\">, ein altes benediktinisches Kloster, das in einer unvergleichlichen nat\u00fcrlichen Umgebung liegt. Heute wurde es in einen Parador umgewandelt, so dass die Touristen in einem historischen Ort, umgeben von Natur, \u00fcbernachten k\u00f6nnen.<\/span><\/li>\n<li style=\"font-weight: 400;\" aria-level=\"1\"><span style=\"font-weight: 400;\">Au\u00dferdem bieten die umliegenden Gebirgsh\u00e4nge zahlreiche Wanderwege und Aussichtspunkte, wie der <\/span><b>Mirador de Cabezo\u00e1s<\/b><span style=\"font-weight: 400;\">, ideal f\u00fcr Natur- und Fotografie-Liebhaber.<\/span><\/li>\n<\/ul>\n<p>&nbsp;<\/p>\n","protected":false},"excerpt":{"rendered":"<p>Orense, im Herzen Galiciens gelegen, ist ein wichtiger Halt auf dem Jakobsweg, insbesondere f\u00fcr alle, die den V\u00eda de la Plata-Weg gehen. Bekannt als die Stadt der Thermalb\u00e4der, bietet sie den Pilgern eine unverzichtbare Gelegenheit, sich auszuruhen und neue Kr\u00e4fte f\u00fcr ihre Reise zu tanken. Die Planung des Jakobswegs ist entscheidend, um jede Etappe optimal [&hellip;]<\/p>\n","protected":false},"author":1,"featured_media":112240,"comment_status":"open","ping_status":"open","sticky":false,"template":"","format":"standard","meta":{"footnotes":""},"categories":[572,604,600,576],"tags":[],"class_list":["post-114690","post","type-post","status-publish","format-standard","has-post-thumbnail","hentry","category-blog-des-weges","category-ikonische-orte","category-villages-et-regions-de","category-zu-fus-gehen"],"_links":{"self":[{"href":"https:\/\/www.mundiplus.com\/de\/wp-json\/wp\/v2\/posts\/114690","targetHints":{"allow":["GET"]}}],"collection":[{"href":"https:\/\/www.mundiplus.com\/de\/wp-json\/wp\/v2\/posts"}],"about":[{"href":"https:\/\/www.mundiplus.com\/de\/wp-json\/wp\/v2\/types\/post"}],"author":[{"embeddable":true,"href":"https:\/\/www.mundiplus.com\/de\/wp-json\/wp\/v2\/users\/1"}],"replies":[{"embeddable":true,"href":"https:\/\/www.mundiplus.com\/de\/wp-json\/wp\/v2\/comments?post=114690"}],"version-history":[{"count":0,"href":"https:\/\/www.mundiplus.com\/de\/wp-json\/wp\/v2\/posts\/114690\/revisions"}],"wp:featuredmedia":[{"embeddable":true,"href":"https:\/\/www.mundiplus.com\/de\/wp-json\/wp\/v2\/media\/112240"}],"wp:attachment":[{"href":"https:\/\/www.mundiplus.com\/de\/wp-json\/wp\/v2\/media?parent=114690"}],"wp:term":[{"taxonomy":"category","embeddable":true,"href":"https:\/\/www.mundiplus.com\/de\/wp-json\/wp\/v2\/categories?post=114690"},{"taxonomy":"post_tag","embeddable":true,"href":"https:\/\/www.mundiplus.com\/de\/wp-json\/wp\/v2\/tags?post=114690"}],"curies":[{"name":"wp","href":"https:\/\/api.w.org\/{rel}","templated":true}]}}