{"id":114704,"date":"2024-10-15T09:31:44","date_gmt":"2024-10-15T09:31:44","guid":{"rendered":"https:\/\/www.mundiplus.com\/was-es-in-berducedo-zu-sehen-gibt\/"},"modified":"2024-10-15T09:31:44","modified_gmt":"2024-10-15T09:31:44","slug":"was-es-in-berducedo-zu-sehen-gibt","status":"publish","type":"post","link":"https:\/\/www.mundiplus.com\/de\/blog\/was-es-in-berducedo-zu-sehen-gibt\/","title":{"rendered":"Was es in Berducedo zu sehen gibt"},"content":{"rendered":"<p><img fetchpriority=\"high\" decoding=\"async\" class=\"alignnone wp-image-108699 size-full\" src=\"https:\/\/www.mundiplus.com\/wp-content\/uploads\/2024\/09\/Berducedo-Mundiplus.jpg\" alt=\"\" width=\"1024\" height=\"765\" srcset=\"https:\/\/www.mundiplus.com\/wp-content\/uploads\/2024\/09\/Berducedo-Mundiplus.jpg 1024w, https:\/\/www.mundiplus.com\/wp-content\/uploads\/2024\/09\/Berducedo-Mundiplus-300x224.jpg 300w, https:\/\/www.mundiplus.com\/wp-content\/uploads\/2024\/09\/Berducedo-Mundiplus-768x574.jpg 768w, https:\/\/www.mundiplus.com\/wp-content\/uploads\/2024\/09\/Berducedo-Mundiplus-600x448.jpg 600w\" sizes=\"(max-width: 1024px) 100vw, 1024px\" \/><\/p>\n<p><span style=\"font-weight: 400;\">Mitten auf dem <\/span><b>Camino Primitivo<\/b><span style=\"font-weight: 400;\"> pr\u00e4sentiert sich <\/span><b>Berducedo<\/b><span style=\"font-weight: 400;\"> als ein kleines Juwel voller Geschichte und nat\u00fcrlicher Sch\u00f6nheit. Dieses malerische asturische Dorf, das oft \u00fcbersehen wird, bietet den Pilgern eine ruhige Pause auf ihrer Reise.<\/span><\/p>\n<p><span style=\"font-weight: 400;\">Jeder Winkel dieses Ortes birgt eine Geschichte, von seiner jahrhundertealten Kirche bis hin zu seinen beeindruckenden Landschaften. Hier vereinen sich Natur und Tradition, um eine <\/span><b>einzigartige Umgebung zu schaffen, die zum Nachdenken und Ausruhen einl\u00e4dt<\/b><span style=\"font-weight: 400;\">. Ob man nun die Panoramaaussicht genie\u00dft oder das Erbe erkundet, Berducedo wird mit seinem diskreten Charme und seiner Authentizit\u00e4t \u00fcberraschen.<\/span><\/p>\n<p>&nbsp;<\/p>\n<h2><b>Der Jakobsweg und seine Verbindung zu Berducedo<\/b><\/h2>\n<p><img decoding=\"async\" class=\"alignnone wp-image-108693 size-large\" src=\"https:\/\/www.mundiplus.com\/wp-content\/uploads\/2024\/09\/Berducedo-Camino-de-Santiago-Mundiplus-768x1024.jpg\" alt=\"\" width=\"768\" height=\"1024\" srcset=\"https:\/\/www.mundiplus.com\/wp-content\/uploads\/2024\/09\/Berducedo-Camino-de-Santiago-Mundiplus-768x1024.jpg 768w, https:\/\/www.mundiplus.com\/wp-content\/uploads\/2024\/09\/Berducedo-Camino-de-Santiago-Mundiplus-225x300.jpg 225w, https:\/\/www.mundiplus.com\/wp-content\/uploads\/2024\/09\/Berducedo-Camino-de-Santiago-Mundiplus-600x800.jpg 600w, https:\/\/www.mundiplus.com\/wp-content\/uploads\/2024\/09\/Berducedo-Camino-de-Santiago-Mundiplus.jpg 1024w\" sizes=\"(max-width: 768px) 100vw, 768px\" \/><\/p>\n<p><span style=\"font-weight: 400;\">Wenn du dich f\u00fcr einen <\/span><a href=\"https:\/\/www.mundiplus.com\/de\/\"><b>organisierten Jakobsweg<\/b><\/a><span style=\"font-weight: 400;\"> entschieden hast, bietet dir Berducedo die M\u00f6glichkeit, eine geplante Pause in einer authentischen Umgebung zu genie\u00dfen. Au\u00dferdem kannst du von hier aus den Panoramablick auf die Berge und T\u00e4ler genie\u00dfen, die das Dorf umgeben.<\/span><\/p>\n<p><span style=\"font-weight: 400;\">Berducedo ist einer dieser emblematischen Haltpunkte, die das Erlebnis des Jakobswegs pr\u00e4gen. Auch wenn es nicht auf den bekannteren Strecken liegt, wie dem <\/span><a href=\"https:\/\/www.mundiplus.com\/de\/caminos\/a-pie\/camino-portugues-costa\/\"><b>Camino Portugu\u00e9s an der K\u00fcste<\/b><\/a><span style=\"font-weight: 400;\"> oder dem <\/span><a href=\"https:\/\/www.mundiplus.com\/de\/caminos\/a-pie\/camino-portugues-costa\/camino-de-santiago-desde-baiona\/\"><b>Camino von Baiona<\/b><\/a><span style=\"font-weight: 400;\">, hat dieses kleine Dorf eine tiefgehende Verbindung zur Geschichte und Spiritualit\u00e4t des Jakobswegs. Wenn du hier vorbeikommst, sp\u00fcrst du, wie die Spuren der Pilger die lokale Kultur und das Leben gepr\u00e4gt haben.<\/span><\/p>\n<p><span style=\"font-weight: 400;\">Auch wenn Berducedo kein wichtiger Punkt auf popul\u00e4ren Routen wie dem <\/span><a href=\"https:\/\/www.mundiplus.com\/de\/caminos\/a-pie\/camino-ingles\/camino-de-santiago-desde-ferrol\/\"><b>Camino Ingl\u00e9s von Ferrol<\/b><\/a><span style=\"font-weight: 400;\"> oder dem <\/span><a href=\"https:\/\/www.mundiplus.com\/de\/caminos\/a-pie\/camino-frances\/camino-de-santiago-desde-roncesvalles\/\"><b>Camino Franc\u00e9s von Roncesvalles<\/b><\/a><span style=\"font-weight: 400;\"> ist, verleiht ihm seine Lage am Camino Primitivo einen einzigartigen Charme. Hier ist <\/span><b>die Atmosph\u00e4re ruhiger und l\u00e4ndlicher<\/b><span style=\"font-weight: 400;\">, was einen sch\u00f6nen Kontrast zu den belebteren Etappen anderer Routen bildet. Diese Eigenschaft macht Berducedo ideal f\u00fcr Pilger, die eine ruhigere und weniger \u00fcberf\u00fcllte Erfahrung suchen.<\/span><\/p>\n<p><span style=\"font-weight: 400;\">Au\u00dferdem ist Berducedo ein strategischer Ort, um sich auszuruhen und mit anderen Pilgern in Kontakt zu treten. Auch wenn es kein Teil des <\/span><a href=\"https:\/\/www.mundiplus.com\/de\/caminos\/a-pie\/camino-portugues-costa\/camino-de-santiago-desde-baiona\/\"><b>Camino Portugu\u00e9s an der K\u00fcste<\/b><\/a><span style=\"font-weight: 400;\"> ist, bietet es dir die Gelegenheit, eine andere Seite des Jakobswegs zu erleben, bei der Einfachheit und Landschaft zu einer unvergesslichen Erfahrung verschmelzen.<\/span><\/p>\n<p>&nbsp;<\/p>\n<h2><b>Die Kirche Santa Mar\u00eda<\/b><\/h2>\n<p><span style=\"font-weight: 400;\">Die <\/span><b>Kirche Santa Mar\u00eda in Berducedo<\/b><span style=\"font-weight: 400;\"> ist ein Muss f\u00fcr Pilger, die auf ihrem Weg einen Moment der Besinnung suchen. Diese <\/span><b>gothische Kirche<\/b><span style=\"font-weight: 400;\"> wurde im <\/span><b>14. Jahrhundert<\/b><span style=\"font-weight: 400;\"> erbaut, ist einfach in ihrer Architektur, aber voller Geschichte und ein perfektes Beispiel f\u00fcr die religi\u00f6se Baukunst der Region.<\/span><\/p>\n<p><span style=\"font-weight: 400;\">Das Innere der Kirche zeichnet sich durch ihren Altar aus, der mit Bildern von Heiligen geschm\u00fcckt ist, die \u00fcber Generationen hinweg verehrt wurden. Auch wenn sie klein ist, bietet sie einen gem\u00fctlichen Raum, in dem du dich sowohl k\u00f6rperlich als auch geistig erholen kannst, bevor du deine Reise fortsetzt. <\/span><\/p>\n<p><span style=\"font-weight: 400;\">Au\u00dferdem bietet dir die Lage der Kirche einen <\/span><b>beeindruckenden Blick auf die Umgebung<\/b><span style=\"font-weight: 400;\">. Von dort aus kannst du die bergige Landschaft des Dorfes bewundern. Dar\u00fcber hinaus wirst du einen Eibenbaum sehen, der mehrere Jahrzehnten Geschichte tr\u00e4gt.<\/span><\/p>\n<p>&nbsp;<\/p>\n<h2><b>Panoramablick vom Alto de la Marta<\/b><\/h2>\n<p><span style=\"font-weight: 400;\">Die Panoramablicke vom <\/span><b>Alto de la Marta<\/b><span style=\"font-weight: 400;\"> geh\u00f6ren ohne Zweifel zu den beeindruckendsten Attraktionen, die du auf dem Camino in Berducedo findest. Dieser Punkt bietet dir eine unvergleichliche Perspektive auf die T\u00e4ler und Berge, die sich vor deinen Augen in einem nat\u00fcrlichen Spektakel entfalten, das du nicht verpassen m\u00f6chtest.<\/span><\/p>\n<p><span style=\"font-weight: 400;\">Nach Tagen des Wanderns erlaubt dir dieser Aussichtspunkt, <\/span><b>die Weite des Gebiets zu sch\u00e4tzen, das du bereits durchquert hast<\/b><span style=\"font-weight: 400;\"> und das noch auf dich wartet.<\/span><\/p>\n<p><span style=\"font-weight: 400;\">Der Ort wird zu einem perfekten Platz, um sich auszuruhen und neue Energie zu tanken, w\u00e4hrend du die frische, reine Luft dieser Region genie\u00dft. Au\u00dferdem erm\u00f6glicht dir der Blick von hier aus, die n\u00e4chsten Schritte deiner Reise zu planen, indem du die D\u00f6rfer und Wege erkennst, die sich in den Horizont erstrecken.<\/span><\/p>\n<p>&nbsp;<\/p>\n<h2><b>Der Stausee von Salime<\/b><\/h2>\n<p><span style=\"font-weight: 400;\">Er befindet sich nicht in Berducedo, aber ganz in der N\u00e4he. Der <\/span><b>Stausee von Salime<\/b><span style=\"font-weight: 400;\"> ist ein Muss, wenn du den Jakobsweg auf dem Camino Primitivo gehst. Umgeben von einer spektakul\u00e4ren nat\u00fcrlichen Kulisse, hat dieser Stausee nicht nur funktionalen Wert, sondern auch eine historische und kulturelle Bedeutung.<\/span><\/p>\n<p><span style=\"font-weight: 400;\">Bei deiner Ankunft wirst du mit einer beeindruckenden Landschaft konfrontiert, in der sich das Wasser mit den Bergen vermischt und eine Ansicht bietet, die dich einl\u00e4dt, innezuhalten und den Moment zu genie\u00dfen.<\/span><\/p>\n<p><span style=\"font-weight: 400;\">Dieser Stausee, der Mitte des 20. Jahrhunderts erbaut wurde, war eines der gro\u00dfen Ingenieurprojekte seiner Zeit. W\u00e4hrend du die Wanderwege rund um den Stausee gehst, kannst du die Majest\u00e4t des Damms bestaunen und \u00fcber den Einfluss nachdenken, den er auf die Region hatte. Dar\u00fcber hinaus ist die Gegend von<\/span><b> kleinen Aussichtspunkten <\/b><span style=\"font-weight: 400;\">ges\u00e4umt, von denen aus du das kristallklare Wasser und die umgebende Landschaft betrachten kannst.<\/span><\/p>\n<p>&nbsp;<\/p>\n<h3><b>Feste und Traditionen in Berducedo<\/b><\/h3>\n<p><img decoding=\"async\" class=\"alignnone wp-image-108705 size-full\" src=\"https:\/\/www.mundiplus.com\/wp-content\/uploads\/2024\/09\/Berducedo-Tradiciones-Mundiplus.jpg\" alt=\"\" width=\"1024\" height=\"683\" srcset=\"https:\/\/www.mundiplus.com\/wp-content\/uploads\/2024\/09\/Berducedo-Tradiciones-Mundiplus.jpg 1024w, https:\/\/www.mundiplus.com\/wp-content\/uploads\/2024\/09\/Berducedo-Tradiciones-Mundiplus-300x200.jpg 300w, https:\/\/www.mundiplus.com\/wp-content\/uploads\/2024\/09\/Berducedo-Tradiciones-Mundiplus-768x512.jpg 768w, https:\/\/www.mundiplus.com\/wp-content\/uploads\/2024\/09\/Berducedo-Tradiciones-Mundiplus-600x400.jpg 600w\" sizes=\"(max-width: 1024px) 100vw, 1024px\" \/><\/p>\n<ul>\n<li style=\"font-weight: 400;\" aria-level=\"1\"><b>Fiestas de Santa Isabel:<\/b><span style=\"font-weight: 400;\"> Berducedo feiert die <\/span><b>Fiestas de Santa Isabel<\/b><span style=\"font-weight: 400;\"> Anfang Juli, ein Ereignis, das Einheimische und Besucher um eine Reihe traditioneller Aktivit\u00e4ten versammelt. Zu diesen Festen geh\u00f6ren Volkstanz, Wettbewerbe und traditionelle Spiele.<\/span><\/li>\n<li style=\"font-weight: 400;\" aria-level=\"1\"><b>Fiestas de San Pedro:<\/b><span style=\"font-weight: 400;\"> Ein weiteres wichtiges Fest in Berducedo sind die <\/span><b>Fiestas de San Pedro<\/b><span style=\"font-weight: 400;\">, die Ende Juni, normalerweise in der letzten Woche, gefeiert werden. Diese Feste beinhalten Messen, Prozessionen sowie kulturelle und unterhaltsame Aktivit\u00e4ten wie Konzerte, traditionelle T\u00e4nze und kulinarische Messen, bei denen man typische Gerichte der Region probieren kann.<\/span><\/li>\n<\/ul>\n<p><b>Romer\u00eda de Santa Mar\u00eda de Bedram\u00f3n:<\/b><span style=\"font-weight: 400;\"> Eine lokale Tradition, die in der Kapelle gleichen Namens gefeiert wird, die nur wenige Kilometer von Berducedo entfernt liegt. Es handelt sich um ein religi\u00f6ses Fest, das eine Prozession und eine Messe zu Ehren der Jungfrau umfasst, gefolgt von einem Picknick, bei dem typische Gerichte geteilt werden und ein Tag der Geselligkeit verbracht wird.<\/span><\/p>\n","protected":false},"excerpt":{"rendered":"<p>Mitten auf dem Camino Primitivo pr\u00e4sentiert sich Berducedo als ein kleines Juwel voller Geschichte und nat\u00fcrlicher Sch\u00f6nheit. Dieses malerische asturische Dorf, das oft \u00fcbersehen wird, bietet den Pilgern eine ruhige Pause auf ihrer Reise. Jeder Winkel dieses Ortes birgt eine Geschichte, von seiner jahrhundertealten Kirche bis hin zu seinen beeindruckenden Landschaften. Hier vereinen sich Natur [&hellip;]<\/p>\n","protected":false},"author":1,"featured_media":108702,"comment_status":"open","ping_status":"open","sticky":false,"template":"","format":"standard","meta":{"footnotes":""},"categories":[572,600,576],"tags":[],"class_list":["post-114704","post","type-post","status-publish","format-standard","has-post-thumbnail","hentry","category-blog-des-weges","category-villages-et-regions-de","category-zu-fus-gehen"],"_links":{"self":[{"href":"https:\/\/www.mundiplus.com\/de\/wp-json\/wp\/v2\/posts\/114704","targetHints":{"allow":["GET"]}}],"collection":[{"href":"https:\/\/www.mundiplus.com\/de\/wp-json\/wp\/v2\/posts"}],"about":[{"href":"https:\/\/www.mundiplus.com\/de\/wp-json\/wp\/v2\/types\/post"}],"author":[{"embeddable":true,"href":"https:\/\/www.mundiplus.com\/de\/wp-json\/wp\/v2\/users\/1"}],"replies":[{"embeddable":true,"href":"https:\/\/www.mundiplus.com\/de\/wp-json\/wp\/v2\/comments?post=114704"}],"version-history":[{"count":0,"href":"https:\/\/www.mundiplus.com\/de\/wp-json\/wp\/v2\/posts\/114704\/revisions"}],"wp:featuredmedia":[{"embeddable":true,"href":"https:\/\/www.mundiplus.com\/de\/wp-json\/wp\/v2\/media\/108702"}],"wp:attachment":[{"href":"https:\/\/www.mundiplus.com\/de\/wp-json\/wp\/v2\/media?parent=114704"}],"wp:term":[{"taxonomy":"category","embeddable":true,"href":"https:\/\/www.mundiplus.com\/de\/wp-json\/wp\/v2\/categories?post=114704"},{"taxonomy":"post_tag","embeddable":true,"href":"https:\/\/www.mundiplus.com\/de\/wp-json\/wp\/v2\/tags?post=114704"}],"curies":[{"name":"wp","href":"https:\/\/api.w.org\/{rel}","templated":true}]}}