{"id":114718,"date":"2024-09-05T18:54:39","date_gmt":"2024-09-05T18:54:39","guid":{"rendered":"https:\/\/www.mundiplus.com\/warum-den-jakobsweg-im-september-gehen\/"},"modified":"2024-09-05T18:54:39","modified_gmt":"2024-09-05T18:54:39","slug":"warum-den-jakobsweg-im-september-gehen","status":"publish","type":"post","link":"https:\/\/www.mundiplus.com\/de\/blog\/warum-den-jakobsweg-im-september-gehen\/","title":{"rendered":"Warum den Jakobsweg im September gehen?"},"content":{"rendered":"<p><img fetchpriority=\"high\" decoding=\"async\" class=\"alignnone wp-image-108586 size-full\" src=\"https:\/\/www.mundiplus.com\/wp-content\/uploads\/2024\/09\/Camino-de-Santiago-en-Septiembre-Mundiplus.jpeg\" alt=\"\" width=\"1000\" height=\"667\" srcset=\"https:\/\/www.mundiplus.com\/wp-content\/uploads\/2024\/09\/Camino-de-Santiago-en-Septiembre-Mundiplus.jpeg 1000w, https:\/\/www.mundiplus.com\/wp-content\/uploads\/2024\/09\/Camino-de-Santiago-en-Septiembre-Mundiplus-300x200.jpeg 300w, https:\/\/www.mundiplus.com\/wp-content\/uploads\/2024\/09\/Camino-de-Santiago-en-Septiembre-Mundiplus-768x512.jpeg 768w, https:\/\/www.mundiplus.com\/wp-content\/uploads\/2024\/09\/Camino-de-Santiago-en-Septiembre-Mundiplus-600x400.jpeg 600w\" sizes=\"(max-width: 1000px) 100vw, 1000px\" \/><\/p>\n<p><span style=\"font-weight: 400;\">Die Wahl des Septembers f\u00fcr den Jakobsweg ist eine Entscheidung, die das Beste aus der Hochsaison mit den Vorteilen einer ruhigeren Zeit kombiniert. In diesem Monat wirst du ein<\/span><b> angenehmeres Klima<\/b><span style=\"font-weight: 400;\"> genie\u00dfen, fernab der intensiven Sommerhitze. Au\u00dferdem sinkt die <\/span><b>Pilgeranzahl<\/b><span style=\"font-weight: 400;\">, was es dir erm\u00f6glicht, mit mehr Ruhe zu wandern und Unterk\u00fcnfte ohne gro\u00dfe Schwierigkeiten zu finden.<\/span><\/p>\n<p><span style=\"font-weight: 400;\">Die Landschaften beginnen, die <\/span><b>ersten Anzeichen des Herbstes<\/b><span style=\"font-weight: 400;\"> zu zeigen, und f\u00e4rben den Jakobsweg mit einzigartigen Farben. Du kannst auch von lokalen Festlichkeiten profitieren, die deine Erfahrung noch bereichern.<\/span><\/p>\n<p>&nbsp;<\/p>\n<h2><b>Das perfekte Wetter f\u00fcr den Jakobsweg<\/b><\/h2>\n<p><img decoding=\"async\" class=\"alignnone wp-image-108592 size-full\" src=\"https:\/\/www.mundiplus.com\/wp-content\/uploads\/2024\/09\/Camino-de-Santiago-en-otono-Mundiplus.jpeg\" alt=\"\" width=\"1000\" height=\"667\" srcset=\"https:\/\/www.mundiplus.com\/wp-content\/uploads\/2024\/09\/Camino-de-Santiago-en-otono-Mundiplus.jpeg 1000w, https:\/\/www.mundiplus.com\/wp-content\/uploads\/2024\/09\/Camino-de-Santiago-en-otono-Mundiplus-300x200.jpeg 300w, https:\/\/www.mundiplus.com\/wp-content\/uploads\/2024\/09\/Camino-de-Santiago-en-otono-Mundiplus-768x512.jpeg 768w, https:\/\/www.mundiplus.com\/wp-content\/uploads\/2024\/09\/Camino-de-Santiago-en-otono-Mundiplus-600x400.jpeg 600w\" sizes=\"(max-width: 1000px) 100vw, 1000px\" \/><\/p>\n<p><span style=\"font-weight: 400;\">Im September ist das Wetter ein gro\u00dfer Verb\u00fcndeter, um den Jakobsweg zu gehen. Die <\/span><b>Temperaturen sind im Vergleich zu den vorherigen Monaten milder<\/b><span style=\"font-weight: 400;\">, was dir erlaubt, ohne die Ersch\u00f6pfung durch die intensive Hitze zu wandern. Die frischen Morgen und milden Nachmittage schaffen eine ideale Atmosph\u00e4re, um jede Etappe zu genie\u00dfen und mit einem angenehmen Tempo voranzukommen, ohne dir Sorgen \u00fcber extreme Temperaturen machen zu m\u00fcssen.<\/span><\/p>\n<p><span style=\"font-weight: 400;\">Dar\u00fcber hinaus bietet dieser Monat eine <\/span><b>ruhigere Erfahrung<\/b><span style=\"font-weight: 400;\">, da die Pilgeranzahl deutlich abnimmt. Dies erleichtert sowohl die Buchung von Unterk\u00fcnften als auch die Interaktion mit anderen Wanderern, was zu einer <\/span><b>entspannten und pers\u00f6nlichen Atmosph\u00e4re<\/b><span style=\"font-weight: 400;\"> f\u00fchrt.<\/span><\/p>\n<p><span style=\"font-weight: 400;\">Wenn du eine organisierte Option suchst, bietet dir <\/span><a href=\"https:\/\/www.mundiplus.com\/de\/\"><b>Mundiplus: Unternehmen f\u00fcr den Jakobsweg<\/b><\/a><span style=\"font-weight: 400;\"> eine <\/span><a href=\"https:\/\/www.mundiplus.com\/de\/caminos\/a-pie\/camino-portugues-costa\/camino-de-santiago-desde-baiona\/\"><b>Erfahrung auf dem portugiesischen Jakobsweg an der K\u00fcste<\/b><\/a><span style=\"font-weight: 400;\">. Diese Alternative kombiniert die Sch\u00f6nheit der Landschaft mit dem Komfort einer gut geplanten Reise.<\/span><\/p>\n<p><span style=\"font-weight: 400;\">Zusammenfassend l\u00e4sst sich sagen, dass der September einen Monat darstellt, der die idealen klimatischen Bedingungen bietet, um den Jakobsweg in seiner vollen Pracht zu genie\u00dfen und dir eine einzigartige und angenehme Erfahrung zu erm\u00f6glichen.<\/span><\/p>\n<p>&nbsp;<\/p>\n<h2><b>Weniger frequentierte Routen f\u00fcr ein authentischeres Erlebnis<\/b><\/h2>\n<p><span style=\"font-weight: 400;\">Der September ist der ideale Moment, um die weniger frequentierten Routen des Jakobswegs zu genie\u00dfen. Mit der abnehmenden Anzahl an Pilgern kannst du <\/span><b>alternative Wege erkunden<\/b><span style=\"font-weight: 400;\">, die ein authentischeres und ruhigeres Erlebnis bieten.<\/span><\/p>\n<p><span style=\"font-weight: 400;\">Wenn du eine Strecke suchst, die nat\u00fcrliche Sch\u00f6nheit und Ruhe kombiniert, ist der <\/span><a href=\"https:\/\/www.mundiplus.com\/de\/caminos\/a-pie\/camino-portugues-costa\/camino-de-santiago-desde-baiona\/\"><b>Jakobsweg von Baiona<\/b><\/a><span style=\"font-weight: 400;\"> eine ausgezeichnete Wahl. Diese Etappe, die die galicische K\u00fcste entlang f\u00fchrt, l\u00e4sst dich atemberaubende Ausblicke auf den Atlantik genie\u00dfen, w\u00e4hrend du kleine charmante D\u00f6rfer und eine reiche Geschichte entdeckst.<\/span><\/p>\n<p><span style=\"font-weight: 400;\">Eine weitere Option ist die <\/span><a href=\"https:\/\/www.mundiplus.com\/de\/caminos\/a-pie\/camino-ingles\/camino-de-santiago-desde-ferrol\/\"><b>organisierte Reise ab Ferrol<\/b><\/a><span style=\"font-weight: 400;\"> auf dem <\/span><b>Jakobsweg von Ferrol<\/b><span style=\"font-weight: 400;\">. Diese Route f\u00fchrt dich durch historische Wege, die dichte W\u00e4lder und malerische D\u00f6rfer durchqueren und dir ein intimes Erlebnis bieten, das eng mit der Natur verbunden ist. Wenn du dich f\u00fcr eine organisierte Reise entscheidest, kannst du den <\/span><b>Weg ohne logistische Sorgen genie\u00dfen<\/b><span style=\"font-weight: 400;\"> und dich ganz auf das Erlebnis und die Verbindung mit der Umgebung konzentrieren.<\/span><\/p>\n<p><span style=\"font-weight: 400;\">Beide Routen bieten eine <\/span><b>perfekte Kombination aus Landschaft, Kultur und Ruhe<\/b><span style=\"font-weight: 400;\">. Sie sind ideal f\u00fcr alle, die den Jakobsweg au\u00dferhalb der gewohnten Sommermengen erleben m\u00f6chten.<\/span><\/p>\n<p>&nbsp;<\/p>\n<h2><b>Die Ruhe des Septembers: Organisierte Reiseoptionen<\/b><\/h2>\n<p><img decoding=\"async\" class=\"alignnone wp-image-108580 size-full\" src=\"https:\/\/www.mundiplus.com\/wp-content\/uploads\/2024\/09\/Ventajas-hacer-el-Camino-de-Santiago-en-Septiembre-Mundiplus.jpeg\" alt=\"\" width=\"1000\" height=\"667\" srcset=\"https:\/\/www.mundiplus.com\/wp-content\/uploads\/2024\/09\/Ventajas-hacer-el-Camino-de-Santiago-en-Septiembre-Mundiplus.jpeg 1000w, https:\/\/www.mundiplus.com\/wp-content\/uploads\/2024\/09\/Ventajas-hacer-el-Camino-de-Santiago-en-Septiembre-Mundiplus-300x200.jpeg 300w, https:\/\/www.mundiplus.com\/wp-content\/uploads\/2024\/09\/Ventajas-hacer-el-Camino-de-Santiago-en-Septiembre-Mundiplus-768x512.jpeg 768w, https:\/\/www.mundiplus.com\/wp-content\/uploads\/2024\/09\/Ventajas-hacer-el-Camino-de-Santiago-en-Septiembre-Mundiplus-600x400.jpeg 600w\" sizes=\"(max-width: 1000px) 100vw, 1000px\" \/><\/p>\n<p><span style=\"font-weight: 400;\">Die Wahl einer organisierten Reise im September bietet dir die Gelegenheit, den Jakobsweg ohne den Druck, jedes Detail selbst zu planen, zu genie\u00dfen. <\/span><\/p>\n<p><span style=\"font-weight: 400;\">Routen wie die <\/span><a href=\"https:\/\/www.mundiplus.com\/de\/caminos\/a-pie\/camino-frances\/camino-de-santiago-desde-roncesvalles\/\"><b>organisierte Reise ab Roncesvalles<\/b><\/a><span style=\"font-weight: 400;\"> sind perfekt, wenn du in die Geschichte und Kultur eintauchen m\u00f6chtest, ohne dich um die Logistik k\u00fcmmern zu m\u00fcssen. Dieser Weg, bekannt f\u00fcr sein kulturelles Erbe, f\u00fchrt dich durch beeindruckende Landschaften und alte D\u00f6rfer und garantiert dir ein einzigartiges und bereicherndes Erlebnis.<\/span><\/p>\n<p><span style=\"font-weight: 400;\">Wenn du eine K\u00fcstenroute bevorzugst, ist die <\/span><a href=\"https:\/\/www.mundiplus.com\/de\/caminos\/a-pie\/camino-portugues-costa\/camino-de-santiago-desde-baiona\/\"><b>organisierte Reise auf dem portugiesischen Jakobsweg entlang der K\u00fcste<\/b><\/a><span style=\"font-weight: 400;\"> eine weitere ausgezeichnete Alternative. Diese Strecke kombiniert die Sch\u00f6nheit des atlantischen K\u00fcstenstreifens mit der Ruhe der galicischen D\u00f6rfer. Da es sich um einen weniger frequentierten Weg handelt, kannst du die Natur in ihrem reinsten Zustand genie\u00dfen, mit spektakul\u00e4ren Ausblicken und einer entspannenden Atmosph\u00e4re.<\/span><\/p>\n<p><span style=\"font-weight: 400;\">Eine organisierte Reise bietet dir nicht nur Komfort, sondern auch die Sicherheit, dass alles sorgf\u00e4ltig geplant ist. Vom Unterkunft bis hin zu den Mahlzeiten ist alles darauf ausgelegt, dass du dich nur auf das Genie\u00dfen des Weges konzentrieren kannst. Zudem wirst du von Experten begleitet, die jeden Abschnitt kennen und dir so eine unvergessliche und stressfreie Erfahrung gew\u00e4hrleisten.<\/span><\/p>\n<p>&nbsp;<\/p>\n<h2><b>Der Charme der galicischen D\u00f6rfer im September<\/b><\/h2>\n<p><span style=\"font-weight: 400;\">Den Jakobsweg im September zu gehen erm\u00f6glicht es dir, die galicischen D\u00f6rfer in ihrer reinsten Form kennenzulernen. Dieser Monat ist ideal, um ohne die gewohnte Menschenmenge zu erkunden und <\/span><b>die Ruhe und Authentizit\u00e4t jedes Ortes zu genie\u00dfen<\/b><span style=\"font-weight: 400;\">. W\u00e4hrend du dem Weg folgst, wirst du auf kleine D\u00f6rfer sto\u00dfen, die dich einladen, innezuhalten, ihre traditionelle Architektur zu bewundern und mit den Einheimischen zu plaudern.<\/span><\/p>\n<p><span style=\"font-weight: 400;\">Jedes Dorf bietet etwas Einzigartiges, aber insgesamt gibt es bestimmte Erlebnisse, die du nicht verpassen solltest:<\/span><\/p>\n<ul>\n<li style=\"font-weight: 400;\" aria-level=\"1\"><b>Die lokale Gastronomie genie\u00dfen<\/b><span style=\"font-weight: 400;\">, mit typischen Gerichten wie dem &#8222;Pulpo a la Gallega&#8220;.<\/span><\/li>\n<li style=\"font-weight: 400;\" aria-level=\"1\"><span style=\"font-weight: 400;\">Besuch von <\/span><b>Kirchen und Kapellen<\/b><span style=\"font-weight: 400;\">, die Jahrhunderte der Geschichte bewahren.<\/span><\/li>\n<li style=\"font-weight: 400;\" aria-level=\"1\"><span style=\"font-weight: 400;\">Durch Pl\u00e4tze schlendern, wo das Leben in ruhigem Tempo verl\u00e4uft.<\/span><\/li>\n<li style=\"font-weight: 400;\" aria-level=\"1\"><span style=\"font-weight: 400;\">Lokale <\/span><b>Marktst\u00e4nde entdecken<\/b><span style=\"font-weight: 400;\">, die frische und handwerkliche Produkte verkaufen.<\/span><\/li>\n<li style=\"font-weight: 400;\" aria-level=\"1\"><b>Andere Pilger kennenlernen<\/b><span style=\"font-weight: 400;\"> und Erlebnisse der Reise teilen.<\/span><\/li>\n<\/ul>\n<p><span style=\"font-weight: 400;\">Diese kleinen Details machen die galicischen D\u00f6rfer zu wichtigen Stationen des Weges und lassen dich tief in die Kultur und Traditionen Galiciens eintauchen. Au\u00dferdem ist der September ein Monat, in dem <\/span><b>die Natur in voller Bl\u00fcte steht<\/b><span style=\"font-weight: 400;\">, mit gr\u00fcnen Landschaften und klaren Himmeln, was eine perfekte Umgebung f\u00fcr Entspannung und eine tiefe Verbindung mit der Natur schafft.<\/span><\/p>\n<p>&nbsp;<\/p>\n<h3><b>Festivit\u00e4ten im September auf dem Jakobsweg<\/b><\/h3>\n<p><span style=\"font-weight: 400;\">Der Jakobsweg im September bietet die einzigartige Gelegenheit, an lokalen Festlichkeiten teilzunehmen, die das Pilgererlebnis noch bereichern. In diesem Monat feiern verschiedene D\u00f6rfer und St\u00e4dte entlang der Routen kulturelle und religi\u00f6se Veranstaltungen, die es den Wanderern erm\u00f6glichen, in die Tradition und den festlichen Geist einzutauchen.<\/span><\/p>\n<ul>\n<li style=\"font-weight: 400;\" aria-level=\"1\"><b>Festas da Guadalupe in Rianxo<\/b><span style=\"font-weight: 400;\">: Mitte September gefeiert, ist dieses Fest zu Ehren der Jungfrau von Guadalupe ein Highlight an der galicischen K\u00fcste. Rianxo, ein kleines Fischerdorf in der N\u00e4he von Finisterre, empf\u00e4ngt Besucher, die an Seifenprozessionen, Konzerten und traditionellen Sportwettk\u00e4mpfen teilnehmen. <\/span><\/li>\n<li style=\"font-weight: 400;\" aria-level=\"1\"><b>Romer\u00eda de la Barca in Mux\u00eda<\/b><span style=\"font-weight: 400;\">: Die erste H\u00e4lfte des Septembers ist der ideale Zeitpunkt f\u00fcr Pilger des Jakobswegs von Fisterra und Mux\u00eda, um an einem der bekanntesten Feste der Costa da Morte teilzunehmen.<\/span><\/li>\n<li style=\"font-weight: 400;\" aria-level=\"1\"><b>Weinfest in der Ribeira Sacra<\/b><span style=\"font-weight: 400;\">: Im September feiert die Ribeira Sacra die Traubenernte mit Festen, die dem Weinanbau gewidmet sind. Pilger, die den Winterweg gehen, k\u00f6nnen in dieser Weinregion an der Ernte teilnehmen und lokale Weine probieren sowie kulturelle Veranstaltungen besuchen.<\/span><\/li>\n<li style=\"font-weight: 400;\" aria-level=\"1\"><b>Fiestas de San Mateo in Logro\u00f1o<\/b><span style=\"font-weight: 400;\">: Vom 21. September an wird in Logro\u00f1o das wichtigste Fest des Jahres gefeiert, das mit der Weinernte zusammenf\u00e4llt und ihm einen besonderen festlichen Charakter verleiht. Pilger, die den franz\u00f6sischen Jakobsweg gehen, k\u00f6nnen an Aktivit\u00e4ten wie Umz\u00fcgen, Konzerten und Weinverkostungen in der Calle Laurel teilnehmen. <\/span><\/li>\n<\/ul>\n","protected":false},"excerpt":{"rendered":"<p>Die Wahl des Septembers f\u00fcr den Jakobsweg ist eine Entscheidung, die das Beste aus der Hochsaison mit den Vorteilen einer ruhigeren Zeit kombiniert. In diesem Monat wirst du ein angenehmeres Klima genie\u00dfen, fernab der intensiven Sommerhitze. Au\u00dferdem sinkt die Pilgeranzahl, was es dir erm\u00f6glicht, mit mehr Ruhe zu wandern und Unterk\u00fcnfte ohne gro\u00dfe Schwierigkeiten zu [&hellip;]<\/p>\n","protected":false},"author":1,"featured_media":108589,"comment_status":"open","ping_status":"open","sticky":false,"template":"","format":"standard","meta":{"footnotes":""},"categories":[572,596,576],"tags":[],"class_list":["post-114718","post","type-post","status-publish","format-standard","has-post-thumbnail","hentry","category-blog-des-weges","category-vorbereitungen-fur-die-reise","category-zu-fus-gehen"],"_links":{"self":[{"href":"https:\/\/www.mundiplus.com\/de\/wp-json\/wp\/v2\/posts\/114718","targetHints":{"allow":["GET"]}}],"collection":[{"href":"https:\/\/www.mundiplus.com\/de\/wp-json\/wp\/v2\/posts"}],"about":[{"href":"https:\/\/www.mundiplus.com\/de\/wp-json\/wp\/v2\/types\/post"}],"author":[{"embeddable":true,"href":"https:\/\/www.mundiplus.com\/de\/wp-json\/wp\/v2\/users\/1"}],"replies":[{"embeddable":true,"href":"https:\/\/www.mundiplus.com\/de\/wp-json\/wp\/v2\/comments?post=114718"}],"version-history":[{"count":0,"href":"https:\/\/www.mundiplus.com\/de\/wp-json\/wp\/v2\/posts\/114718\/revisions"}],"wp:featuredmedia":[{"embeddable":true,"href":"https:\/\/www.mundiplus.com\/de\/wp-json\/wp\/v2\/media\/108589"}],"wp:attachment":[{"href":"https:\/\/www.mundiplus.com\/de\/wp-json\/wp\/v2\/media?parent=114718"}],"wp:term":[{"taxonomy":"category","embeddable":true,"href":"https:\/\/www.mundiplus.com\/de\/wp-json\/wp\/v2\/categories?post=114718"},{"taxonomy":"post_tag","embeddable":true,"href":"https:\/\/www.mundiplus.com\/de\/wp-json\/wp\/v2\/tags?post=114718"}],"curies":[{"name":"wp","href":"https:\/\/api.w.org\/{rel}","templated":true}]}}