{"id":114815,"date":"2024-07-09T18:33:17","date_gmt":"2024-07-09T18:33:17","guid":{"rendered":"https:\/\/www.mundiplus.com\/was-es-in-san-juan-de-ortega-zu-sehen-gibt\/"},"modified":"2024-07-09T18:33:17","modified_gmt":"2024-07-09T18:33:17","slug":"was-es-in-san-juan-de-ortega-zu-sehen-gibt","status":"publish","type":"post","link":"https:\/\/www.mundiplus.com\/de\/blog\/was-es-in-san-juan-de-ortega-zu-sehen-gibt-mundiplus\/","title":{"rendered":"Was es in San Juan de Ortega zu sehen gibt"},"content":{"rendered":"<p><img fetchpriority=\"high\" decoding=\"async\" class=\"alignnone wp-image-106169 size-full\" src=\"https:\/\/www.mundiplus.com\/wp-content\/uploads\/2024\/07\/Monasterio-San-Juan-de-Ortega-Mundiplus.jpg\" alt=\"\" width=\"1024\" height=\"660\" srcset=\"https:\/\/www.mundiplus.com\/wp-content\/uploads\/2024\/07\/Monasterio-San-Juan-de-Ortega-Mundiplus.jpg 1024w, https:\/\/www.mundiplus.com\/wp-content\/uploads\/2024\/07\/Monasterio-San-Juan-de-Ortega-Mundiplus-300x193.jpg 300w, https:\/\/www.mundiplus.com\/wp-content\/uploads\/2024\/07\/Monasterio-San-Juan-de-Ortega-Mundiplus-768x495.jpg 768w, https:\/\/www.mundiplus.com\/wp-content\/uploads\/2024\/07\/Monasterio-San-Juan-de-Ortega-Mundiplus-600x387.jpg 600w\" sizes=\"(max-width: 1024px) 100vw, 1024px\" \/><\/p>\n<p><b>San Juan de Ortega<\/b><span style=\"font-weight: 400;\"> ist Teil einer gro\u00dfen Region im Nordosten der Provinz Burgos, genau <\/span><b>zwischen den Montes de Oca <\/b><span style=\"font-weight: 400;\">und<\/span><b> in der N\u00e4he der Sierra de Atapuerca<\/b><span style=\"font-weight: 400;\">. Diese Lage verleiht ihr eine Vielzahl nat\u00fcrlicher Reicht\u00fcmer und beeindruckende Landschaften. Zusammen mit <\/span><b>Hiniesta und Barrios de Colina<\/b><span style=\"font-weight: 400;\"> bildet es die Gemeinde Barrios de Colina.<\/span><\/p>\n<p><span style=\"font-weight: 400;\">Bleiben Sie bei Mundiplus, einem der besten <\/span><a href=\"https:\/\/www.mundiplus.com\/de\/\"><b>Veranstalter des Jakobswegs nach Santiago de Compostela<\/b><\/a><span style=\"font-weight: 400;\">. Wir erkl\u00e4ren Ihnen, was Sie hier finden k\u00f6nnen und wie dieser Ort mit dem Jakobsweg verbunden ist.<\/span><\/p>\n<p>&nbsp;<\/p>\n<h2><b>Ein wenig lokale Geschichte<\/b><\/h2>\n<p><span style=\"font-weight: 400;\">Ende des 9. Jahrhunderts begannen sich kleine Siedlungen zu bilden, die sich im 10. Jahrhundert langsam zu St\u00e4dten entwickelten. <\/span><b>Der Ort verdankt seinen Namen dem heiligen Mann,<\/b><span style=\"font-weight: 400;\"> der eng mit Santo Domingo de la Calzada zusammenarbeitete, um neue Routen f\u00fcr Pilger nach Santiago zu er\u00f6ffnen, die durch diese Region f\u00fchrten.<\/span><\/p>\n<p><span style=\"font-weight: 400;\">Heute hat <\/span><b>dieses Dorf etwa 20 Einwohner,<\/b><span style=\"font-weight: 400;\"> die, obwohl sie nur wenige sind, dennoch sehr freundlich und hilfsbereit gegen\u00fcber den Pilgern sind. Im Fr\u00fchjahr und Hochsommer w\u00e4chst die Bev\u00f6lkerung exponentiell aufgrund der Pilgerstr\u00f6me.<\/span><\/p>\n<p><span style=\"font-weight: 400;\">Bitte beachten Sie, dass Sie es auf Ihrer <\/span><a href=\"https:\/\/www.mundiplus.com\/de\/caminos\/a-pie\/camino-frances\/camino-de-santiago-desde-sarria\"><b>Reise von Sarria nach Santiago de Compostela<\/b><\/a><span style=\"font-weight: 400;\"> nicht finden werden. Denken Sie daran, dass es mehrere Etappen vor der Mindestdistanz liegt, die Sie zur\u00fccklegen m\u00fcssen, um die Compostela zu erhalten.<\/span><\/p>\n<p>&nbsp;<\/p>\n<h2><b>Was man in San Juan de Ortega sehen kann<\/b><\/h2>\n<p><span style=\"font-weight: 400;\">Obwohl es heute nur wenige Einwohner gibt, hat dieses kleine Dorf auf dem <\/span><a href=\"https:\/\/www.mundiplus.com\/de\/caminos\/a-pie\/camino-frances\"><b>Jakobsweg, Franz\u00f6sische Route<\/b><\/a><span style=\"font-weight: 400;\"> verschiedene Sehensw\u00fcrdigkeiten, die Sie unbedingt besuchen sollten:<\/span><\/p>\n<p>&nbsp;<\/p>\n<h3><b>Kloster San Juan de Ortega<\/b><\/h3>\n<p><img decoding=\"async\" class=\"alignnone wp-image-106167 size-full\" src=\"https:\/\/www.mundiplus.com\/wp-content\/uploads\/2024\/07\/Retablo-San-Juan-de-Ortega-Mundiplus.jpg\" alt=\"\" width=\"1024\" height=\"768\" srcset=\"https:\/\/www.mundiplus.com\/wp-content\/uploads\/2024\/07\/Retablo-San-Juan-de-Ortega-Mundiplus.jpg 1024w, https:\/\/www.mundiplus.com\/wp-content\/uploads\/2024\/07\/Retablo-San-Juan-de-Ortega-Mundiplus-300x225.jpg 300w, https:\/\/www.mundiplus.com\/wp-content\/uploads\/2024\/07\/Retablo-San-Juan-de-Ortega-Mundiplus-768x576.jpg 768w, https:\/\/www.mundiplus.com\/wp-content\/uploads\/2024\/07\/Retablo-San-Juan-de-Ortega-Mundiplus-600x450.jpg 600w\" sizes=\"(max-width: 1024px) 100vw, 1024px\" \/><\/p>\n<p><span style=\"font-weight: 400;\">Dies ist das wichtigste Monument der Region und ein herausragendes Beispiel der Architektur und Kunst im <\/span><b>romanischen Stil<\/b><span style=\"font-weight: 400;\">. <\/span><\/p>\n<p><span style=\"font-weight: 400;\">Wie die verschiedenen Kl\u00f6ster, die Sie auf den <\/span><a href=\"https:\/\/www.mundiplus.com\/de\/caminos\/a-pie\/camino-norte\"><b>Etappen des Jakobswegs des Nordens<\/b><\/a><span style=\"font-weight: 400;\"> finden werden, wurde dieses Kloster Ende des <\/span><b>13. Jahrhunderts<\/b><span style=\"font-weight: 400;\"> erbaut, aber erst im fr\u00fchen 14. Jahrhundert fertiggestellt. Zu dieser Zeit wurden einige gotische Elemente hinzugef\u00fcgt, da der Gotische Stil zu dieser Zeit in Europa vorherrschte.<\/span><\/p>\n<p><span style=\"font-weight: 400;\">Von den vielen hervorzuhebenden Elementen des Baus und der Architektur des Klosters ist eindeutig der <\/span><b>Kapitel der Verk\u00fcndigung<\/b><span style=\"font-weight: 400;\"> der bedeutendste. Nat\u00fcrlich im romanischen Stil, zeigt es <\/span><b>Darstellungen verschiedener Szenen der Geburt des Jesuskindes<\/b><span style=\"font-weight: 400;\">. <\/span><\/p>\n<ul>\n<li style=\"font-weight: 400;\" aria-level=\"1\"><span style=\"font-weight: 400;\">Die erste Szene zeigt den Erzengel Gabriel, der knieend vor der Jungfrau Maria steht, im Moment der Verk\u00fcndigung.<\/span><\/li>\n<li style=\"font-weight: 400;\" aria-level=\"1\"><span style=\"font-weight: 400;\">Anschlie\u00dfend wird die Besuch von Maria bei ihrer Kusine Heilige Elisabeth dargestellt, sowie der Traum von Josef, als ihm der Engel verk\u00fcndet, dass Maria einen Sohn geb\u00e4ren wird, der Gottes Botschaft bringen wird.<\/span><\/li>\n<li style=\"font-weight: 400;\" aria-level=\"1\"><span style=\"font-weight: 400;\">Abschlie\u00dfend sehen wir die Geburt von Jesus, mit Maria am Futtertrog, gehalten von einem Engel, zusammen mit den Hebammen und schlie\u00dflich die Verk\u00fcndigung des Retters an die Hirten.<\/span><\/li>\n<\/ul>\n<p><span style=\"font-weight: 400;\">Innerhalb dieses Klosters k\u00f6nnen Sie auch andere beeindruckende Details sehen, die gut erhalten sind. <\/span><b>Das Grab von San Juan de Ortega<\/b><span style=\"font-weight: 400;\"> ist mit verschiedenen Szenen und Reliefdarstellungen verziert. Es gilt als ein Skulpturenschatz aus der Sp\u00e4tromanik, weshalb wir Ihnen empfehlen, gen\u00fcgend Zeit einzuplanen, um es im Detail zu bewundern.<\/span><\/p>\n<p>&nbsp;<\/p>\n<h3><b>Das ber\u00fchmte Wunder des Lichts<\/b><\/h3>\n<p><span style=\"font-weight: 400;\">Es sollte jedoch beachtet werden, dass dieses Ph\u00e4nomen nur <\/span><b>zur Zeit der Tagundnachtgleichen im Fr\u00fchjahr und Herbst<\/b><span style=\"font-weight: 400;\"> auftritt. Es handelt sich um ein Ph\u00e4nomen, bei dem ein Sonnenstrahl <\/span><b>die Darstellung der Jungfrau der Verk\u00fcndigung<\/b><span style=\"font-weight: 400;\"> im Kloster San Juan de Ortega trifft und beleuchtet.<\/span><\/p>\n<p><span style=\"font-weight: 400;\">Dieses Ereignis zieht hunderte von Pilgern an, da es eine perfekte Kombination aus Religiosit\u00e4t, Kunst und Astronomie darstellt.<\/span><\/p>\n<p>&nbsp;<\/p>\n<h2><b>Gastronomie<\/b><\/h2>\n<p><span style=\"font-weight: 400;\">In der Gemeinde San Juan de Ortega k\u00f6nnen Sie die typische kastilisch-leonische K\u00fcche genie\u00dfen, weit entfernt von den Gerichten, die Sie in den verschiedenen <\/span><a href=\"https:\/\/www.mundiplus.com\/de\/caminos\/a-pie\/camino-portugues\"><b>Etappen des portugiesischen Jakobswegs<\/b><\/a><span style=\"font-weight: 400;\"> finden k\u00f6nnen. Die beliebtesten Gerichte sind <\/span><b>Knoblauch-Suppe und Eint\u00f6pfe<\/b><span style=\"font-weight: 400;\">, die mit Bohnen, Blutwurst und Chorizo zubereitet werden.<\/span><\/p>\n<p><span style=\"font-weight: 400;\">\u00dcbrigens, wenn Sie die portugiesische Route gehen, empfehlen wir Ihnen, den <\/span><a href=\"https:\/\/www.mundiplus.com\/de\/caminos\/a-pie\/camino-portugues\/camino-de-santiago-desde-tui\"><b>Jakobsweg von Tui aus<\/b><\/a><span style=\"font-weight: 400;\"> zu gehen.<\/span><\/p>\n<p>&nbsp;<\/p>\n<h2><b>Lokale Feste<\/b><\/h2>\n<p><span style=\"font-weight: 400;\">Das Patronatsfest in San Juan de Ortega findet <\/span><b>jedes Jahr am 6. Dezember zu Ehren von San Nicol\u00e1s de Bari<\/b><span style=\"font-weight: 400;\"> statt. <\/span><\/p>\n<p><span style=\"font-weight: 400;\">Au\u00dferdem wird <\/span><b>am ersten Samstag im Juni<\/b><span style=\"font-weight: 400;\"> das Fest zu Ehren von <\/span><b>San Juan de Ortega<\/b><span style=\"font-weight: 400;\"> gefeiert, wobei das Fest am 2. Juni stattfindet. An diesem Tag gibt es eine Prozession zu seinen Ehren, an der alle D\u00f6rfer der Region mit ihren Wimpeln teilnehmen. Es ist ein Tag des Marktes, auf dem eine Vielzahl von St\u00e4nden zum Genie\u00dfen angeboten wird.<\/span><\/p>\n<p>&nbsp;<\/p>\n<h2><b>Die Legende von San Juan de Ortega<\/b><\/h2>\n<p><img decoding=\"async\" class=\"alignnone wp-image-106165 size-full\" src=\"https:\/\/www.mundiplus.com\/wp-content\/uploads\/2024\/07\/San-Juan-de-Ortega-Mundiplus.jpg\" alt=\"\" width=\"1024\" height=\"768\" srcset=\"https:\/\/www.mundiplus.com\/wp-content\/uploads\/2024\/07\/San-Juan-de-Ortega-Mundiplus.jpg 1024w, https:\/\/www.mundiplus.com\/wp-content\/uploads\/2024\/07\/San-Juan-de-Ortega-Mundiplus-300x225.jpg 300w, https:\/\/www.mundiplus.com\/wp-content\/uploads\/2024\/07\/San-Juan-de-Ortega-Mundiplus-768x576.jpg 768w, https:\/\/www.mundiplus.com\/wp-content\/uploads\/2024\/07\/San-Juan-de-Ortega-Mundiplus-600x450.jpg 600w\" sizes=\"(max-width: 1024px) 100vw, 1024px\" \/><\/p>\n<p><span style=\"font-weight: 400;\">Seit seiner Bekanntheit wird er als <\/span><b>Wundert\u00e4ter<\/b><span style=\"font-weight: 400;\">, besonders zum <\/span><b>F\u00f6rdern der Fruchtbarkeit und zum Schutz von gef\u00e4hrdeten Schwangerschaften<\/b><span style=\"font-weight: 400;\">, betrachtet. Laut der Legende kamen verschiedene Damen des Adels und sogar K\u00f6niginnen zu diesem Ort, um um seine Hilfe zu bitten. Tats\u00e4chlich besuchte K\u00f6nigin Isabella von Kastilien das Heiligtum, um f\u00fcr eine sichere Schwangerschaft zu beten.<\/span><\/p>\n<p><span style=\"font-weight: 400;\">Bevor sie ging, bat sie darum, den Ort zu \u00f6ffnen, an dem die \u00dcberreste des Heiligen ruhen, um einen Blick darauf zu werfen, und auf ihre Bitte hin stimmten die M\u00f6nche zu. Es wird gesagt, dass beim \u00d6ffnen des Sarges ein Schwarm wei\u00dfer Bienen herauskam und \u00fcber die K\u00f6pfe der Anwesenden schwebte, bis der Sarg wieder geschlossen wurde und die Bienen durch ein kleines Loch zur\u00fcckkehrten.<\/span><\/p>\n<p><span style=\"font-weight: 400;\">Seitdem glauben die Menschen, dass <\/span><i><span style=\"font-weight: 400;\">die Bienen von San Juan<\/span><\/i> <b>die Seelen der Ungeborenen<\/b><span style=\"font-weight: 400;\"> sind. Nach ihrem Besuch brachte Isabella von Kastilien einen Sohn zur Welt und nannte ihn Juan.<\/span><\/p>\n","protected":false},"excerpt":{"rendered":"<p>San Juan de Ortega ist Teil einer gro\u00dfen Region im Nordosten der Provinz Burgos, genau zwischen den Montes de Oca und in der N\u00e4he der Sierra de Atapuerca. Diese Lage verleiht ihr eine Vielzahl nat\u00fcrlicher Reicht\u00fcmer und beeindruckende Landschaften. Zusammen mit Hiniesta und Barrios de Colina bildet es die Gemeinde Barrios de Colina. Bleiben Sie [&hellip;]<\/p>\n","protected":false},"author":1,"featured_media":114818,"comment_status":"open","ping_status":"open","sticky":false,"template":"","format":"standard","meta":{"footnotes":""},"categories":[572,600,576],"tags":[],"class_list":["post-114815","post","type-post","status-publish","format-standard","has-post-thumbnail","hentry","category-blog-des-weges","category-villages-et-regions-de","category-zu-fus-gehen"],"_links":{"self":[{"href":"https:\/\/www.mundiplus.com\/de\/wp-json\/wp\/v2\/posts\/114815","targetHints":{"allow":["GET"]}}],"collection":[{"href":"https:\/\/www.mundiplus.com\/de\/wp-json\/wp\/v2\/posts"}],"about":[{"href":"https:\/\/www.mundiplus.com\/de\/wp-json\/wp\/v2\/types\/post"}],"author":[{"embeddable":true,"href":"https:\/\/www.mundiplus.com\/de\/wp-json\/wp\/v2\/users\/1"}],"replies":[{"embeddable":true,"href":"https:\/\/www.mundiplus.com\/de\/wp-json\/wp\/v2\/comments?post=114815"}],"version-history":[{"count":0,"href":"https:\/\/www.mundiplus.com\/de\/wp-json\/wp\/v2\/posts\/114815\/revisions"}],"wp:featuredmedia":[{"embeddable":true,"href":"https:\/\/www.mundiplus.com\/de\/wp-json\/wp\/v2\/media\/114818"}],"wp:attachment":[{"href":"https:\/\/www.mundiplus.com\/de\/wp-json\/wp\/v2\/media?parent=114815"}],"wp:term":[{"taxonomy":"category","embeddable":true,"href":"https:\/\/www.mundiplus.com\/de\/wp-json\/wp\/v2\/categories?post=114815"},{"taxonomy":"post_tag","embeddable":true,"href":"https:\/\/www.mundiplus.com\/de\/wp-json\/wp\/v2\/tags?post=114815"}],"curies":[{"name":"wp","href":"https:\/\/api.w.org\/{rel}","templated":true}]}}