{"id":114819,"date":"2024-07-08T14:29:27","date_gmt":"2024-07-08T14:29:27","guid":{"rendered":"https:\/\/www.mundiplus.com\/der-jakobsweg-fuer-menschen-mit-eingeschraenkter-mobilitaet\/"},"modified":"2024-07-08T14:29:27","modified_gmt":"2024-07-08T14:29:27","slug":"der-jakobsweg-fuer-menschen-mit-eingeschraenkter-mobilitaet","status":"publish","type":"post","link":"https:\/\/www.mundiplus.com\/de\/blog\/der-jakobsweg-fur-menschen-mit-eingeschrankter-mobilitat\/","title":{"rendered":"Der Jakobsweg f\u00fcr Menschen mit eingeschr\u00e4nkter Mobilit\u00e4t"},"content":{"rendered":"<p><img fetchpriority=\"high\" decoding=\"async\" class=\"alignnone wp-image-105985 size-full\" src=\"https:\/\/www.mundiplus.com\/wp-content\/uploads\/2024\/07\/camino-de-santiago-movilidad-reducida-mundiplus.jpeg\" alt=\"\" width=\"1200\" height=\"800\" srcset=\"https:\/\/www.mundiplus.com\/wp-content\/uploads\/2024\/07\/camino-de-santiago-movilidad-reducida-mundiplus.jpeg 1200w, https:\/\/www.mundiplus.com\/wp-content\/uploads\/2024\/07\/camino-de-santiago-movilidad-reducida-mundiplus-300x200.jpeg 300w, https:\/\/www.mundiplus.com\/wp-content\/uploads\/2024\/07\/camino-de-santiago-movilidad-reducida-mundiplus-1024x683.jpeg 1024w, https:\/\/www.mundiplus.com\/wp-content\/uploads\/2024\/07\/camino-de-santiago-movilidad-reducida-mundiplus-768x512.jpeg 768w, https:\/\/www.mundiplus.com\/wp-content\/uploads\/2024\/07\/camino-de-santiago-movilidad-reducida-mundiplus-600x400.jpeg 600w\" sizes=\"(max-width: 1200px) 100vw, 1200px\" \/><\/p>\n<p><span style=\"font-weight: 400;\">Im Laufe der Jahre ist der <\/span><a href=\"https:\/\/www.mundiplus.com\/de\/\"><b>organisierte Jakobsweg<\/b><\/a><span style=\"font-weight: 400;\"> zu einer Realit\u00e4t geworden. Heute ist er unter anderem <\/span><b>viel zug\u00e4nglicher f\u00fcr alle Arten von Pilgern<\/b><span style=\"font-weight: 400;\">, insbesondere f\u00fcr diejenigen mit einer Behinderung oder Mobilit\u00e4tseinschr\u00e4nkung.<\/span><\/p>\n<p><span style=\"font-weight: 400;\">Es ist keine ganz einfache Aufgabe, denn neben der k\u00f6rperlichen Vorbereitung h\u00e4ngt es auch teilweise von den <\/span><b>Bedingungen des Gel\u00e4ndes<\/b><span style=\"font-weight: 400;\"> ab. Je nach gew\u00e4hltem Weg, wie zum Beispiel dem <\/span><a href=\"https:\/\/www.mundiplus.com\/de\/caminos\/a-pie\/camino-portugues\"><b>portugiesischen Jakobsweg<\/b><\/a><span style=\"font-weight: 400;\">, kann er in einigen F\u00e4llen v\u00f6llig unzug\u00e4nglich oder sogar unpassierbar werden.<\/span><\/p>\n<p><span style=\"font-weight: 400;\">F\u00fcr diese speziellen F\u00e4lle wurden <\/span><b>alternative Routen<\/b><span style=\"font-weight: 400;\"> eingerichtet, die es Pilgern mit Mobilit\u00e4tseinschr\u00e4nkungen, wie denen im Rollstuhl, erm\u00f6glichen, den Weg zu begehen.<\/span><\/p>\n<p>&nbsp;<\/p>\n<h2><b>Der Jakobsweg und Pilger mit Behinderungen<\/b><\/h2>\n<p><img decoding=\"async\" class=\"alignnone wp-image-105987 size-full\" src=\"https:\/\/www.mundiplus.com\/wp-content\/uploads\/2024\/07\/Camino-de-Santiago-personas-movilidad-reducida-1.jpg\" alt=\"\" width=\"1024\" height=\"458\" srcset=\"https:\/\/www.mundiplus.com\/wp-content\/uploads\/2024\/07\/Camino-de-Santiago-personas-movilidad-reducida-1.jpg 1024w, https:\/\/www.mundiplus.com\/wp-content\/uploads\/2024\/07\/Camino-de-Santiago-personas-movilidad-reducida-1-300x134.jpg 300w, https:\/\/www.mundiplus.com\/wp-content\/uploads\/2024\/07\/Camino-de-Santiago-personas-movilidad-reducida-1-768x344.jpg 768w, https:\/\/www.mundiplus.com\/wp-content\/uploads\/2024\/07\/Camino-de-Santiago-personas-movilidad-reducida-1-600x268.jpg 600w\" sizes=\"(max-width: 1024px) 100vw, 1024px\" \/><\/p>\n<p><span style=\"font-weight: 400;\">Der <\/span><a href=\"https:\/\/www.mundiplus.com\/de\/caminos\/a-pie\/camino-frances\/camino-de-santiago-desde-sarria\"><b>Jakobsweg von Sarria nach Santiago de Compostela<\/b><\/a><span style=\"font-weight: 400;\"> hat eine lange Geschichte, die hunderte von Jahren zur\u00fcckreicht. Bereits im Mittelalter begaben sich viele Menschen mit Mobilit\u00e4tsproblemen oder Behinderungen auf diesen Weg <\/span><b>auf der Suche nach einem Wunder oder einer Heilung<\/b><span style=\"font-weight: 400;\">, wenn sie das Grab des Apostels erreichten.<\/span><\/p>\n<p><span style=\"font-weight: 400;\">Trotz aller Bem\u00fchungen gibt es noch viel zu tun, denn die Herausforderungen f\u00fcr Menschen mit eingeschr\u00e4nkter Mobilit\u00e4t sind nicht gering. Daher ist es <\/span><b>wichtig, sich gut vorzubereiten<\/b><span style=\"font-weight: 400;\">, bevor man den <\/span><a href=\"https:\/\/www.mundiplus.com\/de\/caminos\/a-pie\/camino-frances\"><b>franz\u00f6sischen Jakobsweg<\/b><\/a><span style=\"font-weight: 400;\"> in Angriff nimmt.<\/span><\/p>\n<p>&nbsp;<\/p>\n<h3><b>Vorbereitungstraining<\/b><\/h3>\n<p><span style=\"font-weight: 400;\">Egal, welchen Jakobsweg man w\u00e4hlt, wie zum Beispiel den <\/span><a href=\"https:\/\/www.mundiplus.com\/de\/caminos\/a-pie\/camino-portugues\/camino-de-santiago-desde-tui\"><b>portugiesischen Jakobsweg von Tui<\/b><\/a><span style=\"font-weight: 400;\">, ein vorheriges Training ist f\u00fcr jeden Pilger unerl\u00e4sslich. Besonders f\u00fcr diejenigen mit einer Behinderung.<\/span><\/p>\n<p><span style=\"font-weight: 400;\">Abgesehen davon, dass es den K\u00f6rper st\u00e4rkt, erm\u00f6glicht es den Pilgern auch, die Anzahl der <\/span><a href=\"https:\/\/www.mundiplus.com\/de\/caminos\/a-pie\/camino-norte\"><b>Etappen des Jakobswegs im Norden<\/b><\/a><span style=\"font-weight: 400;\"> abzusch\u00e4tzen, die sie bew\u00e4ltigen k\u00f6nnen, und die zur\u00fcckzulegenden Kilometer.<\/span><\/p>\n<p><b>Ausdauer zu gewinnen<\/b><span style=\"font-weight: 400;\"> ist f\u00fcr jeden Pilger entscheidend, um festzulegen, wie viele Abschnitte jeder Etappe man bew\u00e4ltigen kann.<\/span><\/p>\n<p>&nbsp;<\/p>\n<h3><b>Rollst\u00fchle und Handbikes<\/b><\/h3>\n<p><span style=\"font-weight: 400;\">Es gibt zwei Hauptoptionen: <\/span><b>den allt\u00e4glichen Rollstuhl anzupassen<\/b><span style=\"font-weight: 400;\"> oder, alternativ, ein <\/span><b>Handbike<\/b><span style=\"font-weight: 400;\"> zu verwenden. Dies ist eine Art Rollstuhl, der f\u00fcr das Radfahren konzipiert ist und nur mit drei R\u00e4dern ausgestattet ist.<\/span><\/p>\n<p><span style=\"font-weight: 400;\">Letztere Option ist besonders gut f\u00fcr diejenigen geeignet, die k\u00f6rperlich fit sind. Unter anderem erm\u00f6glicht sie es, <\/span><b>auch steilere Strecken zu bew\u00e4ltigen<\/b><span style=\"font-weight: 400;\">, w\u00e4hrend die Stabilit\u00e4t erhalten bleibt.<\/span><\/p>\n<p>&nbsp;<\/p>\n<h3><b>Empfohlene Route<\/b><\/h3>\n<p><span style=\"font-weight: 400;\">Es gibt viele Wege, um nach Santiago de Compostela zu gelangen, aber<\/span> <span style=\"font-weight: 400;\">ohne Zweifel ist <\/span><b>der franz\u00f6sische Jakobsweg am besten geeignet<\/b><span style=\"font-weight: 400;\">. Er ist am besten f\u00fcr Menschen mit Behinderungen angepasst, und das aus einem einfachen Grund: er ist <\/span><b>der am meisten frequentierte<\/b><span style=\"font-weight: 400;\">.<\/span><\/p>\n<p><span style=\"font-weight: 400;\">Wie bei jeder Reise ist es nat\u00fcrlich ratsam, alles im Voraus zu planen: von der Anzahl der Etappen, die du machen wirst, \u00fcber die Pausen bis hin zu den Unterk\u00fcnften. Beachte, dass, obwohl die meisten Unterk\u00fcnfte angepasst sind, es besser ist, unangenehme \u00dcberraschungen zu vermeiden.<\/span><\/p>\n<p>&nbsp;<\/p>\n<h3><b>Das Wetter als Faktor<\/b><\/h3>\n<p><span style=\"font-weight: 400;\">Ein weiterer wichtiger Punkt ist die <\/span><b>Jahreszeit<\/b><span style=\"font-weight: 400;\">, denn das Wetter kann sich direkt auf den Verlauf der Reise auswirken. Denke daran, dass viele Wege in der Regenzeit unpassierbar werden, da sie fast \u00fcberschwemmt sind.<\/span><\/p>\n<p><span style=\"font-weight: 400;\">Der Sommer ist die Hochsaison, in der die Zahl der Pilger aufgrund der Ferienzeit steigt. F\u00fcr Menschen mit Mobilit\u00e4tsproblemen empfehlen wir jedoch die weniger frequentierten Saisons,<\/span><b> wie zum Beispiel den Fr\u00fchling.<\/b><\/p>\n<p><span style=\"font-weight: 400;\">Es ist wichtig, dass man immer daran denkt, dass der Jakobsweg keine Wettfahrt ist. Wenn du dich nicht in der Lage f\u00fchlst, den gesamten Weg in einem St\u00fcck zu gehen,<\/span> <span style=\"font-weight: 400;\">besteht immer die M\u00f6glichkeit, verschiedene Etappen zu unterschiedlichen Jahreszeiten zu machen.<\/span><\/p>\n<p>&nbsp;<\/p>\n<h2><b>Abschlie\u00dfende Empfehlungen<\/b><\/h2>\n<p><img decoding=\"async\" class=\"alignnone wp-image-105983 size-full\" src=\"https:\/\/www.mundiplus.com\/wp-content\/uploads\/2024\/07\/Camino-de-Santiago-personas-silla-de-ruedas-1.jpg\" alt=\"\" width=\"1024\" height=\"641\" srcset=\"https:\/\/www.mundiplus.com\/wp-content\/uploads\/2024\/07\/Camino-de-Santiago-personas-silla-de-ruedas-1.jpg 1024w, https:\/\/www.mundiplus.com\/wp-content\/uploads\/2024\/07\/Camino-de-Santiago-personas-silla-de-ruedas-1-300x188.jpg 300w, https:\/\/www.mundiplus.com\/wp-content\/uploads\/2024\/07\/Camino-de-Santiago-personas-silla-de-ruedas-1-768x481.jpg 768w, https:\/\/www.mundiplus.com\/wp-content\/uploads\/2024\/07\/Camino-de-Santiago-personas-silla-de-ruedas-1-600x376.jpg 600w\" sizes=\"(max-width: 1024px) 100vw, 1024px\" \/><\/p>\n<p><span style=\"font-weight: 400;\">Obwohl die Einschr\u00e4nkungen je nach Art der Behinderung des Pilgers stark variieren, gibt es einige allgemeine Empfehlungen, die f\u00fcr alle F\u00e4lle gelten:<\/span><\/p>\n<ul>\n<li style=\"font-weight: 400;\" aria-level=\"1\"><b>Versuche immer, in Begleitung oder in Gruppen zu reisen<\/b><span style=\"font-weight: 400;\">, da es viel einfacher ist, Schwierigkeiten zu \u00fcberwinden. Falls du Hilfe ben\u00f6tigst, wird es einfacher sein, eine hilfsbereite Person zu finden.<\/span><\/li>\n<li style=\"font-weight: 400;\" aria-level=\"1\"><b>Versuche, leichtes Gep\u00e4ck zu tragen<\/b><span style=\"font-weight: 400;\">, da ein schwerer Rucksack bei langen Strecken problematisch werden kann.<\/span><\/li>\n<li style=\"font-weight: 400;\" aria-level=\"1\"><span style=\"font-weight: 400;\">Hydration<\/span><b> sollte immer eine Priorit\u00e4t sein<\/b><span style=\"font-weight: 400;\">, besonders wenn du den Weg in der hei\u00dfen Saison gehst. Du kannst eine Wasserflasche mitnehmen und sie unterwegs auff\u00fcllen.<\/span><\/li>\n<li style=\"font-weight: 400;\" aria-level=\"1\"><span style=\"font-weight: 400;\">Die <\/span><b>Bekleidung<\/b><span style=\"font-weight: 400;\"> ist wie bei jeder Reise entscheidend. Je frischer die Stoffe, desto angenehmer wird die Reise f\u00fcr dich sein. Und vergiss nicht, immer einen Hut oder eine Kappe mitzubringen.<\/span><\/li>\n<li style=\"font-weight: 400;\" aria-level=\"1\"><span style=\"font-weight: 400;\">Zu guter Letzt, aber nicht weniger wichtig, solltest du immer sicherstellen, dass <\/span><b>Sonnencreme<\/b><span style=\"font-weight: 400;\"> dein bester Begleiter ist.<\/span><\/li>\n<\/ul>\n<p>&nbsp;<\/p>\n","protected":false},"excerpt":{"rendered":"<p>Im Laufe der Jahre ist der organisierte Jakobsweg zu einer Realit\u00e4t geworden. Heute ist er unter anderem viel zug\u00e4nglicher f\u00fcr alle Arten von Pilgern, insbesondere f\u00fcr diejenigen mit einer Behinderung oder Mobilit\u00e4tseinschr\u00e4nkung. Es ist keine ganz einfache Aufgabe, denn neben der k\u00f6rperlichen Vorbereitung h\u00e4ngt es auch teilweise von den Bedingungen des Gel\u00e4ndes ab. Je nach [&hellip;]<\/p>\n","protected":false},"author":1,"featured_media":114821,"comment_status":"open","ping_status":"open","sticky":false,"template":"","format":"standard","meta":{"footnotes":""},"categories":[572,568,596,576],"tags":[],"class_list":["post-114819","post","type-post","status-publish","format-standard","has-post-thumbnail","hentry","category-blog-des-weges","category-korperliche-konditionierung","category-vorbereitungen-fur-die-reise","category-zu-fus-gehen"],"_links":{"self":[{"href":"https:\/\/www.mundiplus.com\/de\/wp-json\/wp\/v2\/posts\/114819","targetHints":{"allow":["GET"]}}],"collection":[{"href":"https:\/\/www.mundiplus.com\/de\/wp-json\/wp\/v2\/posts"}],"about":[{"href":"https:\/\/www.mundiplus.com\/de\/wp-json\/wp\/v2\/types\/post"}],"author":[{"embeddable":true,"href":"https:\/\/www.mundiplus.com\/de\/wp-json\/wp\/v2\/users\/1"}],"replies":[{"embeddable":true,"href":"https:\/\/www.mundiplus.com\/de\/wp-json\/wp\/v2\/comments?post=114819"}],"version-history":[{"count":0,"href":"https:\/\/www.mundiplus.com\/de\/wp-json\/wp\/v2\/posts\/114819\/revisions"}],"wp:featuredmedia":[{"embeddable":true,"href":"https:\/\/www.mundiplus.com\/de\/wp-json\/wp\/v2\/media\/114821"}],"wp:attachment":[{"href":"https:\/\/www.mundiplus.com\/de\/wp-json\/wp\/v2\/media?parent=114819"}],"wp:term":[{"taxonomy":"category","embeddable":true,"href":"https:\/\/www.mundiplus.com\/de\/wp-json\/wp\/v2\/categories?post=114819"},{"taxonomy":"post_tag","embeddable":true,"href":"https:\/\/www.mundiplus.com\/de\/wp-json\/wp\/v2\/tags?post=114819"}],"curies":[{"name":"wp","href":"https:\/\/api.w.org\/{rel}","templated":true}]}}