{"id":114904,"date":"2024-06-20T15:00:42","date_gmt":"2024-06-20T15:00:42","guid":{"rendered":"https:\/\/www.mundiplus.com\/die-wollroute-urspruenge-und-entwicklung\/"},"modified":"2024-06-20T15:00:42","modified_gmt":"2024-06-20T15:00:42","slug":"die-wollroute-urspruenge-und-entwicklung","status":"publish","type":"post","link":"https:\/\/www.mundiplus.com\/de\/blog\/die-wsollroute-entstehung-und-entwicklung\/","title":{"rendered":"Die Wollroute: Urspr\u00fcnge und Entwicklung"},"content":{"rendered":"<p><img fetchpriority=\"high\" decoding=\"async\" class=\"alignnone wp-image-105715 size-full\" src=\"https:\/\/www.mundiplus.com\/wp-content\/uploads\/2024\/06\/ruta-de-la-lana-e1718894775541.jpg\" alt=\"\" width=\"1200\" height=\"788\" \/><\/p>\n<p><span style=\"font-weight: 400;\">Obwohl weniger bekannt, ist die <\/span><b>Ruta de la Lana<\/b><span style=\"font-weight: 400;\"> einer der historischsten Wege des Jakobswegs. Neben ihrer religi\u00f6sen Bedeutung war sie auch eine Handelsroute, die zwei entfernte Regionen auf der iberischen Halbinsel verband. Seit dem Mittelalter war dieser Weg <\/span><b>lebenswichtig f\u00fcr den Handel mit Wolle<\/b><span style=\"font-weight: 400;\">, einem essenziellen Rohstoff, der diesem Weg seinen Namen gab.<\/span><\/p>\n<p><span style=\"font-weight: 400;\">In diesem Artikel werden wir ihre Urspr\u00fcnge und Entwicklungen untersuchen und herausfinden, wie sie die Regionen, durch die sie f\u00fchrt, ver\u00e4ndert und bereichert hat. Wir sprechen \u00fcber ihre <\/span><b>historische und kulturelle Bedeutung<\/b><span style=\"font-weight: 400;\"> sowie ihre aktuelle Relevanz im Kontext von Tourismus und modernen Pilgerreisen.<\/span><\/p>\n<p><span style=\"font-weight: 400;\">M\u00f6chtest du mehr \u00fcber diesen historischen und traditionsreichen Weg erfahren? Von <\/span><b>Mundiplus<\/b><span style=\"font-weight: 400;\">, deiner Agentur f\u00fcr <\/span><a href=\"https:\/\/www.mundiplus.com\/de\/\"><b>organisierte Reisen des Jakobswegs nach Santiago de Compostela<\/b><\/a><span style=\"font-weight: 400;\">, erz\u00e4hlen wir dir alles \u00fcber diesen langen Weg bis zur Kathedrale.<\/span><\/p>\n<p>&nbsp;<\/p>\n<h2><b>Urspr\u00fcnge der Ruta de la Lana<\/b><\/h2>\n<p><img decoding=\"async\" class=\"alignnone wp-image-105713 size-full\" src=\"https:\/\/www.mundiplus.com\/wp-content\/uploads\/2024\/06\/ruta-lana-camino-santiago-e1718894847834.jpg\" alt=\"\" width=\"1200\" height=\"750\" \/><\/p>\n<p><span style=\"font-weight: 400;\">Wie bereits erw\u00e4hnt, ist dies einer der weniger bekannten Jakobswege, aber nicht weniger bedeutend. Er verbindet <\/span><b>Levante (Valencia oder Alicante) und Kastilien<\/b><span style=\"font-weight: 400;\"> mit dem Jakobsweg und f\u00fchrt durch verschiedene, historisch reiche Landschaften. Zun\u00e4chst werden wir uns mit den historischen Aspekten befassen, die diese einzigartige Route pr\u00e4gten.<\/span><\/p>\n<p>&nbsp;<\/p>\n<h3><b>Historischer Kontext der Ruta de la Lana<\/b><\/h3>\n<p><span style=\"font-weight: 400;\">Im <\/span><b>Mittelalter<\/b><span style=\"font-weight: 400;\"> war die europ\u00e4ische Wirtschaft stark vom <\/span><b>Handel mit Wolle<\/b><span style=\"font-weight: 400;\"> beeinflusst. Spanien, und insbesondere Kastilien, war eine der Hauptregionen, die hochwertige Wolle produzierten. Sie war nicht nur ein Konsumgut, sondern auch ein <\/span><b>lebenswichtiges Exportgut<\/b><span style=\"font-weight: 400;\">, was zur Schaffung spezifischer Handelsrouten f\u00fchrte.<\/span><\/p>\n<p><span style=\"font-weight: 400;\">Die Verbindung zwischen Wolle und dem Jakobsweg entstand durch die <\/span><b>Notwendigkeit, dieses wertvolle Gut zu den wichtigsten Handelszentren Europas zu transportieren<\/b><span style=\"font-weight: 400;\">. H\u00e4ndler und Pilger benutzten h\u00e4ufig die gleichen Wege, was die Verbreitung von Waren, Ideen und Kultur erm\u00f6glichte.\u00a0<\/span><\/p>\n<p><span style=\"font-weight: 400;\">Dieser Weg diente als kommerzielle Achse, die Produzenten mit den M\u00e4rkten verband, aber auch als spiritueller Pfad f\u00fcr Pilger nach Santiago de Compostela.<\/span><\/p>\n<p>&nbsp;<\/p>\n<h3><b>Fr\u00fcheste Aufzeichnungen und historische Dokumentationen<\/b><\/h3>\n<p><span style=\"font-weight: 400;\">Die ersten Aufzeichnungen befinden sich in<\/span><b> Dokumenten und Chroniken des Mittelalters<\/b><span style=\"font-weight: 400;\">, die den Transport von Wolle von Kastilien bis in den Norden Spaniens belegen. Diese Dokumente beschreiben nicht nur die Routen, sondern auch die <\/span><b>D\u00f6rfer und St\u00e4dte<\/b><span style=\"font-weight: 400;\">, die f\u00fcr den Wollhandel von Bedeutung waren.<\/span><\/p>\n<p><span style=\"font-weight: 400;\">Die <\/span><b>historischen Chroniken und kommunalen Archive<\/b><span style=\"font-weight: 400;\"> bewahren Zeugnisse der Bedeutung dieses Weges. So erw\u00e4hnte zum Beispiel im 13. Jahrhundert der <\/span><b>Rat von Cuenca<\/b><span style=\"font-weight: 400;\"> bereits die Bedeutung der Wollrouten f\u00fcr die wirtschaftliche Entwicklung. Dar\u00fcber hinaus dokumentieren Aufzeichnungen der <\/span><b>Mesta<\/b><span style=\"font-weight: 400;\">, einer m\u00e4chtigen Viehz\u00fcchterorganisation, den Wolletransport und die Nutzung spezifischer Routen.<\/span><\/p>\n<p>&nbsp;<\/p>\n<h2><b>Entwicklung und Evolution der Ruta de la Lana<\/b><\/h2>\n<p><img decoding=\"async\" class=\"alignnone wp-image-105711 size-full\" src=\"https:\/\/www.mundiplus.com\/wp-content\/uploads\/2024\/06\/ruta-lana-burgos-e1718894903574.jpg\" alt=\"\" width=\"1200\" height=\"756\" \/><\/p>\n<p><span style=\"font-weight: 400;\">Im Laufe der Jahre erlebte die Ruta de la Lana eine bedeutende Entwicklung und Evolution. Von ihrer Konsolidierung im Mittelalter bis zu den Transformationen in den j\u00fcngeren Epochen war sie Zeuge zahlreicher wirtschaftlicher und sozialer Ver\u00e4nderungen. Wir werden untersuchen, wie diese Ver\u00e4nderungen den Weg in verschiedenen historischen Perioden pr\u00e4gten.<\/span><\/p>\n<p>&nbsp;<\/p>\n<h3><b>Expansion und Konsolidierung im Mittelalter<\/b><\/h3>\n<p><span style=\"font-weight: 400;\">Wie bereits erw\u00e4hnt, <\/span><b>die wachsende Nachfrage nach spanischer Wolle<\/b><span style=\"font-weight: 400;\"> von hoher Qualit\u00e4t in den europ\u00e4ischen M\u00e4rkten, insbesondere in Flandern und Italien, trieb die Entwicklung dieses Weges voran. Zudem unterst\u00fctzten <\/span><b>die Krone und die Organisation der Mesta<\/b><span style=\"font-weight: 400;\"> die Expansion von Viehzucht und Handel.<\/span><\/p>\n<p><span style=\"font-weight: 400;\">Die <\/span><b>Handelsrouten<\/b><span style=\"font-weight: 400;\">, die die Ruta de la Lana bildeten, verbanden wichtige Produktionszentren in Kastilien mit H\u00e4fen und Schl\u00fcsselst\u00e4dten wie <\/span><b>Cuenca, Burgos und Medina del Campo<\/b><span style=\"font-weight: 400;\">. Diese Treffpunkte waren nicht nur f\u00fcr den Handel von Bedeutung, sondern auch f\u00fcr den kulturellen und sozialen Austausch.<\/span><\/p>\n<p>&nbsp;<\/p>\n<h3><b>Transformationen in der Moderne und Gegenwart<\/b><\/h3>\n<p><span style=\"font-weight: 400;\">In der fr\u00fchen Neuzeit erlebte die Ruta de la Lana wichtige Transformationen aufgrund von Ver\u00e4nderungen im Handel und in der Industrie. Die <\/span><b>Entstehung neuer Seehandelsrouten<\/b><span style=\"font-weight: 400;\"> und das Aufkommen anderer Industrien verringerten die Abh\u00e4ngigkeit vom Wollhandel. Dennoch wurde der Weg weiterhin genutzt und an die neuen wirtschaftlichen Gegebenheiten angepasst.<\/span><\/p>\n<p><span style=\"font-weight: 400;\">Die Auswirkungen von Kriegen und historischen Ereignissen (Spanischer Erbfolgekrieg und Napoleonische Kriege) beeinflussten ebenfalls die Ruta de la Lana. Diese Konflikte <\/span><b>ver\u00e4nderten die Handelsdynamiken<\/b><span style=\"font-weight: 400;\"> und f\u00fchrten zu einer Umstrukturierung der Routen.\u00a0<\/span><\/p>\n<p><span style=\"font-weight: 400;\">Heute ist die Ruta de la Lana wieder als <\/span><b>kultureller und touristischer Weg<\/b><span style=\"font-weight: 400;\"> von Bedeutung. Ihre Konnotationen sind die gleichen wie beim <\/span><a href=\"https:\/\/www.mundiplus.com\/de\/caminos\/a-pie\/camino-frances\/camino-de-santiago-desde-sarria\"><b>Jakobsweg von Sarria nach Santiago de Compostela<\/b><\/a><span style=\"font-weight: 400;\">, wobei du in diesem Fall viel mehr laufen musst<\/span><\/p>\n<p>&nbsp;<\/p>\n<h2><b>Der Wolleweg in der Gegenwart<\/b><\/h2>\n<p><span style=\"font-weight: 400;\">Ja, heute ist er eine sehr interessante Route f\u00fcr Pilger und Touristen. Seine reiche Geschichte und die Attraktivit\u00e4t seiner Landschaften haben zu verschiedenen <\/span><b>Initiativen zur Aufwertung und F\u00f6rderung<\/b><span style=\"font-weight: 400;\"> gef\u00fchrt. Im Folgenden werden wir untersuchen, wie an der Erhaltung und F\u00f6rderung dieser Route gearbeitet wurde und welche Infrastruktur und Dienstleistungen den Pilgern heute angeboten werden.<\/span><\/p>\n<p><span style=\"font-weight: 400;\">Die Aufwertung war dank zahlreicher <\/span><b>Erhaltungs- und F\u00f6rderinitiativen<\/b><span style=\"font-weight: 400;\"> m\u00f6glich. Lokale Organisationen und regionale Regierungen haben in Projekten zusammengearbeitet, um den Weg zu restaurieren und zu kennzeichnen, sowie dessen Geschichte und Erbe zu f\u00f6rdern.<\/span><\/p>\n<p><span style=\"font-weight: 400;\">Die Infrastruktur f\u00fcr die Pilger hat sich in den letzten Jahren erheblich verbessert. Entlang des Wollewegs wurden zahlreiche Unterk\u00fcnfte eingerichtet, von traditionellen Herbergen bis hin zu l\u00e4ndlichen Hotels, die Optionen f\u00fcr jedes Budget bieten.<\/span><\/p>\n<p><span style=\"font-weight: 400;\">Die Kennzeichnung des Weges <\/span><b>war eine Priorit\u00e4t bei seiner Aufwertung<\/b><span style=\"font-weight: 400;\">. Klare und gut platzierte Schilder f\u00fchren den Pilger auf dem gesamten Weg, sodass der Weg mit Leichtigkeit und Sicherheit verfolgt werden kann. Au\u00dferdem wurden Informationstafeln installiert, die Details zur Geschichte und Kultur der Gebiete bieten, die die Route durchquert.<\/span><\/p>\n<p>&nbsp;<\/p>\n<h2><b>Reiseroute des Wollewegs<\/b><\/h2>\n<p><span style=\"font-weight: 400;\">Nachfolgend finden Sie eine detaillierte Reiseroute der verschiedenen Etappen des <\/span><b>Wollewegs<\/b><span style=\"font-weight: 400;\">, beginnend in Alicante (Es kann auch von Valencia aus gestartet werden, aber diesen Punkt des Ursprungs lassen wir f\u00fcr den Camino de Levante, \u00fcber den wir sp\u00e4ter sprechen, aus.)<\/span><\/p>\n<p><span style=\"font-weight: 400;\">Sie werden fast 700 Kilometer in 6 Provinzen zur\u00fccklegen, bis Sie in Burgos ankommen, wo Sie mit dem <\/span><a href=\"https:\/\/www.mundiplus.com\/de\/caminos\/a-pie\/camino-frances\"><b>Camino Franc\u00e9s<\/b><\/a><span style=\"font-weight: 400;\"> verbunden werden.<\/span><\/p>\n<ul>\n<li style=\"font-weight: 400;\" aria-level=\"1\"><b>Etappe 1:<\/b><span style=\"font-weight: 400;\"> Alicante-Orito &#8211; 23 km<\/span><\/li>\n<li style=\"font-weight: 400;\" aria-level=\"1\"><b>Etappe 2:<\/b><span style=\"font-weight: 400;\"> Orito-Petrer &#8211; 20 km<\/span><\/li>\n<li style=\"font-weight: 400;\" aria-level=\"1\"><b>Etappe 3:<\/b><span style=\"font-weight: 400;\"> Petrer-Villena &#8211; 21 km<\/span><\/li>\n<li style=\"font-weight: 400;\" aria-level=\"1\"><b>Etappe 4:<\/b><span style=\"font-weight: 400;\"> Villena-Caudete (<\/span><b>bereits in Albacete<\/b><span style=\"font-weight: 400;\">) &#8211; 15 km<\/span><\/li>\n<li style=\"font-weight: 400;\" aria-level=\"1\"><b>Etappe 5:<\/b><span style=\"font-weight: 400;\"> Caudete-Almansa &#8211; 26 km<\/span><\/li>\n<li style=\"font-weight: 400;\" aria-level=\"1\"><b>Etappe 6:<\/b><span style=\"font-weight: 400;\"> Almansa-Alpera &#8211; 22 km<\/span><\/li>\n<li style=\"font-weight: 400;\" aria-level=\"1\"><b>Etappe 7:<\/b><span style=\"font-weight: 400;\"> Alpera-Alatoz &#8211; 26 km<\/span><\/li>\n<li style=\"font-weight: 400;\" aria-level=\"1\"><b>Etappe 8:<\/b><span style=\"font-weight: 400;\"> Alatoz-Casas Ib\u00e1\u00f1ez &#8211; 30 km<\/span><\/li>\n<li style=\"font-weight: 400;\" aria-level=\"1\"><b>Etappe 9:<\/b><span style=\"font-weight: 400;\"> Casas Ib\u00e1\u00f1ez-Villarta (<\/span><b>bereits in Cuenca<\/b><span style=\"font-weight: 400;\">) &#8211; 27 km<\/span><\/li>\n<li style=\"font-weight: 400;\" aria-level=\"1\"><b>Etappe 10:<\/b><span style=\"font-weight: 400;\"> Villarta-Campillo de Altobuey &#8211; 30 km<\/span><\/li>\n<li style=\"font-weight: 400;\" aria-level=\"1\"><b>Etappe 11:<\/b><span style=\"font-weight: 400;\"> Campillo de Altobuey-Monteagudo de las Salinas &#8211; 31 km<\/span><\/li>\n<li style=\"font-weight: 400;\" aria-level=\"1\"><b>Etappe 12:<\/b><span style=\"font-weight: 400;\"> Monteagudo de las Salinas-Fuentes &#8211; 23 km<\/span><\/li>\n<li style=\"font-weight: 400;\" aria-level=\"1\"><b>Etappe 13:<\/b><span style=\"font-weight: 400;\"> Fuentes-Cuenca &#8211; 22 km<\/span><\/li>\n<li style=\"font-weight: 400;\" aria-level=\"1\"><b>Etappe 14:<\/b><span style=\"font-weight: 400;\"> Cuenca-Bascu\u00f1ana de San Pedro &#8211; 24 km<\/span><\/li>\n<li style=\"font-weight: 400;\" aria-level=\"1\"><b>Etappe 15:<\/b><span style=\"font-weight: 400;\"> Bascu\u00f1ana de San Pedro-Villaconejos de Trabaque &#8211; 27 km<\/span><\/li>\n<li style=\"font-weight: 400;\" aria-level=\"1\"><b>Etappe 16:<\/b><span style=\"font-weight: 400;\"> Villaconejos de Trabaque-Salmer\u00f3n (<\/span><b>bereits in Guadalajara<\/b><span style=\"font-weight: 400;\">) &#8211; 28 km<\/span><\/li>\n<li style=\"font-weight: 400;\" aria-level=\"1\"><b>Etappe 17:<\/b><span style=\"font-weight: 400;\"> Salmer\u00f3n-Viana de Mond\u00e9jar &#8211; 22 km<\/span><\/li>\n<li style=\"font-weight: 400;\" aria-level=\"1\"><b>Etappe 18:<\/b><span style=\"font-weight: 400;\"> Viana de Mond\u00e9jar-Cifuentes &#8211; 20 km<\/span><\/li>\n<li style=\"font-weight: 400;\" aria-level=\"1\"><b>Etappe 19:<\/b><span style=\"font-weight: 400;\"> Cifuentes-Mandayona &#8211; 26 km<\/span><\/li>\n<li style=\"font-weight: 400;\" aria-level=\"1\"><b>Etappe 20:<\/b><span style=\"font-weight: 400;\"> Mandayona-Atienza &#8211; 36 km<\/span><\/li>\n<li style=\"font-weight: 400;\" aria-level=\"1\"><b>Etappe 21:<\/b><span style=\"font-weight: 400;\"> Atienza-Retortillo de Soria (<\/span><b>bereits in Soria<\/b><span style=\"font-weight: 400;\">) &#8211; 22 km<\/span><\/li>\n<li style=\"font-weight: 400;\" aria-level=\"1\"><b>Etappe 22:<\/b><span style=\"font-weight: 400;\"> Retortillo de Soria-Fresno de Caracena &#8211; 24 km<\/span><\/li>\n<li style=\"font-weight: 400;\" aria-level=\"1\"><b>Etappe 23:<\/b><span style=\"font-weight: 400;\"> Fresno de Caracena-San Esteban de Gormaz &#8211; 19 km<\/span><\/li>\n<li style=\"font-weight: 400;\" aria-level=\"1\"><b>Etappe 24:<\/b><span style=\"font-weight: 400;\"> San Esteban de Gormaz-Quintanarraya (<\/span><b>bereits in Burgos<\/b><span style=\"font-weight: 400;\">) &#8211; 31 km<\/span><\/li>\n<li style=\"font-weight: 400;\" aria-level=\"1\"><b>Etappe 25:<\/b><span style=\"font-weight: 400;\"> Quintanarraya-Santo Domingo de Silos &#8211; 25 km<\/span><\/li>\n<li style=\"font-weight: 400;\" aria-level=\"1\"><b>Etappe 26:<\/b><span style=\"font-weight: 400;\"> Santo Domingo de Silos-Mecerreyes &#8211; 23 km<\/span><\/li>\n<li style=\"font-weight: 400;\" aria-level=\"1\"><b>Etappe 27:<\/b><span style=\"font-weight: 400;\"> Mecerreyes-Burgos &#8211; 35 km<\/span><\/li>\n<\/ul>\n<p><span style=\"font-weight: 400;\">Der <\/span><b>Wolleweg<\/b><span style=\"font-weight: 400;\"> bietet eine Vielzahl von Landschaften, die sich mit dem Fortschreiten durch diese Provinzen ver\u00e4ndern. Auf dem Weg werden <\/span><b>die Ebenen und Weinberge von Alicante<\/b><span style=\"font-weight: 400;\"> bis hin zu den sanften <\/span><b>H\u00fcgeln und W\u00e4ldern von Castilla-La Mancha<\/b><span style=\"font-weight: 400;\"> durchquert.<\/span><\/p>\n<p><span style=\"font-weight: 400;\">Die Pilger werden die Ruhe der <\/span><b>manchegischen Felder<\/b><span style=\"font-weight: 400;\"> genie\u00dfen, dabei durch D\u00f6rfer und historische St\u00e4dte kommen, von denen viele den Charme vergangener Epochen bewahren. Im Vergleich zum <\/span><a href=\"https:\/\/www.mundiplus.com\/de\/caminos\/a-pie\/camino-norte\"><b>Camino del Norte<\/b><\/a><span style=\"font-weight: 400;\"> ist diese Route weniger bergig und bietet eine entspannendere Wandererfahrung, obwohl einige Abschnitte gro\u00dfe Distanzen zwischen den Punkten haben.<\/span><\/p>\n<p><span style=\"font-weight: 400;\">Ebenso unterscheidet sie sich vom <\/span><a href=\"https:\/\/www.mundiplus.com\/de\/caminos\/a-pie\/camino-portugues\"><b>Camino Portugu\u00e9s<\/b><\/a><span style=\"font-weight: 400;\"> und dem <\/span><a href=\"https:\/\/www.mundiplus.com\/de\/caminos\/a-pie\/camino-portugues\/camino-de-santiago-desde-tui\"><b>Camino de Santiago Portugu\u00e9s desde Tui<\/b><\/a><span style=\"font-weight: 400;\">, da sie <\/span><b>fernab vom Meer verl\u00e4uft<\/b><span style=\"font-weight: 400;\"> und stattdessen das landwirtschaftliche und Viehzuchtzentrum Spaniens durchquert. Die nat\u00fcrlichen Landschaften, wie der <\/span><b>Parque Natural del R\u00edo Cabriel und der Ca\u00f1\u00f3n del R\u00edo Caracena<\/b><span style=\"font-weight: 400;\"> bieten spektakul\u00e4re Ausblicke und Momente der Verbindung mit der Natur.<\/span><\/p>\n","protected":false},"excerpt":{"rendered":"<p>Obwohl weniger bekannt, ist die Ruta de la Lana einer der historischsten Wege des Jakobswegs. Neben ihrer religi\u00f6sen Bedeutung war sie auch eine Handelsroute, die zwei entfernte Regionen auf der iberischen Halbinsel verband. Seit dem Mittelalter war dieser Weg lebenswichtig f\u00fcr den Handel mit Wolle, einem essenziellen Rohstoff, der diesem Weg seinen Namen gab. In [&hellip;]<\/p>\n","protected":false},"author":1,"featured_media":114906,"comment_status":"open","ping_status":"open","sticky":false,"template":"","format":"standard","meta":{"footnotes":""},"categories":[572,584,604,576],"tags":[],"class_list":["post-114904","post","type-post","status-publish","format-standard","has-post-thumbnail","hentry","category-blog-des-weges","category-geschichte","category-ikonische-orte","category-zu-fus-gehen"],"_links":{"self":[{"href":"https:\/\/www.mundiplus.com\/de\/wp-json\/wp\/v2\/posts\/114904","targetHints":{"allow":["GET"]}}],"collection":[{"href":"https:\/\/www.mundiplus.com\/de\/wp-json\/wp\/v2\/posts"}],"about":[{"href":"https:\/\/www.mundiplus.com\/de\/wp-json\/wp\/v2\/types\/post"}],"author":[{"embeddable":true,"href":"https:\/\/www.mundiplus.com\/de\/wp-json\/wp\/v2\/users\/1"}],"replies":[{"embeddable":true,"href":"https:\/\/www.mundiplus.com\/de\/wp-json\/wp\/v2\/comments?post=114904"}],"version-history":[{"count":0,"href":"https:\/\/www.mundiplus.com\/de\/wp-json\/wp\/v2\/posts\/114904\/revisions"}],"wp:featuredmedia":[{"embeddable":true,"href":"https:\/\/www.mundiplus.com\/de\/wp-json\/wp\/v2\/media\/114906"}],"wp:attachment":[{"href":"https:\/\/www.mundiplus.com\/de\/wp-json\/wp\/v2\/media?parent=114904"}],"wp:term":[{"taxonomy":"category","embeddable":true,"href":"https:\/\/www.mundiplus.com\/de\/wp-json\/wp\/v2\/categories?post=114904"},{"taxonomy":"post_tag","embeddable":true,"href":"https:\/\/www.mundiplus.com\/de\/wp-json\/wp\/v2\/tags?post=114904"}],"curies":[{"name":"wp","href":"https:\/\/api.w.org\/{rel}","templated":true}]}}