{"id":114908,"date":"2024-06-20T14:34:13","date_gmt":"2024-06-20T14:34:13","guid":{"rendered":"https:\/\/www.mundiplus.com\/warum-den-camino-in-einem-jakobinischen-jahr-machen\/"},"modified":"2024-06-20T14:34:13","modified_gmt":"2024-06-20T14:34:13","slug":"warum-den-camino-in-einem-jakobinischen-jahr-machen","status":"publish","type":"post","link":"https:\/\/www.mundiplus.com\/de\/blog\/warum-den-camino-in-einem-jakobinischen-jahr-machen\/","title":{"rendered":"Warum den Camino in einem jakobinischen Jahr machen?"},"content":{"rendered":"<p><img fetchpriority=\"high\" decoding=\"async\" class=\"alignnone wp-image-105705 size-full\" src=\"https:\/\/www.mundiplus.com\/wp-content\/uploads\/2024\/06\/camino-santiago-jacobeo-scaled-e1718893293378.jpg\" alt=\"\" width=\"1200\" height=\"800\" \/><\/p>\n<p><span style=\"font-weight: 400;\">Der <\/span><b>Jakobsweg<\/b><span style=\"font-weight: 400;\">, eine der \u00e4ltesten und bekanntesten Pilgerreisen der Welt, zieht jedes Jahr Tausende von Wanderern an, die auf der Suche nach Abenteuer, Spiritualit\u00e4t und einer Verbindung zur Geschichte sind. <\/span><\/p>\n<p><span style=\"font-weight: 400;\">Es gibt jedoch etwas Besonderes daran, diese Reise w\u00e4hrend eines heiligen Jakobsjahres anzutreten, wenn das Fest des <\/span><b>heiligen Jakobus auf einen Sonntag f\u00e4llt<\/b><span style=\"font-weight: 400;\">, was ungef\u00e4hr <\/span><b>alle 5-6-11 Jahre<\/b><span style=\"font-weight: 400;\"> der Fall ist. Was macht diese Erfahrung noch unvergesslicher? Entdecke es im folgenden Artikel und beginne deine <\/span><a href=\"https:\/\/www.mundiplus.com\/de\/\"><b>organisierte Reise auf dem Jakobsweg nach Santiago de Compostela<\/b><\/a><span style=\"font-weight: 400;\">. <\/span><\/p>\n<p>&nbsp;<\/p>\n<h2><b>Geschichte und Bedeutung des heiligen Jakobsjahres<\/b><\/h2>\n<p><span style=\"font-weight: 400;\">Der Begriff &#8222;heiliges Jakobsjahr&#8220; reicht Jahrhunderte zur\u00fcck, als festgelegt wurde, dass <\/span><b>der 25. Juli<\/b><span style=\"font-weight: 400;\">, der Tag des Apostels Jakobus, <\/span><b>auf einen Sonntag fiel<\/b><span style=\"font-weight: 400;\">, es als heiliges oder Jakobsjahr erkl\u00e4rt wurde. Diese Tradition <\/span><b>begann im 12. Jahrhundert<\/b><span style=\"font-weight: 400;\"> und ist seitdem ein besonderes Ereignis f\u00fcr die Pilger, die die verschiedenen Wege gehen, die in Santiago de Compostela zusammenlaufen.<\/span><\/p>\n<p><span style=\"font-weight: 400;\">W\u00e4hrend der heiligen Jakobsjahre ist die Pilgerreise erf\u00fcllt von einer <\/span><b>einzigartigen Energie<\/b><span style=\"font-weight: 400;\">, mit Festivals, kulturellen Veranstaltungen und einer Atmosph\u00e4re der Feier, die sowohl Pilger als auch Besucher umh\u00fcllt. Es ist ein Moment, in dem <\/span><b>das Wesen des Abenteuers verst\u00e4rkt wird<\/b><span style=\"font-weight: 400;\">, und jeder Schritt Teil einer kollektiven und bereichernden Erfahrung wird.<\/span><\/p>\n<p>&nbsp;<\/p>\n<h2><b>Teile Geschichten, Lachen und Momente der Reflexion<\/b><\/h2>\n<p><span style=\"font-weight: 400;\">W\u00e4hrend eines heiligen Jakobsjahres erwacht der Jakobsweg auf besondere Weise zum Leben. Die Stra\u00dfen empfangen noch mehr <\/span><b>Pilger aus der ganzen Welt<\/b><span style=\"font-weight: 400;\">, die Geschichten, Lachen und Momente der Reflexion teilen. Das Gef\u00fchl der Kameradschaft und gegenseitigen Unterst\u00fctzung ist sp\u00fcrbar, was die Erfahrung noch <\/span><b>spirituell bereichernder<\/b><span style=\"font-weight: 400;\"> macht.<\/span><\/p>\n<p><span style=\"font-weight: 400;\">Dar\u00fcber hinaus sind die Dienste w\u00e4hrend der heiligen Jakobsjahre <\/span><b>h\u00e4ufig besser vorbereitet<\/b><span style=\"font-weight: 400;\">, um die Pilger zu empfangen. Es spielt keine Rolle, ob du den <\/span><a href=\"https:\/\/www.mundiplus.com\/de\/caminos\/a-pie\/camino-frances\/camino-de-santiago-desde-sarria\"><b>Jakobsweg nach Santiago de Compostela von Sarria aus gehst<\/b><\/a><span style=\"font-weight: 400;\"> oder dich f\u00fcr das vollst\u00e4ndige Abenteuer entscheidest und den <\/span><a href=\"https:\/\/www.mundiplus.com\/de\/caminos\/a-pie\/camino-frances\"><b>Camino Franc\u00e9s<\/b><\/a><span style=\"font-weight: 400;\"> gehst. <\/span><\/p>\n<p><span style=\"font-weight: 400;\">Von Herbergen bis hin zu Restaurants und Gesch\u00e4ften ist alles darauf vorbereitet, die Bed\u00fcrfnisse der Wanderer zu erf\u00fcllen, was die Reise komfortabler und zug\u00e4nglicher macht.<\/span><\/p>\n<p>&nbsp;<\/p>\n<h2><b>Besondere Veranstaltungen und Feiern<\/b><\/h2>\n<p><span style=\"font-weight: 400;\">W\u00e4hrend eines heiligen Jakobsjahres f\u00fcllt sich Santiago de Compostela und die Ortschaften entlang der verschiedenen Wege, wie der <\/span><a href=\"https:\/\/www.mundiplus.com\/de\/caminos\/a-pie\/camino-portugues\"><b>Camino Portugu\u00e9s<\/b><\/a><span style=\"font-weight: 400;\"> oder der <\/span><a href=\"https:\/\/www.mundiplus.com\/de\/caminos\/a-pie\/camino-norte\"><b>Camino del Norte<\/b><\/a><span style=\"font-weight: 400;\">, mit Leben. Es gibt mehr Veranstaltungen und Feierlichkeiten, die die Erfahrung der Pilger bereichern. <\/span><\/p>\n<p>&nbsp;<\/p>\n<h3><b>Religi\u00f6se Zeremonien<\/b><\/h3>\n<p><span style=\"font-weight: 400;\">Im Herzen von Santiago de Compostela empf\u00e4ngt die majest\u00e4tische Kathedrale besondere religi\u00f6se Zeremonien zu Ehren des heiligen Jakobus. Die <\/span><b>Pilgermesse<\/b><span style=\"font-weight: 400;\">, die t\u00e4glich gefeiert wird, <\/span><b>erlangt w\u00e4hrend der heiligen Jakobsjahre eine besondere Bedeutung<\/b><span style=\"font-weight: 400;\">, mit einer gr\u00f6\u00dferen Zahl von Gl\u00e4ubigen und Pilgern, die sich zum Gebet und Dank f\u00fcr die abgeschlossene Pilgerreise versammeln.<\/span><\/p>\n<p>&nbsp;<\/p>\n<h3><b>\u00d6ffnung des Heiligen Tors<\/b><\/h3>\n<p><img decoding=\"async\" class=\"alignnone wp-image-105701 size-full\" src=\"https:\/\/www.mundiplus.com\/wp-content\/uploads\/2024\/06\/puerta-santa-catedral-santiago-e1718893362528.jpg\" alt=\"\" width=\"800\" height=\"1067\" \/><\/p>\n<p><span style=\"font-weight: 400;\">Nur w\u00e4hrend des Jakobsjahres \u00f6ffnet sich das <\/span><b>Heilige Tor der Kathedrale von Santiago de Compostela<\/b><span style=\"font-weight: 400;\">. Diese Tradition symbolisiert ein Tor zur Vergebung und spirituellen Erneuerung. Es zu durchschreiten gilt als ein Akt von gro\u00dfer religi\u00f6ser und spiritueller Bedeutung, der den Pilgern den Erlass aller S\u00fcnden gew\u00e4hrt.<\/span><\/p>\n<p>&nbsp;<\/p>\n<h3><b>Konzerte und Veranstaltungen<\/b><\/h3>\n<p><span style=\"font-weight: 400;\">W\u00e4hrend des gesamten Jakobsjahres werden in den Pl\u00e4tzen und Stra\u00dfen von Santiago de Compostela <\/span><b>ebenso wie in anderen Ortschaften entlang des Weges<\/b><span style=\"font-weight: 400;\"> eine Vielzahl von Konzerten und Veranstaltungen organisiert. Von traditioneller galicischer Musik bis hin zu Auftritten internationaler K\u00fcnstler gibt es Optionen f\u00fcr alle Geschm\u00e4cker und Altersgruppen, die eine festliche und lebendige Atmosph\u00e4re schaffen.<\/span><\/p>\n<p>&nbsp;<\/p>\n<h3><b>Kulturelle Ausstellungen<\/b><\/h3>\n<p><span style=\"font-weight: 400;\">Die Museen und Kulturzentren von Santiago de Compostela beherbergen w\u00e4hrend der heiligen Jakobsjahre oft tempor\u00e4re Ausstellungen zum Jakobsweg. Diese Ausstellungen bieten eine einzigartige Gelegenheit, mehr \u00fcber die Geschichte, Kunst und Kultur zu erfahren<\/span><b> rund um diese emblematische Pilgerreise, <\/b><span style=\"font-weight: 400;\">was die Erfahrung f\u00fcr den Reisenden bereichert.<\/span><\/p>\n<p>&nbsp;<\/p>\n<h3><b>Gastronomische Festivals<\/b><\/h3>\n<p><span style=\"font-weight: 400;\">Von frischen Meeresfr\u00fcchtegerichten bis hin zu Verkostungen lokaler Weine erm\u00f6glichen diese Veranstaltungen den Pilgern<\/span><b> die authentischen Geschm\u00e4cker Galiciens zu genie\u00dfen <\/b><span style=\"font-weight: 400;\">und kulinarische Erlebnisse mit anderen Reisenden zu teilen.<\/span><\/p>\n<p>&nbsp;<\/p>\n<h3><b>Lokale Feiern<\/b><\/h3>\n<p><span style=\"font-weight: 400;\">Man findet <\/span><b>religi\u00f6se Prozessionen, Handwerksm\u00e4rkte und mittelalterliche M\u00e4rkte<\/b><span style=\"font-weight: 400;\">. Diese lokalen Festlichkeiten bieten einen einzigartigen Einblick in die Kultur und Traditionen jeder Region und bereichern so die Reise des Pilgers.<\/span><\/p>\n<p>&nbsp;<\/p>\n<h2><b>Empfehlungen, um das Beste aus deinem Jakobsweg im heiligen Jahr zu machen<\/b><\/h2>\n<p><img decoding=\"async\" class=\"alignnone wp-image-105703 size-full\" src=\"https:\/\/www.mundiplus.com\/wp-content\/uploads\/2024\/06\/catedral-santiago-jubileo-scaled-e1718893404961.jpg\" alt=\"\" width=\"1200\" height=\"800\" \/><\/p>\n<p><span style=\"font-weight: 400;\">Es gibt verschiedene M\u00f6glichkeiten, diese wundersch\u00f6ne Reise zu erleben. Du kannst den <\/span><a href=\"https:\/\/www.mundiplus.com\/de\/caminos\/a-pie\/camino-portugues\/camino-de-santiago-desde-tui\"><b>Jakobsweg von Tui aus alle Etappen gehen<\/b><\/a><span style=\"font-weight: 400;\"> oder die Route w\u00e4hlen, die am besten zu deinen Vorlieben und Bed\u00fcrfnissen passt. Achte darauf, folgende Empfehlungen zu beherzigen: <\/span><\/p>\n<ul>\n<li style=\"font-weight: 400;\" aria-level=\"1\"><span style=\"font-weight: 400;\">Reserviere Unterk\u00fcnfte und Dienstleistungen im Voraus, um sicherzustellen, dass <\/span><b>alles w\u00e4hrend deiner Reise reibungslos verl\u00e4uft<\/b><span style=\"font-weight: 400;\">.<\/span><\/li>\n<li style=\"font-weight: 400;\" aria-level=\"1\"><span style=\"font-weight: 400;\">Auch wenn es wichtig ist, einen Plan zu haben, ist es ebenso wichtig, <\/span><b>offen f\u00fcr die \u00dcberraschungen<\/b><span style=\"font-weight: 400;\"> und unerwarteten Begegnungen zu bleiben, die der Jakobsweg f\u00fcr dich bereith\u00e4lt.<\/span><\/li>\n<li style=\"font-weight: 400;\" aria-level=\"1\"><span style=\"font-weight: 400;\">Um eine reibungslose Erfahrung zu gew\u00e4hrleisten, solltest du die <\/span><b>Beratung von Reiseprofis in Anspruch nehmen<\/b><span style=\"font-weight: 400;\">. Sie k\u00f6nnen dir helfen, eine Reiseplanung zu erstellen, die auf deine Bed\u00fcrfnisse und Vorlieben zugeschnitten ist und dir ein unvergessliches Erlebnis auf dem Jakobsweg garantiert.<\/span><\/li>\n<\/ul>\n<p><span style=\"font-weight: 400;\">In der Tat kann die Planung einer Reise wie des Jakobswegs herausfordernd sein, besonders w\u00e4hrend der heiligen Jakobsjahre, wenn die Nachfrage nach Dienstleistungen und Unterk\u00fcnften h\u00f6her ist. Die Unterst\u00fctzung durch Reiseexperten kann den Unterschied zwischen <\/span><b>einer unvergesslichen Erfahrung und einer voller Komplikationen<\/b><span style=\"font-weight: 400;\"> ausmachen.<\/span><\/p>\n<p><b>Den Jakobsweg im heiligen Jahr zu gehen<\/b><span style=\"font-weight: 400;\"> ist eine einmalige Gelegenheit, in das Wesen dieser Jahrtausende alten Pilgerreise einzutauchen und Momente zu erleben, die f\u00fcr immer im Ged\u00e4chtnis bleiben werden. <\/span><\/p>\n<p><span style=\"font-weight: 400;\">Mit einer guten Planung und der Unterst\u00fctzung von Fachleuten wird dieses Abenteuer zu einer unvergesslichen Reise, die voller Bedeutung und Verbindung zur Geschichte und Tradition des Jakobswegs ist. <\/span><b>\u00a1Gute Reise!<\/b><\/p>\n<p><b>Wann sind die n\u00e4chsten heiligen Jakobsjahre? <\/b><span style=\"font-weight: 400;\">2027, 2032, 2038 und 2049.<\/span><\/p>\n","protected":false},"excerpt":{"rendered":"<p>Der Jakobsweg, eine der \u00e4ltesten und bekanntesten Pilgerreisen der Welt, zieht jedes Jahr Tausende von Wanderern an, die auf der Suche nach Abenteuer, Spiritualit\u00e4t und einer Verbindung zur Geschichte sind. Es gibt jedoch etwas Besonderes daran, diese Reise w\u00e4hrend eines heiligen Jakobsjahres anzutreten, wenn das Fest des heiligen Jakobus auf einen Sonntag f\u00e4llt, was ungef\u00e4hr [&hellip;]<\/p>\n","protected":false},"author":1,"featured_media":114911,"comment_status":"open","ping_status":"open","sticky":false,"template":"","format":"standard","meta":{"footnotes":""},"categories":[572,584,576],"tags":[],"class_list":["post-114908","post","type-post","status-publish","format-standard","has-post-thumbnail","hentry","category-blog-des-weges","category-geschichte","category-zu-fus-gehen"],"_links":{"self":[{"href":"https:\/\/www.mundiplus.com\/de\/wp-json\/wp\/v2\/posts\/114908","targetHints":{"allow":["GET"]}}],"collection":[{"href":"https:\/\/www.mundiplus.com\/de\/wp-json\/wp\/v2\/posts"}],"about":[{"href":"https:\/\/www.mundiplus.com\/de\/wp-json\/wp\/v2\/types\/post"}],"author":[{"embeddable":true,"href":"https:\/\/www.mundiplus.com\/de\/wp-json\/wp\/v2\/users\/1"}],"replies":[{"embeddable":true,"href":"https:\/\/www.mundiplus.com\/de\/wp-json\/wp\/v2\/comments?post=114908"}],"version-history":[{"count":0,"href":"https:\/\/www.mundiplus.com\/de\/wp-json\/wp\/v2\/posts\/114908\/revisions"}],"wp:featuredmedia":[{"embeddable":true,"href":"https:\/\/www.mundiplus.com\/de\/wp-json\/wp\/v2\/media\/114911"}],"wp:attachment":[{"href":"https:\/\/www.mundiplus.com\/de\/wp-json\/wp\/v2\/media?parent=114908"}],"wp:term":[{"taxonomy":"category","embeddable":true,"href":"https:\/\/www.mundiplus.com\/de\/wp-json\/wp\/v2\/categories?post=114908"},{"taxonomy":"post_tag","embeddable":true,"href":"https:\/\/www.mundiplus.com\/de\/wp-json\/wp\/v2\/tags?post=114908"}],"curies":[{"name":"wp","href":"https:\/\/api.w.org\/{rel}","templated":true}]}}