{"id":115079,"date":"2023-11-30T12:03:32","date_gmt":"2023-11-30T12:03:32","guid":{"rendered":"https:\/\/www.mundiplus.com\/was-es-in-padron-zu-sehen-gibt\/"},"modified":"2023-11-30T12:03:32","modified_gmt":"2023-11-30T12:03:32","slug":"was-es-in-padron-zu-sehen-gibt","status":"publish","type":"post","link":"https:\/\/www.mundiplus.com\/de\/was-es-in-padron-zu-sehen-gibt\/","title":{"rendered":"Was es in Padr\u00f3n zu sehen gibt"},"content":{"rendered":"<p><span style=\"font-weight: 400;\">Padr\u00f3n, in der Region Sar, ist ein Schatz, der darauf wartet, von denen entdeckt zu werden, die nach Ecken voller <\/span><b>Geschichte, Kultur und atemberaubenden Landschaften<\/b><span style=\"font-weight: 400;\"> suchen. Diese kleine Stadt, deren Wurzeln tief in der Antike verankert sind, pr\u00e4sentiert sich als eine Leinwand, auf der die Vergangenheit und die Gegenwart miteinander verwoben sind, um dem Besucher ein einzigartiges Erlebnis zu bieten.<\/span><\/p>\n<p><span style=\"font-weight: 400;\">Von den gepflasterten Stra\u00dfen bis zur Kirche von Santiago, einem Zeugnis des religi\u00f6sen Eifers und einem Orientierungspunkt f\u00fcr Pilger, ist Padr\u00f3n eine Sinfonie der Sinne. Aber es ist nicht nur das historische Erbe, das sie auszeichnet.<\/span><\/p>\n<p><span style=\"font-weight: 400;\">Der <\/span><b>Fluss Sar<\/b><span style=\"font-weight: 400;\"> streichelt die Stadt und bietet Landschaften, die zur Reflexion und Erholung einladen. Und wie k\u00f6nnte man nicht die unverwechselbare gastronomische Besonderheit erw\u00e4hnen: die weltweit ber\u00fchmten <\/span><b>Paprika aus Padr\u00f3n<\/b><span style=\"font-weight: 400;\">, eine Delikatesse, die das Wesen dieses Landes in jedem Bissen zusammenfasst.<\/span><\/p>\n<p><span style=\"font-weight: 400;\">Tauche ein in eine Reise durch diese Stadt, entdecke, was es in Padr\u00f3n zu sehen gibt, wo jede Ecke, jeder Duft und jeder Geschmack zu einer Einladung wird, Galicien in seiner vollen Pracht zu erleben.<\/span><\/p>\n<h2><b>Padr\u00f3n: Geschichte und Ursprung seines Namens<\/b><\/h2>\n<p><span style=\"font-weight: 400;\">Die Geschichte von Padr\u00f3n ist eng mit den Legenden und tief verwurzelten Traditionen Galiciens verbunden. <\/span><\/p>\n<p><span style=\"font-weight: 400;\">Sein Name <\/span><b>stammt von dem Wort &#8222;pedr\u00f3n&#8220;<\/b><span style=\"font-weight: 400;\">, einem gro\u00dfen Stein, der gem\u00e4\u00df der Tradition an der Basis des Hauptaltars der Pfarrkirche Santiago de Padr\u00f3n zu finden ist. Dieser Stein hat eine besondere Bedeutung in der Tradition: Laut der Legende <\/span><b>wurde er an den Steg gebunden, mit dem das Boot transportiert wurde, das die Gebeine des Apostels Jakobus von Jerusalem nach Galicien brachte<\/b><span style=\"font-weight: 400;\">, nach seinem M\u00e4rtyrertod in Jerusalem.<\/span><\/p>\n<p><span style=\"font-weight: 400;\">Das Gebiet rund um diesen Ort war seit pr\u00e4historischen Zeiten besiedelt, gewann aber w\u00e4hrend der R\u00f6merzeit an Bedeutung. Tats\u00e4chlich war es ein strategischer Punkt auf der Stra\u00dfe, die <\/span><b>Braga mit Astorga verband<\/b><span style=\"font-weight: 400;\">. Im Laufe der Jahrhunderte wuchs seine Bedeutung aufgrund seiner Verbindung zur Jakobustradition und seiner <\/span><b>N\u00e4he zu Santiago de Compostela<\/b><span style=\"font-weight: 400;\">.<\/span><\/p>\n<p><span style=\"font-weight: 400;\">Neben seiner reichen religi\u00f6sen Tradition ist Padr\u00f3n auch bekannt f\u00fcr seinen <\/span><b>Beitrag zur galicischen Kultur<\/b><span style=\"font-weight: 400;\">. Rosal\u00eda de Castro, eine der herausragendsten literarischen Pers\u00f6nlichkeiten Spaniens, verbrachte einen Teil ihres Lebens in dieser Stadt und hinterlie\u00df einen unausl\u00f6schlichen Eindruck in ihrem kulturellen Erbe.<\/span><\/p>\n<h2><b>Historisches Erbe von Padr\u00f3n: Reliquien der Zeit und des Glaubens<\/b><\/h2>\n<p><img fetchpriority=\"high\" decoding=\"async\" class=\"size-full wp-image-30099 aligncenter\" src=\"https:\/\/www.mundiplus.com\/wp-content\/uploads\/2024\/04\/Padron-Iglesia-Santiago-Apostol.jpg\" alt=\"\" width=\"1000\" height=\"644\" \/><\/p>\n<p><span style=\"font-weight: 400;\">Padr\u00f3n, mehr als nur ein geografischer Punkt auf der galicischen Landkarte, ist ein Schmelztiegel, in dem <\/span><b>Jahrhunderte von Geschichte, Hingabe und Kultur<\/b><span style=\"font-weight: 400;\"> miteinander verschmelzen. Bei jedem Schritt fl\u00fcstern die Steine seiner Stra\u00dfen und Geb\u00e4ude Geschichten aus der Vergangenheit, jede mit einer besonderen Bedeutung, die zum reichen Teppich beitr\u00e4gt, der Padr\u00f3n heute ausmacht.<\/span><\/p>\n<p><span style=\"font-weight: 400;\">F\u00fcr diejenigen, die in diese Geschichte eintauchen und sich vielleicht zu einer Pilgerreise inspirieren lassen m\u00f6chten, ist eine <\/span><a href=\"https:\/\/www.mundiplus.com\/de\/\"><span style=\"font-weight: 400;\">Agentur f\u00fcr den Jakobsweg von Santiago de Compostela<\/span><\/a><span style=\"font-weight: 400;\"> eine gro\u00dfe Unterst\u00fctzung. Zur Information: Diese Stadt wird dein Ausgangspunkt sein, wenn du den Camino Portugu\u00e9s w\u00e4hlst, um die Kathedrale von Santiago zu erreichen.<\/span><\/p>\n<p><span style=\"font-weight: 400;\">Nun m\u00f6chten wir dir einige der interessantesten Sehensw\u00fcrdigkeiten in Padr\u00f3n vorstellen.<\/span><\/p>\n<h3><b>Kirche von Santiago Apostel<\/b><\/h3>\n<p><span style=\"font-weight: 400;\">Ein wundersch\u00f6nes Beispiel f\u00fcr die galicische Kirchenarchitektur, die Kirche von Santiago erhebt sich feierlich im Herzen der Stadt. Ihre Mauern, die stummen Zeugen der Zeit, <\/span><b>beherbergen das ber\u00fchmte &#8222;pedr\u00f3n&#8220;<\/b><span style=\"font-weight: 400;\">, den legend\u00e4ren Stein, der mit dem Apostel Santiago verbunden ist.<\/span><\/p>\n<p><span style=\"font-weight: 400;\">Der Tempel, mit seinen robusten S\u00e4ulen und Gew\u00f6lben, ist ein lebendes Zeugnis der Hingabe und der Kunst, die \u00fcber die Jahrhunderte in dieser Region gewachsen sind.<\/span><\/p>\n<h3><b>Konvent des Carmen<\/b><\/h3>\n<p><span style=\"font-weight: 400;\">Im 18. Jahrhundert erbaut, ist der <\/span><b>Konvent des Carmen<\/b><span style=\"font-weight: 400;\"> ein architektonisches Juwel, das den <\/span><b>Einfluss des Neoklassizismus<\/b><span style=\"font-weight: 400;\"> auf die galicische Kirchenarchitektur widerspiegelt. <\/span><\/p>\n<p><span style=\"font-weight: 400;\">Du wirst Kl\u00f6ster entdecken, die zur Meditation einladen, und eine Fassade, die an die Majest\u00e4t vergangener Zeiten erinnert. Dieser Konvent ist ein Zeugnis des tiefen monastischen und kontemplativen Lebens, das hier gelebt wurde. Urspr\u00fcnglich geh\u00f6rte er den Karmelitinnen und im 20. Jahrhundert ging er in den Besitz der Dominikaner \u00fcber.<\/span><\/p>\n<h3><b>Rosal\u00eda de Castro Museumshaus<\/b><\/h3>\n<p><span style=\"font-weight: 400;\">Nicht weit vom Trubel des Zentrums entfernt befindet sich das ehemalige Heim einer der bekanntesten Figuren der galicischen Literatur: <\/span><b>Rosal\u00eda de Castro<\/b><span style=\"font-weight: 400;\">. <\/span><\/p>\n<p><span style=\"font-weight: 400;\">Dieses Haus, das nun ein Museum ist, erm\u00f6glicht den Besuchern einen Einblick in das Leben und Werk der Dichterin und Schriftstellerin. Die R\u00e4ume bewahren die Essenz der Zeit, in der Rosal\u00eda lebte, und erm\u00f6glichen es den Besuchern, sich mit der Inspiration und dem Kontext zu verbinden, die ihre Werke pr\u00e4gten.<\/span><\/p>\n<h2><b>Nat\u00fcrliche R\u00e4ume in Padr\u00f3n: Der Glanz von Galicien in seiner vollen Ausdruckskraft<\/b><\/h2>\n<p><img decoding=\"async\" class=\"aligncenter wp-image-30100 size-full\" src=\"https:\/\/www.mundiplus.com\/wp-content\/uploads\/2024\/04\/Padron-espacios-naturales.jpg\" alt=\"Qu\u00e9 ver en Padr\u00f3n\" width=\"1000\" height=\"571\" \/><\/p>\n<p><span style=\"font-weight: 400;\">Padr\u00f3n ist auch ein Naturjuwel, das die Sinne derjenigen fesselt, die es besuchen. Dieser galicische Winkel, gepr\u00e4gt von gr\u00fcnen Landschaften und m\u00e4andernden Fl\u00fcssen, bietet eine Oase der Ruhe f\u00fcr die Pilger. <\/span><\/p>\n<p><span style=\"font-weight: 400;\">Es ist ein perfektes Beispiel f\u00fcr alles, was man auf dem Camino Portugu\u00e9s finden kann. Dieser Weg vereint die Unermesslichkeit des Atlantiks mit der \u00dcppigkeit der galicischen W\u00e4lder. Zweifellos eine gute Alternative f\u00fcr diejenigen, die den franz\u00f6sischen Jakobsweg von Sarria aus gehen m\u00f6chten.<\/span><\/p>\n<p><span style=\"font-weight: 400;\">Und tats\u00e4chlich ist der <\/span><a href=\"https:\/\/www.mundiplus.com\/de\/caminos\/a-pie\/camino-frances\/camino-de-santiago-desde-sarria\"><span style=\"font-weight: 400;\">franz\u00f6sische Jakobsweg von Sarria organisiert<\/span><\/a><span style=\"font-weight: 400;\"> zu einer der beliebtesten Routen f\u00fcr Pilger geworden, die eine k\u00fcrzere, aber dennoch bedeutungsvolle Erfahrung suchen.<\/span><\/p>\n<h3><b>Der Espol\u00f3n-Promenade<\/b><\/h3>\n<p><span style=\"font-weight: 400;\">Am Ufer des m\u00e4andernden Flusses Sar gelegen, ist der Espol\u00f3n-Promenade eines der markantesten Orte dieses Gebiets. Dieser wundersch\u00f6ne Promenadenweg, ges\u00e4umt von B\u00e4umen, die erfrischenden Schatten spenden, ist der ideale Ort zum Spazierengehen, Nachdenken und sich in der Betrachtung der Landschaft zu verlieren.<\/span><\/p>\n<p><span style=\"font-weight: 400;\">Das ruhige Wasser des Flusses spiegelt oft den Himmel und die umliegenden H\u00fcgel wider und schafft einen nat\u00fcrlichen Spiegel, der die Sch\u00f6nheit der Umgebung vervielfacht.<\/span><\/p>\n<h3><b>Botanischer Kunstgarten<\/b><\/h3>\n<p><span style=\"font-weight: 400;\">Mehr als nur ein einfacher Garten, ist der Botanische Kunstgarten eine Feier des Pflanzenlebens in seiner ganzen Vielfalt und Pracht.<\/span><\/p>\n<p><span style=\"font-weight: 400;\">Dieser Raum, der mit einer k\u00fcnstlerischen Vision geschaffen wurde, kombiniert die innere Sch\u00f6nheit der Pflanzen mit k\u00fcnstlerischen Interventionen, die das Erlebnis auf ein erhabenes Niveau heben. Von <\/span><b>einheimischen Arten<\/b><span style=\"font-weight: 400;\"> bis zu exotischen Pflanzen finden Pflanzenliebhaber in diesem Garten ein Paradies, das sowohl das Auge als auch den Geist erfreut.<\/span><\/p>\n<h3><b>Wanderwege<\/b><\/h3>\n<p><span style=\"font-weight: 400;\">F\u00fcr diejenigen, die einen intimeren Kontakt mit der Natur suchen, sind die <\/span><b>Wanderwege der Sar-Region<\/b><span style=\"font-weight: 400;\"> eine Einladung zur Entdeckung. Diese Pfade schl\u00e4ngeln sich durch W\u00e4lder, Wiesen und H\u00fcgel und bieten einen Panoramablick auf ein unverf\u00e4lschtes Galicien.<\/span><\/p>\n<p><span style=\"font-weight: 400;\">Es ist eine Gelegenheit, die <\/span><b>einheimische Fauna und Flora<\/b><span style=\"font-weight: 400;\"> zu entdecken, die Frische der Bergluft zu sp\u00fcren und vielleicht diesen geheimen Winkel zu finden, in dem die Zeit stillzustehen scheint.<\/span><\/p>\n<h2><b>Gastronomie<\/b><\/h2>\n<p><img decoding=\"async\" class=\"size-full wp-image-30101 aligncenter\" src=\"https:\/\/www.mundiplus.com\/wp-content\/uploads\/2024\/04\/Padron-gastronomia.jpg\" alt=\"\" width=\"1000\" height=\"667\" \/><\/p>\n<p><span style=\"font-weight: 400;\">Galicien, mit seinen reichen Landschaften und tiefen Geschichten, zeichnet sich durch eine Gastronomie aus, die die Essenz seiner Erde und Meere widerspiegelt. Padr\u00f3n, als ein <\/span><b>Microkosmos dieser Region<\/b><span style=\"font-weight: 400;\">, bietet seinen Besuchern eine Reihe von K\u00f6stlichkeiten, die den Gaumen erfreuen und die galicische Kochtradition feiern.<\/span><\/p>\n<p><span style=\"font-weight: 400;\">An diesem Ort sind die Aromen eine Erz\u00e4hlung, jeder Bissen erz\u00e4hlt eine Geschichte und ruft Erinnerungen an Zeiten und Orte wach. Es ist eine K\u00fcche, die in der Frische ihrer Zutaten und in der Leidenschaft ihrer Handwerker verwurzelt ist, die in jedem Gericht die Magie dieses keltischen Landes heraufbeschw\u00f6ren.<\/span><\/p>\n<h3><b>Die Padr\u00f3n-Paprika<\/b><\/h3>\n<p><i><span style=\"font-weight: 400;\">&#8222;Einige sind scharf und andere nicht&#8220;<\/span><\/i><span style=\"font-weight: 400;\">, ist das Sprichwort, das diese kleinen, aber ikonischen Paprikas begleitet.<\/span><\/p>\n<p><span style=\"font-weight: 400;\">Urspr\u00fcnglich aus Padr\u00f3n stammend, sind diese gr\u00fcnen Paprikas zu einem Symbol der galicischen Gastronomie geworden. <\/span><b>In Oliven\u00f6l gebraten und mit Salz bestreut<\/b><span style=\"font-weight: 400;\">, bieten sie einen Geschmack, der zwischen s\u00fc\u00df und scharf schwankt, und \u00fcberraschen den Gast bei jedem Bissen.<\/span><\/p>\n<p><span style=\"font-weight: 400;\">Ihre Geschichte ist eng mit der landwirtschaftlichen Tradition der Region verbunden. Ihre Popularit\u00e4t hat Grenzen \u00fcberschritten und sie sind ein Muss f\u00fcr jeden Feinschmecker.<\/span><\/p>\n<h3><b>Galicische Empanada<\/b><\/h3>\n<p><span style=\"font-weight: 400;\">Die Empanada ist die <\/span><b>seelenn\u00e4hrende Speise der galicischen Gastronomie<\/b><span style=\"font-weight: 400;\">. Ein goldbrauner, knuspriger Teig verbirgt eine saftige und schmackhafte F\u00fcllung, die von Fisch und Meeresfr\u00fcchten bis zu Fleisch und Gem\u00fcse reichen kann.<\/span><\/p>\n<p><span style=\"font-weight: 400;\">In Padr\u00f3n wird die Empanada als ein Zeugnis der lokalen kulinarischen Reicht\u00fcmer gefeiert, mit frischen Zutaten und Techniken, die von Generation zu Generation weitergegeben werden.<\/span><\/p>\n<h3><b>Weine der Region<\/b><\/h3>\n<p><span style=\"font-weight: 400;\">Einheimische Rebsorten wie <\/span><b>Albari\u00f1o und Menc\u00eda<\/b><span style=\"font-weight: 400;\"> stechen durch ihre Frische und Charakteristik hervor. Hier ist der Wein mehr als ein Getr\u00e4nk, er ist ein Ausdruck des <\/span><i><span style=\"font-weight: 400;\">Terroirs<\/span><\/i><span style=\"font-weight: 400;\"> und der Leidenschaft der Winzer. F\u00fcr diejenigen, die in diese Weinbaukultur eintauchen m\u00f6chten, bietet die Stadt Weinkellereien und Tascas, in denen man diese Elixiere verkosten und mehr dar\u00fcber erfahren kann.<\/span><\/p>\n<h2><b>Feiern und Veranstaltungen in Padr\u00f3n: Wo die Tradition lebendig wird<\/b><\/h2>\n<p><span style=\"font-weight: 400;\">Padr\u00f3n, mit seinem reichen kulturellen Erbe und seiner strategischen Lage im Herzen Galiciens, ist nicht nur ein Schmelztiegel von Geschichte und Natur. Es ist auch ein Zentrum von Festlichkeiten und Feierlichkeiten, die den Puls des lokalen Lebens bestimmen.<\/span><\/p>\n<p><span style=\"font-weight: 400;\">Diese Feste, die in Traditionen verwurzelt sind, die Jahrhunderte zur\u00fcckreichen, sind ein Fenster in das Wesen der Gemeinschaft. Hier vermischen sich das Heilige mit dem Profanen und das Ancestrale mit dem Zeitgen\u00f6ssischen. Das ganze Jahr \u00fcber gibt es in Padr\u00f3n viel zu erleben:<\/span><\/p>\n<ul>\n<li style=\"font-weight: 400;\" aria-level=\"1\"><b>Fiesta de los Pimientos de Herb\u00f3n:<\/b><span style=\"font-weight: 400;\"> Was als Hommage an dieses ikonische Produkt der Region begann, hat sich zu einem gro\u00dfen Fest entwickelt, das jedes Jahr Tausende anzieht. Nat\u00fcrlich sind bei dieser Feier die Paprikas die unangefochtenen Hauptdarsteller. <\/span>Die Stra\u00dfen f\u00fcllen sich mit Aromen und Geschmacksrichtungen, an St\u00e4nden werden diese K\u00f6stlichkeiten in allen Variationen angeboten. Musik, T\u00e4nze und parallel stattfindende Aktivit\u00e4ten bereichern diese Veranstaltung, die sie zu einem unverzichtbaren Termin f\u00fcr alle Liebhaber der Gastronomie macht.<\/li>\n<\/ul>\n<ul>\n<li style=\"font-weight: 400;\" aria-level=\"1\"><b>Romer\u00eda de Santiagui\u00f1o do Monte:<\/b><span style=\"font-weight: 400;\"> Diese Wallfahrt ist ein lebendes Zeugnis der tiefen Verbindung Padr\u00f3ns mit dem Apostel Jakobus. Jedes Jahr, an einem Tag des Glaubens, steigen die Gl\u00e4ubigen zum Monte Santiagui\u00f1o auf, um zu Ehren des Apostels und f\u00fcr die empfangenen Segnungen zu beten. <\/span>Mit Ges\u00e4ngen, T\u00e4nzen und Ritualen bleibt diese Tradition, die bis in die fr\u00fcheste Vergangenheit zur\u00fcckreicht, ein spiritueller und gemeinschaftlicher Treffpunkt f\u00fcr alle Bewohner der Region.<\/li>\n<\/ul>\n<ul>\n<li style=\"font-weight: 400;\" aria-level=\"1\"><b>W\u00f6chentlicher Markt von Padr\u00f3n:<\/b><span style=\"font-weight: 400;\"> Abgesehen von den gro\u00dfen Feierlichkeiten manifestiert sich das Leben in Padr\u00f3n auch in seinem w\u00f6chentlichen Sonntagmarkt. Dieser traditionelle Markt, der seit unvordenklichen Zeiten stattfindet, ist ein wahres Zentrum der Aktivit\u00e4t. <\/span><\/li>\n<\/ul>\n<p><span style=\"font-weight: 400;\">Hier pr\u00e4sentieren lokale Produzenten stolz ihre frischen Produkte, von Obst und Gem\u00fcse bis zu K\u00e4se und Wurstwaren. Neben ihnen zeigen Handwerker ihre Kreationen, von Schmuck bis zu Textilien, und bieten den Besuchern ein greifbares St\u00fcck der lokalen Kultur.<\/span><\/p>\n<h2><b>Tipps und Empfehlungen f\u00fcr deinen Besuch in Padr\u00f3n<\/b><\/h2>\n<p><img loading=\"lazy\" decoding=\"async\" class=\"size-full wp-image-30102 aligncenter\" src=\"https:\/\/www.mundiplus.com\/wp-content\/uploads\/2024\/04\/Padron-alojamiento.jpg\" alt=\"\" width=\"1000\" height=\"629\" \/><\/p>\n<p><span style=\"font-weight: 400;\">Ein Besuch an diesem wundersch\u00f6nen Ort bedeutet, in einen magischen Winkel Galiciens einzutauchen, wo Geschichte, Natur und Tradition zu einem unvergesslichen Erlebnis verschmelzen. Mit etwas Planung und einigen Tipps kann dein Aufenthalt jedoch noch angenehmer und bereichernder werden.<\/span><\/p>\n<h3><b>Beste Reisezeit<\/b><\/h3>\n<p><span style=\"font-weight: 400;\">Obwohl dieser Ort das ganze Jahr \u00fcber bezaubernd ist, bietet jede Jahreszeit etwas Einzigartiges. <\/span><b>Der Fr\u00fchling und der Herbst<\/b><span style=\"font-weight: 400;\">, mit gem\u00e4\u00dfigten Temperaturen und weniger Touristen, sind ideal f\u00fcr diejenigen, die Ruhe suchen.<\/span><\/p>\n<p><span style=\"font-weight: 400;\">Der Sommer hingegen ist lebendig und festlich, mit zahlreichen Feierlichkeiten wie der <\/span><b>Fiesta de los Pimientos de Padr\u00f3n<\/b><span style=\"font-weight: 400;\">. Allerdings ist es auch die Zeit mit den meisten Touristen. Der Winter, obwohl k\u00fchler, hat seinen eigenen Charme, mit Landschaften, die in graue und intensiven Gr\u00fcnt\u00f6nen erstrahlen.<\/span><\/p>\n<h3><b>Unterkunft und lokale Gastronomie<\/b><\/h3>\n<p><span style=\"font-weight: 400;\">Padr\u00f3n bietet eine Vielzahl von Unterkunftsm\u00f6glichkeiten, von Hotels und Hostels bis hin zu l\u00e4ndlichen Unterk\u00fcnften, die ein authentischeres Erlebnis bieten. Es ist ratsam, <\/span><b>im Voraus zu buchen<\/b><span style=\"font-weight: 400;\">, besonders in der Hochsaison.<\/span><\/p>\n<p><span style=\"font-weight: 400;\">Deine Reise wird zweifellos ein Abenteuer voller Entdeckungen. Mit diesen Empfehlungen im Hinterkopf bist du bereit, in alles einzutauchen, was dieser charmante Winkel Galiciens zu bieten hat. Gute Reise!<\/span><\/p>\n","protected":false},"excerpt":{"rendered":"<p>Padr\u00f3n, in der Region Sar, ist ein Schatz, der darauf wartet, von denen entdeckt zu werden, die nach Ecken voller Geschichte, Kultur und atemberaubenden Landschaften suchen. Diese kleine Stadt, deren Wurzeln tief in der Antike verankert sind, pr\u00e4sentiert sich als eine Leinwand, auf der die Vergangenheit und die Gegenwart miteinander verwoben sind, um dem Besucher [&hellip;]<\/p>\n","protected":false},"author":1,"featured_media":95443,"comment_status":"open","ping_status":"open","sticky":false,"template":"","format":"standard","meta":{"footnotes":""},"categories":[572,600],"tags":[],"class_list":["post-115079","post","type-post","status-publish","format-standard","has-post-thumbnail","hentry","category-blog-des-weges","category-villages-et-regions-de"],"_links":{"self":[{"href":"https:\/\/www.mundiplus.com\/de\/wp-json\/wp\/v2\/posts\/115079","targetHints":{"allow":["GET"]}}],"collection":[{"href":"https:\/\/www.mundiplus.com\/de\/wp-json\/wp\/v2\/posts"}],"about":[{"href":"https:\/\/www.mundiplus.com\/de\/wp-json\/wp\/v2\/types\/post"}],"author":[{"embeddable":true,"href":"https:\/\/www.mundiplus.com\/de\/wp-json\/wp\/v2\/users\/1"}],"replies":[{"embeddable":true,"href":"https:\/\/www.mundiplus.com\/de\/wp-json\/wp\/v2\/comments?post=115079"}],"version-history":[{"count":0,"href":"https:\/\/www.mundiplus.com\/de\/wp-json\/wp\/v2\/posts\/115079\/revisions"}],"wp:featuredmedia":[{"embeddable":true,"href":"https:\/\/www.mundiplus.com\/de\/wp-json\/wp\/v2\/media\/95443"}],"wp:attachment":[{"href":"https:\/\/www.mundiplus.com\/de\/wp-json\/wp\/v2\/media?parent=115079"}],"wp:term":[{"taxonomy":"category","embeddable":true,"href":"https:\/\/www.mundiplus.com\/de\/wp-json\/wp\/v2\/categories?post=115079"},{"taxonomy":"post_tag","embeddable":true,"href":"https:\/\/www.mundiplus.com\/de\/wp-json\/wp\/v2\/tags?post=115079"}],"curies":[{"name":"wp","href":"https:\/\/api.w.org\/{rel}","templated":true}]}}