{"id":115106,"date":"2023-09-03T13:16:08","date_gmt":"2023-09-03T13:16:08","guid":{"rendered":"https:\/\/www.mundiplus.com\/die-malerischsten-doerfer-auf-dem-jakobsweg\/"},"modified":"2023-09-03T13:16:08","modified_gmt":"2023-09-03T13:16:08","slug":"die-malerischsten-doerfer-auf-dem-jakobsweg","status":"publish","type":"post","link":"https:\/\/www.mundiplus.com\/de\/blog\/die-malerischsten-dorfer-auf-dem-jakobsweg\/","title":{"rendered":"Die malerischsten D\u00f6rfer auf dem Jakobsweg"},"content":{"rendered":"<p><span style=\"font-weight: 400;\">Der <a href=\"https:\/\/www.mundiplus.com\/de\/caminos\/a-pie\/camino-frances\/camino-de-santiago-desde-sarria\"><span data-sheets-value=\"{&quot;1&quot;:2,&quot;2&quot;:&quot;Reise des franz\u00f6sischen Jakobswegs von Sarria nach Santiago de Compostela&quot;}\" data-sheets-userformat=\"{&quot;2&quot;:15295,&quot;3&quot;:{&quot;1&quot;:0},&quot;4&quot;:{&quot;1&quot;:2,&quot;2&quot;:11982760},&quot;5&quot;:{&quot;1&quot;:[{&quot;1&quot;:2,&quot;2&quot;:0,&quot;5&quot;:{&quot;1&quot;:2,&quot;2&quot;:0}},{&quot;1&quot;:0,&quot;2&quot;:0,&quot;3&quot;:3},{&quot;1&quot;:1,&quot;2&quot;:0,&quot;4&quot;:1}]},&quot;6&quot;:{&quot;1&quot;:[{&quot;1&quot;:2,&quot;2&quot;:0,&quot;5&quot;:{&quot;1&quot;:2,&quot;2&quot;:0}},{&quot;1&quot;:0,&quot;2&quot;:0,&quot;3&quot;:3},{&quot;1&quot;:1,&quot;2&quot;:0,&quot;4&quot;:1}]},&quot;7&quot;:{&quot;1&quot;:[{&quot;1&quot;:2,&quot;2&quot;:0,&quot;5&quot;:{&quot;1&quot;:2,&quot;2&quot;:0}},{&quot;1&quot;:0,&quot;2&quot;:0,&quot;3&quot;:3},{&quot;1&quot;:1,&quot;2&quot;:0,&quot;4&quot;:1}]},&quot;8&quot;:{&quot;1&quot;:[{&quot;1&quot;:2,&quot;2&quot;:0,&quot;5&quot;:{&quot;1&quot;:2,&quot;2&quot;:0}},{&quot;1&quot;:0,&quot;2&quot;:0,&quot;3&quot;:3},{&quot;1&quot;:1,&quot;2&quot;:0,&quot;4&quot;:1}]},&quot;10&quot;:2,&quot;11&quot;:0,&quot;12&quot;:0,&quot;14&quot;:{&quot;1&quot;:2,&quot;2&quot;:0},&quot;15&quot;:&quot;Calibri, sans-serif&quot;,&quot;16&quot;:11}\">Reise des franz\u00f6sischen Jakobswegs von Sarria nach Santiago de Compostela<\/span><\/a>, mit seinen zahlreichen Routen und Wegen, ist eine spirituelle und kulturelle Reise, die seit Jahrhunderten Pilger aus der ganzen Welt anzieht. \u00dcber seine religi\u00f6se Bedeutung hinaus bietet der Jakobsweg auch eine Reise durch <strong>atemberaubende Landschaften<\/strong>, reiche Geschichte und charmante D\u00f6rfer, die entlang der Routen verstreut sind. <\/span><\/p>\n<p><span style=\"font-weight: 400;\">Diese malerischen D\u00f6rfer bieten den Pilgern nicht nur eine Erholung, sondern begeistern auch mit ihrer <strong>historischen Architektur<\/strong>, tief verwurzelten Traditionen und einer Atmosph\u00e4re, die die Zeit zu stoppen scheint.<\/span><\/p>\n<p>&nbsp;<\/p>\n<h2><strong>D\u00f6rfer in Lugo auf dem Jakobsweg<\/strong><\/h2>\n<h3><strong>O Cebreiro<\/strong><\/h3>\n<p><img fetchpriority=\"high\" decoding=\"async\" class=\"alignnone wp-image-21606 size-full\" src=\"https:\/\/www.mundiplus.com\/wp-content\/uploads\/2024\/04\/vistas-o-cebreiro-scaled-1.jpg\" alt=\"vistas o cebreiro\" width=\"2560\" height=\"1440\" \/><\/p>\n<p><span style=\"font-weight: 400;\">Hoch in den Bergen von Lugo erhebt sich O Cebreiro als ein malerisches Juwel auf dem Jakobsweg. Die Steinh\u00e4user mit Strohd\u00e4chern scheinen direkt einem M\u00e4rchen entsprungen zu sein. Hier, auf 1.300 Metern \u00fcber dem Meeresspiegel, beginnt einer der <strong>finalen Abschnitte des franz\u00f6sischen Jakobswegs<\/strong>. <\/span><\/p>\n<p><span style=\"font-weight: 400;\">W\u00e4hrend die Pilger diesen gepflasterten Weg entlang wandern, werden sie von gr\u00fcnen Wiesen empfangen, die sich bis zum Horizont erstrecken und eine magische und friedliche Kulisse schaffen.<\/span><\/p>\n<p><img decoding=\"async\" class=\"alignnone size-medium wp-image-29686\" src=\"https:\/\/www.mundiplus.com\/wp-content\/uploads\/2024\/04\/que-ver-en-Melide-1024x769.jpg\" alt=\"\" width=\"1024\" height=\"769\" \/><\/p>\n<h3><strong>Melide<\/strong><\/h3>\n<p>&nbsp;<\/p>\n<p><span style=\"font-weight: 400;\">Hier gehen die Pilger ihre letzten Kilometer bevor sie die majest\u00e4tische <strong>Kathedrale von Santiago<\/strong> erreichen. Dieser letzte Abschnitt ist nicht nur der Abschluss der physischen Reise, sondern auch ein Fest f\u00fcr die Sinne dank der einzigartigen Landschaften, die Melide umgeben und in einer mittelalterlichen Geschichte verwurzelt sind. <\/span><\/p>\n<p><span style=\"font-weight: 400;\">Im 14. Jahrhundert war diese Stadt von Mauern umgeben, die heute nur noch Erinnerung sind, und gesch\u00fctzt durch eine alte Festung, die nach den <strong>irmandiniischen Aufst\u00e4nden des 15. Jahrhunderts<\/strong> zerst\u00f6rt wurde.<\/span><\/p>\n<p><span style=\"font-weight: 400;\">Der August erstrahlt mit den <strong>Festlichkeiten zu Ehren von San Roque<\/strong> vom 15. bis 21. August, bei denen sich die Gemeinde in gastronomische Events, kulturelle Aktivit\u00e4ten und traditionelle Feste st\u00fcrzt. Im Laufe des Jahres markieren auch andere Feierlichkeiten den Kalender. Die <strong>Feierlichkeiten zu Ehren der Jungfrau del Carmen<\/strong> am 16. Juli und die <strong>Festivit\u00e4ten zu Ehren von San Pedro<\/strong>, dem \u00f6rtlichen Schutzpatron, am 29. Juni, sind nur einige Beispiele. <\/span><\/p>\n<p><span style=\"font-weight: 400;\">Doch das <strong>Fest zu Ehren von San Caralampio<\/strong>, auch als das Fest der Betrunkenen bekannt, stiehlt die Show. Am zweiten Sonntag im September geben die Gl\u00e4ubigen ihre Seele der G\u00f6ttlichkeit des Weins in den Bars und Tavernen der Stadt.<\/span><\/p>\n<p>&nbsp;<\/p>\n<h2><strong>D\u00f6rfer in Le\u00f3n auf dem Jakobsweg<\/strong><\/h2>\n<h3><strong>Villafranca del Bierzo<\/strong><\/h3>\n<p><img decoding=\"async\" class=\"alignnone size-medium wp-image-29664\" src=\"https:\/\/www.mundiplus.com\/wp-content\/uploads\/2024\/04\/mejores-pueblos-camino-de-santiago-1024x683.jpg\" alt=\"\" width=\"1024\" height=\"683\" \/><\/p>\n<p><span style=\"font-weight: 400;\">W\u00e4hrend wir uns Galicien n\u00e4hern, empf\u00e4ngt uns das elegante Villafranca del Bierzo. Dieses charmante <strong>mittelalterliche Dorf<\/strong> ist ein unverzichtbarer Halt auf dem Jakobsweg. Seine feudale Festung, die heute noch bewohnt ist, ist nur der Anfang der reichen Geschichte, die Villafranca zu bieten hat. <\/span><\/p>\n<p><span style=\"font-weight: 400;\">Die gepflasterten Stra\u00dfen f\u00fchren uns zur majest\u00e4tischen <strong>Kirche von Santiago Ap\u00f3stol<\/strong>, der <strong>Kirche von San Juan<\/strong> und dem <strong>Kloster der Pa\u00fales-Pater<\/strong>, die alle stumme Zeugen von Jahrhunderten der Hingabe und Kultur sind.<\/span><\/p>\n<p>&nbsp;<\/p>\n<h3><strong>Castrillo de los Polvazares<\/strong><\/h3>\n<p><img loading=\"lazy\" decoding=\"async\" class=\"alignnone size-medium wp-image-29665\" src=\"https:\/\/www.mundiplus.com\/wp-content\/uploads\/2024\/04\/pueblos-del-camino-de-santiago-1024x683.jpg\" alt=\"\" width=\"1024\" height=\"683\" \/><\/p>\n<p><span style=\"font-weight: 400;\">Im Herzen von Le\u00f3n finden wir <strong>Castrillo de los Polvazares<\/strong>, ein wahres historisches Juwel, das als lebendige Verbindung mit der Vergangenheit des Jakobswegs erhalten bleibt. <\/span><\/p>\n<p><span style=\"font-weight: 400;\">Als <strong>historisch-k\u00fcnstlerisches Ensemble<\/strong> erkl\u00e4rt, begeistert dieses Dorf mit seinen gepflasterten Stra\u00dfen und den alten Bauwerken, von denen jedes eine einzigartige Geschichte erz\u00e4hlt. Der authentische Charme von Castrillo de los Polvazares macht jeden Schritt zu einer Eintauchen in die reiche Geschichte, die diesen jahrhundertealten Weg umgibt.<\/span><\/p>\n<p>&nbsp;<\/p>\n<h3><strong>Molinaseca<\/strong><\/h3>\n<p><img loading=\"lazy\" decoding=\"async\" class=\"alignnone size-medium wp-image-29666\" src=\"https:\/\/www.mundiplus.com\/wp-content\/uploads\/2024\/04\/pueblos-pintorescos-camino-de-santiago-1024x576.jpg\" alt=\"\" width=\"1024\" height=\"576\" \/><\/p>\n<p><span style=\"font-weight: 400;\">Eingebettet in die Berge von Le\u00f3n pr\u00e4sentiert sich Molinaseca als ein Ruhepol der Sch\u00f6nheit mitten auf dem Jakobsweg. Als <strong>eines der sch\u00f6nsten D\u00f6rfer Spaniens<\/strong> gilt dieser Ort als ein Ziel, das die Majest\u00e4t der Berge mit der Ruhe seines Flussstrandes vereint. <\/span><\/p>\n<p><span style=\"font-weight: 400;\">Die mittelalterliche Br\u00fccke, die das Wasser \u00fcberquert, verleiht diesem Halt einen Hauch von Charme und macht ihn f\u00fcr jeden Pilger, der hier vorbeikommt, unvergesslich.<\/span><\/p>\n<p>&nbsp;<\/p>\n<h3><strong>Astorga<\/strong><\/h3>\n<p><img loading=\"lazy\" decoding=\"async\" class=\"alignnone size-medium wp-image-29667\" src=\"https:\/\/www.mundiplus.com\/wp-content\/uploads\/2024\/04\/pueblos-que-ver-en-el-camino-de-santiago-1024x683.jpg\" alt=\"\" width=\"1024\" height=\"683\" \/><\/p>\n<p><span style=\"font-weight: 400;\">Mit einem architektonischen Reichtum, der von der Kathedrale bis zum <strong>Episkopalpalast, entworfen von dem ikonischen Gaud\u00ed<\/strong>, reicht, ist Astorga ein Ort voller kultureller Sch\u00e4tze. Diese Stadt in Le\u00f3n zieht Pilger mit ihrer Geschichte, ihren Monumenten und ihrem Charme an. <\/span><\/p>\n<p><span style=\"font-weight: 400;\">Die Zitadelle, das Schokoladenmuseum und die einzigartigen architektonischen Details sind nur einige der Gr\u00fcnde, warum Astorga zu einem unentbehrlichen Halt auf dem Jakobsweg wird und zu einem der H\u00f6hepunkte auf einer <a href=\"https:\/\/www.mundiplus.com\/de\/\"><span data-sheets-value=\"{&quot;1&quot;:2,&quot;2&quot;:&quot;organisierten Reise des Jakobswegs von Santiago de Compostela&quot;}\" data-sheets-userformat=\"{&quot;2&quot;:15295,&quot;3&quot;:{&quot;1&quot;:0},&quot;4&quot;:{&quot;1&quot;:2,&quot;2&quot;:11982760},&quot;5&quot;:{&quot;1&quot;:[{&quot;1&quot;:2,&quot;2&quot;:0,&quot;5&quot;:{&quot;1&quot;:2,&quot;2&quot;:0}},{&quot;1&quot;:0,&quot;2&quot;:0,&quot;3&quot;:3},{&quot;1&quot;:1,&quot;2&quot;:0,&quot;4&quot;:1}]},&quot;6&quot;:{&quot;1&quot;:[{&quot;1&quot;:2,&quot;2&quot;:0,&quot;5&quot;:{&quot;1&quot;:2,&quot;2&quot;:0}},{&quot;1&quot;:0,&quot;2&quot;:0,&quot;3&quot;:3},{&quot;1&quot;:1,&quot;2&quot;:0,&quot;4&quot;:1}]},&quot;7&quot;:{&quot;1&quot;:[{&quot;1&quot;:2,&quot;2&quot;:0,&quot;5&quot;:{&quot;1&quot;:2,&quot;2&quot;:0}},{&quot;1&quot;:0,&quot;2&quot;:0,&quot;3&quot;:3},{&quot;1&quot;:1,&quot;2&quot;:0,&quot;4&quot;:1}]},&quot;8&quot;:{&quot;1&quot;:[{&quot;1&quot;:2,&quot;2&quot;:0,&quot;5&quot;:{&quot;1&quot;:2,&quot;2&quot;:0}},{&quot;1&quot;:0,&quot;2&quot;:0,&quot;3&quot;:3},{&quot;1&quot;:1,&quot;2&quot;:0,&quot;4&quot;:1}]},&quot;10&quot;:2,&quot;11&quot;:0,&quot;12&quot;:0,&quot;14&quot;:{&quot;1&quot;:2,&quot;2&quot;:0},&quot;15&quot;:&quot;Calibri, sans-serif&quot;,&quot;16&quot;:11}\">organisierten Reise des Jakobswegs von Santiago de Compostela<\/span><\/a>.<\/span><\/p>\n<p>&nbsp;<\/p>\n<h2><strong>Santo Domingo de la Calzada (La Rioja)<\/strong><\/h2>\n<p><img loading=\"lazy\" decoding=\"async\" class=\"alignnone size-medium wp-image-29687\" src=\"https:\/\/www.mundiplus.com\/wp-content\/uploads\/2024\/04\/que-ver-en-Santo-Domingo-de-la-Calzada-1024x679.jpg\" alt=\"\" width=\"1024\" height=\"679\" \/><\/p>\n<p><span style=\"font-weight: 400;\">Wenn wir in die Region La Rioja eintauchen, sto\u00dfen wir auf Santo Domingo de la Calzada, ein Dorf, das von der Geschichte des Jakobswegs durchdrungen ist. Sein Name erinnert an die Geschichte des Gr\u00fcnders des Ortes, Domingo Garc\u00eda, dessen Bem\u00fchungen in der Errichtung einer Br\u00fccke, eines Krankenhauses und einer Kirche gipfelten. <\/span><\/p>\n<p><span style=\"font-weight: 400;\">Die <strong>Legende des Huhns und des Hahns<\/strong>, die in diesem Ort lebendig wird, f\u00fcgt eine magische Note zu seiner Atmosph\u00e4re hinzu. Beim Erkunden der gepflasterten Stra\u00dfen und historischen Monumente werden wir Zeugen der Hingabe, die \u00fcber die Jahrhunderte hinweg \u00fcberdauert hat.<\/span><\/p>\n<p>&nbsp;<\/p>\n<h2><strong>Jaca (Huesca)<\/strong><\/h2>\n<p><img loading=\"lazy\" decoding=\"async\" class=\"alignnone size-medium wp-image-29668\" src=\"https:\/\/www.mundiplus.com\/wp-content\/uploads\/2024\/04\/pueblos-unicos-camino-de-santiago-1024x768.jpg\" alt=\"\" width=\"1024\" height=\"768\" \/><\/p>\n<p><span style=\"font-weight: 400;\">In der aragonesischen Variante des Jakobswegs finden wir Jaca, ein Ziel, das Geschichte mit nat\u00fcrlicher Sch\u00f6nheit vereint. Umgeben vom majest\u00e4tischen Nationalpark Ordesa und Monte Perdido, ist Jaca eine <strong>mittelalterliche Stadt<\/strong>, die ein Gef\u00fchl von Zeitreise vermittelt. <\/span><\/p>\n<p><span style=\"font-weight: 400;\">Die imposante Zitadelle von Jaca, eine Festung aus dem 16. Jahrhundert, erhebt sich als Symbol der reichen Geschichte der Region. Dar\u00fcber hinaus verleihen die nahegelegenen schneebedeckten Gipfel und Winteraktivit\u00e4ten diesem charmanten Ort einen zus\u00e4tzlichen Reiz.<\/span><\/p>\n<p>&nbsp;<\/p>\n<h2><strong>D\u00f6rfer in Navarra auf dem Jakobsweg<\/strong><\/h2>\n<h3><strong>Estella<\/strong><\/h3>\n<p><img loading=\"lazy\" decoding=\"async\" class=\"alignnone size-medium wp-image-29688\" src=\"https:\/\/www.mundiplus.com\/wp-content\/uploads\/2024\/04\/que-ver-en-estella-1024x642.jpg\" alt=\"\" width=\"1024\" height=\"642\" \/><\/p>\n<p><span style=\"font-weight: 400;\">Bekannt als <strong>&#8222;Das Toledo des Nordens&#8220;<\/strong>, wird Estella zu einem unentbehrlichen Halt f\u00fcr Pilger, die auf der Suche nach einer Verbindung zwischen Architektur und Tradition sind. <\/span><\/p>\n<p><span style=\"font-weight: 400;\">Dieses Juwel von Navarra ist von Bergen umgeben und vom Fluss Ega durchzogen, was eine Umgebung schafft, die ebenso malerisch wie historisch ist. Die <strong>Kirchen San Pedro de la R\u00faa und San Miguel<\/strong> sowie der imposante Palast der K\u00f6nige von Navarra sind nur einige Beispiele des reichen architektonischen Erbes, das Estella den Besuchern bietet.<\/span><\/p>\n<p>&nbsp;<\/p>\n<h3><strong>Puente la Reina<\/strong><\/h3>\n<p><img loading=\"lazy\" decoding=\"async\" class=\"alignnone size-medium wp-image-29689\" src=\"https:\/\/www.mundiplus.com\/wp-content\/uploads\/2024\/04\/que-ver-en-Puente-la-Reina-1024x642.jpg\" alt=\"\" width=\"1024\" height=\"642\" \/><\/p>\n<p><span style=\"font-weight: 400;\">An dem Punkt, an dem sich die Routen des Jakobswegs von Orreaga\/Roncesvalles und Somport kreuzen, liegt das charmante Puente la Reina. Dieses historische Dorf, mit seiner ikonischen romanischen Br\u00fccke \u00fcber den <strong>Fluss Arga<\/strong>, hat im Laufe der Jahrhunderte unz\u00e4hlige Reisende und Pilger gesehen, die ihre Wege an diesem kulturellen und historischen Kreuzungspunkt vereinen. <\/span><\/p>\n<p><span style=\"font-weight: 400;\">Die Architektur und Geschichte, die Puente la Reina umgeben, machen es zu einem Ort mit einer einzigartigen Energie auf dem Jakobsweg.<\/span><\/p>\n<p>&nbsp;<\/p>\n<h3><strong>Roncesvalles<\/strong><\/h3>\n<p><img loading=\"lazy\" decoding=\"async\" class=\"alignnone size-medium wp-image-29669\" src=\"https:\/\/www.mundiplus.com\/wp-content\/uploads\/2024\/04\/pueblos-para-descansar-camino-de-santiago-1024x683.jpg\" alt=\"\" width=\"1024\" height=\"683\" \/><\/p>\n<p><span style=\"font-weight: 400;\">F\u00fcr die Pilger, die ihre Reise auf der franz\u00f6sischen Seite beginnen, ist Roncesvalles der bedeutsame Ausgangspunkt. Seine imposante <strong>Real Colegiata de Santa Mar\u00eda<\/strong> erhebt sich als W\u00e4chter der Geschichten und Traditionen, die \u00fcber die Jahrhunderte hinweg fortbestehen. <\/span><\/p>\n<p><span style=\"font-weight: 400;\">Die Feierlichkeit dieses Ortes markiert den Beginn einer spirituellen und kulturellen Reise, die eng mit der Geschichte des Jakobswegs verkn\u00fcpft ist.<\/span><\/p>\n<p><span style=\"font-weight: 400;\">W\u00e4hrend du den Jakobsweg beschreitest, laden dich diese malerischen D\u00f6rfer ein, ihre gepflasterten Gassen zu erkunden, die Majest\u00e4t ihrer historischen Monumente zu bewundern und in die Authentizit\u00e4t ihrer Traditionen einzutauchen. <\/span><\/p>\n<p><span style=\"font-weight: 400;\">Jedes dieser Enklaven f\u00fcgt deiner Reise ein einzigartiges Kapitel hinzu, webt Geschichten, die sich mit dem Geist des Jakobswegs verweben, und bietet dir eine Erfahrung, die \u00fcber Worte hinausgeht. Mit ihrer eindrucksvollen Architektur, ihren fesselnden Legenden und ihrer zeitlosen Sch\u00f6nheit sind diese D\u00f6rfer wahre Juwelen auf deinem Pilgerweg.<\/span><\/p>\n","protected":false},"excerpt":{"rendered":"<p>Der Reise des franz\u00f6sischen Jakobswegs von Sarria nach Santiago de Compostela, mit seinen zahlreichen Routen und Wegen, ist eine spirituelle und kulturelle Reise, die seit Jahrhunderten Pilger aus der ganzen Welt anzieht. \u00dcber seine religi\u00f6se Bedeutung hinaus bietet der Jakobsweg auch eine Reise durch atemberaubende Landschaften, reiche Geschichte und charmante D\u00f6rfer, die entlang der Routen [&hellip;]<\/p>\n","protected":false},"author":1,"featured_media":81720,"comment_status":"open","ping_status":"open","sticky":false,"template":"","format":"standard","meta":{"footnotes":""},"categories":[572,604,600],"tags":[],"class_list":["post-115106","post","type-post","status-publish","format-standard","has-post-thumbnail","hentry","category-blog-des-weges","category-ikonische-orte","category-villages-et-regions-de"],"_links":{"self":[{"href":"https:\/\/www.mundiplus.com\/de\/wp-json\/wp\/v2\/posts\/115106","targetHints":{"allow":["GET"]}}],"collection":[{"href":"https:\/\/www.mundiplus.com\/de\/wp-json\/wp\/v2\/posts"}],"about":[{"href":"https:\/\/www.mundiplus.com\/de\/wp-json\/wp\/v2\/types\/post"}],"author":[{"embeddable":true,"href":"https:\/\/www.mundiplus.com\/de\/wp-json\/wp\/v2\/users\/1"}],"replies":[{"embeddable":true,"href":"https:\/\/www.mundiplus.com\/de\/wp-json\/wp\/v2\/comments?post=115106"}],"version-history":[{"count":0,"href":"https:\/\/www.mundiplus.com\/de\/wp-json\/wp\/v2\/posts\/115106\/revisions"}],"wp:featuredmedia":[{"embeddable":true,"href":"https:\/\/www.mundiplus.com\/de\/wp-json\/wp\/v2\/media\/81720"}],"wp:attachment":[{"href":"https:\/\/www.mundiplus.com\/de\/wp-json\/wp\/v2\/media?parent=115106"}],"wp:term":[{"taxonomy":"category","embeddable":true,"href":"https:\/\/www.mundiplus.com\/de\/wp-json\/wp\/v2\/categories?post=115106"},{"taxonomy":"post_tag","embeddable":true,"href":"https:\/\/www.mundiplus.com\/de\/wp-json\/wp\/v2\/tags?post=115106"}],"curies":[{"name":"wp","href":"https:\/\/api.w.org\/{rel}","templated":true}]}}