{"id":115111,"date":"2023-07-24T15:07:59","date_gmt":"2023-07-24T15:07:59","guid":{"rendered":"https:\/\/www.mundiplus.com\/der-heilige-franz-von-assisi-und-der-jakobsweg\/"},"modified":"2023-07-24T15:07:59","modified_gmt":"2023-07-24T15:07:59","slug":"der-heilige-franz-von-assisi-und-der-jakobsweg","status":"publish","type":"post","link":"https:\/\/www.mundiplus.com\/de\/blog\/der-heilige-franz-von-assisi-und-der-jakobsweg\/","title":{"rendered":"Der heilige Franz von Assisi und der Jakobsweg"},"content":{"rendered":"<p>Die Pilgerreise nach Santiago de Compostela ist seit mehreren Jahrhunderten eine Tradition. Zahlreiche Pilger aus verschiedenen Teilen der Welt haben diesen Weg zur\u00fcckgelegt. Tats\u00e4chlich glauben Experten, dass <strong>Franziskus von Assisi<\/strong> einer von ihnen war.<\/p>\n<h2><strong>Wer war Franziskus von Assisi?<\/strong><\/h2>\n<p>Franziskus von Assisi war <strong>ein Heiliger aus Italien<\/strong>, Sohn eines reichen Kaufmanns, der in strengem Armut lebte. Er lebte im 12. und 13. Jahrhundert und gr\u00fcndete den Franziskanerorden. Er trug auch zur Gr\u00fcndung des Klarissenordens bei, indem er mit Klara von Assisi zusammenarbeitete.<\/p>\n<p>Deshalb wurde er zwei Jahre nach seinem Tod heiliggesprochen und wird heute als <strong>eine bedeutende Figur des Katholizismus<\/strong> angesehen. Es wird sogar geglaubt, dass er Teil der gesammelten Geschichte des Jakobswegs ist.<\/p>\n<p>Im Folgenden m\u00f6chten wir dir bei Mundiplus, einem der f\u00fchrenden <a href=\"https:\/\/www.mundiplus.com\/de\/\" target=\"_blank\" rel=\"noopener\">Anbieter f\u00fcr den Jakobsweg<\/a>, mehr \u00fcber seine Geschichte erz\u00e4hlen.<\/p>\n<h2><strong>Was ist die Verbindung zwischen dem Jakobsweg und Franziskus von Assisi?<\/strong><\/h2>\n<p>Die Verbindung zwischen dem Jakobsweg und Franziskus von Assisi beruht auf einer schriftlichen und m\u00fcndlichen Tradition seit dem 14. Jahrhundert. Der Geschichte zufolge begann Franziskus den Jakobsweg in der Region Aragonien, um dann durch Navarra (genauer gesagt durch Rocaforte) zu reisen.<\/p>\n<p>Dies geschah zwischen Mai 1213 und November 1215. Also nach Ostern, aber vor seiner Teilnahme am IV. Laterankonzil. Dort lie\u00df er Bernardo di Quintavalle im <strong>Eremitenkloster, das dem Heiligen Bartholom\u00e4us gewidmet war<\/strong>.<\/p>\n<p><strong>Das Geb\u00e4ude steht immer noch<\/strong>, dank der j\u00fcngsten Restaurierungsarbeiten der Stadtverwaltung und der ehemaligen Franziskanergemeinschaft. Die Mitglieder dieser Gemeinschaft bewohnten das Geb\u00e4ude bis zur S\u00e4kularisation im 19. Jahrhundert.<\/p>\n<p>Das Eremitenkloster hat seine eigenen Legenden, wie viele andere f\u00fcr Katholiken symbolische Orte. Ein Element einer dieser Legenden, der Stamm oder Stab von Franziskus, bleibt im Oratorium. So gilt dies als ein Zeichen, das <strong>Franziskus von Assisi<\/strong> mit dem Jakobsweg verbindet.<\/p>\n<h2><strong>Spuren von Franziskus von Assisi auf dem Jakobsweg<\/strong><\/h2>\n<p>Die Pr\u00e4senz von <strong>Franziskus von Assisi<\/strong> an verschiedenen Stellen des Jakobswegs hat Spuren hinterlassen. Diese sind auch heute noch zu sp\u00fcren, wenn man den <a href=\"https:\/\/www.mundiplus.com\/de\/caminos\/a-pie\/camino-frances\/camino-de-santiago-desde-sarria\" target=\"_blank\" rel=\"noopener\">Jakobsweg von Sarria nach Santiago de Compostela<\/a> geht.<\/p>\n<p>Einige dieser Spuren finden sich in Gem\u00e4lden, andere in aus Stein gemei\u00dfelten Bildern, und <strong>einige existieren nur als Traditionen oder Legenden<\/strong>. Dennoch k\u00f6nnen sie in mehr als einer Stadt des ber\u00fchmten Jakobswegs gefunden werden.<\/p>\n<h3><strong>Ca\u00f1as<\/strong><\/h3>\n<p>Die Nonnen des Zisterzienserordens von Ca\u00f1as hatten zwei m\u00fcndliche Traditionen. Eine betraf den Ort, an dem Urraca L\u00f3pez de Haro begraben war. Diese \u00c4btissin starb 1262 im Alter von 92 Jahren. Die zweite Tradition basiert auf der Freundschaft zwischen dieser <strong>\u00c4btissin und Franziskus von Assisi<\/strong>.<\/p>\n<p>1898 wurden Ausgrabungen durchgef\u00fchrt, bei denen das Grab mit Schnitzereien derjenigen gefunden wurde, die an der Beerdigung teilnahmen. In der Liste sind zwei Franziskaner aufgef\u00fchrt, die laut der \u00fcberlieferten Geschichte von <strong>Franziskus von Assisi<\/strong> beauftragt wurden, der Beerdigung beizuwohnen. So zeigte er seine Wertsch\u00e4tzung f\u00fcr die Freundschaft mit dieser Frau.<\/p>\n<p><img fetchpriority=\"high\" decoding=\"async\" class=\"alignnone size-medium wp-image-29203\" src=\"https:\/\/www.mundiplus.com\/wp-content\/uploads\/2024\/04\/Puerta_de_la_Coroneria_Catedral_de_Burgos-scaled.jpg\" alt=\"Puerta Coroneria Catedral Burgos\" width=\"1024\" height=\"576\" \/><\/p>\n<h3><strong>Jakobsweg von Burgos nach Le\u00f3n<\/strong><\/h3>\n<p>Gonzaga berichtet, dass <strong>Franziskus von Assisi<\/strong> ein Treffen mit dem damaligen K\u00f6nig von Kastilien hatte. Dieses Treffen, dessen Ziel es war, die Regel des Franziskanerordens vorzustellen, ist in zwei Kathedralen dargestellt:<\/p>\n<ul>\n<li><strong>Kathedrale von Burgos<\/strong>, wo Franziskus in der Warteschlange f\u00fcr die \u00dcbergabe seiner Gabe an den Heiligen Ferdinand III. zu sehen ist. Diese Szene befindet sich an der Coroner\u00eda-T\u00fcr.<\/li>\n<li>Die andere Szene befindet sich an der <strong>Westt\u00fcr in Le\u00f3n<\/strong>. Hier steht Franziskus dem K\u00f6nig gegen\u00fcber. Beide Szenen sind im Kontext eines J\u00fcngsten Gerichts dargestellt.<\/li>\n<\/ul>\n<p>Au\u00dferdem, obwohl es keine Beweise gibt, wird gesagt, dass Villafranca eine lebendige Franziskanische Tradition hat. Es wird geglaubt, dass Franziskus <strong>im alten Hospital<\/strong> von Se\u00f1or Santiago (heute das Klarissenkloster) \u00fcbernachtet hat.<\/p>\n<h3><strong>Santiago de Compostela<\/strong><\/h3>\n<p>Es gibt mehrere Traditionen, die die Pr\u00e4senz von <strong>Franziskus von Assisi<\/strong> auf dem Jakobsweg widerspiegeln.<\/p>\n<p>Es wird gesagt, dass das <strong>Kloster San Benito<\/strong> ihm ein Grundst\u00fcck f\u00fcr die Gr\u00fcndung seines Klosters \u00fcberlie\u00df. Im Gegenzug verpflichtete sich Franziskus, j\u00e4hrlich eine Korb voller Fische als Miete zu zahlen. Diese Tradition wurde bis ins 19. Jahrhundert aufrechterhalten.<\/p>\n<p>Aber die am st\u00e4rksten verankerte Tradition ist die von <strong>Carbonero Cotolay<\/strong>, der im Monte Pedroso lebte. Genauer gesagt, er lebte neben der Kapelle San Paio.<\/p>\n<p>Die Geschichte erz\u00e4hlt, dass Cotolay Franziskus beherbergte und ihm beim Bau des Klosters half. Daher ist es nicht \u00fcberraschend, dass in der Kapelle San Paio ein Bild von Franziskus zu finden war. Diese <strong>Darstellung stammt aus dem 13. Jahrhundert<\/strong> und wurde als Abbild des Mannes betrachtet, der an diesem Ort gesehen wurde.<\/p>\n<p><img decoding=\"async\" class=\"alignnone size-medium wp-image-29204\" src=\"https:\/\/www.mundiplus.com\/wp-content\/uploads\/2024\/04\/catedral_interior-1024x685.jpg\" alt=\"Catedral Ciudad Rodrigo\" width=\"1024\" height=\"685\" \/><\/p>\n<h3><strong>Ciudad Rodrigo<\/strong><\/h3>\n<p>Eine weitere Tradition, die der Pr\u00e4senz von Franziskus von Assisi auf dem Jakobsweg zugeschrieben wird, ist mit dieser Stadt verbunden. Das Zeugnis daf\u00fcr ist eine erstaunliche <strong>Ikonografie in der Kathedrale von Ciudad Rodrigo<\/strong>. Neben den franziskanischen Szenen gibt es ein Bild aus dem 13. Jahrhundert, das aus Stein gemei\u00dfelt wurde.<\/p>\n<p>Es ist in der dritten Gew\u00f6lbe zu sehen. Es zeigt Franziskus ohne Bart, barfu\u00df und mit einem Stab. In der Tat <strong>erscheint er genau so, wie es der Biograf Celano beschreibt<\/strong>. Daher wird erz\u00e4hlt, dass dieses Bild geschaffen wurde, um daran zu erinnern, dass er durch diese Stadt kam.<\/p>\n<h3><strong>Tudela<\/strong><\/h3>\n<p>Auch im R\u00fcckweg von Franziskus von Assisi in den Norden gibt es mehrere Orte, die Spuren seiner Pr\u00e4senz aufweisen.<\/p>\n<p>In <strong>Tudela<\/strong> wird erz\u00e4hlt, dass eine Familie (die Veraiz) Franziskus beherbergte und seine Anwesenheit in diesem Ort f\u00f6rderte. Einige Traditionen der Stadt besagen, dass sein R\u00fcckweg nach Italien durch den bekannten Jakobsweg f\u00fchrte. Dieser erstreckt sich \u00fcber Torrelavega, Oviedo, Viveda, Santander, San Sebasti\u00e1n und Vitoria.<\/p>\n<p>Es muss jedoch klargestellt werden, dass es andere Traditionen gibt, die einen anderen Weg angeben als der vorher beschriebene. Aber einige sind logischer als andere, weshalb es einfacher ist, die wahren M\u00f6glichkeiten zu erkennen und die falschen auszuschlie\u00dfen.<\/p>\n<p>Der Franziskanerorden er\u00f6ffnete am 17. Januar 2014 das <a href=\"https:\/\/www.mundiplus.com\/de\/blog\/ano-franciscano-2014\" target=\"_blank\" rel=\"noopener\">Franziskanische Jubil\u00e4umsjahr<\/a>, das den achten Jahrestag der Pilgerreise von Franziskus von Assisi nach Santiago de Compostela feierte.<\/p>\n","protected":false},"excerpt":{"rendered":"<p>Die Pilgerreise nach Santiago de Compostela ist seit mehreren Jahrhunderten eine Tradition. Zahlreiche Pilger aus verschiedenen Teilen der Welt haben diesen Weg zur\u00fcckgelegt. Tats\u00e4chlich glauben Experten, dass Franziskus von Assisi einer von ihnen war. Wer war Franziskus von Assisi? Franziskus von Assisi war ein Heiliger aus Italien, Sohn eines reichen Kaufmanns, der in strengem Armut [&hellip;]<\/p>\n","protected":false},"author":1,"featured_media":94800,"comment_status":"open","ping_status":"open","sticky":false,"template":"","format":"standard","meta":{"footnotes":""},"categories":[572,604],"tags":[],"class_list":["post-115111","post","type-post","status-publish","format-standard","has-post-thumbnail","hentry","category-blog-des-weges","category-ikonische-orte"],"_links":{"self":[{"href":"https:\/\/www.mundiplus.com\/de\/wp-json\/wp\/v2\/posts\/115111","targetHints":{"allow":["GET"]}}],"collection":[{"href":"https:\/\/www.mundiplus.com\/de\/wp-json\/wp\/v2\/posts"}],"about":[{"href":"https:\/\/www.mundiplus.com\/de\/wp-json\/wp\/v2\/types\/post"}],"author":[{"embeddable":true,"href":"https:\/\/www.mundiplus.com\/de\/wp-json\/wp\/v2\/users\/1"}],"replies":[{"embeddable":true,"href":"https:\/\/www.mundiplus.com\/de\/wp-json\/wp\/v2\/comments?post=115111"}],"version-history":[{"count":0,"href":"https:\/\/www.mundiplus.com\/de\/wp-json\/wp\/v2\/posts\/115111\/revisions"}],"wp:featuredmedia":[{"embeddable":true,"href":"https:\/\/www.mundiplus.com\/de\/wp-json\/wp\/v2\/media\/94800"}],"wp:attachment":[{"href":"https:\/\/www.mundiplus.com\/de\/wp-json\/wp\/v2\/media?parent=115111"}],"wp:term":[{"taxonomy":"category","embeddable":true,"href":"https:\/\/www.mundiplus.com\/de\/wp-json\/wp\/v2\/categories?post=115111"},{"taxonomy":"post_tag","embeddable":true,"href":"https:\/\/www.mundiplus.com\/de\/wp-json\/wp\/v2\/tags?post=115111"}],"curies":[{"name":"wp","href":"https:\/\/api.w.org\/{rel}","templated":true}]}}