{"id":115205,"date":"2025-01-20T18:52:23","date_gmt":"2025-01-20T18:52:23","guid":{"rendered":"https:\/\/www.mundiplus.com\/?p=115205"},"modified":"2025-01-25T11:45:33","modified_gmt":"2025-01-25T11:45:33","slug":"die-via-francigena-und-ihre-verbindung-zum-jakobsweg","status":"publish","type":"post","link":"https:\/\/www.mundiplus.com\/de\/la-via-francigena-und-seine-verknupfung-zum-weg\/","title":{"rendered":"Die Via Francigena und ihre Verbindung zum Jakobsweg"},"content":{"rendered":"<p><img fetchpriority=\"high\" decoding=\"async\" class=\"alignnone wp-image-115149 size-full\" src=\"https:\/\/www.mundiplus.com\/wp-content\/uploads\/2024\/12\/Via-Francigena-Mundiplus.jpg\" alt=\"\" width=\"1024\" height=\"680\" srcset=\"https:\/\/www.mundiplus.com\/wp-content\/uploads\/2024\/12\/Via-Francigena-Mundiplus.jpg 1024w, https:\/\/www.mundiplus.com\/wp-content\/uploads\/2024\/12\/Via-Francigena-Mundiplus-300x199.jpg 300w, https:\/\/www.mundiplus.com\/wp-content\/uploads\/2024\/12\/Via-Francigena-Mundiplus-768x510.jpg 768w, https:\/\/www.mundiplus.com\/wp-content\/uploads\/2024\/12\/Via-Francigena-Mundiplus-600x398.jpg 600w\" sizes=\"(max-width: 1024px) 100vw, 1024px\" \/><\/p>\n<p><span style=\"font-weight: 400;\">Die <\/span><b>Via Francigena<\/b><span style=\"font-weight: 400;\"> und der <\/span><b>Camino de Santiago<\/b><span style=\"font-weight: 400;\"> geh\u00f6ren zu den <\/span><b>symboltr\u00e4chtigsten Pilgerwegen Europas<\/b><span style=\"font-weight: 400;\">, mit Jahrhunderten an Geschichte und spiritueller Tradition. Millionen von Pilgern haben im Laufe der Jahre beide Wege begangen, wodurch sie nicht nur zu Glaubenswegen, sondern auch zu bedeutenden Symbolen des <\/span><b>europ\u00e4ischen kulturellen und menschlichen Erbes<\/b><span style=\"font-weight: 400;\"> wurden.<\/span><\/p>\n<p><span style=\"font-weight: 400;\">Die <\/span><b>Via Francigena<\/b><span style=\"font-weight: 400;\"> hat ihre Urspr\u00fcnge im Mittelalter als Weg, der <\/span><b>Canterbury<\/b><span style=\"font-weight: 400;\"> in England mit <\/span><b>Rom<\/b><span style=\"font-weight: 400;\">, dem Sitz der westlichen Christenheit, verband. Der <\/span><b>Camino de Santiago<\/b><span style=\"font-weight: 400;\"> hingegen hat sein Ziel in der Kathedrale von Santiago de Compostela in Galicien und wurde zu einer der bedeutendsten Routen des <\/span><b>mittelalterlichen Christentums<\/b><span style=\"font-weight: 400;\">.<\/span><\/p>\n<p>&nbsp;<\/p>\n<h2><b>Was ist die Via Francigena?<\/b><\/h2>\n<p><span style=\"font-weight: 400;\">Die <\/span><b>Via Francigena<\/b><span style=\"font-weight: 400;\"> geh\u00f6rt zu den \u00e4ltesten und bedeutendsten Pilgerwegen Europas.<\/span><\/p>\n<p><span style=\"font-weight: 400;\">Sie verbindet <\/span><b>Canterbury<\/b><span style=\"font-weight: 400;\"> (Vereinigtes K\u00f6nigreich) mit <\/span><b>Rom<\/b><span style=\"font-weight: 400;\"> (Italien), zwei der wichtigsten Zentren des Christentums. Der Name stammt aus dem mittelalterlichen Latein und bedeutet &#8222;<\/span><b>Weg der Franken<\/b><span style=\"font-weight: 400;\">&#8222;. Der Ursprung des Namens liegt darin, dass sie urspr\u00fcnglich von <\/span><b>Pilgern aus Nordeuropa genutzt wurde, die zur Ewigen Stadt reisten<\/b><span style=\"font-weight: 400;\">, dem Zentrum der christlichen Welt im Mittelalter.<\/span><\/p>\n<p><span style=\"font-weight: 400;\">Ihr Ursprung reicht bis ins <\/span><b>9. Jahrhundert<\/b><span style=\"font-weight: 400;\"> zur\u00fcck, als sie sich als einer der wichtigsten Wege f\u00fcr Pilger etablierte, die Rom, den Ort des Grabes von Petrus, erreichen wollten. Sie wurde <\/span><b>von gl\u00e4ubigen Pilgern sowie von H\u00e4ndlern und Reisenden genutzt<\/b><span style=\"font-weight: 400;\"> und wurde als eine wichtige Kommunikationsroute zwischen Nordeuropa und S\u00fcdeuropa angesehen.<\/span><\/p>\n<p><span style=\"font-weight: 400;\">Die historische Bedeutung dieser Route wurde durch Sigeric, dem Erzbischof von Canterbury, dokumentiert. Dieser f\u00fchrte eine detaillierte Aufzeichnung seiner R\u00fcckreise nach England durch, nachdem er Rom besucht hatte, um das Pallium des Papstes im <\/span><b>Jahr 990 n. Chr<\/b><span style=\"font-weight: 400;\"> zu erhalten.<\/span><\/p>\n<p>&nbsp;<\/p>\n<h3><b>Hauptetappen und wichtige Punkte der Route<\/b><\/h3>\n<p><img decoding=\"async\" class=\"alignnone wp-image-115161 size-full\" src=\"https:\/\/www.mundiplus.com\/wp-content\/uploads\/2024\/12\/Catedral-Canterbury-Mundiplus.jpg\" alt=\"\" width=\"1024\" height=\"768\" srcset=\"https:\/\/www.mundiplus.com\/wp-content\/uploads\/2024\/12\/Catedral-Canterbury-Mundiplus.jpg 1024w, https:\/\/www.mundiplus.com\/wp-content\/uploads\/2024\/12\/Catedral-Canterbury-Mundiplus-300x225.jpg 300w, https:\/\/www.mundiplus.com\/wp-content\/uploads\/2024\/12\/Catedral-Canterbury-Mundiplus-768x576.jpg 768w, https:\/\/www.mundiplus.com\/wp-content\/uploads\/2024\/12\/Catedral-Canterbury-Mundiplus-600x450.jpg 600w\" sizes=\"(max-width: 1024px) 100vw, 1024px\" \/><\/p>\n<p><span style=\"font-weight: 400;\">Die Via Francigena erstreckt sich \u00fcber ca. <\/span><b>2.000 Kilometer<\/b><span style=\"font-weight: 400;\"> durch <\/span><b>England, Frankreich, die Schweiz und Italien<\/b><span style=\"font-weight: 400;\">. Sie f\u00fchrt durch vielf\u00e4ltige Landschaften, von den gr\u00fcnen englischen Landschaften bis zu den imposanten Alpen und italienischen T\u00e4lern. Die wichtigsten Punkte auf der Route sind:<\/span><\/p>\n<ul>\n<li style=\"font-weight: 400;\" aria-level=\"1\"><b>Canterbury <\/b><span style=\"font-weight: 400;\">(Vereinigtes K\u00f6nigreich): Ausgangspunkt der Via Francigena, bekannt f\u00fcr seine gotische Kathedrale, die zum UNESCO-Weltkulturerbe geh\u00f6rt.<\/span><\/li>\n<\/ul>\n<p>&nbsp;<\/p>\n<ul>\n<li style=\"font-weight: 400;\" aria-level=\"1\"><b>Calais und Arras <\/b><span style=\"font-weight: 400;\">(Frankreich): \u00dcbergangspunkte in Frankreich, an denen Pilger Gastfreundschaft in Kl\u00f6stern und kleinen Gemeinschaften erfuhren.<\/span><\/li>\n<\/ul>\n<p>&nbsp;<\/p>\n<ul>\n<li style=\"font-weight: 400;\" aria-level=\"1\"><b>Pass des Gro\u00dfen Sankt Bernhard<\/b><span style=\"font-weight: 400;\"> (Schweiz): einer der spektakul\u00e4rsten Abschnitte, in dem Pilger die Alpen \u00fcberquerten. Hier befindet sich das ber\u00fchmte Hospiz, gegr\u00fcndet von Sankt Bernhard im 11. Jahrhundert.<\/span><\/li>\n<\/ul>\n<p>&nbsp;<\/p>\n<ul>\n<li style=\"font-weight: 400;\" aria-level=\"1\"><b>Vercelli und Pavia <\/b><span style=\"font-weight: 400;\">(Italien): wichtige St\u00e4dte in Italien, bekannt f\u00fcr ihre historischen Monumente wie die Basilika von San Andrea in Vercelli.<\/span><\/li>\n<\/ul>\n<p>&nbsp;<\/p>\n<ul>\n<li style=\"font-weight: 400;\" aria-level=\"1\"><b>Rom<\/b><span style=\"font-weight: 400;\"> (Italien): das Ziel, an dem Pilger ihre Reise in der Basilika von San Pietro, dem spirituellen Zentrum des Christentums, abschlie\u00dfen.<\/span><\/li>\n<\/ul>\n<p>&nbsp;<\/p>\n<p><span style=\"font-weight: 400;\">Dieser Weg wurde als <\/span><b>Europ\u00e4isches Kulturerbe-Route<\/b><span style=\"font-weight: 400;\"> von dem <\/span><b>Europarat im Jahr 1994<\/b><span style=\"font-weight: 400;\"> anerkannt. Diese Anerkennung unterstreicht die Bedeutung dieser Route als <\/span><b>Br\u00fccke zwischen Kulturen und Traditionen<\/b><span style=\"font-weight: 400;\"> und ihre Rolle bei der F\u00f6rderung eines nachhaltigen Tourismus und der Bewahrung des Kulturerbes.<\/span><\/p>\n<p>&nbsp;<\/p>\n<h2><b>Verbindung zwischen der Via Francigena und dem Camino de Santiago<\/b><\/h2>\n<p><span style=\"font-weight: 400;\">Die <\/span><b>Via Francigena<\/b><span style=\"font-weight: 400;\"> und der <\/span><b>Camino de Santiago<\/b><span style=\"font-weight: 400;\"> sind auf tiefere Weise miteinander verbunden, als es auf den ersten Blick scheint.<\/span><\/p>\n<p><span style=\"font-weight: 400;\">Beide <\/span><a href=\"https:\/\/www.mundiplus.com\/de\/\"><b>internationalen Pilgerwege<\/b><\/a><span style=\"font-weight: 400;\"> teilen eine gemeinsame Essenz: sie sind Wege der <\/span><b>spirituellen Transformation<\/b><span style=\"font-weight: 400;\">, des kulturellen Austauschs und eines historischen Erbes, das \u00fcber Jahrhunderte hinweg Bestand hatte. W\u00e4hrend die Via Francigena zum Herzen des Christentums nach Rom f\u00fchrt, leitet der Camino de Santiago die Pilger zu der Grabst\u00e4tte des Apostels Jakobus in Galicien. Doch ihre Verbindung reicht \u00fcber die blo\u00dfen Ziele hinaus.<\/span><\/p>\n<p><span style=\"font-weight: 400;\">Historisch gesehen dienten diese beiden Wege als <\/span><b>Hauptachsen des europ\u00e4ischen Christentums<\/b><span style=\"font-weight: 400;\">. Im Mittelalter waren die Pilgerreisen nach Santiago de Compostela und nach Rom zusammen mit Jerusalem die drei bedeutendsten spirituellen Ziele der christlichen Welt.<\/span><\/p>\n<p><span style=\"font-weight: 400;\">Oft unternahmen Pilger eine Reise, die <\/span><b>beide Routen umfasste<\/b><span style=\"font-weight: 400;\">, was eine geografische und spirituelle Verbindung zwischen ihnen festigte. So konnten jene, die von <\/span><b>dem Franz\u00f6sischen Jakobsweg<\/b><span style=\"font-weight: 400;\"> nach Santiago gelangten, anschlie\u00dfend ihre Reise nach Rom fortsetzen und dabei Abschnitte passieren, die heute Teil der Via Francigena sind.<\/span><\/p>\n<p><span style=\"font-weight: 400;\">Diese Kreuzung der Wege hat \u00fcber die Jahrhunderte hinweg Bestand. Ein Beispiel daf\u00fcr ist der <\/span><a href=\"https:\/\/www.mundiplus.com\/de\/caminos\/a-pie\/camino-ingles\/camino-de-santiago-desde-ferrol\/\"><b>Beginn des Camino von Ferrol aus<\/b><\/a><span style=\"font-weight: 400;\">, der ein deutliches Zeugnis der <\/span><b>maritimen Verbindung<\/b><span style=\"font-weight: 400;\"> zwischen den Pilgern aus Nordeuropa und der Iberischen Halbinsel darstellt. Diese Strecke wurde von denen frequentiert, die nach der Via Francigena von Canterbury aus auf die Iberische Halbinsel gelangten.<\/span><\/p>\n<p>&nbsp;<\/p>\n<h3><b>Spirituelle Verbindung<\/b><\/h3>\n<p><span style=\"font-weight: 400;\">Auf spiritueller Ebene teilen beide Wege eine \u00e4hnliche Philosophie: das Pilgern als Weg zur <\/span><b>Selbstreflexion, Begegnung und Verbindung mit dem G\u00f6ttlichen<\/b><span style=\"font-weight: 400;\">. Beide bieten den Wandernden die einzigartige M\u00f6glichkeit, ihre kulturellen und spirituellen Wurzeln neu zu entdecken und eine tiefgreifende Verbindung zur Seele und zu einem \u00fcbergeordneten Lebenszweck w\u00e4hrend der Reise herzustellen.<\/span><\/p>\n<p><span style=\"font-weight: 400;\">Der Camino, insbesondere in seinen letzten Etappen wie dem <\/span><a href=\"https:\/\/www.mundiplus.com\/de\/caminos\/a-pie\/camino-finisterre\/camino-de-santiago-a-finisterre\/\"><b>Abschnitt von Santiago nach Finisterre<\/b><\/a><span style=\"font-weight: 400;\">, erg\u00e4nzt perfekt die Symbolik der Via Francigena.<\/span><\/p>\n<p><span style=\"font-weight: 400;\">Finisterre, bekannt als das \u201eEnde der Welt\u201c, l\u00e4dt zur einzigartigen Selbstreflexion ein, die nicht nur das Ende einer Pilgerreise markiert, sondern auch den Beginn eines neuen Lebensabschnitts f\u00fcr den Pilger darstellt. Ein \u00e4hnlicher Moment des \u00dcbergangs und der Reflexion wird von vielen erlebt, wenn sie nach der \u00dcberquerung der Alpen und durch die Toskana \u00fcber die Via Francigena nach Rom reisen.<\/span><\/p>\n<p>&nbsp;<\/p>\n<h3><b>Kulturelle Verbindung<\/b><\/h3>\n<p><span style=\"font-weight: 400;\">Praktisch gesehen teilen diese Routen auch ein Engagement f\u00fcr die Erhaltung des <\/span><b>europ\u00e4ischen kulturellen und menschlichen Erbes<\/b><span style=\"font-weight: 400;\">. Beide wurden als <\/span><b>Europ\u00e4ische Kulturwege<\/b><span style=\"font-weight: 400;\"> anerkannt und haben einen bedeutenden Beitrag zur F\u00f6rderung eines nachhaltigen Tourismus geleistet, der mit lokalen Traditionen und dem Respekt f\u00fcr die nat\u00fcrliche Umgebung verbunden ist.<\/span><\/p>\n<p><span style=\"font-weight: 400;\">F\u00fcr jene, die beide Wege erleben m\u00f6chten, k\u00f6nnte es interessant sein, den <\/span><a href=\"https:\/\/www.mundiplus.com\/de\/caminos\/a-pie\/camino-primitivo\/\"><b>Camino Primitivo von Asturien aus<\/b><\/a><span style=\"font-weight: 400;\"> als Einstieg zu w\u00e4hlen. Diese Route ist bekannt f\u00fcr ihre nat\u00fcrliche Sch\u00f6nheit und historische Bedeutung. Alternativ bietet die <\/span><a href=\"https:\/\/www.mundiplus.com\/de\/caminos\/a-pie\/camino-ingles\/\"><b>Route durch den Camino Ingl\u00e9s<\/b><\/a><span style=\"font-weight: 400;\"> ebenfalls einen nahtlosen \u00dcbergang zu dieser europ\u00e4ischen Route.<\/span><\/p>\n<p><span style=\"font-weight: 400;\">Auf diese Weise ist die Begehung sowohl der Via Francigena als auch des Camino de Santiago nicht nur eine einzigartige Erfahrung, sondern auch eine Hommage an das kulturelle und spirituelle Erbe, das seit \u00fcber tausend Jahren den Norden und S\u00fcden Europas verbindet.<\/span><\/p>\n<p>&nbsp;<\/p>\n<h3><b>Und welche Schwierigkeiten gibt es?<\/b><\/h3>\n<p><span style=\"font-weight: 400;\">Bei beiden Wegen h\u00e4ngt die Schwierigkeit <\/span><b>von dem gew\u00e4hlten Abschnitt ab<\/b><span style=\"font-weight: 400;\">.<\/span><\/p>\n<p><span style=\"font-weight: 400;\">Die Via Francigena, mit ihren <\/span><b>2.000 km<\/b><span style=\"font-weight: 400;\">, beinhaltet Herausforderungen wie das \u00dcberqueren der Alpen am <\/span><b>Gro\u00dfen Sankt Bernhard-Pass<\/b><span style=\"font-weight: 400;\">, was sie an bestimmten Punkten k\u00f6rperlich anspruchsvoller macht. Wenn du auf der Suche nach <\/span><a href=\"https:\/\/www.mundiplus.com\/de\/caminos\/a-pie\/camino-frances\/camino-de-santiago-desde-o-cebreiro\/\"><b>Informationen von O Cebreiro bis Santiago<\/b><\/a><span style=\"font-weight: 400;\"> bist, wirst du feststellen, dass die Strecke k\u00fcrzer und zug\u00e4nglicher ist.<\/span><\/p>\n<p>&nbsp;<\/p>\n<h3><b>Gibt es eine Art gemeinsames Pilgerdokument?<\/b><\/h3>\n<p><span style=\"font-weight: 400;\">Nein. Es handelt sich um zwei Pilgerwege mit symbolischer Verbindung, jedoch <\/span><b>existiert kein gemeinsames Zertifikat<\/b><span style=\"font-weight: 400;\">, \u00e4hnlich wie es beim Kumano Kodo der Fall ist.<\/span><\/p>\n<p>&nbsp;<\/p>\n<h2><b>Warum die Via Francigena als Erg\u00e4nzung zum Camino de Santiago unternehmen?<\/b><\/h2>\n<p><span style=\"font-weight: 400;\">Die Begehung sowohl der Via Francigena als auch des Camino de Santiago bietet Pilgern eine einzigartige M\u00f6glichkeit, in die Kulturen Europas einzutauchen. Obwohl beide eine gemeinsame spirituelle Basis haben, sind Unterschiede in Landschaft, Gastronomie und Tradition deutlich sp\u00fcrbar.<\/span><\/p>\n<ul>\n<li style=\"font-weight: 400;\" aria-level=\"1\"><b>In der Via Francigena<\/b><span style=\"font-weight: 400;\"> erleben Pilger die Schweizer Alpen, italienische Weinberge und die historischen St\u00e4dte der Toskana \u2013 alles beim Probieren von Speisen wie Tr\u00fcffelpasta und lokalen K\u00e4sesorten.<\/span><\/li>\n<\/ul>\n<p>&nbsp;<\/p>\n<ul>\n<li style=\"font-weight: 400;\" aria-level=\"1\"><b>Im Camino de Santiago<\/b><span style=\"font-weight: 400;\"> durchwandern die Wandernden die gr\u00fcnen Landschaften Galiziens, genie\u00dfen das Galizische Oktopusgericht und erkunden Traditionen in D\u00f6rfern, die scheinbar in der Zeit eingefroren sind.<\/span><\/li>\n<\/ul>\n<p>&nbsp;<\/p>\n<p><span style=\"font-weight: 400;\">Diese Unterschiede bereichern das Erlebnis und erm\u00f6glichen es den Pilgern, die kulturelle Vielfalt Europas zu entdecken.<\/span><\/p>\n<h3><b>Die spirituelle und kulturelle Vielfalt durch die Kombination beider Wege<\/b><\/h3>\n<p><span style=\"font-weight: 400;\">Beide Routen bieten eine einzigartige M\u00f6glichkeit, mit Geschichte, Glauben und Natur zu verbinden, wobei jede ihre eigenen Nuancen hinzuf\u00fcgt.<\/span><\/p>\n<p><span style=\"font-weight: 400;\">W\u00e4hrend der Camino de Santiago auf die Figur des Apostels Santiago und die Jakobustradition fokussiert, l\u00e4dt die Via Francigena Pilger ein, in die Geschichte des r\u00f6mischen Christentums einzutauchen. Die Kombination beider Wege erm\u00f6glicht es, eine <\/span><b>vollst\u00e4ndigere und bedeutungsvollere Erfahrung<\/b><span style=\"font-weight: 400;\"> zu erleben, in der die wichtigsten Meilensteine der christlichen Spiritualit\u00e4t miteinander verwoben sind.<\/span><\/p>\n<p>&nbsp;<\/p>\n<h2><b>Empfehlungen f\u00fcr Pilger, die beide Wege erleben m\u00f6chten<\/b><\/h2>\n<p><img decoding=\"async\" class=\"alignnone wp-image-115155 size-full\" src=\"https:\/\/www.mundiplus.com\/wp-content\/uploads\/2024\/12\/Paso-del-Gran-San-Bernardo-Mundiplus.jpg\" alt=\"\" width=\"1024\" height=\"683\" srcset=\"https:\/\/www.mundiplus.com\/wp-content\/uploads\/2024\/12\/Paso-del-Gran-San-Bernardo-Mundiplus.jpg 1024w, https:\/\/www.mundiplus.com\/wp-content\/uploads\/2024\/12\/Paso-del-Gran-San-Bernardo-Mundiplus-300x200.jpg 300w, https:\/\/www.mundiplus.com\/wp-content\/uploads\/2024\/12\/Paso-del-Gran-San-Bernardo-Mundiplus-768x512.jpg 768w, https:\/\/www.mundiplus.com\/wp-content\/uploads\/2024\/12\/Paso-del-Gran-San-Bernardo-Mundiplus-600x400.jpg 600w\" sizes=\"(max-width: 1024px) 100vw, 1024px\" \/><\/p>\n<p><span style=\"font-weight: 400;\">Die Begehung sowohl der Via Francigena als auch des Camino de Santiago in einer Reise ist eine spannende Herausforderung, die <\/span><b>Planung und Engagement<\/b><span style=\"font-weight: 400;\"> erfordert. Im Folgenden findest du einige wichtige Empfehlungen, um dieses einzigartige Erlebnis zu genie\u00dfen:<\/span><\/p>\n<h3><b>Detaillierte Planung der Etappen<\/b><\/h3>\n<p><span style=\"font-weight: 400;\">Teile deine Route in <\/span><b>realistische Abschnitte basierend auf deiner k\u00f6rperlichen Fitness und der verf\u00fcgbaren Zeit<\/b><span style=\"font-weight: 400;\">. Eine ideale M\u00f6glichkeit ist der Start in Ferrol, was es dir erm\u00f6glicht, Santiago in wenigen Tagen zu erreichen und anschlie\u00dfend die ersten Abschnitte der Via Francigena, wie von Canterbury nach Calais, zu erforschen.<\/span><\/p>\n<p>&nbsp;<\/p>\n<h3><b>Ber\u00fccksichtigung der Reise-Logistik<\/b><\/h3>\n<p><span style=\"font-weight: 400;\">Die Planung, wie du zwischen den Routen reist, ist entscheidend. Von Santiago aus ist es m\u00f6glich, <\/span><b>nach Frankreich oder Italien mit Zug oder Flugzeug zu reisen<\/b><span style=\"font-weight: 400;\">, um dich der Via Francigena anzuschlie\u00dfen. Recherchiere die Verkehrsanbindungen und Unterbringungsm\u00f6glichkeiten an wichtigen Verbindungspunkten wie Rom oder den Alpen. Die Buchung logistischer Unterst\u00fctzungsdienste, wie Gep\u00e4cktransport oder organisierte Touren, kann den Prozess vereinfachen.<\/span><\/p>\n<p>&nbsp;<\/p>\n<h3><b>Physische und mentale Vorbereitung<\/b><\/h3>\n<p><span style=\"font-weight: 400;\">Jeder Weg hat seine eigenen Herausforderungen. W\u00e4hrend der Camino de Santiago Etappen mit moderaten Anstiegen enth\u00e4lt, erfordert die Via Francigena an bestimmten Abschnitten mehr k\u00f6rperliche Ausdauer. Es ist wichtig, im Voraus zu trainieren und die richtige Ausr\u00fcstung mitzunehmen, darunter bequeme Schuhe und wetterfeste Kleidung f\u00fcr verschiedene Klimazonen.<\/span><\/p>\n","protected":false},"excerpt":{"rendered":"<p>Die Via Francigena und der Camino de Santiago geh\u00f6ren zu den symboltr\u00e4chtigsten Pilgerwegen Europas, mit Jahrhunderten an Geschichte und spiritueller Tradition. Millionen von Pilgern haben im Laufe der Jahre beide Wege begangen, wodurch sie nicht nur zu Glaubenswegen, sondern auch zu bedeutenden Symbolen des europ\u00e4ischen kulturellen und menschlichen Erbes wurden. Die Via Francigena hat ihre [&hellip;]<\/p>\n","protected":false},"author":1,"featured_media":115152,"comment_status":"open","ping_status":"open","sticky":false,"template":"","format":"standard","meta":{"footnotes":""},"categories":[572,584,576],"tags":[],"class_list":["post-115205","post","type-post","status-publish","format-standard","has-post-thumbnail","hentry","category-blog-des-weges","category-geschichte","category-zu-fus-gehen"],"_links":{"self":[{"href":"https:\/\/www.mundiplus.com\/de\/wp-json\/wp\/v2\/posts\/115205","targetHints":{"allow":["GET"]}}],"collection":[{"href":"https:\/\/www.mundiplus.com\/de\/wp-json\/wp\/v2\/posts"}],"about":[{"href":"https:\/\/www.mundiplus.com\/de\/wp-json\/wp\/v2\/types\/post"}],"author":[{"embeddable":true,"href":"https:\/\/www.mundiplus.com\/de\/wp-json\/wp\/v2\/users\/1"}],"replies":[{"embeddable":true,"href":"https:\/\/www.mundiplus.com\/de\/wp-json\/wp\/v2\/comments?post=115205"}],"version-history":[{"count":0,"href":"https:\/\/www.mundiplus.com\/de\/wp-json\/wp\/v2\/posts\/115205\/revisions"}],"wp:featuredmedia":[{"embeddable":true,"href":"https:\/\/www.mundiplus.com\/de\/wp-json\/wp\/v2\/media\/115152"}],"wp:attachment":[{"href":"https:\/\/www.mundiplus.com\/de\/wp-json\/wp\/v2\/media?parent=115205"}],"wp:term":[{"taxonomy":"category","embeddable":true,"href":"https:\/\/www.mundiplus.com\/de\/wp-json\/wp\/v2\/categories?post=115205"},{"taxonomy":"post_tag","embeddable":true,"href":"https:\/\/www.mundiplus.com\/de\/wp-json\/wp\/v2\/tags?post=115205"}],"curies":[{"name":"wp","href":"https:\/\/api.w.org\/{rel}","templated":true}]}}