{"id":115420,"date":"2025-01-17T19:06:21","date_gmt":"2025-01-17T19:06:21","guid":{"rendered":"https:\/\/www.mundiplus.com\/?p=115420"},"modified":"2025-01-25T12:12:19","modified_gmt":"2025-01-25T12:12:19","slug":"was-es-in-irun-zu-sehen-gibt","status":"publish","type":"post","link":"https:\/\/www.mundiplus.com\/de\/was-gibt-es-in-irun-zu-sehen\/","title":{"rendered":"Was es in Irun zu sehen gibt"},"content":{"rendered":"<p><img fetchpriority=\"high\" decoding=\"async\" class=\"alignnone wp-image-115297 size-full\" src=\"https:\/\/www.mundiplus.com\/wp-content\/uploads\/2024\/12\/Irun-Mundiplus.jpg\" alt=\"\" width=\"1024\" height=\"768\" srcset=\"https:\/\/www.mundiplus.com\/wp-content\/uploads\/2024\/12\/Irun-Mundiplus.jpg 1024w, https:\/\/www.mundiplus.com\/wp-content\/uploads\/2024\/12\/Irun-Mundiplus-300x225.jpg 300w, https:\/\/www.mundiplus.com\/wp-content\/uploads\/2024\/12\/Irun-Mundiplus-768x576.jpg 768w, https:\/\/www.mundiplus.com\/wp-content\/uploads\/2024\/12\/Irun-Mundiplus-600x450.jpg 600w\" sizes=\"(max-width: 1024px) 100vw, 1024px\" \/><\/p>\n<p><span style=\"font-weight: 400;\">Ir\u00fan, gelegen an der Grenze zu Frankreich, dient als <\/span><b>Ausgangspunkt f\u00fcr Pilger, die den Camino del Norte beginnen<\/b><span style=\"font-weight: 400;\">. <\/span><\/p>\n<p><span style=\"font-weight: 400;\">Von seinen Urspr\u00fcngen als <\/span><b>r\u00f6mische Siedlung<\/b><span style=\"font-weight: 400;\">, bekannt als Oiasso, bis hin zu seiner Rolle als Ausgangspunkt einer der spektakul\u00e4rsten Routen des Jakobswegs, vereint Ir\u00fan Geschichte, Kultur und Natur. Ir\u00fan ist nicht nur ein Durchgangsort, sondern der Ursprung einer unvergesslichen Erfahrung auf dem Jakobsweg.<\/span><\/p>\n<p><span style=\"font-weight: 400;\">F\u00fcr diejenigen, die ihre Pilgerreise hier beginnen, bietet diese Stadt das <\/span><b>perfekte Gleichgewicht zwischen Tradition und Moderne<\/b><span style=\"font-weight: 400;\">. Ihre Stra\u00dfen, Denkm\u00e4ler und Landschaften vermitteln den Geist des Jakobswegs, w\u00e4hrend ihre ausgezeichnete Anbindung und die Serviceangebote eine detaillierte Planung vor dem Aufbruch erm\u00f6glichen. <\/span><\/p>\n<p><span style=\"font-weight: 400;\">Wenn du dar\u00fcber nachdenkst, deinen Camino del Norte von Ir\u00fan aus zu beginnen, erz\u00e4hlen wir dir hier alles, was du wissen musst, um das Beste aus dieser ersten Etappe herauszuholen.<\/span><\/p>\n<p>&nbsp;<\/p>\n<h2><b>Die Bedeutung von Ir\u00fan als strategischer Punkt im Norden Spaniens<\/b><\/h2>\n<p><span style=\"font-weight: 400;\">Ir\u00fan, am Ufer des Flusses Bidasoa gelegen, hat eine wichtige Rolle als <\/span><b>strategischer Punkt<\/b><span style=\"font-weight: 400;\"> im Norden Spaniens gespielt. Durch seine Grenzlage zu Frankreich bietet es eine wesentliche Verbindung f\u00fcr Reisende, H\u00e4ndler und Pilger \u00fcber die Jahrhunderte hinweg.<\/span><\/p>\n<p><span style=\"font-weight: 400;\">Dar\u00fcber hinaus ist Ir\u00fan ein <\/span><b>wichtiger Verkehrsknotenpunkt<\/b><span style=\"font-weight: 400;\"> mit <\/span><b>hervorragenden Stra\u00dfen-, Bahn- und Flugverbindungen<\/b><span style=\"font-weight: 400;\">. Unabh\u00e4ngig vom gew\u00e4hlten Verkehrsmittel erleichtert es die Ankunft von Touristen und Pilgern, die sowohl die Stadt als auch ihre Umgebung erkunden m\u00f6chten. Die <\/span><b>N\u00e4he zum Meer und den Pyren\u00e4en<\/b><span style=\"font-weight: 400;\"> macht sie ideal f\u00fcr diejenigen, die Natur, Geschichte und Kultur kombinieren m\u00f6chten.<\/span><\/p>\n<p>&nbsp;<\/p>\n<h2><b>Ir\u00fan und der Jakobsweg: Beginn des Camino del Norte<\/b><\/h2>\n<p><span style=\"font-weight: 400;\">Ir\u00fan ist bekannt als <\/span><a href=\"https:\/\/www.mundiplus.com\/de\/\"><b>Beginn des Jakobswegs<\/b><\/a><span style=\"font-weight: 400;\">, wenn du den Camino del Norte w\u00e4hlst. <\/span><\/p>\n<p><span style=\"font-weight: 400;\">Diese historische Route hat ihre <\/span><b>Wurzeln im Mittelalter<\/b><span style=\"font-weight: 400;\">, als Pilger aus ganz Europa die franz\u00f6sisch-spanische Grenze \u00fcberschritten, um nach Santiago de Compostela zu gelangen. Die Stadt, am Fluss Bidasoa gelegen, wurde zu einem wichtigen Punkt f\u00fcr diejenigen, die diesen Weg aufgrund ihrer <\/span><b>Verbindung zu Frankreich und dem restlichen Europa<\/b><span style=\"font-weight: 400;\"> nahmen.<\/span><\/p>\n<p><span style=\"font-weight: 400;\">Mit ihrer Altstadt und modernen Annehmlichkeiten bietet sie den perfekten Ort, um das Abenteuer zu beginnen und sowohl Geist als auch K\u00f6rper auf die Reise vorzubereiten. Dar\u00fcber hinaus k\u00f6nnen Pilger hier zahlreiche Ressourcen finden, die speziell f\u00fcr ihre Bed\u00fcrfnisse ausgelegt sind. Von Herbergen bis hin zu Informationspunkten bietet diese Stadt Unterst\u00fctzung f\u00fcr alle, die ihren Weg hier beginnen.<\/span><\/p>\n<p>&nbsp;<\/p>\n<h3><b>Gr\u00fcnde, den Camino del Norte zu w\u00e4hlen<\/b><\/h3>\n<p><span style=\"font-weight: 400;\">Hier sind einige Gr\u00fcnde, warum du diese Route w\u00e4hlen solltest:<\/span><\/p>\n<ul>\n<li aria-level=\"1\"><b>K\u00fcstenlandschaften und Natur. <\/b><span style=\"font-weight: 400;\">Im Gegensatz zu den <\/span><a href=\"https:\/\/www.mundiplus.com\/de\/caminos\/a-pie\/camino-ingles\/camino-de-santiago-desde-ferrol\/\"><b>Etappen des Jakobswegs von Ferrol<\/b><\/a><span style=\"font-weight: 400;\">, die haupts\u00e4chlich durch l\u00e4ndliche Gegenden f\u00fchren, bietet der Camino del Norte <\/span><b>Blick auf das Kantabrische Meer, Str\u00e4nde und Klippen<\/b><span style=\"font-weight: 400;\">. Diese N\u00e4he zur K\u00fcste sorgt f\u00fcr eine visuell bereichernde Erfahrung und eine besondere Verbindung zur Natur.<\/span><\/li>\n<\/ul>\n<p>&nbsp;<\/p>\n<ul>\n<li aria-level=\"1\"><b>Geringere Pilgeranzahl<\/b><span style=\"font-weight: 400;\">. Diese Route ist weniger frequentiert als andere, wie der <\/span><a href=\"https:\/\/www.mundiplus.com\/de\/caminos\/a-pie\/camino-ingles\/\"><b>Camino Ingl\u00e9s<\/b><\/a><span style=\"font-weight: 400;\">. Diese geringere Zahl an Pilgern erm\u00f6glicht eine ruhigere und pers\u00f6nlichere Erfahrung, ideal f\u00fcr diejenigen, die w\u00e4hrend ihrer Pilgerreise Introspektion und Momente der Einsamkeit suchen.<\/span><\/li>\n<\/ul>\n<p>&nbsp;<\/p>\n<ul>\n<li aria-level=\"1\"><b>Kultureller und gastronomischer Reichtum. <\/b><span style=\"font-weight: 400;\">Entlang des Camino del Norte durchqueren Pilger Regionen mit einer tiefen kulturellen und gastronomischen Tradition, wie das Baskenland, Kantabrien und Asturien. Dies steht im Gegensatz zur <\/span><a href=\"https:\/\/www.mundiplus.com\/de\/caminos\/a-pie\/camino-finisterre\/camino-de-santiago-a-finisterre\/\"><b>Route nach Finisterre<\/b><\/a><span style=\"font-weight: 400;\">, die nicht die gleiche regionale Vielfalt auf so kurzem Weg bietet.<\/span><\/li>\n<\/ul>\n<p>&nbsp;<\/p>\n<ul>\n<li aria-level=\"1\"><b>Moderate k\u00f6rperliche Herausforderung<\/b><span style=\"font-weight: 400;\">. Im Vergleich zu den <\/span><a href=\"https:\/\/www.mundiplus.com\/de\/caminos\/a-pie\/camino-primitivo\/\"><b>Etappen des Camino Primitivo<\/b><\/a><span style=\"font-weight: 400;\">, die aufgrund des bergigen Gel\u00e4ndes und steilen Anstiegen bekannt f\u00fcr ihre Anforderungen sind, bietet der Camino del Norte eine moderate k\u00f6rperliche Herausforderung. Obwohl es einige anspruchsvolle Etappen gibt, sind die H\u00f6hen und Schwierigkeitsgrade im Allgemeinen geringer, wodurch der Weg f\u00fcr eine breite Palette von Pilgern zug\u00e4nglich ist.<\/span><\/li>\n<\/ul>\n<p>&nbsp;<\/p>\n<ul>\n<li aria-level=\"1\"><b>Infrastruktur und Dienstleistungen<\/b><span style=\"font-weight: 400;\">. Der Camino del Norte hat in den letzten Jahren seine Infrastruktur verbessert und bietet eine Vielzahl an Unterk\u00fcnften und Dienstleistungen f\u00fcr Pilger. Obwohl er nicht die gleiche Dichte an Optionen wie der <\/span><a href=\"https:\/\/www.mundiplus.com\/de\/caminos\/a-pie\/camino-frances\/camino-de-santiago-desde-o-cebreiro\/\"><b>Camino von O Cebreiro nach Santiago<\/b><\/a><span style=\"font-weight: 400;\"> erreicht, erm\u00f6glicht er eine flexible Planung und Komfort w\u00e4hrend der Reise.<\/span><\/li>\n<\/ul>\n<p>&nbsp;<\/p>\n<p><b>Verbindungen mit anderen Routen<\/b><span style=\"font-weight: 400;\">. Der Camino del Norte bietet die M\u00f6glichkeit, mit anderen Jakobswegen zu verbinden, wie dem Camino Primitivo in Oviedo. Dies erm\u00f6glicht es den Pilgern, ihre Route je nach Interesse und verf\u00fcgbarer Zeit anzupassen. Diese Flexibilit\u00e4t ist nicht so h\u00e4ufig auf lineareren Routen wie dem Camino Ingl\u00e9s.<\/span><\/p>\n<p>&nbsp;<\/p>\n<h2><b>Was in Ir\u00fan zu sehen ist<\/b><\/h2>\n<p><img decoding=\"async\" class=\"alignnone wp-image-115291 size-full\" src=\"https:\/\/www.mundiplus.com\/wp-content\/uploads\/2024\/12\/Isla-de-los-Faisanes-Mundiplus.jpg\" alt=\"\" width=\"1024\" height=\"768\" srcset=\"https:\/\/www.mundiplus.com\/wp-content\/uploads\/2024\/12\/Isla-de-los-Faisanes-Mundiplus.jpg 1024w, https:\/\/www.mundiplus.com\/wp-content\/uploads\/2024\/12\/Isla-de-los-Faisanes-Mundiplus-300x225.jpg 300w, https:\/\/www.mundiplus.com\/wp-content\/uploads\/2024\/12\/Isla-de-los-Faisanes-Mundiplus-768x576.jpg 768w, https:\/\/www.mundiplus.com\/wp-content\/uploads\/2024\/12\/Isla-de-los-Faisanes-Mundiplus-600x450.jpg 600w\" sizes=\"(max-width: 1024px) 100vw, 1024px\" \/><\/p>\n<p><span style=\"font-weight: 400;\">Im Folgenden sind einige der wichtigsten Sehensw\u00fcrdigkeiten aufgef\u00fchrt, die jeder Besucher kennen sollte:<\/span><\/p>\n<p>&nbsp;<\/p>\n<h3><b>Ermita de Santa Elena<\/b><\/h3>\n<p><span style=\"font-weight: 400;\">Die Ermita de Santa Elena, im <\/span><b>historischen Zentrum<\/b><span style=\"font-weight: 400;\"> gelegen, ist ein Ort von gro\u00dfer arch\u00e4ologischer und spiritueller Bedeutung. Bei der Errichtung wurden <\/span><b>Reste eines r\u00f6mischen Tempels und einer Nekropole<\/b><span style=\"font-weight: 400;\"> gefunden, was die historische Bedeutung der Region verdeutlicht. <\/span><\/p>\n<p><span style=\"font-weight: 400;\">Die heutige Ermita, im <\/span><b>gotischen Stil<\/b><span style=\"font-weight: 400;\"> erbaut, beherbergt eine Statue von Santa Elena und ist ein Halt f\u00fcr Pilger auf dem Jakobsweg.<\/span><\/p>\n<p>&nbsp;<\/p>\n<h3><b>Naturschutzgebiet Pe\u00f1as de Aia (Aiako Harria)<\/b><\/h3>\n<p><img decoding=\"async\" class=\"alignnone wp-image-115285 size-full\" src=\"https:\/\/www.mundiplus.com\/wp-content\/uploads\/2024\/12\/Parque-Natural-de-Penas-de-Aia-Mundiplus.jpg\" alt=\"\" width=\"1024\" height=\"664\" srcset=\"https:\/\/www.mundiplus.com\/wp-content\/uploads\/2024\/12\/Parque-Natural-de-Penas-de-Aia-Mundiplus.jpg 1024w, https:\/\/www.mundiplus.com\/wp-content\/uploads\/2024\/12\/Parque-Natural-de-Penas-de-Aia-Mundiplus-300x195.jpg 300w, https:\/\/www.mundiplus.com\/wp-content\/uploads\/2024\/12\/Parque-Natural-de-Penas-de-Aia-Mundiplus-768x498.jpg 768w, https:\/\/www.mundiplus.com\/wp-content\/uploads\/2024\/12\/Parque-Natural-de-Penas-de-Aia-Mundiplus-600x389.jpg 600w\" sizes=\"(max-width: 1024px) 100vw, 1024px\" \/><\/p>\n<p><span style=\"font-weight: 400;\">Dieses Naturschutzgebiet ist das <\/span><b>einzige granitische Massiv in Gipuzkoa<\/b><span style=\"font-weight: 400;\"> und erstreckt sich \u00fcber die Gemeinden Ir\u00fan, Oiartzun und Hernani. Mit seinen beeindruckenden Felsformationen, \u00fcppigen W\u00e4ldern und Wanderwegen ist es ein Paradies f\u00fcr Naturliebhaber. <\/span><\/p>\n<p><span style=\"font-weight: 400;\">Von seinen Gipfeln aus kann man einen panoramischen Blick auf die Umgebung genie\u00dfen, einschlie\u00dflich der <\/span><b>Bucht von Txingudi und den Pyren\u00e4en<\/b><span style=\"font-weight: 400;\">. Zudem beherbergt der Park eine <\/span><b>reiche Biodiversit\u00e4t<\/b><span style=\"font-weight: 400;\"> und ist Heimat vieler Pflanzen- und Tierarten.<\/span><\/p>\n<p>&nbsp;<\/p>\n<h3><b>Isla de los Faisanes<\/b><\/h3>\n<p><span style=\"font-weight: 400;\">Diese kleine Insel im Fluss Bidasoa ist bekannt als das <\/span><b>kleinste Kondominium der Welt<\/b><span style=\"font-weight: 400;\">, das gemeinsam von Spanien und Frankreich verwaltet wird. Historisch gesehen war es der Ort, an dem im Jahr <\/span><b>1659 der Pyren\u00e4envertrag<\/b><span style=\"font-weight: 400;\"> unterzeichnet wurde, der den Krieg zwischen den beiden L\u00e4ndern beendete. <\/span><\/p>\n<p><span style=\"font-weight: 400;\">Obwohl <\/span><b>der Zugang zur Insel eingeschr\u00e4nkt ist<\/b><span style=\"font-weight: 400;\">, kann man sie von den Ufern des Flusses aus bewundern und ihre historische und diplomatische Bedeutung w\u00fcrdigen.<\/span><\/p>\n<p>&nbsp;<\/p>\n<h3><b>Palacio de Urdanibia<\/b><\/h3>\n<p><span style=\"font-weight: 400;\">Dieses <\/span><b>renaissancezeitliche Geb\u00e4ude<\/b><span style=\"font-weight: 400;\"> ist ein Beispiel f\u00fcr das architektonische Erbe der Stadt. Es wurde im <\/span><b>17. Jahrhundert<\/b><span style=\"font-weight: 400;\"> erbaut und zeichnet sich durch seine Steinfassade und dekorativen Details aus. Im Laufe der Jahre hat es <\/span><b>verschiedene Funktionen<\/b><span style=\"font-weight: 400;\"> erf\u00fcllt und ist heute ein Symbol des historischen Erbes der Stadt. <\/span><\/p>\n<p><span style=\"font-weight: 400;\">Seine Lage in einer nat\u00fcrlichen Umgebung verleiht ihm zus\u00e4tzlichen Charme f\u00fcr Besucher, die sich f\u00fcr Geschichte und Architektur interessieren.<\/span><\/p>\n<p>&nbsp;<\/p>\n<h3><b>Parque ecol\u00f3gico de Plaiaundi<\/b><\/h3>\n<p><span style=\"font-weight: 400;\">Dieser Naturpark, der sich an der <\/span><b>M\u00fcndung des Flusses Bidasoa<\/b><span style=\"font-weight: 400;\"> befindet, ist ein wichtiger Punkt f\u00fcr <\/span><b>die Beobachtung von Zugv\u00f6geln<\/b><span style=\"font-weight: 400;\">. Mit einer breiten Vielfalt an Tieren und Pflanzen bietet er Wanderwege und Aussichtspunkte, die es den Besuchern erm\u00f6glichen, die einzigartige Biodiversit\u00e4t und Landschaft der Region zu genie\u00dfen. Es ist der ideale Ort f\u00fcr ruhige Spazierg\u00e4nge und um inmitten der Stadt mit der Natur in Kontakt zu treten.<\/span><\/p>\n<p>&nbsp;<\/p>\n<h3><b>Museo Romano Oiasso<\/b><\/h3>\n<p><span style=\"font-weight: 400;\">Dieses arch\u00e4ologische Museum zeigt die <\/span><b>Funde aus der antiken r\u00f6mischen Stadt Oiasso<\/b><span style=\"font-weight: 400;\">. Durch seine Ausstellungen k\u00f6nnen Besucher das allt\u00e4gliche Leben, den Handel und die Br\u00e4uche der r\u00f6mischen Zeit in der Region kennenlernen. Das Museum bietet auch Aktivit\u00e4ten und Bildungsworkshops an und ist ein Muss f\u00fcr alle, die sich f\u00fcr antike Geschichte interessieren.<\/span><\/p>\n<p>&nbsp;<\/p>\n<h3><b>Iglesia de Nuestra Se\u00f1ora del Juncal<\/b><\/h3>\n<p><span style=\"font-weight: 400;\">Diese Kirche wurde im <\/span><b>16. Jahrhundert<\/b><span style=\"font-weight: 400;\"> erbaut und ist eine der \u00e4ltesten religi\u00f6sen St\u00e4tten in Ir\u00fan. Sie besticht durch ihre <\/span><b>gotische Architektur<\/b><span style=\"font-weight: 400;\"> und beherbergt im Inneren eine Statue der Virgen del Juncal, der Schutzpatronin der Stadt, die aus dem <\/span><b>12. Jahrhundert<\/b><span style=\"font-weight: 400;\"> stammt. <\/span><\/p>\n<p><span style=\"font-weight: 400;\">K\u00fcrzlich wurde der Kirchturm der Kirche f\u00fcr die \u00d6ffentlichkeit zug\u00e4nglich gemacht. Nach dem Aufstieg der 167 Stufen k\u00f6nnen die Besucher einen beeindruckenden <\/span><b>Blick auf die Bucht von Txingudi<\/b><span style=\"font-weight: 400;\"> und die umliegenden Berge genie\u00dfen.<\/span><\/p>\n<p>&nbsp;<\/p>\n<h3><b>Plaza de San Juan und Ayuntamiento de Ir\u00fan<\/b><\/h3>\n<p><span style=\"font-weight: 400;\">Der <\/span><b>Plaza de San Juan<\/b><span style=\"font-weight: 400;\"> ist das Herzst\u00fcck der Stadt und ein Treffpunkt f\u00fcr die Einheimischen. Hier befindet sich das <\/span><b>Rathaus<\/b><span style=\"font-weight: 400;\">, ein markantes Geb\u00e4ude, das im Laufe der Geschichte von Ir\u00fan Zeuge wichtiger Ereignisse war. Der Platz dient auch als Veranstaltungsort f\u00fcr zahlreiche kulturelle und festliche Aktivit\u00e4ten, besonders w\u00e4hrend der lokalen Feierlichkeiten.<\/span><\/p>\n<p>&nbsp;<\/p>\n<h3><b>Paseo de Col\u00f3n<\/b><\/h3>\n<p><span style=\"font-weight: 400;\">Diese Stra\u00dfe ist eine der <\/span><b>Hauptverkehrsadern<\/b><span style=\"font-weight: 400;\"> der Stadt und bekannt f\u00fcr ihre Gesch\u00e4fte, Caf\u00e9s und lebendige Atmosph\u00e4re. Sie ist ein idealer Ort zum Spazierengehen, Einkaufen und um die lokale Gastronomie in den zahlreichen Restaurants zu genie\u00dfen. Auch w\u00e4hrend des Jahres finden hier Veranstaltungen und M\u00e4rkte statt, was den Paseo de Col\u00f3n zu einem zentralen Punkt des urbanen Lebens macht.<\/span><\/p>\n<p>&nbsp;<\/p>\n<h3><b>Puente Internacional de Santiago<\/b><\/h3>\n<p><span style=\"font-weight: 400;\">Diese Br\u00fccke <\/span><b>verbindet Ir\u00fan mit der franz\u00f6sischen Stadt Hendaye<\/b><span style=\"font-weight: 400;\"> und symbolisiert die Verbindung zwischen Spanien und Frankreich. Sie ist ein bedeutender Grenz\u00fcbergang, sowohl historisch als auch aktuell, und bietet malerische Ausblicke auf den Fluss Bidasoa. \u00dcber die Br\u00fccke zu gehen, erm\u00f6glicht es den Besuchern, innerhalb weniger Minuten zwischen zwei Kulturen und Landschaften zu wechseln.<\/span><\/p>\n<p>&nbsp;<\/p>\n<h2><b>Lokale Gastronomie<\/b><\/h2>\n<p><span style=\"font-weight: 400;\">Die K\u00fcche von Ir\u00fan spiegelt die reiche gastronomische Tradition des Baskenlandes wider. Besucher k\u00f6nnen typische Gerichte wie <\/span><b>Fischmarmite und Tintenfisch in seiner Tinte<\/b><span style=\"font-weight: 400;\"> genie\u00dfen. <\/span> <span style=\"font-weight: 400;\">Dar\u00fcber hinaus ist die Stadt bekannt f\u00fcr ihre Pintxos, kleine K\u00f6stlichkeiten, die in den Bars der Innenstadt serviert werden und eine einzigartige kulinarische Erfahrung bieten.<\/span><\/p>\n<p>&nbsp;<\/p>\n<h2><b>Lokale Feste<\/b><\/h2>\n<p><span style=\"font-weight: 400;\">Ir\u00fan feiert im Laufe des Jahres zahlreiche Feste, von denen die wichtigsten die <\/span><b>Fiestas de San Pedro y San Marcial<\/b><span style=\"font-weight: 400;\"> sind, die am 29. und 30. Juni stattfinden. Diese Feierlichkeiten beinhalten Paraden, Musik und kulturelle Veranstaltungen, die die lokalen Traditionen widerspiegeln.<\/span><\/p>\n<p><span style=\"font-weight: 400;\">W\u00e4hrend der Weihnachtszeit bietet die Stadt ein umfangreiches Programm mit Aktivit\u00e4ten f\u00fcr alle Altersgruppen, darunter Weihnachtsm\u00e4rkte, Eislaufbahnen und Stra\u00dfenshows.<\/span><\/p>\n","protected":false},"excerpt":{"rendered":"<p>Ir\u00fan, gelegen an der Grenze zu Frankreich, dient als Ausgangspunkt f\u00fcr Pilger, die den Camino del Norte beginnen. Von seinen Urspr\u00fcngen als r\u00f6mische Siedlung, bekannt als Oiasso, bis hin zu seiner Rolle als Ausgangspunkt einer der spektakul\u00e4rsten Routen des Jakobswegs, vereint Ir\u00fan Geschichte, Kultur und Natur. Ir\u00fan ist nicht nur ein Durchgangsort, sondern der Ursprung [&hellip;]<\/p>\n","protected":false},"author":1,"featured_media":115300,"comment_status":"open","ping_status":"open","sticky":false,"template":"","format":"standard","meta":{"footnotes":""},"categories":[572,600,576],"tags":[],"class_list":["post-115420","post","type-post","status-publish","format-standard","has-post-thumbnail","hentry","category-blog-des-weges","category-villages-et-regions-de","category-zu-fus-gehen"],"_links":{"self":[{"href":"https:\/\/www.mundiplus.com\/de\/wp-json\/wp\/v2\/posts\/115420","targetHints":{"allow":["GET"]}}],"collection":[{"href":"https:\/\/www.mundiplus.com\/de\/wp-json\/wp\/v2\/posts"}],"about":[{"href":"https:\/\/www.mundiplus.com\/de\/wp-json\/wp\/v2\/types\/post"}],"author":[{"embeddable":true,"href":"https:\/\/www.mundiplus.com\/de\/wp-json\/wp\/v2\/users\/1"}],"replies":[{"embeddable":true,"href":"https:\/\/www.mundiplus.com\/de\/wp-json\/wp\/v2\/comments?post=115420"}],"version-history":[{"count":0,"href":"https:\/\/www.mundiplus.com\/de\/wp-json\/wp\/v2\/posts\/115420\/revisions"}],"wp:featuredmedia":[{"embeddable":true,"href":"https:\/\/www.mundiplus.com\/de\/wp-json\/wp\/v2\/media\/115300"}],"wp:attachment":[{"href":"https:\/\/www.mundiplus.com\/de\/wp-json\/wp\/v2\/media?parent=115420"}],"wp:term":[{"taxonomy":"category","embeddable":true,"href":"https:\/\/www.mundiplus.com\/de\/wp-json\/wp\/v2\/categories?post=115420"},{"taxonomy":"post_tag","embeddable":true,"href":"https:\/\/www.mundiplus.com\/de\/wp-json\/wp\/v2\/tags?post=115420"}],"curies":[{"name":"wp","href":"https:\/\/api.w.org\/{rel}","templated":true}]}}