{"id":115557,"date":"2021-02-18T09:52:49","date_gmt":"2021-02-18T09:52:49","guid":{"rendered":"https:\/\/www.mundiplus.com\/jakobsweg-mit-kindern\/"},"modified":"2021-02-18T09:52:49","modified_gmt":"2021-02-18T09:52:49","slug":"jakobsweg-mit-kindern","status":"publish","type":"post","link":"https:\/\/www.mundiplus.com\/de\/blog\/jakobsweg-mit-kindern\/","title":{"rendered":"Jakobsweg mit Kindern"},"content":{"rendered":"<p>Es gibt viele Menschen, die den <strong><a href=\"https:\/\/www.mundiplus.com\/de\/\" target=\"_blank\" rel=\"noopener\">organisierten Jakobsweg<\/a> mit Kindern<\/strong> gehen m\u00f6chten, die ganze Familie geht gemeinsam in Richtung Santiago de Compostela. Eine Gelegenheit, uns noch besser in einer anderen Umgebung und mit einem gemeinsamen Ziel kennenzulernen. In vielen F\u00e4llen sind die Kinder minderj\u00e4hrig und m\u00f6chten diese wunderbare Erfahrung mit ihren Eltern genie\u00dfen.<\/p>\n<p>Anstrengung, Gro\u00dfz\u00fcgigkeit, Spa\u00df, Respekt vor der Natur und Liebe werden unsere Reisebegleiter auf diesem Jakobsweg mit der Familie sein. Werte und Gef\u00fchle werden auf dem Weg intensiver und in einer k\u00fcrzeren Zeitspanne als im t\u00e4glichen Leben hervortreten. Es wird also eine sch\u00f6ne Pr\u00fcfung f\u00fcr die ganze Familie sein, um gemeinsam zu wachsen und die emotionalen Bindungen zu st\u00e4rken.<\/p>\n<div class=\"mp-box mp-box--check\">\n<p>Mehr Zeit miteinander in der Natur, fernab von der Routine und der Arbeitslast, wird die beste Belohnung f\u00fcr alle sein!!<\/p>\n<\/div>\n<h2>WELCHE ALTERSGRUPPE IST F\u00dcR DEN JAKOBSWEG MIT KINDERN GEEIGNET?<\/h2>\n<p>Wenn ihr unsere h\u00e4ufig gestellten Fragen gelesen habt, sagen wir immer, dass es kein bestimmtes Alter gibt, um den Jakobsweg zu gehen, obwohl ein empfohlenes Alter etwa 3 Jahre w\u00e4re, da j\u00fcngere Kinder mehr Aufmerksamkeit der Eltern ben\u00f6tigen: Fl\u00e4schchen, Windelwechsel&#8230; was den Jakobsweg noch anstrengender machen kann. Auch wenn das Kind bereits l\u00e4uft und zumindest bis zu einem Alter von 6 Jahren ist es empfehlenswert, einen Wagen mit Gel\u00e4ndereifen mitzunehmen, falls das Kind m\u00fcde wird.<\/p>\n<h2>PROBLEME BEIM GEHEN?<\/h2>\n<p>Die erste Frage, die uns Eltern stellen, bevor sie die Reise zum Jakobsweg mit Kindern organisieren, ist, ob ihre Kinder in der Lage sind, die Kilometer jeder Etappe zu bew\u00e4ltigen. Und wir antworten immer, dass es, im Gegensatz zu dem, was viele Eltern denken, oft so ist, dass Kinder viel besser und ohne sich \u00fcber M\u00fcdigkeit zu beschweren gehen, im Gegensatz zu vielen Erwachsenen. Nat\u00fcrlich ist jedes Kind anders, und es kann m\u00fcde werden. Deshalb habt ihr auf eurem Jakobsweg mit der Familie jederzeit, von Beginn bis Ende der Reise, unsere <strong>Aufmerksamkeit und Unterst\u00fctzung mit einem Fahrzeug f\u00fcr Notf\u00e4lle oder bei M\u00fcdigkeit<\/strong>, falls ihr sie ben\u00f6tigt. So k\u00f6nnt ihr die t\u00e4glichen Etappen mit absoluter Ruhe und Sicherheit bew\u00e4ltigen.<\/p>\n<p><img fetchpriority=\"high\" decoding=\"async\" class=\"alignnone size-medium wp-image-21509\" src=\"https:\/\/www.mundiplus.com\/wp-content\/uploads\/2024\/04\/Camino-de-Santiago-con-ninos-scaled.jpg\" alt=\"Camino de Santiago en familia\" width=\"300\" height=\"200\" \/><\/p>\n<h2>WELCHE ROUTE EMPFEHLEN WIR?<\/h2>\n<p>Wenn es eure erste Erfahrung mit dem Jakobsweg mit Kindern ist, haben wir die Etappen des <a href=\"https:\/\/www.mundiplus.com\/de\/caminos\/a-pie\/camino-frances\/sarria-santiago-etapas-cortas\" target=\"_blank\" rel=\"noopener\">Jakobswegs von Sarria nach Santiago<\/a> (die beliebteste Route) angepasst, mit k\u00fcrzeren Etappen als \u00fcblich, die wir f\u00fcr einen der besten Einstiegspunkte in den &#8222;Weg der Sterne&#8220; halten, da er hervorragend beschildert ist, eine flache Topographie hat und das Gel\u00e4nde keine gro\u00dfen H\u00f6henunterschiede aufweist. Laut Statistik ist dies der <a href=\"https:\/\/www.mundiplus.com\/de\/caminos\/a-pie\" target=\"_blank\" rel=\"noopener\">am meisten frequentierte Jakobsweg<\/a> von Pilgern aus aller Welt, sodass ihr euch jederzeit begleitet f\u00fchlen werdet.<\/p>\n<p>Wenn ihr jedoch denkt, dass diese Route nicht euren Bed\u00fcrfnissen entspricht, kann sie in jedem Aspekt angepasst werden, den ihr uns anfragt, und der t\u00e4gliche Kilometerumfang kann weiter reduziert werden, um eure speziellen W\u00fcnsche zu erf\u00fcllen. Wenn ihr Wiederholer seid, nehmt Kontakt mit uns auf, und wir passen eine andere unserer Routen an eure Bed\u00fcrfnisse an. Wenn eure Kinder \u00e4lter sind und ihr denkt, dass es keine Probleme mit den \u00fcblichen Etappen gibt, k\u00f6nnt ihr immer noch den <a href=\"https:\/\/www.mundiplus.com\/de\/caminos\/a-pie\/camino-frances\/camino-de-santiago-desde-sarria\" target=\"_blank\" rel=\"noopener\">Jakobsweg von Sarria aus<\/a> gehen.<\/p>\n<p>Mit dieser speziell angepassten Route des <a href=\"https:\/\/www.mundiplus.com\/de\/caminos\/a-pie\/camino-frances\" target=\"_blank\" rel=\"noopener\">Camino Franc\u00e9s<\/a>, die f\u00fcr alle geeignet ist, habt ihr die M\u00f6glichkeit, das ber\u00fchmte &#8222;Compostela&#8220;-Zertifikat bei eurer Ankunft in Santiago de Compostela zu erhalten, wenn ihr dies w\u00fcnscht.<\/p>\n<p>Es ist eine Route, die euch viele Dienstleistungen und Infrastrukturen in jeder Etappe bietet, um jede Art von Bed\u00fcrfnis zu erf\u00fcllen, das w\u00e4hrend eures Alltags auftritt.<\/p>\n<h2>PHYSISCHE VORBEREITUNG<\/h2>\n<p>Ob ihr Erwachsene oder Kinder seid, oder ob ihr k\u00f6rperliche Einschr\u00e4nkungen habt, es ist ratsam und sehr empfehlenswert, dass wir unseren K\u00f6rper und unsere Muskeln auf die kommenden Wanderungen vorbereiten. Hier sind einige kleine <a href=\"https:\/\/www.mundiplus.com\/de\/blog\/preparacion-fisica-para-el-camino-de-santiago\" target=\"_blank\" rel=\"noopener\">Tipps f\u00fcr unser Training<\/a>, bevor wir unsere organisierte Reise auf dem Jakobsweg beginnen.<\/p>\n<p>&nbsp;<\/p>\n<div>\n<h3 style=\"text-align: center;\">SPEZIELLE RABATTE F\u00dcR FAMILIEN. KONTAKTIERT UNS!<\/h3>\n<\/div>\n<p>&nbsp;<\/p>\n","protected":false},"excerpt":{"rendered":"<p>Es gibt viele Menschen, die den organisierten Jakobsweg mit Kindern gehen m\u00f6chten, die ganze Familie geht gemeinsam in Richtung Santiago de Compostela. Eine Gelegenheit, uns noch besser in einer anderen Umgebung und mit einem gemeinsamen Ziel kennenzulernen. In vielen F\u00e4llen sind die Kinder minderj\u00e4hrig und m\u00f6chten diese wunderbare Erfahrung mit ihren Eltern genie\u00dfen. Anstrengung, Gro\u00dfz\u00fcgigkeit, [&hellip;]<\/p>\n","protected":false},"author":1,"featured_media":82152,"comment_status":"open","ping_status":"open","sticky":false,"template":"","format":"standard","meta":{"footnotes":""},"categories":[572,568],"tags":[],"class_list":["post-115557","post","type-post","status-publish","format-standard","has-post-thumbnail","hentry","category-blog-des-weges","category-korperliche-konditionierung"],"_links":{"self":[{"href":"https:\/\/www.mundiplus.com\/de\/wp-json\/wp\/v2\/posts\/115557","targetHints":{"allow":["GET"]}}],"collection":[{"href":"https:\/\/www.mundiplus.com\/de\/wp-json\/wp\/v2\/posts"}],"about":[{"href":"https:\/\/www.mundiplus.com\/de\/wp-json\/wp\/v2\/types\/post"}],"author":[{"embeddable":true,"href":"https:\/\/www.mundiplus.com\/de\/wp-json\/wp\/v2\/users\/1"}],"replies":[{"embeddable":true,"href":"https:\/\/www.mundiplus.com\/de\/wp-json\/wp\/v2\/comments?post=115557"}],"version-history":[{"count":0,"href":"https:\/\/www.mundiplus.com\/de\/wp-json\/wp\/v2\/posts\/115557\/revisions"}],"wp:featuredmedia":[{"embeddable":true,"href":"https:\/\/www.mundiplus.com\/de\/wp-json\/wp\/v2\/media\/82152"}],"wp:attachment":[{"href":"https:\/\/www.mundiplus.com\/de\/wp-json\/wp\/v2\/media?parent=115557"}],"wp:term":[{"taxonomy":"category","embeddable":true,"href":"https:\/\/www.mundiplus.com\/de\/wp-json\/wp\/v2\/categories?post=115557"},{"taxonomy":"post_tag","embeddable":true,"href":"https:\/\/www.mundiplus.com\/de\/wp-json\/wp\/v2\/tags?post=115557"}],"curies":[{"name":"wp","href":"https:\/\/api.w.org\/{rel}","templated":true}]}}