{"id":115627,"date":"2025-01-06T18:43:24","date_gmt":"2025-01-06T18:43:24","guid":{"rendered":"https:\/\/www.mundiplus.com\/?p=115627"},"modified":"2025-01-07T12:54:35","modified_gmt":"2025-01-07T12:54:35","slug":"beruehmte-menschen-die-den-jakobsweg-gegangen-sind-wer-sind-sie-und-warum-haben-sie-es-getan","status":"publish","type":"post","link":"https:\/\/www.mundiplus.com\/de\/beruhmte-menschen-die-den-jakobsweg-gegangen-sind\/","title":{"rendered":"Ber\u00fchmte Menschen, die den Jakobsweg gegangen sind: Wer sind sie und warum haben sie es getan?"},"content":{"rendered":"<p><img fetchpriority=\"high\" decoding=\"async\" class=\"alignnone wp-image-115522 size-full\" src=\"https:\/\/www.mundiplus.com\/wp-content\/uploads\/2024\/12\/Juan-Pablo-II-Mundiplus.jpg\" alt=\"\" width=\"1024\" height=\"683\" srcset=\"https:\/\/www.mundiplus.com\/wp-content\/uploads\/2024\/12\/Juan-Pablo-II-Mundiplus.jpg 1024w, https:\/\/www.mundiplus.com\/wp-content\/uploads\/2024\/12\/Juan-Pablo-II-Mundiplus-300x200.jpg 300w, https:\/\/www.mundiplus.com\/wp-content\/uploads\/2024\/12\/Juan-Pablo-II-Mundiplus-768x512.jpg 768w, https:\/\/www.mundiplus.com\/wp-content\/uploads\/2024\/12\/Juan-Pablo-II-Mundiplus-600x400.jpg 600w\" sizes=\"(max-width: 1024px) 100vw, 1024px\" \/><\/p>\n<p><span style=\"font-weight: 400;\">Die Geschichte des Jakobswegs ist voller inspirierender Erz\u00e4hlungen und ber\u00fchmter Pers\u00f6nlichkeiten, die sich entschieden haben, diese Reise zu unternehmen. K\u00f6nige, P\u00e4pste, K\u00fcnstler und Schriftsteller \u2013 jeder von ihnen fand in dieser Route einen pers\u00f6nlichen Grund, um die Pilgerreise zu machen.<\/span><\/p>\n<p><span style=\"font-weight: 400;\">Was bringt eine \u00f6ffentliche Figur dazu, \u00fcber Pfade zu wandern, die seit Jahrhunderten begangen werden? Ist es die Suche nach innerem Frieden, die Verbindung zur Natur oder einfach das Abenteuer? Im Folgenden erfahren wir, <\/span><b>wer diese ber\u00fchmten Pilger sind<\/b><span style=\"font-weight: 400;\"> und die Gr\u00fcnde hinter ihrer Reise.<\/span><\/p>\n<p>&nbsp;<\/p>\n<h2><b>Die Pilgerreise auf dem Jakobsweg<\/b><\/h2>\n<p><span style=\"font-weight: 400;\">Die <\/span><a href=\"https:\/\/www.mundiplus.com\/de\/\"><b>Pilgerreise auf dem Jakobsweg<\/b><\/a><span style=\"font-weight: 400;\"> hat im Laufe der Geschichte Millionen von Besuchern angezogen. Diese alte spirituelle Reise kann sowohl eine k\u00f6rperliche Erfahrung als auch eine emotionale und reflektierende Reise sein.<\/span><\/p>\n<ul>\n<li style=\"font-weight: 400;\" aria-level=\"1\"><span style=\"font-weight: 400;\">Einige haben sich entschieden, den <\/span><a href=\"https:\/\/www.mundiplus.com\/de\/caminos\/a-pie\/camino-primitivo\/\"><b>ganzen Camino Primitivo<\/b><\/a><span style=\"font-weight: 400;\"> zu gehen, einer der \u00e4ltesten und authentischsten Wege.<\/span><\/li>\n<li style=\"font-weight: 400;\" aria-level=\"1\"><span style=\"font-weight: 400;\">Andere haben ihre <\/span><a href=\"https:\/\/www.mundiplus.com\/de\/caminos\/a-pie\/camino-finisterre\/camino-de-santiago-a-finisterre\/\"><b>Erfahrungen in Finisterre<\/b><\/a><span style=\"font-weight: 400;\"> geteilt, dem westlichsten Punkt der Iberischen Halbinsel, wo viele Pilger das Gef\u00fchl haben, dass ihre Reise endet.<\/span><\/li>\n<li style=\"font-weight: 400;\" aria-level=\"1\"><span style=\"font-weight: 400;\">Der <\/span><a href=\"https:\/\/www.mundiplus.com\/de\/caminos\/a-pie\/camino-ingles\/camino-de-santiago-desde-ferrol\/\"><b>Weg von Ferrol<\/b><\/a><span style=\"font-weight: 400;\"> hat besonders unter den <\/span><a href=\"https:\/\/www.mundiplus.com\/de\/caminos\/a-pie\/camino-ingles\/\"><b>Pilgern auf dem Camino Ingl\u00e9s<\/b><\/a><span style=\"font-weight: 400;\"> an Popularit\u00e4t gewonnen, die eine weniger \u00fcberlaufene, aber dennoch bereichernde Erfahrung suchen.<\/span><\/li>\n<li style=\"font-weight: 400;\" aria-level=\"1\"><span style=\"font-weight: 400;\">Die <\/span><a href=\"https:\/\/www.mundiplus.com\/de\/caminos\/a-pie\/camino-frances\/camino-de-santiago-desde-o-cebreiro\/\"><b>Geschichten des Camino Franc\u00e9s<\/b><\/a><span style=\"font-weight: 400;\"> sind vielleicht die bekanntesten, voll von Erz\u00e4hlungen \u00fcber pers\u00f6nliche Transformation und Entdeckung.<\/span><\/li>\n<\/ul>\n<p>&nbsp;<\/p>\n<h2><b>Ber\u00fchmte Pilger: Ein Blick auf historische Pilger<\/b><\/h2>\n<p><span style=\"font-weight: 400;\">Im Laufe der Geschichte haben bemerkenswerte Pers\u00f6nlichkeiten den Jakobsweg begangen und ihre Spuren auf dieser jahrtausendealten Route hinterlassen.<\/span><\/p>\n<p><span style=\"font-weight: 400;\">Dazu geh\u00f6ren die <\/span><b>Katholischen K\u00f6nige<\/b><span style=\"font-weight: 400;\">, Isabella I. von Kastilien und Ferdinand II. von Aragonien, die ihre Pilgerreise im <\/span><b>Jahr 1486<\/b><span style=\"font-weight: 400;\"> unternahmen. Diese Reise hatte eine spirituelle Bedeutung und f\u00fchrte zur Gr\u00fcndung eines <\/span><b>Hospitals f\u00fcr Pilger und dem Wiederaufbau der Kirche von Santa Mar\u00eda do Cebreiro<\/b><span style=\"font-weight: 400;\">. Ihr Besuch hinterlie\u00df ein Erbe in der Infrastruktur, die heute noch den Wanderern zugutekommt.<\/span><\/p>\n<p><span style=\"font-weight: 400;\">Ein weiterer bedeutender Pilger war <\/span><b>Johannes Paul II.<\/b><span style=\"font-weight: 400;\">. Er wurde 1982 der erste Pilgerpapst, als er Santiago besuchte und erneut 1989. Seine Pr\u00e4senz belebte die Popularit\u00e4t der Route in den 80er Jahren und lenkte die weltweite Aufmerksamkeit auf diese Tradition.<\/span><\/p>\n<p><span style=\"font-weight: 400;\">Diese Monarchen und religi\u00f6sen F\u00fchrer trugen zur Geschichte der Route bei und inspirierten andere, ihren Spuren zu folgen. Sie f\u00f6rderten eine Wiederbelebung des Interesses an diesem alten Pilgerweg, der auch heute noch jedes Jahr Tausende von Menschen anzieht.<\/span><\/p>\n<p>&nbsp;<\/p>\n<h2><b>Prominente der Gegenwart, die den Jakobsweg gegangen sind<\/b><\/h2>\n<p><img decoding=\"async\" class=\"alignnone wp-image-115528 size-full\" src=\"https:\/\/www.mundiplus.com\/wp-content\/uploads\/2024\/12\/Shirley-McLaine-Mundiplus.jpg\" alt=\"\" width=\"1024\" height=\"683\" srcset=\"https:\/\/www.mundiplus.com\/wp-content\/uploads\/2024\/12\/Shirley-McLaine-Mundiplus.jpg 1024w, https:\/\/www.mundiplus.com\/wp-content\/uploads\/2024\/12\/Shirley-McLaine-Mundiplus-300x200.jpg 300w, https:\/\/www.mundiplus.com\/wp-content\/uploads\/2024\/12\/Shirley-McLaine-Mundiplus-768x512.jpg 768w, https:\/\/www.mundiplus.com\/wp-content\/uploads\/2024\/12\/Shirley-McLaine-Mundiplus-600x400.jpg 600w\" sizes=\"(max-width: 1024px) 100vw, 1024px\" \/><\/p>\n<p><span style=\"font-weight: 400;\">In j\u00fcngerer Zeit haben Prominente wie <\/span><b>Paulo Coelho<\/b><span style=\"font-weight: 400;\"> und <\/span><b>Shirley MacLaine<\/b><span style=\"font-weight: 400;\"> ihre Erfahrungen auf diesem Weg geteilt, was zu seiner heutigen Popularit\u00e4t beigetragen hat.<\/span><\/p>\n<ul>\n<li style=\"font-weight: 400;\" aria-level=\"1\"><span style=\"font-weight: 400;\">Coelho absolvierte einen Teil der Reise im <\/span><b>Jahr 1986<\/b><span style=\"font-weight: 400;\">, eine Erfahrung, die ihn inspirierte, den Roman &#8222;<\/span><b>Der Pilger von Compostela<\/b><span style=\"font-weight: 400;\">&#8220; zu schreiben, in dem er die Suche nach Antworten und spiritueller Verbindung erz\u00e4hlt. Durch den Bericht k\u00f6nnen die Leser die Intensit\u00e4t seiner Reise und die Transformation, die er erlebte, nachvollziehen.<\/span><\/li>\n<li style=\"font-weight: 400;\" aria-level=\"1\"><span style=\"font-weight: 400;\">MacLaine hingegen machte die Reise im <\/span><b>Jahr 1994<\/b><span style=\"font-weight: 400;\"> und suchte eine tiefere spirituelle Verbindung und ein erneuertes Selbstbewusstsein. In dem Buch &#8222;<\/span><b>The Camino: A Journey of the Spirit<\/b><span style=\"font-weight: 400;\">&#8220; beschreibt sie, wie die Reise es ihr erm\u00f6glichte, \u00fcber das Leben und ihre \u00dcberzeugungen nachzudenken.<\/span><\/li>\n<\/ul>\n<p><span style=\"font-weight: 400;\">Die Suche nach pers\u00f6nlicher Inspiration ist ein gemeinsames Thema unter diesen zeitgen\u00f6ssischen Pilgern. Sie nutzen ihre Reisen, um nicht nur die physische Landschaft zu erkunden, sondern auch ihre eigene innere Welt. Dieses Ph\u00e4nomen hat dazu gef\u00fchrt, dass mehr Menschen Interesse an der Route finden, da sie das Potenzial als transformierende Reise erkennen, die \u00fcber das Physische hinausgeht.<\/span><\/p>\n<p>&nbsp;<\/p>\n<h2><b>Andere ber\u00fchmte Pilger<\/b><\/h2>\n<p><img decoding=\"async\" class=\"alignnone wp-image-115516 size-full\" src=\"https:\/\/www.mundiplus.com\/wp-content\/uploads\/2024\/12\/David-Beckham-Mundiplus.jpg\" alt=\"\" width=\"1024\" height=\"601\" srcset=\"https:\/\/www.mundiplus.com\/wp-content\/uploads\/2024\/12\/David-Beckham-Mundiplus.jpg 1024w, https:\/\/www.mundiplus.com\/wp-content\/uploads\/2024\/12\/David-Beckham-Mundiplus-300x176.jpg 300w, https:\/\/www.mundiplus.com\/wp-content\/uploads\/2024\/12\/David-Beckham-Mundiplus-768x451.jpg 768w, https:\/\/www.mundiplus.com\/wp-content\/uploads\/2024\/12\/David-Beckham-Mundiplus-600x352.jpg 600w\" sizes=\"(max-width: 1024px) 100vw, 1024px\" \/><\/p>\n<ul>\n<li aria-level=\"1\"><b>Anthony Quinn. <\/b><span style=\"font-weight: 400;\">Der legend\u00e4re Hollywood-Schauspieler, bekannt aus Filmen wie <\/span><i><span style=\"font-weight: 400;\">Zorba der Grieche<\/span><\/i><span style=\"font-weight: 400;\">, ging einen Teil des Jakobswegs, um eine spirituelle Verbindung und pers\u00f6nliche Erneuerung zu suchen. Seine weniger dokumentierte Erfahrung spiegelt sein Interesse an kulturellen und spirituellen Traditionen wider.<\/span><\/li>\n<\/ul>\n<ul>\n<li aria-level=\"1\"><b>Stephen Hawking. <\/b><span style=\"font-weight: 400;\">Obwohl er den Weg aufgrund seiner physischen Einschr\u00e4nkungen nicht auf traditionelle Weise zur\u00fccklegen konnte, besuchte er Santiago de Compostela als Teil einer kulturellen und spirituellen Reise. Sein symbolischer Besuch hob hervor, wie der Jakobsweg selbst f\u00fcr diejenigen, die ihn nicht physisch gehen, von Bedeutung ist.<\/span><\/li>\n<\/ul>\n<ul>\n<li aria-level=\"1\"><b>Angela Merkel<\/b><span style=\"font-weight: 400;\">. Die deutsche Kanzlerin ging einen Teil des Jakobswegs bei einem Besuch in Galicien. Obwohl ihre Reise kurz war, unterstrich sie ihr Interesse am kulturellen und spirituellen Erbe der Region.<\/span><\/li>\n<\/ul>\n<ul>\n<li aria-level=\"1\"><b>Miguel Indur\u00e1in<\/b><span style=\"font-weight: 400;\">. Der Radfahrer und Tour-de-France-Sieger hat den Jakobsweg mit dem Fahrrad zur\u00fcckgelegt.<\/span><\/li>\n<\/ul>\n<ul>\n<li aria-level=\"1\"><b>David Beckham<\/b><span style=\"font-weight: 400;\">. Es ist nicht best\u00e4tigt, ob er den gesamten Jakobsweg absolviert hat, aber der ehemalige Fu\u00dfballspieler wurde auf verschiedenen Etappen der Strecke fotografiert, insbesondere auf dem Camino Franc\u00e9s.<\/span><\/li>\n<\/ul>\n<ul>\n<li aria-level=\"1\"><b>Pierce Brosnan<\/b><span style=\"font-weight: 400;\">. Der ehemalige James Bond zeigte Interesse am Jakobsweg und ging einige Etappen w\u00e4hrend seiner Besuche in Spanien. Obwohl er keine ausf\u00fchrlichen Details teilte, zeigt seine Teilnahme die internationale Anziehungskraft dieser Route.<\/span><\/li>\n<\/ul>\n<ul>\n<li aria-level=\"1\"><b>Jane Fonda. <\/b><span style=\"font-weight: 400;\">Die Schauspielerin und Aktivistin erw\u00e4hnte in einem Interview, dass sie einen Teil des Jakobswegs als Teil ihrer Suche nach innerem Frieden und Spiritualit\u00e4t gegangen ist. Ihre Erfahrung unterstreicht die Idee, dass der Jakobsweg Menschen aus verschiedenen Lebenswegen anzieht.<\/span><\/li>\n<\/ul>\n<ul>\n<li aria-level=\"1\"><b>Orlando Bloom<\/b><span style=\"font-weight: 400;\">. Der britische Schauspieler ist bekannt f\u00fcr seine Leidenschaft f\u00fcr Reisen und Spiritualit\u00e4t. Obwohl seine Reise auf dem Jakobsweg nicht weit verbreitet dokumentiert wurde, wurde in Interviews erw\u00e4hnt, dass er einige Etappen gegangen ist, um eine tiefere Verbindung mit sich selbst zu suchen.<\/span><\/li>\n<\/ul>\n<p>&nbsp;<\/p>\n<h2><b>Der Jakobsweg als transformierende Erfahrung<\/b><\/h2>\n<p><span style=\"font-weight: 400;\">Die Erfahrung hat einen tiefgreifenden Einfluss auf das Leben derjenigen, die ihn gehen. Viele Berichte zeigen, wie diese Reise ihre Perspektive auf das Leben ver\u00e4ndert hat.<\/span><\/p>\n<p><b>Paulo Coelho<\/b><span style=\"font-weight: 400;\"> erw\u00e4hnte zum Beispiel, dass er <\/span><b>das gefunden hatte, was er suchte, noch bevor er Santiago erreichte<\/b><span style=\"font-weight: 400;\"> und die Klarheit und den Frieden betonte, den ihm die Reise brachte. Ebenso beschrieb Shirley MacLaine ihre Erfahrung als <\/span><b>spirituelle Route, die wirklich erst am Ende beginnt<\/b><span style=\"font-weight: 400;\"> und hob die Bedeutung von Introspektion und Selbstfindung hervor.<\/span><\/p>\n<p><span style=\"font-weight: 400;\">Diese pers\u00f6nliche Transformation ist nicht nur ber\u00fchmten Pers\u00f6nlichkeiten vorbehalten. Viele anonyme Pilger berichten ebenfalls von wichtigen Ver\u00e4nderungen. Einige finden Antworten auf existenzielle Fragen, w\u00e4hrend andere eine neue Verbindung zur Natur und zu sich selbst entdecken.<\/span><\/p>\n<p><span style=\"font-weight: 400;\">Der Vergleich zwischen den Motivationen dieser \u00f6ffentlichen Figuren und denen der gew\u00f6hnlichen Wanderer zeigt die Universalit\u00e4t des Jakobswegs als eine transformierende Erfahrung, bei der jeder Schritt zu einer einzigartigen und wertvollen pers\u00f6nlichen Offenbarung f\u00fchren kann.<\/span><\/p>\n<p>&nbsp;<\/p>\n<h2><b>Der kulturelle Einfluss des Jakobswegs<\/b><\/h2>\n<p><span style=\"font-weight: 400;\">Die Geschichten ber\u00fchmter Pers\u00f6nlichkeiten haben einen bemerkenswerten Einfluss auf die F\u00f6rderung des Jakobswegs. Filme wie &#8222;<\/span><b>The Way<\/b><span style=\"font-weight: 400;\">&#8222;, in dem <\/span><b>Martin Sheen<\/b><span style=\"font-weight: 400;\"> die Hauptrolle spielt, haben dazu beigetragen, das Interesse an dieser historischen Route zu steigern.<\/span><\/p>\n<p><span style=\"font-weight: 400;\">Der Film erz\u00e4hlte die Erfahrung eines Pilgers und zeigte die Sch\u00f6nheit und Spiritualit\u00e4t, was viele dazu inspirierte, die Reise selbst zu beginnen. B\u00fccher und Dokumentationen haben die pers\u00f6nlichen Erfahrungen ber\u00fchmter Pilger hervorgehoben, was den Weg zu einem globalen Kulturph\u00e4nomen gemacht hat.<\/span><\/p>\n<p><span style=\"font-weight: 400;\">Der kulturelle Einfluss hat zu einem bemerkenswerten Anstieg des Tourismus nach Santiago gef\u00fchrt, was Menschen aus verschiedenen Teilen der Welt anzieht. Dieser Anstieg der Pilgerzahlen hat lokale Volkswirtschaften revitalisiert und die Erhaltung von Traditionen und architektonischem Erbe entlang der Routen gef\u00f6rdert.<\/span><\/p>\n<p><span style=\"font-weight: 400;\">Zudem hat der Jakobsweg als <\/span><b>Raum f\u00fcr den kulturellen Austausch<\/b><span style=\"font-weight: 400;\"> gedient, in dem Geschichten und Traditionen verschiedener Nationalit\u00e4ten miteinander verflochten sind. Der Einfluss dieser Prominenten hat dazu beigetragen, den Jakobsweg zu einer Quelle der Inspiration und der pers\u00f6nlichen Transformation zu machen.<\/span><\/p>\n<p>&nbsp;<\/p>\n<h2><b>Die Universalit\u00e4t des Jakobswegs<\/b><\/h2>\n<p><span style=\"font-weight: 400;\">Der Jakobsweg bleibt ein Ort, an dem Menschen aus allen sozialen Schichten aufeinandertreffen. Die pers\u00f6nliche Erfahrung wird zu einer gemeinsamen Verbindung, die alle Pilger vereint, unabh\u00e4ngig von ihrem Ruhm oder sozialen Status. Jeder Schritt, den diese <\/span><b>prominenten Pers\u00f6nlichkeiten<\/b><span style=\"font-weight: 400;\"> machen, klingt nach den Erlebnissen der anonymen Pilger, die ihre Reise ebenfalls teilen.<\/span><\/p>\n<p><span style=\"font-weight: 400;\">Diese kollektive Verbindung l\u00e4dt dazu ein, \u00fcber die Bedeutung der pers\u00f6nlichen Reise im Rahmen der Pilgerfahrt nachzudenken. Der gemeinsame Wunsch, Sinn zu finden, macht dies zu einem einzigartigen Raum f\u00fcr alle, die sich entscheiden, ihn zu begehen.<\/span><\/p>\n<p><span style=\"font-weight: 400;\">Die Vielfalt der Pers\u00f6nlichkeiten, die diesen Weg gegangen sind, spiegelt die zeitlose Anziehungskraft und Universalit\u00e4t wider. Historische Pers\u00f6nlichkeiten und zeitgen\u00f6ssische Prominente, alle teilen eine Suche: <\/span><b>die Verbindung mit etwas Gr\u00f6\u00dferem als sich selbst<\/b><span style=\"font-weight: 400;\">. Ihr Erbe inspiriert weiterhin neue Generationen, ihre Pfade zu erkunden und ihre eigenen pers\u00f6nlichen Geschichten auf dieser jahrtausendealten Reise nach Santiago zu entdecken.<\/span><\/p>\n","protected":false},"excerpt":{"rendered":"<p>Die Geschichte des Jakobswegs ist voller inspirierender Erz\u00e4hlungen und ber\u00fchmter Pers\u00f6nlichkeiten, die sich entschieden haben, diese Reise zu unternehmen. K\u00f6nige, P\u00e4pste, K\u00fcnstler und Schriftsteller \u2013 jeder von ihnen fand in dieser Route einen pers\u00f6nlichen Grund, um die Pilgerreise zu machen. Was bringt eine \u00f6ffentliche Figur dazu, \u00fcber Pfade zu wandern, die seit Jahrhunderten begangen werden? [&hellip;]<\/p>\n","protected":false},"author":1,"featured_media":115525,"comment_status":"open","ping_status":"open","sticky":false,"template":"","format":"standard","meta":{"footnotes":""},"categories":[572,584,576],"tags":[],"class_list":["post-115627","post","type-post","status-publish","format-standard","has-post-thumbnail","hentry","category-blog-des-weges","category-geschichte","category-zu-fus-gehen"],"_links":{"self":[{"href":"https:\/\/www.mundiplus.com\/de\/wp-json\/wp\/v2\/posts\/115627","targetHints":{"allow":["GET"]}}],"collection":[{"href":"https:\/\/www.mundiplus.com\/de\/wp-json\/wp\/v2\/posts"}],"about":[{"href":"https:\/\/www.mundiplus.com\/de\/wp-json\/wp\/v2\/types\/post"}],"author":[{"embeddable":true,"href":"https:\/\/www.mundiplus.com\/de\/wp-json\/wp\/v2\/users\/1"}],"replies":[{"embeddable":true,"href":"https:\/\/www.mundiplus.com\/de\/wp-json\/wp\/v2\/comments?post=115627"}],"version-history":[{"count":0,"href":"https:\/\/www.mundiplus.com\/de\/wp-json\/wp\/v2\/posts\/115627\/revisions"}],"wp:featuredmedia":[{"embeddable":true,"href":"https:\/\/www.mundiplus.com\/de\/wp-json\/wp\/v2\/media\/115525"}],"wp:attachment":[{"href":"https:\/\/www.mundiplus.com\/de\/wp-json\/wp\/v2\/media?parent=115627"}],"wp:term":[{"taxonomy":"category","embeddable":true,"href":"https:\/\/www.mundiplus.com\/de\/wp-json\/wp\/v2\/categories?post=115627"},{"taxonomy":"post_tag","embeddable":true,"href":"https:\/\/www.mundiplus.com\/de\/wp-json\/wp\/v2\/tags?post=115627"}],"curies":[{"name":"wp","href":"https:\/\/api.w.org\/{rel}","templated":true}]}}