{"id":115968,"date":"2018-07-26T23:35:49","date_gmt":"2018-07-26T23:35:49","guid":{"rendered":"https:\/\/www.mundiplus.com\/kathedrale-von-santiago-de-compostela-2\/"},"modified":"2026-03-24T15:51:01","modified_gmt":"2026-03-24T15:51:01","slug":"kathedrale-von-santiago-de-compostela-2","status":"publish","type":"post","link":"https:\/\/www.mundiplus.com\/de\/blog\/facelift-in-der-kathedrale-von-santiago-de-compostela-und-ihrem-portikus-de-la-gloria\/","title":{"rendered":"Kathedrale von Santiago de Compostela"},"content":{"rendered":"<p>Eintreten in die Basilika ist ein \u00fcberraschendes Erlebnis. Das erste, was du bemerken solltest, ist die enorme Weite. Die drei Schiffe mit Kreuzgew\u00f6lbe schaffen eine Atmosph\u00e4re, die sich radikal vom Au\u00dfenbereich unterscheidet. Zeit und Raum sind hier drinnen anders.<\/p>\n<div>\n<div class=\"mp-box mp-box--excl\">\n<h2>Vorschlag f\u00fcr eine Besichtigung der Kathedrale von Santiago de Compostela<\/h2>\n<ul>\n<li>Gehe zum Altar, da dies der Anfang und das Ende deines Jakobswegs ist.<\/li>\n<li>Auf der rechten Seite findest du die Kapellen des Pilar und der Unbefleckten Empf\u00e4ngnis.<\/li>\n<li>Danach kannst du die urspr\u00fcngliche Kapelle von San Pedro im romanischen Stil bewundern und <a href=\"https:\/\/www.mundiplus.com\/de\/blog\/gastronomie-auf-dem-franzosischen-jakobsweg\/\" target=\"_blank\" rel=\"noopener noreferrer\"><strong>das Grab des Apostels Jakobus<\/strong><\/a> (Silberurne, in der die \u00dcberreste des Apostels zusammen mit denen seiner J\u00fcnger San Atanasio und San Teodoro ruhen).<\/li>\n<li>Verlasse die Krypta, fast fertig. Steige hinauf, um &#8222;<strong>den Apostel Jakobus zu umarmen<\/strong>&#8222;, wenn du das f\u00fchlst, der die Basilika vom Hochaltar aus beherrscht. Es ist eine Umarmung unter Pilgern.<\/li>\n<li>Besuche das Dach der Kathedrale, um die Aussicht auf die Stadt zu genie\u00dfen, und schlendere durch das Kathedralmuseum, das absolut sehenswert ist.<\/li>\n<li>Vergiss nicht, die angrenzende Praza das Parteiras zu besuchen, die ihren Namen von den mittelalterlichen Z\u00fcnften der Silberschmiede hat, die dort ihre Arbeit verrichteten. Im Zentrum des Platzes kannst du die Fonte dos Cabalos sehen, eine der sch\u00f6nsten in ganz Santiago.<\/li>\n<\/ul>\n<p>Und denke daran, dass du bei deiner Ankunft in Santiago de Compostela in das Pilgerb\u00fcro gehen kannst, um die <a href=\"https:\/\/www.mundiplus.com\/de\/blog\/blog\/wie-erhalte-den-kompostela\/\" target=\"_blank\" rel=\"noopener noreferrer\">Compostela<\/a> abzuholen, die dort in der Rua Das Carretas 33, direkt neben der Kathedrale, ausgestellt wird, nachdem du die Pilgerurkunde vorgelegt hast, die best\u00e4tigt, dass du mindestens die letzten 100 km zu Fu\u00df gegangen bist, zum Beispiel den Jakobsweg von Sarria, oder die <strong>letzten 200 km<\/strong>, wenn du den <a href=\"https:\/\/www.mundiplus.com\/de\/caminos\/en-bicicleta\" target=\"_blank\" rel=\"noopener noreferrer\">Jakobsweg mit dem Fahrrad<\/a> gemacht hast.<\/p>\n<\/div>\n<\/div>\n<p>Es hat sich gelohnt zu warten, aber nach Jahren der Restaurierung der <b>Hauptfassade der Kathedrale von Santiago de Compostela<\/b> (Plaza del Obradoiro) und des <a href=\"https:\/\/www.mundiplus.com\/de\/blog\/portikus-des-ruhmes\/\" target=\"_blank\" rel=\"noopener noreferrer\">Portikus der Gloria<\/a> erstrahlen sie nun in einem renovierten Zustand.<\/p>\n<h2>GESICHTSVERJ\u00dcNGUNG DER KATHEDRALE UND DES PORTIKUS DER GLORIA<\/h2>\n<p>Eine gr\u00fcndliche Renovierung, um die &#8222;schwarze&#8220; F\u00e4rbung und sogar das Moos zu entfernen, das bereits aus einigen Steinen herauswuchs.<\/p>\n<p>Alles im Rahmen eines umfangreichen Restaurierungsprogramms, <span class=\"s1\">damit die ganze Kathedrale ihre beste Erscheinung im kommenden Heiligen Jahr 2021<\/span> pr\u00e4sentieren kann, dessen Arbeiten bis dahin fortgesetzt werden. Es werden Besichtigungen des Portikus der Gloria angeboten, die w\u00e4hrend der Apostelfeste stattfinden.<\/p>\n<p class=\"p1\"><strong><span class=\"s1\">In Gruppen von h\u00f6chstens 25 Personen und mit einer Dauer von etwa 15 Minuten<\/span><\/strong> wird der Zugang von der Treppe der Hauptfassade der Plaza del Obradoiro erfolgen. Der <a href=\"http:\/\/catedraldesantiago.es\/informacion-sobre-las-visitas-al-portico-de-la-gloria\/\" target=\"_blank\" rel=\"noopener noreferrer\">Portikus der Gloria<\/a> kann bis zum Herbst besichtigt werden, danach wird er f\u00fcr die Renovierungsarbeiten im Inneren der Kathedrale eingeh\u00fcllt, um Sch\u00e4den zu vermeiden.<\/p>\n<p><img fetchpriority=\"high\" decoding=\"async\" class=\"size-medium wp-image-13629 aligncenter\" src=\"https:\/\/www.mundiplus.com\/wp-content\/uploads\/2024\/04\/Catedral-de-santiago-de-compostela-scaled.jpg\" alt=\"Catedral-de-santiago-de-compostela\" width=\"300\" height=\"188\" \/><\/p>\n<p>Mit einer Kostenh\u00f6he von etwa 17 Millionen Euro umfassen die Arbeiten an der Kathedrale von Santiago de Compostela nicht nur die erw\u00e4hnte Hauptfassade der Plaza del Obradoiro und den ber\u00fchmten Portikus der Gloria, sondern auch die Renovierung der Fassade der Plaza Quintana, die Reinigung des Uhrturms sowie der T\u00fcrme von Xelm\u00edrez und Abades, ebenso wie die D\u00e4cher, die Restaurierung des Portikus und die Innenrenovierung der Basilika (letztere wird langsamer voranschreiten und Einschr\u00e4nkungen f\u00fcr den Zugang und Besichtigungen mit sich bringen, ebenso wie die Funktionsweise des Botafumeiro, das bei den Pilgern sehr beliebt ist).<\/p>\n<p>Santiago de Compostela und seine Kathedrale erwarten dich, entdecke die <a href=\"https:\/\/www.mundiplus.com\/de\/caminos\/a-pie\">wichtigsten Wanderwege des Jakobswegs<\/a>, die bis in die Stadt f\u00fchren, die die Gebeine des Apostels Jakobus beherbergt.<\/p>\n","protected":false},"excerpt":{"rendered":"<p>Eintreten in die Basilika ist ein \u00fcberraschendes Erlebnis. Das erste, was du bemerken solltest, ist die enorme Weite. Die drei Schiffe mit Kreuzgew\u00f6lbe schaffen eine Atmosph\u00e4re, die sich radikal vom Au\u00dfenbereich unterscheidet. Zeit und Raum sind hier drinnen anders. Vorschlag f\u00fcr eine Besichtigung der Kathedrale von Santiago de Compostela Gehe zum Altar, da dies der [&hellip;]<\/p>\n","protected":false},"author":1,"featured_media":94201,"comment_status":"open","ping_status":"open","sticky":false,"template":"","format":"standard","meta":{"footnotes":""},"categories":[572,580],"tags":[],"class_list":["post-115968","post","type-post","status-publish","format-standard","has-post-thumbnail","hentry","category-blog-des-weges","category-weg-mit-dem-fahrrad"],"_links":{"self":[{"href":"https:\/\/www.mundiplus.com\/de\/wp-json\/wp\/v2\/posts\/115968","targetHints":{"allow":["GET"]}}],"collection":[{"href":"https:\/\/www.mundiplus.com\/de\/wp-json\/wp\/v2\/posts"}],"about":[{"href":"https:\/\/www.mundiplus.com\/de\/wp-json\/wp\/v2\/types\/post"}],"author":[{"embeddable":true,"href":"https:\/\/www.mundiplus.com\/de\/wp-json\/wp\/v2\/users\/1"}],"replies":[{"embeddable":true,"href":"https:\/\/www.mundiplus.com\/de\/wp-json\/wp\/v2\/comments?post=115968"}],"version-history":[{"count":1,"href":"https:\/\/www.mundiplus.com\/de\/wp-json\/wp\/v2\/posts\/115968\/revisions"}],"predecessor-version":[{"id":129279,"href":"https:\/\/www.mundiplus.com\/de\/wp-json\/wp\/v2\/posts\/115968\/revisions\/129279"}],"wp:featuredmedia":[{"embeddable":true,"href":"https:\/\/www.mundiplus.com\/de\/wp-json\/wp\/v2\/media\/94201"}],"wp:attachment":[{"href":"https:\/\/www.mundiplus.com\/de\/wp-json\/wp\/v2\/media?parent=115968"}],"wp:term":[{"taxonomy":"category","embeddable":true,"href":"https:\/\/www.mundiplus.com\/de\/wp-json\/wp\/v2\/categories?post=115968"},{"taxonomy":"post_tag","embeddable":true,"href":"https:\/\/www.mundiplus.com\/de\/wp-json\/wp\/v2\/tags?post=115968"}],"curies":[{"name":"wp","href":"https:\/\/api.w.org\/{rel}","templated":true}]}}