{"id":115971,"date":"2018-01-27T15:53:43","date_gmt":"2018-01-27T15:53:43","guid":{"rendered":"https:\/\/www.mundiplus.com\/geschichte-des-jakobsweges\/"},"modified":"2026-03-24T15:54:47","modified_gmt":"2026-03-24T15:54:47","slug":"geschichte-des-jakobsweges","status":"publish","type":"post","link":"https:\/\/www.mundiplus.com\/de\/blog\/geschichte-des-jakobsweges\/","title":{"rendered":"Geschichte des Jakobsweges"},"content":{"rendered":"<p>Der Jakobsweg gilt seitdem ein Eremit namens Paio um 830 in Galicien die \u00dcberreste des Apostels Jakobus des Gro\u00dfen fand, als historische Pilgerroute. Seit mehr als 10 Jahren entwirft unsere <a href=\"https:\/\/www.mundiplus.com\/de\/\" target=\"_blank\" rel=\"noopener\">Reiseagentur f\u00fcr den Jakobsweg<\/a> Reisepakete mit allen notwendigen Dienstleistungen f\u00fcr den Komfort und das Vergn\u00fcgen der Pilger.<\/p>\n<h2>DER URSPRUNG DES JAKOBSWEGES<\/h2>\n<p>Die Geschichte des Jakobsweges besagt, dass die ersten Pilgerfahrten im Mittelalter als christliche Wallfahrt zum Grab von Jakobus von Zebed\u00e4us, auch bekannt als Jakobus der \u00c4ltere, einem der Hauptapostel Jesu Christi, begannen. Die Legende erz\u00e4hlt, dass seine \u00dcberreste, nachdem er im Jahr 44 nach Christus auf Befehl von Herodes gek\u00f6pft wurde, von seinen J\u00fcngern in einer \u201eSteinbarke\u201c von Pal\u00e4stina nach Gallaecia (dem heutigen galicischen Land) transportiert wurden, wo sie nach vielen Widrigkeiten in einer silberverzierten Holzurne unter dem Hauptaltar der <a href=\"https:\/\/www.mundiplus.com\/de\/blog\/kathedrale-von-santiago-de-vompostela\/\" target=\"_blank\" rel=\"noopener\">Kathedrale von Santiago<\/a> zusammen mit seinen J\u00fcngern Atanasius und Theodor ruhen.<\/p>\n<p>Jakobus der \u00c4ltere war der Bruder von Johannes dem T\u00e4ufer, beide S\u00f6hne von Zebed\u00e4us, und geh\u00f6rten zu den zw\u00f6lf Aposteln, die Jesus begleiteten. Nachdem der Herr gestorben war, pilgerte Jakobus im r\u00f6mischen Hispania, wo ihm die Jungfrau Maria an zwei Stellen erschien, in Mux\u00eda (Galicien) und in Saragossa, um ihm Mut f\u00fcr seine missionarische Arbeit zu machen.<\/p>\n<p>Seitdem sind Santiago de Compostela zusammen mit Rom und Jerusalem die drei <strong>heiligen Wallfahrtsorte des Christentums<\/strong>.<\/p>\n<p>An dem Ort, an dem die <a href=\"https:\/\/www.mundiplus.com\/de\/blog\/gastronomie-auf-dem-franzosischen-jakobsweg\/\" target=\"_blank\" rel=\"noopener noreferrer\">\u00dcberreste des Apostels Jakobus<\/a> gefunden wurden, wurde eine erste Kirche errichtet, die nach zahlreichen Erweiterungen im Laufe der Jahrhunderte zur heutigen Kathedrale von Santiago de Compostela wurde.<\/p>\n<p><img fetchpriority=\"high\" decoding=\"async\" class=\"alignnone wp-image-2347 size-full\" src=\"https:\/\/www.mundiplus.com\/wp-content\/uploads\/2024\/04\/Mapa-Camino-Santiago.jpg\" alt=\"Jakobsweg Karte\" width=\"1392\" height=\"1152\" \/><\/p>\n<h2>DER ERSTE PILGER IN DER GESCHICHTE DES JAKOBSWEGES<\/h2>\n<p>Offiziell wurde das Grab des Apostels Jakobus im 9. Jahrhundert entdeckt, als der Bischof von Ir\u00eda Flavia, Teodomiro, dies dem <strong>asturischen K\u00f6nig Alfonso II. dem Frommen<\/strong> mitteilte, der die erste Pilgerreise der Geschichte unternahm und den Bau eines Tempels an der antiken Nekropole befahl, die sp\u00e4ter zur heutigen Kathedrale von Santiago wurde.<\/p>\n<p>Im Jahr 834 pilgerte der genannte K\u00f6nig zusammen mit seinem Hofstaat von Oviedo nach Santiago de Compostela auf dem, was heute als <a href=\"https:\/\/www.mundiplus.com\/de\/caminos\/a-pie\/camino-primitivo\" target=\"_blank\" rel=\"noopener noreferrer\">Urspr\u00fcnglichen Jakobsweg<\/a> bekannt ist, und wurde damit der erste bekannte Pilger auf dieser Route. Aus diesem Grund stellt die Stadt Oviedo den wahren Kilometer null f\u00fcr alle Jakobswege dar.<\/p>\n<p>So begann die Pilgerreise zum Grab des Apostels Jakobus, haupts\u00e4chlich von Frankreich, Italien, England und dem Heiligen R\u00f6mischen Reich aus, durch den n\u00f6rdlichen Teil Spaniens, da ein gro\u00dfer Teil des spanischen Territoriums von den Muslimen besetzt war, die die Iberische Halbinsel erobert hatten.<\/p>\n<h2>ENTWICKLUNG DER PILGERREISEN AUF DEM JAKOBSWEG<\/h2>\n<p>Die Jakobuswallfahrten waren ein komplexes Ph\u00e4nomen, das in erster Linie religi\u00f6se, aber auch wirtschaftliche Motivationen hatte.<\/p>\n<p>Mit dem Fortschreiten der Reconquista und der Konsolidierung der verschiedenen iberischen Territorien wurden weitere Pilgerwege integriert, insbesondere der <a href=\"https:\/\/www.mundiplus.com\/de\/caminos\/a-pie\/camino-frances\" target=\"_blank\" rel=\"noopener noreferrer\">Franz\u00f6sische Jakobsweg<\/a>, da es haupts\u00e4chlich die Franzosen waren, die nach Santiago pilgerten. Ebenso wurden andere wichtige Pilgerwege zunehmend integriert, jedoch in geringerem Ma\u00dfe, wie der <a href=\"https:\/\/www.mundiplus.com\/de\/caminos\/a-pie\/camino-ingles\" target=\"_blank\" rel=\"noopener noreferrer\">Englische Jakobsweg<\/a>, der in La Coru\u00f1a und Ferrol beginnt, und der <a href=\"https:\/\/www.mundiplus.com\/de\/caminos\/a-pie\/camino-portugues\" target=\"_blank\" rel=\"noopener noreferrer\">Portugiesische Jakobsweg<\/a>, der in Lissabon oder Porto beginnt.<\/p>\n<p>Der Jakobusglaube verbreitete sich explosionsartig auf dem Kontinent, besonders im 11. und 12. Jahrhundert, als er seinen H\u00f6hepunkt erreichte. Im Rahmen dieses Ph\u00e4nomens wurden entlang der verschiedenen Wege zahlreiche Infrastrukturprojekte zur Erleichterung der Pilger eingerichtet, darunter Herbergen, <a href=\"https:\/\/www.mundiplus.com\/de\/blog\/pilgerhospitaler-auf-dem-jakobsweg\/\" target=\"_blank\" rel=\"noopener noreferrer\">medizinische Versorgung<\/a>, Br\u00fccken \u00fcber Fl\u00fcsse, gut gepflegte Wege, Kirchen und Verpflegung f\u00fcr die Pilger.<\/p>\n<p><img decoding=\"async\" class=\"alignnone wp-image-13373 size-full\" src=\"https:\/\/www.mundiplus.com\/wp-content\/uploads\/2024\/04\/Camino-de-santiago-origen.jpg\" alt=\"Jakobsweg Pilgerreisen\" width=\"500\" height=\"282\" \/><\/p>\n<h2>ENTSTEHUNG RELIGI\u00d6SER ORDEN UND NEUER ST\u00c4DTE<\/h2>\n<p>Ein gro\u00dfer Teil dieser Entwicklung wurde von den religi\u00f6sen Orden \u00fcbernommen, die entlang des Jakobsweges siedelten, vor allem vom Orden von Cluny, der urspr\u00fcnglich aus Frankreich stammte, und zwar unter dem Schutz und den Gunstbezeugungen der jeweiligen K\u00f6nige von Navarra, Kastilien und Le\u00f3n, darunter Sancho Ram\u00edrez, Ferdinand I. und Alfonso VI.<\/p>\n<p>Dies f\u00fchrte zur Gr\u00fcndung von <strong>neuen St\u00e4dten<\/strong> und D\u00f6rfern oder einer deutlichen Bev\u00f6lkerungszunahme entlang der verschiedenen Wege nach Santiago durch die Iberische Halbinsel, vor allem auf dem Franz\u00f6sischen Jakobsweg, da sich viele Pilger in diesen St\u00e4dten niederlie\u00dfen, ebenso wie andere Menschen, die in die nach der muslimischen Eroberung wiederbesiedelten Gebiete zogen.<\/p>\n<p>Beispiele f\u00fcr einige dieser St\u00e4dte sind: Boadilla del Camino, Redecilla del Camino, Hornillos del Camino, Villadangos.<\/p>\n<p>Aufgrund der gro\u00dfen Zahl an Pilgern mussten <strong>Schutzma\u00dfnahmen ergriffen werden<\/strong>, um den Pilgern vor R\u00e4ubern entlang der Strecke zu sch\u00fctzen, weshalb religi\u00f6s-milit\u00e4rische Orden gegr\u00fcndet wurden, wie der Orden von Santiago oder die <a href=\"https:\/\/www.mundiplus.com\/de\/blog\/templer-auf-dem-jakobsweg\/\" target=\"_blank\" rel=\"noopener noreferrer\">Tempelritter<\/a>, um die Pilger auf den Wegen zu sch\u00fctzen.<\/p>\n<p>Vor ihrer Abreise erhielten die Pilger von den zivilen und religi\u00f6sen Beh\u00f6rden Dokumente\/Empfehlungsschreiben, um ihnen bei der Unterst\u00fctzung auf ihrer Reise zu helfen.<\/p>\n<p><img decoding=\"async\" class=\"alignnone wp-image-13375 size-full\" src=\"https:\/\/www.mundiplus.com\/wp-content\/uploads\/2024\/04\/peregrinar-santiago-de-compostela.jpg\" alt=\"Pilgern auf dem Jakobsweg\" width=\"800\" height=\"450\" \/><\/p>\n<h2>DER JAKOBSWEG IM MITTELALTER<\/h2>\n<p>In bestimmten Jahren, zwischen zweihunderttausend und f\u00fcnfhunderttausend Menschen machten den Jakobsweg im Mittelalter, was ihn zu einer beeindruckenden &#8222;Massenbewegung&#8220; machte; in vielen Ortschaften des Weges gab es mehr &#8222;durchreisende Pilger&#8220; als die eigenen Einwohner der Ortschaft.<\/p>\n<p>In der Compostelana-Chronik hie\u00df es, dass zwischen 1121 und 1124 der <strong>Emir Ali Ben Yusuf<\/strong> sagte: <strong>&#8222;So gro\u00df ist die Menge derer, die kommen und gehen, dass sie kaum den Weg nach Westen freilassen.&#8220;<\/strong><\/p>\n<h3>GR\u00dcNDE F\u00dcR DAS PILGERN AUF DEM JAKOBSWEG<\/h3>\n<p>In den ersten Jahrhunderten der Pilgerfahrt auf dem Jakobsweg war der Hauptgrund f\u00fcr den Pilger, nach Santiago zu reisen, der religi\u00f6se Glaube, den er oder sie hatte, und diese Tatsache wurde von der \u00fcbrigen Bev\u00f6lkerung gesch\u00e4tzt und anerkannt. Sp\u00e4ter gab es Menschen, die die Pilgerreise &#8222;im Auftrag&#8220; anderer unternahmen, da diese selbst nicht reisen konnten, als Dank f\u00fcr den Erhalt einer Gnade oder Bitte, die sie f\u00fcr den Apostel hielten, als Bu\u00dfe oder als Strafe, die von den Beh\u00f6rden auferlegt wurde.<\/p>\n<p>Die \u00fcberw\u00e4ltigende Mehrheit der Pilger ging den gesamten <a href=\"https:\/\/www.mundiplus.com\/de\/caminos\/a-pie\" target=\"_blank\" rel=\"noopener noreferrer\">Weg zu Fu\u00df<\/a>, sowohl auf dem Hinweg als auch auf der R\u00fcckreise in ihr Heimatland, aber je nach ihrem finanziellen Status, wie zum Beispiel K\u00f6nige, Adlige oder Kirchenvertreter, reisten sie zu Pferd oder mit der Kutsche, begleitet von einem Gefolge und Dienern. Die Pilger aus Nordeuropa oder England reisten mit dem Schiff bis an die spanische K\u00fcste und von dort aus zu Fu\u00df nach Santiago de Compostela.<\/p>\n<p>Es gibt dokumentarische Beweise, dass das Jahr 1126 das erste Heilige Jahr in der Geschichte des Jakobswegs war, das von Papst Calixtus II. festgelegt wurde und f\u00fcr das allen Pilgern, die ihre Pilgerfahrt in den Jahren, in denen das Fest des heiligen Jakobus auf einen Sonntag fiel, eine &#8222;vollkommene Ablass&#8220; gew\u00e4hrt wurde. Dies passiert mit einer H\u00e4ufigkeit von 6-5-6-11 Jahren. Dieses Ereignis erh\u00f6hte die Zahl der Pilger, die in den folgenden Heiligen Jahren den Weg gingen.<\/p>\n<h2>DER NIEDERGANG<\/h2>\n<p>Im 16. Jahrhundert und einem Teil des 17. Jahrhunderts f\u00fchrte die religi\u00f6se Spaltung (Reformation, die Trennung von der katholischen Kirche durch die Thesen von Martin Luther) sowie die Kriege, die in Frankreich stattfanden, zu einem deutlichen R\u00fcckgang der Pilgerreisen nach Santiago. Es entstand eine andere Art von Pilgern, bei denen der Glaube und die Hingabe nicht mehr der Hauptgrund f\u00fcr die Pilgerreise waren, sondern Betteln und Vagabundieren.<\/p>\n<p>Eine weitere Zeit der Regression der Pilgerreisen entstand durch die Denkrichtung der Franz\u00f6sischen Revolution und in Spanien durch die Desamortisation von Mendiz\u00e1bal, die zur Enteignung zahlreicher Besitzungen der spanischen Kirche f\u00fchrte.<\/p>\n<p>Es musste bis zur zweiten H\u00e4lfte des 20. Jahrhunderts gewartet werden, als die Pilgerfahrt nach Santiago de Compostela einen bemerkenswerten Aufschwung erlebte, der durch den Besuch von Papst Johannes Paul II. im Jahr 1982 und sp\u00e4ter von Papst Benedikt XVI. im Jahr 2010 ausgel\u00f6st wurde.<\/p>\n<p><img loading=\"lazy\" decoding=\"async\" class=\"alignnone size-medium wp-image-13376\" src=\"https:\/\/www.mundiplus.com\/wp-content\/uploads\/2024\/04\/ropa-camino-santiago-300x269.png\" alt=\"Kleidung f\u00fcr den Jakobsweg\" width=\"300\" height=\"269\" \/><\/p>\n<h2>H\u00d6HEPUNKT DES JAKOBSWEGS<\/h2>\n<p>Es war im <strong>Heiligen Jahr 1993<\/strong>, als 93.000 Menschen nach Santiago pilgerten, eine Zahl, die seit vielen Jahren nicht mehr erreicht worden war, und von da an nahm die Zahl der Pilger von Jahr zu Jahr zu, bis im <strong>Jahr 2019<\/strong> etwa 350.000 &#8222;Compostelas&#8220; ausgestellt wurden, die in der <a href=\"https:\/\/oficinadelperegrino.com\/\" target=\"_blank\" rel=\"nofollow noopener\">Pilgerb\u00fcro von Santiago de Compostela<\/a> vergeben wurden.<\/p>\n<h2>BEDEUTENDE AUSZEICHNUNGEN IN DER GESCHICHTE DES JAKOBSWEGS<\/h2>\n<p>Ein Beweis f\u00fcr dieses soziale Ph\u00e4nomen, das \u00fcber die Grenzen hinausgeht, sind die zahlreichen Auszeichnungen und Preise, mit denen &#8222;Der Weg&#8220; ausgezeichnet wurde. Hier sind die wichtigsten oder bedeutendsten:<\/p>\n<ul>\n<li>1985 erhielt der Jakobsweg von der UNESCO den Titel &#8222;Weltkulturerbe&#8220;<\/li>\n<li>1987 wurde er vom Europarat als &#8222;Erste Europ\u00e4ische Kulturroute&#8220; ausgezeichnet<\/li>\n<li>1993 verlieh die UNESCO dem &#8222;Franz\u00f6sischen Weg&#8220; den Titel &#8222;Weltkulturerbe&#8220;. Seitdem ist der <a href=\"https:\/\/www.mundiplus.com\/de\/caminos\/a-pie\/camino-frances\/camino-de-santiago-desde-sarria\" target=\"_blank\" rel=\"noopener\">Jakobsweg ab Sarria<\/a> der meistbesuchte und beliebteste Weg.<\/li>\n<li>1998 verlieh die UNESCO dem &#8222;Franz\u00f6sischen Weg&#8220; sowie den Wegen, die von Frankreich kommen und sich mit dem Franz\u00f6sischen Weg oder dem Aragonischen Weg in Spanien sowie dem Portugiesischen Weg verbinden, den Titel &#8222;Weltkulturerbe&#8220;.<\/li>\n<li>2004 erhielt er den &#8222;Prinz von Asturien&#8220;-Preis f\u00fcr die Friedenskonkordanz<\/li>\n<li>2015 wurde dem <a href=\"https:\/\/www.mundiplus.com\/de\/caminos\/a-pie\/camino-norte\" target=\"_blank\" rel=\"noopener noreferrer\">Nordweg<\/a> (K\u00fcstenweg, Urweg, Lebaniego-Weg und Innerer Baskisch-Riojanischer Weg) von der UNESCO der Titel &#8222;Weltkulturerbe&#8220; verliehen<\/li>\n<\/ul>\n<h2>EUROPA WURDE DURCH DAS PILGERN NACH SANTIAGO AUFGEBAUT<\/h2>\n<p>Der Einfluss der Geschichte des Jakobswegs zeigte sich in der Bildung des Keims einer gemeinsamen europ\u00e4ischen Identit\u00e4t, sowohl im wirtschaftlichen, kulturellen, k\u00fcnstlerischen als auch sozialen Bereich, da die Menschen, die sich niederlie\u00dfen, auswanderten und Ideen entlang des Weges verbreiteten.<\/p>\n<p>Die Pilgerfahrt nach Santiago de Compostela trug ma\u00dfgeblich zur Bildung Europas bei, insbesondere im 11. und 12. Jahrhundert. Dies ist der Grund, warum man sagt, dass &#8222;Europa durch das Pilgern nach Santiago gebaut wurde&#8220; und warum wir es heute als einen Weg des H\u00f6hepunkts und des stetigen Wachstums betrachten.<\/p>\n<p>Experten und Historiker des &#8222;Jakobsweg-Themas&#8220; vertreten unterschiedliche Argumente und Theorien zur m\u00f6glichen Richtigkeit dieses Faktums, da es keine definitiven und abschlie\u00dfenden Beweise gibt, wie es auch bei anderen Angelegenheiten der Fall ist. Was jedoch sicher ist, ist, dass, gem\u00e4\u00df der christlichen Tradition, wenn ein Apostel starb, er in der Gegend beigesetzt wurde, in der er gepilgert war.<\/p>\n<div class=\"mp-box mp-box--check\">\n<p>Es war die p\u00e4pstliche Bulle von Papst Leo XIII. aus dem Jahr 1884, die endg\u00fcltig best\u00e4tigte, dass die Gebeine, die in der Kathedrale von Santiago aufbewahrt werden, dem Apostel Jakobus und seinen J\u00fcngern geh\u00f6ren.<\/p>\n<\/div>\n","protected":false},"excerpt":{"rendered":"<p>Der Jakobsweg gilt seitdem ein Eremit namens Paio um 830 in Galicien die \u00dcberreste des Apostels Jakobus des Gro\u00dfen fand, als historische Pilgerroute. Seit mehr als 10 Jahren entwirft unsere Reiseagentur f\u00fcr den Jakobsweg Reisepakete mit allen notwendigen Dienstleistungen f\u00fcr den Komfort und das Vergn\u00fcgen der Pilger. DER URSPRUNG DES JAKOBSWEGES Die Geschichte des Jakobsweges [&hellip;]<\/p>\n","protected":false},"author":1,"featured_media":82900,"comment_status":"open","ping_status":"open","sticky":false,"template":"","format":"standard","meta":{"footnotes":""},"categories":[572,584],"tags":[],"class_list":["post-115971","post","type-post","status-publish","format-standard","has-post-thumbnail","hentry","category-blog-des-weges","category-geschichte"],"_links":{"self":[{"href":"https:\/\/www.mundiplus.com\/de\/wp-json\/wp\/v2\/posts\/115971","targetHints":{"allow":["GET"]}}],"collection":[{"href":"https:\/\/www.mundiplus.com\/de\/wp-json\/wp\/v2\/posts"}],"about":[{"href":"https:\/\/www.mundiplus.com\/de\/wp-json\/wp\/v2\/types\/post"}],"author":[{"embeddable":true,"href":"https:\/\/www.mundiplus.com\/de\/wp-json\/wp\/v2\/users\/1"}],"replies":[{"embeddable":true,"href":"https:\/\/www.mundiplus.com\/de\/wp-json\/wp\/v2\/comments?post=115971"}],"version-history":[{"count":1,"href":"https:\/\/www.mundiplus.com\/de\/wp-json\/wp\/v2\/posts\/115971\/revisions"}],"predecessor-version":[{"id":129285,"href":"https:\/\/www.mundiplus.com\/de\/wp-json\/wp\/v2\/posts\/115971\/revisions\/129285"}],"wp:featuredmedia":[{"embeddable":true,"href":"https:\/\/www.mundiplus.com\/de\/wp-json\/wp\/v2\/media\/82900"}],"wp:attachment":[{"href":"https:\/\/www.mundiplus.com\/de\/wp-json\/wp\/v2\/media?parent=115971"}],"wp:term":[{"taxonomy":"category","embeddable":true,"href":"https:\/\/www.mundiplus.com\/de\/wp-json\/wp\/v2\/categories?post=115971"},{"taxonomy":"post_tag","embeddable":true,"href":"https:\/\/www.mundiplus.com\/de\/wp-json\/wp\/v2\/tags?post=115971"}],"curies":[{"name":"wp","href":"https:\/\/api.w.org\/{rel}","templated":true}]}}