{"id":115997,"date":"2015-11-12T16:07:33","date_gmt":"2015-11-12T16:07:33","guid":{"rendered":"https:\/\/www.mundiplus.com\/jahr-der-barmherzigkeit-2016\/"},"modified":"2026-03-24T15:55:43","modified_gmt":"2026-03-24T15:55:43","slug":"jahr-der-barmherzigkeit-2016","status":"publish","type":"post","link":"https:\/\/www.mundiplus.com\/de\/blog\/jahr-der-barmherzigkeit-2016\/","title":{"rendered":"Jahr der Barmherzigkeit 2016"},"content":{"rendered":"<p>Das Jahr der Barmherzigkeit folgt auf das k\u00fcrzliche <a href=\"https:\/\/www.mundiplus.com\/de\/blog\/franziskanisches-jahr-2014\/\" target=\"_blank\" rel=\"nofollow noopener\">franziskanische Jahr 2014<\/a>. Papst Franziskus hat ein au\u00dfergew\u00f6hnliches Jubil\u00e4um ausgerufen, durch das p\u00e4pstliche Schreiben &#8222;Misericordia Vultus&#8220;, dessen zentrales Thema die Barmherzigkeit Gottes ist. Daher erleben wir ein Heiliges Jahr der Barmherzigkeit. Der offizielle Beginn wird am 8. Dezember dieses Jahres sein, dem Fest der Unbefleckten Empf\u00e4ngnis, und es endet am 20. November 2016, dem Fest Christus, K\u00f6nig des Universums.<\/p>\n<p>Dieses Jubil\u00e4um beginnt mit der <span style=\"font-family: Helvetica;\"><a href=\"https:\/\/es.catholic.net\/op\/articulos\/58439\/cat\/1135\/como-es-el-rito-de-apertura-de-la-puerta-santa.html\" target=\"_blank\" rel=\"nofollow noopener\">Er\u00f6ffnung der Heiligen Pforte in der Basilika St. Peter<\/a> in der Stadt Rom, und am darauf folgenden Sonntag werden die anderen Heiligen Pforten in allen Kirchen der Welt, einschlie\u00dflich der Heiligt\u00fcmer, ge\u00f6ffnet.<\/span><\/p>\n<p>Die Heilige Pforte wird nur w\u00e4hrend des Heiligen Jahres ge\u00f6ffnet, w\u00e4hrend sie den Rest der Zeit geschlossen bleibt. Daher ist diese Er\u00f6ffnung im Jahr der Barmherzigkeit von besonderem Interesse f\u00fcr alle, die eine der Routen des Jakobswegs planen und in Santiago de Compostela enden oder die Stadt besuchen m\u00f6chten.<\/p>\n<p>W\u00e4hrend die Heilige Pforte ge\u00f6ffnet ist, wird symbolisch ein &#8222;Weg zur Erl\u00f6sung der Gl\u00e4ubigen&#8220; angeboten. F\u00fcr Nicht-Gl\u00e4ubige ist es die Gelegenheit, durch eine T\u00fcr mit gro\u00dfer historischer Tradition zu gehen.<\/p>\n<p>Die Wurzeln des Jubil\u00e4ums stammen aus der Religion des Judentums. Durch die Figur des Jubil\u00e4ums sollte das gesamte Volk Israel in den gleichen Bedingungen der Gleichheit leben, unabh\u00e4ngig von seiner aktuellen Situation. Es sollte einen Neuanfang darstellen.<\/p>\n<p><img fetchpriority=\"high\" decoding=\"async\" class=\"img-circle aligncenter\" title=\"puerta-santa-catedral-santiago-de-compostela\" src=\"https:\/\/www.mundiplus.com\/wp-content\/uploads\/2024\/04\/puerta-santa-1.jpg\" alt=\"Ano-de-la-misericordia-2016-puerta-santa\" width=\"800\" height=\"600\" \/><\/p>\n<p>Die Tradition des Heiligen Jahres begann im Jahr 1300 mit Papst Bonifatius VIII. und fand einmal in jedem Jahrhundert statt.<\/p>\n<p>Anl\u00e4sslich der au\u00dfergew\u00f6hnlichen Er\u00f6ffnung der Heiligen Pforte in der Kathedrale von Santiago kann das Jubil\u00e4um <span style=\"font-family: Helvetica;\">erhalten werden, noch vor dem Heiligen Jahr 2021, das das n\u00e4chste Heilige Jahr w\u00e4re.<\/span><\/p>\n<h3 style=\"text-align: center;\"><b>Und denke daran, Pilger: Es ist nicht das Ziel, sondern der Weg selbst, der z\u00e4hlt!!<\/b><\/h3>\n<div class=\"alert alert-info\">\n<p style=\"text-align: center;\">\u00a0<span style=\"color: #323333; font-family: Helvetica;\">Gesamtzahl der Pilger<\/span>, die die Kathedrale von Santiago erreicht haben: <span style=\"color: #323333; font-family: Helvetica;\">278.041<\/span><\/p>\n<p style=\"text-align: center;\">Der <a href=\"https:\/\/www.mundiplus.com\/de\/caminos\/a-pie\/camino-frances\" target=\"_blank\" rel=\"noopener\"><b>Franz\u00f6sische Weg<\/b><\/a> mit 60% des Gesamtergebnisses ist die gr\u00f6\u00dfte Strecke aller Jakobswege. Und innerhalb dieses Weges war <a href=\"https:\/\/www.mundiplus.com\/de\/caminos\/a-pie\/camino-frances\/camino-de-santiago-desde-sarria\" target=\"_blank\" rel=\"noopener\">der Jakobsweg von Sarria<\/a> die bevorzugte Option.<\/p>\n<p style=\"text-align: center;\">Es folgt ein aufstrebender und sehr attraktiver Weg wie der <a href=\"https:\/\/www.mundiplus.com\/de\/caminos\/a-pie\/camino-portugues\" target=\"_blank\" rel=\"nofollow noopener\"><b>Portugiesische Weg<\/b><\/a> mit 18%.<\/p>\n<\/div>\n","protected":false},"excerpt":{"rendered":"<p>Das Jahr der Barmherzigkeit folgt auf das k\u00fcrzliche franziskanische Jahr 2014. Papst Franziskus hat ein au\u00dfergew\u00f6hnliches Jubil\u00e4um ausgerufen, durch das p\u00e4pstliche Schreiben &#8222;Misericordia Vultus&#8220;, dessen zentrales Thema die Barmherzigkeit Gottes ist. Daher erleben wir ein Heiliges Jahr der Barmherzigkeit. Der offizielle Beginn wird am 8. Dezember dieses Jahres sein, dem Fest der Unbefleckten Empf\u00e4ngnis, und [&hellip;]<\/p>\n","protected":false},"author":1,"featured_media":83291,"comment_status":"open","ping_status":"open","sticky":false,"template":"","format":"standard","meta":{"footnotes":""},"categories":[572,592],"tags":[],"class_list":["post-115997","post","type-post","status-publish","format-standard","has-post-thumbnail","hentry","category-blog-des-weges","category-fur-auslander"],"_links":{"self":[{"href":"https:\/\/www.mundiplus.com\/de\/wp-json\/wp\/v2\/posts\/115997","targetHints":{"allow":["GET"]}}],"collection":[{"href":"https:\/\/www.mundiplus.com\/de\/wp-json\/wp\/v2\/posts"}],"about":[{"href":"https:\/\/www.mundiplus.com\/de\/wp-json\/wp\/v2\/types\/post"}],"author":[{"embeddable":true,"href":"https:\/\/www.mundiplus.com\/de\/wp-json\/wp\/v2\/users\/1"}],"replies":[{"embeddable":true,"href":"https:\/\/www.mundiplus.com\/de\/wp-json\/wp\/v2\/comments?post=115997"}],"version-history":[{"count":1,"href":"https:\/\/www.mundiplus.com\/de\/wp-json\/wp\/v2\/posts\/115997\/revisions"}],"predecessor-version":[{"id":129287,"href":"https:\/\/www.mundiplus.com\/de\/wp-json\/wp\/v2\/posts\/115997\/revisions\/129287"}],"wp:featuredmedia":[{"embeddable":true,"href":"https:\/\/www.mundiplus.com\/de\/wp-json\/wp\/v2\/media\/83291"}],"wp:attachment":[{"href":"https:\/\/www.mundiplus.com\/de\/wp-json\/wp\/v2\/media?parent=115997"}],"wp:term":[{"taxonomy":"category","embeddable":true,"href":"https:\/\/www.mundiplus.com\/de\/wp-json\/wp\/v2\/categories?post=115997"},{"taxonomy":"post_tag","embeddable":true,"href":"https:\/\/www.mundiplus.com\/de\/wp-json\/wp\/v2\/tags?post=115997"}],"curies":[{"name":"wp","href":"https:\/\/api.w.org\/{rel}","templated":true}]}}