{"id":116613,"date":"2025-02-08T09:53:55","date_gmt":"2025-02-08T09:53:55","guid":{"rendered":"https:\/\/www.mundiplus.com\/?p=116613"},"modified":"2025-02-08T09:55:28","modified_gmt":"2025-02-08T09:55:28","slug":"was-gibt-es-in-gernika-zu-sehen","status":"publish","type":"post","link":"https:\/\/www.mundiplus.com\/de\/was-gibt-es-in-gernika-zu-sehen\/","title":{"rendered":"Was gibt es in Gernika zu sehen?"},"content":{"rendered":"<p><img fetchpriority=\"high\" decoding=\"async\" class=\"alignnone wp-image-116537 size-full\" src=\"https:\/\/www.mundiplus.com\/wp-content\/uploads\/2025\/01\/Gernika-Mundiplus.jpg\" alt=\"\" width=\"1024\" height=\"768\" srcset=\"https:\/\/www.mundiplus.com\/wp-content\/uploads\/2025\/01\/Gernika-Mundiplus.jpg 1024w, https:\/\/www.mundiplus.com\/wp-content\/uploads\/2025\/01\/Gernika-Mundiplus-300x225.jpg 300w, https:\/\/www.mundiplus.com\/wp-content\/uploads\/2025\/01\/Gernika-Mundiplus-768x576.jpg 768w, https:\/\/www.mundiplus.com\/wp-content\/uploads\/2025\/01\/Gernika-Mundiplus-600x450.jpg 600w\" sizes=\"(max-width: 1024px) 100vw, 1024px\" \/><\/p>\n<p><span style=\"font-weight: 400;\">Strategisch gelegen am <\/span><b>Camino del Norte<\/b><span style=\"font-weight: 400;\">, <\/span><b>Gernika<\/b><span style=\"font-weight: 400;\"> bietet Pilgern einen bereichernden Halt voller Geschichte und Bedeutung. Dieser emblematische Ort im Baskenland ist nicht nur ein wichtiger Punkt auf deiner Reise, sondern auch ein Ort, an dem das Erbe des Jakobswegs mit der reichen baskischen Tradition verwoben ist.<\/span><\/p>\n<p><span style=\"font-weight: 400;\">W\u00e4hrend du diesen Weg gehst, l\u00e4dt dich jede Stra\u00dfe und Ecke der Stadt ein, <\/span><b>ihre Geheimnisse zu erkunden und ihre tiefgr\u00fcndige Symbolik zu erleben<\/b><span style=\"font-weight: 400;\">. M\u00f6chtest du wissen, welche historischen und kulturellen Sch\u00e4tze dich hier erwarten? Lies weiter, um die Wunder zu entdecken, die Gernika f\u00fcr deine Pilgerreise bereith\u00e4lt.<\/span><\/p>\n<p>&nbsp;<\/p>\n<h2><b>Ein Ausgangspunkt f\u00fcr Pilger<\/b><\/h2>\n<p><span style=\"font-weight: 400;\">Der Camino del Norte zu w\u00e4hlen, bedeutet, sich f\u00fcr einen Weg zu entscheiden, der eine Kombination aus K\u00fcstenlandschaften, reicher Kulturgeschichte und einer ruhigeren Erfahrung im Vergleich zu anderen Jakobswegen bietet. Als Spezialisten f\u00fcr <\/span><a href=\"https:\/\/www.mundiplus.com\/de\/\"><b>Jakobsweg-Reisen<\/b><\/a><span style=\"font-weight: 400;\"> m\u00f6chten wir dir Gr\u00fcnde geben, diesen Weg zu w\u00e4hlen.<\/span><\/p>\n<p><span style=\"font-weight: 400;\">Im Gegensatz zum<\/span><a href=\"https:\/\/www.mundiplus.com\/de\/caminos\/a-pie\/camino-sanabres\/camino-de-santiago-desde-orense\/\"> <b>Camino de Santiago von Ourense<\/b><\/a><span style=\"font-weight: 400;\"> oder dem<\/span><a href=\"https:\/\/www.mundiplus.com\/de\/caminos\/a-pie\/camino-primitivo\/camino-de-santiago-desde-lugo\/\"> <b>Camino Primitivo von Lugo<\/b><\/a><span style=\"font-weight: 400;\"> bietet er eine <\/span><b>weniger frequentierte Strecke<\/b><span style=\"font-weight: 400;\">. Das erm\u00f6glicht eine intimere Verbindung mit der Natur und den lokalen Gemeinschaften.<\/span><\/p>\n<p><span style=\"font-weight: 400;\">Ein Hauptanziehungspunkt ist die <\/span><b>Vielfalt der Landschaften<\/b><span style=\"font-weight: 400;\">. Von majest\u00e4tischen Bergen in Kantabrien bis zu \u00fcppigen Str\u00e4nden in Asturien und dem Baskenland, jeder Abschnitt dieser Route bietet neue Herausforderungen und spektakul\u00e4re Ausblicke. Diese Vielfalt macht jeden Tag der Pilgerreise zu einem einzigartigen Erlebnis und h\u00e4lt die Begeisterung und Motivation aufrecht.<\/span><\/p>\n<p><span style=\"font-weight: 400;\">Dar\u00fcber hinaus ist sie ber\u00fchmt f\u00fcr ihre <\/span><b>Gastronomie<\/b><span style=\"font-weight: 400;\">. Pilger k\u00f6nnen sich an einer kulinarischen Auswahl erfreuen, die frische Meeresfr\u00fcchte, Pintxos und lokale Weine umfasst. Diese gastronomische Erfahrung befriedigt nicht nur den Gaumen, sondern bereichert auch die Reise, indem sie den Pilgern erm\u00f6glicht, in die kulinarischen Traditionen des Baskenlands und der gesamten Kantabrischen K\u00fcste einzutauchen.<\/span><\/p>\n<p><span style=\"font-weight: 400;\">Ihre historische und kulturelle Bedeutung ist ein weiterer Grund, diese Route zu w\u00e4hlen. Entlang des Weges gibt es zahlreiche Denkm\u00e4ler, Kirchen und Museen, die die Geschichte der Region erz\u00e4hlen. Zum Beispiel kannst du in Gernika das <\/span><b>Casa de Juntas<\/b><span style=\"font-weight: 400;\"> und den <\/span><b>\u00c1rbol de Gernika<\/b><span style=\"font-weight: 400;\"> besichtigen, emblematische Symbole der baskischen Freiheit, sowie das <\/span><b>Friedensmuseum<\/b><span style=\"font-weight: 400;\">, das zur Reflexion \u00fcber die Vergangenheit und das Engagement f\u00fcr eine friedliche Zukunft einl\u00e4dt.<\/span><\/p>\n<p><span style=\"font-weight: 400;\">Wenn du den <\/span><a href=\"https:\/\/www.mundiplus.com\/de\/caminos\/a-pie\/camino-norte\/camino-de-santiago-desde-irun\/\"><b>Camino de Santiago von Ir\u00fan<\/b><\/a><span style=\"font-weight: 400;\"> gehst, wirst du eine <\/span><b>pers\u00f6nlichere und ruhigere Erfahrung<\/b><span style=\"font-weight: 400;\"> genie\u00dfen. Der Camino del Norte zeichnet sich durch eine geringere Pilgerzahl aus, was eine tiefere Verbindung zur Umgebung und den Menschen, denen du unterwegs begegnest, erm\u00f6glicht.<\/span><\/p>\n<p><span style=\"font-weight: 400;\">Ein weiterer Aspekt ist die <\/span><b>Gastfreundschaft der lokalen Gemeinschaften<\/b><span style=\"font-weight: 400;\">. Die kleinen D\u00f6rfer und St\u00e4dte entlang der Strecke sind bekannt f\u00fcr ihre herzliche Aufnahme, bieten Unterkunft, Freundschaft und Unterst\u00fctzung f\u00fcr die Pilger. Diese Interaktion mit den Einheimischen bereichert die Reiseerfahrung und schafft bleibende Erinnerungen und ein Gef\u00fchl der Zugeh\u00f6rigkeit.<\/span><\/p>\n<p><span style=\"font-weight: 400;\">Schlie\u00dflich erm\u00f6glicht dir die Wahl des Camino del Norte, die <\/span><b>einzigartige Identit\u00e4t des Baskenlandes<\/b><span style=\"font-weight: 400;\"> im Kontext des Jakobswegs zu entdecken. Vom historischen Gernika bis zu den gr\u00fcnen Landschaften, die die Route s\u00e4umen, ist jeder Schritt eine Gelegenheit, das kulturelle und nat\u00fcrliche Erbe dieser Region zu sch\u00e4tzen und zu bewahren.<\/span><\/p>\n<p>&nbsp;<\/p>\n<h2><b>Casa de Juntas und \u00c1rbol de Gernika: das Symbol der baskischen Freiheit<\/b><\/h2>\n<p><img decoding=\"async\" class=\"alignnone wp-image-116531 size-full\" src=\"https:\/\/www.mundiplus.com\/wp-content\/uploads\/2025\/01\/Casa-de-Juntas-Gernika-Mundiplus.jpg\" alt=\"\" width=\"1024\" height=\"768\" srcset=\"https:\/\/www.mundiplus.com\/wp-content\/uploads\/2025\/01\/Casa-de-Juntas-Gernika-Mundiplus.jpg 1024w, https:\/\/www.mundiplus.com\/wp-content\/uploads\/2025\/01\/Casa-de-Juntas-Gernika-Mundiplus-300x225.jpg 300w, https:\/\/www.mundiplus.com\/wp-content\/uploads\/2025\/01\/Casa-de-Juntas-Gernika-Mundiplus-768x576.jpg 768w, https:\/\/www.mundiplus.com\/wp-content\/uploads\/2025\/01\/Casa-de-Juntas-Gernika-Mundiplus-600x450.jpg 600w\" sizes=\"(max-width: 1024px) 100vw, 1024px\" \/><\/p>\n<p><span style=\"font-weight: 400;\">Die <\/span><b>Casa de Juntas<\/b><span style=\"font-weight: 400;\"> wurde <\/span><b>zwischen 1826 und 1833<\/b><span style=\"font-weight: 400;\"> unter der Leitung des Architekten <\/span><b>Antonio de Etxebarria<\/b><span style=\"font-weight: 400;\"> im <\/span><b>neoklassizistischen Stil<\/b><span style=\"font-weight: 400;\"> erbaut. Dieses Geb\u00e4ude ist der Sitz des <\/span><b>h\u00f6chsten institutionellen Organs von Bizkaia<\/b><span style=\"font-weight: 400;\"> und war der Ort, an dem die Generalversammlungen seit seiner Errichtung abgehalten wurden.<\/span><\/p>\n<p><span style=\"font-weight: 400;\">Urspr\u00fcnglich fanden die Versammlungen in der Kapelle von Santa Mar\u00eda de la Antigua statt, die jedoch abgerissen wurde, um Platz f\u00fcr den Neubau zu schaffen. Die Casa de Juntas ist auch ein kultureller Raum, der <\/span><b>die Geschichte und Traditionen des baskischen Volkes widerspiegelt<\/b><span style=\"font-weight: 400;\">.<\/span><\/p>\n<p><span style=\"font-weight: 400;\">Der <\/span><b>\u00c1rbol de Gernika<\/b><span style=\"font-weight: 400;\">, eine verehrte Eiche, war <\/span><b>seit dem 14. Jahrhundert Zeuge der Schw\u00fcre der fueros<\/b><span style=\"font-weight: 400;\">. Dieser Baum hat die Freiheit und die Rechte des baskischen Volkes symbolisiert. Er war ein Treffpunkt f\u00fcr Vertreter verschiedener Orte, um gemeinsame Angelegenheiten zu besprechen.<\/span><\/p>\n<p><span style=\"font-weight: 400;\">Obwohl der heutige Baum 2015 gepflanzt wurde, steht er an dem Ort seiner Vorg\u00e4nger, von denen einige mehr als 100 Jahre alt wurden.<\/span><\/p>\n<p>&nbsp;<\/p>\n<h2><b>Friedensmuseum: Reflexion \u00fcber die Vergangenheit und die Zukunft<\/b><\/h2>\n<p><span style=\"font-weight: 400;\">Das <\/span><b>Friedensmuseum<\/b><span style=\"font-weight: 400;\"> ist ein Raum, der der <\/span><b>Erinnerung und Reflexion \u00fcber die Schrecken der Vergangenheit<\/b><span style=\"font-weight: 400;\"> gewidmet ist und Werte wie Frieden und Vers\u00f6hnung f\u00f6rdert. Es wurde am 8. Januar <\/span><b>2003<\/b><span style=\"font-weight: 400;\"> er\u00f6ffnet und ist inspiriert durch den <\/span><b>Bombenangriff vom 26. April 1937<\/b><span style=\"font-weight: 400;\">, ein verheerendes Ereignis im Spanischen B\u00fcrgerkrieg.<\/span><\/p>\n<p><span style=\"font-weight: 400;\">Durch interaktive Ausstellungen und Bildungsaktivit\u00e4ten, wie Dokumentarfilme, die die Erfahrungen der \u00dcberlebenden erz\u00e4hlen, l\u00e4dt das Museum dazu ein, die Konsequenzen des bewaffneten Konflikts zu betrachten.<\/span><\/p>\n<p><span style=\"font-weight: 400;\">Die permanente Ausstellung behandelt Themen wie den Begriff des Friedens, das Erbe des Bombenangriffs und die aktuelle Situation der Menschenrechte weltweit. Au\u00dferdem werden gef\u00fchrte Touren angeboten, die das <\/span><b>Gernika-Gedenkverm\u00f6gen<\/b><span style=\"font-weight: 400;\"> erkunden und das Museum zu einem Referenzpunkt f\u00fcr Friedenskultur und historische Erinnerung machen.<\/span><\/p>\n<p>&nbsp;<\/p>\n<h2><b>Kirche Santa Mar\u00eda: gotische Architektur mit lokalem Charme<\/b><\/h2>\n<p><span style=\"font-weight: 400;\">Die <\/span><b>Kirche Santa Mar\u00eda<\/b><span style=\"font-weight: 400;\"> ist eines der bedeutendsten religi\u00f6sen Monumente der Stadt, erbaut zwischen den <\/span><b>Jahrhunderten XV und XVII<\/b><span style=\"font-weight: 400;\">. Ihr <\/span><b>gotischer Stil<\/b><span style=\"font-weight: 400;\"> zeigt sich in der beeindruckenden Fassade und den einzigartigen architektonischen Details, obwohl sie auch ren\u00e4ssancistische Einfl\u00fcsse, besonders im Inneren, aufweist.<\/span><\/p>\n<p><span style=\"font-weight: 400;\">Das Geb\u00e4ude, das auf einer Anh\u00f6he steht, verf\u00fcgt \u00fcber drei Schiffe, die mit Kreuzgew\u00f6lben gedeckt sind, und wird von eleganten ionischen S\u00e4ulen gest\u00fctzt. Im Inneren k\u00f6nnen Besucher wertvolle sakrale Kunstwerke bewundern, die die reiche lokale Fr\u00f6mmigkeit widerspiegeln. Die Kirche war ein Ort des Kults und ein Bezugspunkt f\u00fcr die religi\u00f6sen und sozialen Traditionen des Ortes.<\/span><\/p>\n<p>&nbsp;<\/p>\n<h2><b>Park der V\u00f6lker Europas: Kunst und Natur in perfektem Einklang<\/b><\/h2>\n<p><img decoding=\"async\" class=\"alignnone wp-image-116543 size-full\" src=\"https:\/\/www.mundiplus.com\/wp-content\/uploads\/2025\/01\/Parque-de-los-Pueblos-de-Europa-Gernika-Mundiplus.jpg\" alt=\"\" width=\"1024\" height=\"680\" srcset=\"https:\/\/www.mundiplus.com\/wp-content\/uploads\/2025\/01\/Parque-de-los-Pueblos-de-Europa-Gernika-Mundiplus.jpg 1024w, https:\/\/www.mundiplus.com\/wp-content\/uploads\/2025\/01\/Parque-de-los-Pueblos-de-Europa-Gernika-Mundiplus-300x199.jpg 300w, https:\/\/www.mundiplus.com\/wp-content\/uploads\/2025\/01\/Parque-de-los-Pueblos-de-Europa-Gernika-Mundiplus-768x510.jpg 768w, https:\/\/www.mundiplus.com\/wp-content\/uploads\/2025\/01\/Parque-de-los-Pueblos-de-Europa-Gernika-Mundiplus-600x398.jpg 600w\" sizes=\"(max-width: 1024px) 100vw, 1024px\" \/><\/p>\n<p><span style=\"font-weight: 400;\">Der <\/span><b>Park der V\u00f6lker Europas<\/b><span style=\"font-weight: 400;\">, er\u00f6ffnet im <\/span><b>Jahr 1991<\/b><span style=\"font-weight: 400;\">, ist ein emblematischer Raum. Hier existieren Kunst und Natur in perfekter Harmonie.<\/span><\/p>\n<p><span style=\"font-weight: 400;\">Dieser gr\u00fcne Raum beherbergt bedeutende Skulpturen wie &#8222;<\/span><b>Gure Aitaren Etxea<\/b><span style=\"font-weight: 400;\">&#8220; von Eduardo Chillida und &#8222;<\/span><b>Large Figure in a Shelter<\/b><span style=\"font-weight: 400;\">&#8220; von Henry Moore, die den Frieden und die europ\u00e4ische Einheit symbolisieren. Die Skulptur von Chillida, mit fast <\/span><b>8 Metern H\u00f6he<\/b><span style=\"font-weight: 400;\">, stellt das Haus des baskischen Volkes dar und ist mit dem \u00c1rbol de Gernika verbunden.<\/span><\/p>\n<p><span style=\"font-weight: 400;\">Der Park verf\u00fcgt au\u00dferdem \u00fcber eine reiche Vielfalt an einheimischen B\u00e4umen und Str\u00e4uchern sowie einen Teich, der die Sch\u00f6nheit der Umgebung verst\u00e4rkt. Ein Spaziergang durch diesen Park bietet eine Auszeit in der Natur und eine tiefgehende Reflexion \u00fcber das Engagement f\u00fcr den Frieden und das historische Ged\u00e4chtnis.<\/span><\/p>\n<p>&nbsp;<\/p>\n<h2><b>Markt von Gernika: Aromen und lokale Traditionen<\/b><\/h2>\n<p><span style=\"font-weight: 400;\">Der <\/span><b>Markt von Gernika<\/b><span style=\"font-weight: 400;\"> ist ein lebendiges Zentrum, in dem das lokale Leben zu sp\u00fcren ist. Dieser Markt bietet frische und typische Produkte wie Bohnen und die ber\u00fchmten Paprika.<\/span><\/p>\n<p><span style=\"font-weight: 400;\">Besucher k\u00f6nnen die St\u00e4nde erkunden, die voller Farben und Aromen sind, die die kulinarischen Traditionen des Baskenlandes widerspiegeln. Um eine authentische Erfahrung zu machen, solltest du mit den \u00f6rtlichen Verk\u00e4ufern ins Gespr\u00e4ch kommen und einige traditionelle Pintxos in den nahegelegenen Tavernen probieren.<\/span><\/p>\n<p>&nbsp;<\/p>\n<h2><b>Route des Bombenangriffs: lebendige Erinnerung an eine tragische Vergangenheit<\/b><\/h2>\n<p><span style=\"font-weight: 400;\">Die <\/span><b>Route des Bombenangriffs<\/b><span style=\"font-weight: 400;\"> ist ein Rundgang, der den Besuchern erm\u00f6glicht, <\/span><b>Schl\u00fcsselpunkte im Zusammenhang mit dem verheerenden Luftangriff<\/b><span style=\"font-weight: 400;\"> auf Gernika am 26. April 1937 zu erkunden. Dieses Ereignis, das von der deutschen Legion Condor und der italienischen Legion Aviatica durchgef\u00fchrt wurde, hatte das Ziel, die Bev\u00f6lkerung zu demoralisieren und den R\u00fcckzug der republikanischen Truppen zu verhindern.<\/span><\/p>\n<p><span style=\"font-weight: 400;\">Die Route umfasst Gedenktafeln und Zeugnisse von \u00dcberlebenden, die die historische Erinnerung an dieses tragische Ereignis lebendig halten.<\/span><\/p>\n<p><span style=\"font-weight: 400;\">Durch interaktive Ausstellungen und pers\u00f6nliche Erz\u00e4hlungen k\u00f6nnen Besucher \u00fcber die Auswirkungen des Bombenangriffs auf die Gemeinschaft nachdenken und dar\u00fcber, wie die Erinnerung an diese Ereignisse zum Aufbau einer friedlicheren Zukunft beitragen kann. Geschichte zu verstehen ist eine M\u00f6glichkeit, das aktuelle Engagement f\u00fcr Frieden und Vers\u00f6hnung in der Region zu begreifen.<\/span><\/p>\n","protected":false},"excerpt":{"rendered":"<p>Strategisch gelegen am Camino del Norte, Gernika bietet Pilgern einen bereichernden Halt voller Geschichte und Bedeutung. Dieser emblematische Ort im Baskenland ist nicht nur ein wichtiger Punkt auf deiner Reise, sondern auch ein Ort, an dem das Erbe des Jakobswegs mit der reichen baskischen Tradition verwoben ist. W\u00e4hrend du diesen Weg gehst, l\u00e4dt dich jede [&hellip;]<\/p>\n","protected":false},"author":1,"featured_media":116540,"comment_status":"open","ping_status":"open","sticky":false,"template":"","format":"standard","meta":{"footnotes":""},"categories":[572,604,600,576],"tags":[],"class_list":["post-116613","post","type-post","status-publish","format-standard","has-post-thumbnail","hentry","category-blog-des-weges","category-ikonische-orte","category-villages-et-regions-de","category-zu-fus-gehen"],"_links":{"self":[{"href":"https:\/\/www.mundiplus.com\/de\/wp-json\/wp\/v2\/posts\/116613","targetHints":{"allow":["GET"]}}],"collection":[{"href":"https:\/\/www.mundiplus.com\/de\/wp-json\/wp\/v2\/posts"}],"about":[{"href":"https:\/\/www.mundiplus.com\/de\/wp-json\/wp\/v2\/types\/post"}],"author":[{"embeddable":true,"href":"https:\/\/www.mundiplus.com\/de\/wp-json\/wp\/v2\/users\/1"}],"replies":[{"embeddable":true,"href":"https:\/\/www.mundiplus.com\/de\/wp-json\/wp\/v2\/comments?post=116613"}],"version-history":[{"count":0,"href":"https:\/\/www.mundiplus.com\/de\/wp-json\/wp\/v2\/posts\/116613\/revisions"}],"wp:featuredmedia":[{"embeddable":true,"href":"https:\/\/www.mundiplus.com\/de\/wp-json\/wp\/v2\/media\/116540"}],"wp:attachment":[{"href":"https:\/\/www.mundiplus.com\/de\/wp-json\/wp\/v2\/media?parent=116613"}],"wp:term":[{"taxonomy":"category","embeddable":true,"href":"https:\/\/www.mundiplus.com\/de\/wp-json\/wp\/v2\/categories?post=116613"},{"taxonomy":"post_tag","embeddable":true,"href":"https:\/\/www.mundiplus.com\/de\/wp-json\/wp\/v2\/tags?post=116613"}],"curies":[{"name":"wp","href":"https:\/\/api.w.org\/{rel}","templated":true}]}}