{"id":117760,"date":"2025-02-21T18:49:19","date_gmt":"2025-02-21T18:49:19","guid":{"rendered":"https:\/\/www.mundiplus.com\/?p=117760"},"modified":"2025-02-24T09:24:15","modified_gmt":"2025-02-24T09:24:15","slug":"was-es-in-gueemes-zu-sehen-gibt","status":"publish","type":"post","link":"https:\/\/www.mundiplus.com\/de\/was-gibt-es-in-guemes-zu-sehen\/","title":{"rendered":"Was es in G\u00fcemes zu sehen gibt"},"content":{"rendered":"<p><img fetchpriority=\"high\" decoding=\"async\" class=\"alignnone wp-image-117694 size-full\" src=\"https:\/\/www.mundiplus.com\/wp-content\/uploads\/2025\/02\/Guemes-Mundiplus.jpg\" alt=\"\" width=\"1024\" height=\"576\" data-mce-src=\"https:\/\/www.mundiplus.com\/wp-content\/uploads\/2025\/02\/Guemes-Mundiplus.jpg\" srcset=\"https:\/\/www.mundiplus.com\/wp-content\/uploads\/2025\/02\/Guemes-Mundiplus.jpg 1024w, https:\/\/www.mundiplus.com\/wp-content\/uploads\/2025\/02\/Guemes-Mundiplus-300x169.jpg 300w, https:\/\/www.mundiplus.com\/wp-content\/uploads\/2025\/02\/Guemes-Mundiplus-768x432.jpg 768w, https:\/\/www.mundiplus.com\/wp-content\/uploads\/2025\/02\/Guemes-Mundiplus-600x338.jpg 600w\" sizes=\"(max-width: 1024px) 100vw, 1024px\" \/><\/p>\n<p>G\u00fcemes<span style=\"font-weight: 400;\" data-mce-style=\"font-weight: 400;\"> ist ein symboltr\u00e4chtiger Halt auf dem K\u00fcstenweg (Camino del Norte) nach Santiago de Compostela. Dieses kleine kantabrische Dorf ist vor allem f\u00fcr die Herberge <\/span><b>&#8222;La Caba\u00f1a del Abuelo Peuto&#8220;<\/b><span style=\"font-weight: 400;\" data-mce-style=\"font-weight: 400;\"> bekannt, die vom Padre Ernesto gegr\u00fcndet wurde. Dieser Ort bietet Pilgern eine einzigartige und bereichernde Gastfreundschaftserfahrung.&nbsp;<\/span><\/p>\n<p><span style=\"font-weight: 400;\" data-mce-style=\"font-weight: 400;\">Von hier aus gibt es zwei Routen nach Santander: eine offizielle Route, die durch Loredo f\u00fchrt, und eine alternative K\u00fcstenvariante, die atemberaubende Klippen und Str\u00e4nde passiert und Panoramablicke auf das Kantabrische Meer bietet. Beide Routen treffen in Somo aufeinander, von wo aus man mit einer F\u00e4hre \u00fcber die Bucht nach Santander \u00fcbersetzen kann.<\/span><\/p>\n<p><span style=\"font-weight: 400;\" data-mce-style=\"font-weight: 400;\">Aber bevor wir uns auf den Weg machen, m\u00f6chten wir dir die <\/span><b>wichtigsten Sehensw\u00fcrdigkeiten von G\u00fcemes<\/b><span style=\"font-weight: 400;\" data-mce-style=\"font-weight: 400;\"> zeigen. Zun\u00e4chst einmal geben wir dir noch ein paar \u00fcberzeugende Gr\u00fcnde, warum du den Camino del Norte als deine Route zur Kathedrale von Santiago w\u00e4hlen solltest.<\/span><\/p>\n<p><\/p>\n<h2><b>Warum den Camino del Norte w\u00e4hlen?<\/b><\/h2>\n<p><span style=\"font-weight: 400;\" data-mce-style=\"font-weight: 400;\">Als Experten f\u00fcr <\/span><a href=\"https:\/\/www.mundiplus.com\/de\/\" data-mce-href=\"https:\/\/www.mundiplus.com\/de\/\"><b>Reisen auf dem Jakobsweg<\/b><\/a><span style=\"font-weight: 400;\" data-mce-style=\"font-weight: 400;\"> erlauben wir uns, dir diese Route n\u00e4herzubringen und zu erkl\u00e4ren, warum sie eine ausgezeichnete Wahl ist. Danach erz\u00e4hlen wir dir mehr \u00fcber G\u00fcemes.<\/span><\/p>\n<p><span style=\"font-weight: 400;\" data-mce-style=\"font-weight: 400;\">Der <\/span><b>Camino del Norte<\/b><span style=\"font-weight: 400;\" data-mce-style=\"font-weight: 400;\"> ist eine der spektakul\u00e4rsten Jakobsweg-Routen und gleichzeitig eine der <\/span><b>weniger frequentierten<\/b><span style=\"font-weight: 400;\" data-mce-style=\"font-weight: 400;\"> \u2013 vor allem im Vergleich zum popul\u00e4ren Camino Franc\u00e9s.<\/span><\/p>\n<p><span style=\"font-weight: 400;\" data-mce-style=\"font-weight: 400;\">Einige bevorzugen k\u00fcrzere Routen wie den<\/span><a href=\"https:\/\/www.mundiplus.com\/de\/caminos\/a-pie\/camino-sanabres\/camino-de-santiago-desde-orense\/\" data-mce-href=\"https:\/\/www.mundiplus.com\/de\/caminos\/a-pie\/camino-sanabres\/camino-de-santiago-desde-orense\/\"> <b>Jakobsweg ab Ourense<\/b><\/a><span style=\"font-weight: 400;\" data-mce-style=\"font-weight: 400;\">, der eine tiefere Verbindung mit der galicischen Kultur erm\u00f6glicht. Andere stellen sich der Herausforderung des<\/span><a href=\"https:\/\/www.mundiplus.com\/de\/caminos\/a-pie\/camino-primitivo\/camino-de-santiago-desde-lugo\/\" data-mce-href=\"https:\/\/www.mundiplus.com\/de\/caminos\/a-pie\/camino-primitivo\/camino-de-santiago-desde-lugo\/\"> <b>Camino Primitivo ab Lugo<\/b><\/a><span style=\"font-weight: 400;\" data-mce-style=\"font-weight: 400;\"> \u2013 der \u00e4ltesten offiziellen Route zum Grab des Apostels Santiago.<\/span><\/p>\n<p><span style=\"font-weight: 400;\" data-mce-style=\"font-weight: 400;\">Im Gegensatz zu anderen Wegen genie\u00dfen Pilger hier die <\/span><b>perfekte Kombination aus Bergen und Meer<\/b><span style=\"font-weight: 400;\" data-mce-style=\"font-weight: 400;\">, w\u00e4hrend sie durch geschichtstr\u00e4chtige und kulturell reiche D\u00f6rfer ziehen.<\/span><\/p>\n<p><span style=\"font-weight: 400;\" data-mce-style=\"font-weight: 400;\">Ein gro\u00dfer Vorteil des Camino del Norte ist die M\u00f6glichkeit, <\/span><b>eine der sch\u00f6nsten Regionen Spaniens<\/b><span style=\"font-weight: 400;\" data-mce-style=\"font-weight: 400;\"> zu durchqueren \u2013 eine perfekte Mischung aus Geschichte, Natur und Tradition. Die Route f\u00fchrt durch majest\u00e4tische St\u00e4dte wie San Sebasti\u00e1n und Santander, aber auch durch kleine, charmante D\u00f6rfer wie G\u00fcemes.<\/span><\/p>\n<p><span style=\"font-weight: 400;\" data-mce-style=\"font-weight: 400;\">Ein weiteres Highlight ist die <\/span><b>Vielfalt der Landschaften<\/b><span style=\"font-weight: 400;\" data-mce-style=\"font-weight: 400;\">. Wer eine K\u00fcstenroute bevorzugt, kann den<\/span><a href=\"https:\/\/www.mundiplus.com\/de\/caminos\/a-pie\/camino-norte\/camino-de-santiago-desde-irun\/\" data-mce-href=\"https:\/\/www.mundiplus.com\/de\/caminos\/a-pie\/camino-norte\/camino-de-santiago-desde-irun\/\"> <b>Jakobsweg ab Ir\u00fan<\/b><\/a><span style=\"font-weight: 400;\" data-mce-style=\"font-weight: 400;\"> w\u00e4hlen, der eine atemberaubende Strecke durch das Baskenland bietet, bevor er nach Kantabrien und Asturien f\u00fchrt.<\/span><\/p>\n<p><span style=\"font-weight: 400;\" data-mce-style=\"font-weight: 400;\">Schlie\u00dflich ist die <\/span><b>Ruhe<\/b><span style=\"font-weight: 400;\" data-mce-style=\"font-weight: 400;\"> ein weiteres starkes Argument f\u00fcr diese Route. W\u00e4hrend der Camino Franc\u00e9s zu bestimmten Zeiten \u00fcberf\u00fcllt sein kann, bietet der Camino del Norte eine <\/span><b>entspanntere und pers\u00f6nlichere Erfahrung<\/b><span style=\"font-weight: 400;\" data-mce-style=\"font-weight: 400;\"> mit mehr Naturverbundenheit und weniger \u00fcberf\u00fcllten Herbergen.<\/span><\/p>\n<p><\/p>\n<h2><b>Die beliebtesten Sehensw\u00fcrdigkeiten in G\u00fcemes<\/b><\/h2>\n<p><span style=\"font-weight: 400;\" data-mce-style=\"font-weight: 400;\">Obwohl klein, hat G\u00fcemes einige interessante Orte zu bieten, die du w\u00e4hrend deines Aufenthalts unbedingt besuchen solltest:<\/span><\/p>\n<h3><b>Kirche San Vicente M\u00e1rtir<\/b><\/h3>\n<p><span style=\"font-weight: 400;\" data-mce-style=\"font-weight: 400;\">Die <\/span><b>Kirche San Vicente M\u00e1rtir<\/b><span style=\"font-weight: 400;\" data-mce-style=\"font-weight: 400;\"> ist eines der wichtigsten historischen und architektonischen Wahrzeichen des Dorfes. Diese Kirche stammt aus dem <\/span><b>Mittelalter<\/b><span style=\"font-weight: 400;\" data-mce-style=\"font-weight: 400;\"> und war \u00fcber die Jahrhunderte hinweg eine Station f\u00fcr Pilger. Sie bewahrt wertvolle k\u00fcnstlerische Elemente und zeigt eine Entwicklung verschiedener architektonischer Stile von der <\/span><b>Romanik bis zum Barock<\/b><span style=\"font-weight: 400;\" data-mce-style=\"font-weight: 400;\">.<\/span><\/p>\n<p><\/p>\n<h3><b>Herberge &#8222;La Caba\u00f1a del Abuelo Peuto&#8220;<\/b><\/h3>\n<p><span style=\"font-weight: 400;\" data-mce-style=\"font-weight: 400;\">Diese Herberge befindet sich zwar in Bareyo, ist aber eine der Hauptattraktionen der Gegend. Sie ist nicht nur eine einfache Unterkunft, sondern auch ein <\/span><b>Treffpunkt f\u00fcr Pilger auf dem Jakobsweg<\/b><span style=\"font-weight: 400;\" data-mce-style=\"font-weight: 400;\">. Dank der inspirierenden Gespr\u00e4che mit Padre Ernesto wird dieser Ort zu einer einzigartigen spirituellen Erfahrung.<\/span><\/p>\n<p><\/p>\n<h3><b>Kapelle San Juli\u00e1n<\/b><\/h3>\n<p><img decoding=\"async\" class=\"alignnone wp-image-117706 size-full\" src=\"https:\/\/www.mundiplus.com\/wp-content\/uploads\/2025\/02\/Ermita-de-San-Julian-Mundiplus-1.jpg\" alt=\"\" width=\"1024\" height=\"498\" data-mce-src=\"https:\/\/www.mundiplus.com\/wp-content\/uploads\/2025\/02\/Ermita-de-San-Julian-Mundiplus-1.jpg\" srcset=\"https:\/\/www.mundiplus.com\/wp-content\/uploads\/2025\/02\/Ermita-de-San-Julian-Mundiplus-1.jpg 1024w, https:\/\/www.mundiplus.com\/wp-content\/uploads\/2025\/02\/Ermita-de-San-Julian-Mundiplus-1-300x146.jpg 300w, https:\/\/www.mundiplus.com\/wp-content\/uploads\/2025\/02\/Ermita-de-San-Julian-Mundiplus-1-768x374.jpg 768w, https:\/\/www.mundiplus.com\/wp-content\/uploads\/2025\/02\/Ermita-de-San-Julian-Mundiplus-1-600x292.jpg 600w\" sizes=\"(max-width: 1024px) 100vw, 1024px\" \/><\/p>\n<h3><\/h3>\n<h3><b>Kirche Santa Mar\u00eda de Bareyo<\/b><\/h3>\n<p><span style=\"font-weight: 400;\" data-mce-style=\"font-weight: 400;\">Nur wenige Kilometer entfernt befindet sich die Pfarrkirche Santa Mar\u00eda de Bareyo \u2013 ein <\/span><b>Juwel der Romanik<\/b><span style=\"font-weight: 400;\" data-mce-style=\"font-weight: 400;\"> in Kantabrien, bekannt f\u00fcr ihre kunstvoll verzierten Kapitelle und ihre gut erhaltene Struktur.<\/span><\/p>\n<p><\/p>\n<h3><b>Nahegelegene Str\u00e4nde: Playa de Galizano und Playa de Ajo<\/b><\/h3>\n<p><img decoding=\"async\" class=\"alignnone wp-image-117700 size-full\" src=\"https:\/\/www.mundiplus.com\/wp-content\/uploads\/2025\/02\/Playa-del-Ajo-Mundiplus.jpg\" alt=\"\" width=\"1023\" height=\"682\" data-mce-src=\"https:\/\/www.mundiplus.com\/wp-content\/uploads\/2025\/02\/Playa-del-Ajo-Mundiplus.jpg\" srcset=\"https:\/\/www.mundiplus.com\/wp-content\/uploads\/2025\/02\/Playa-del-Ajo-Mundiplus.jpg 1023w, https:\/\/www.mundiplus.com\/wp-content\/uploads\/2025\/02\/Playa-del-Ajo-Mundiplus-300x200.jpg 300w, https:\/\/www.mundiplus.com\/wp-content\/uploads\/2025\/02\/Playa-del-Ajo-Mundiplus-768x512.jpg 768w, https:\/\/www.mundiplus.com\/wp-content\/uploads\/2025\/02\/Playa-del-Ajo-Mundiplus-600x400.jpg 600w\" sizes=\"(max-width: 1023px) 100vw, 1023px\" \/><\/p>\n<ul>\n<li><span style=\"font-weight: 400;\" data-mce-style=\"font-weight: 400;\">In Ribamont\u00e1n del Mar liegt die <\/span><b>Playa de Galizano<\/b><span style=\"font-weight: 400;\" data-mce-style=\"font-weight: 400;\"> \u2013 ein wundersch\u00f6ner Naturstrand mit Klippen und Wanderwegen.<\/span><\/li>\n<\/ul>\n<p><\/p>\n<ul>\n<li><span style=\"font-weight: 400;\" data-mce-style=\"font-weight: 400;\">Die <\/span><b>Playa de Ajo<\/b><span style=\"font-weight: 400;\" data-mce-style=\"font-weight: 400;\"> ist eine offene K\u00fcstenlandschaft, perfekt f\u00fcr entspannte Spazierg\u00e4nge mit Panoramablick auf das Kantabrische Meer.<\/span><\/li>\n<\/ul>\n<p><\/p>\n<h3><b>Wanderwege und Aussichtspunkte<\/b><\/h3>\n<p><span style=\"font-weight: 400;\" data-mce-style=\"font-weight: 400;\">G\u00fcemes ist ein charmanter Ort f\u00fcr Pilger und Naturfreunde, die eine authentische, entspannte Atmosph\u00e4re suchen. Entdecke die Gastfreundschaft, die Landschaften und die Kultur dieses besonderen kantabrischen Dorfes \u2013 G\u00fcemes erwartet dich mit offenen Armen!<\/span><\/p>\n","protected":false},"excerpt":{"rendered":"<p>G\u00fcemes ist ein symboltr\u00e4chtiger Halt auf dem K\u00fcstenweg (Camino del Norte) nach Santiago de Compostela. Dieses kleine kantabrische Dorf ist vor allem f\u00fcr die Herberge &#8222;La Caba\u00f1a del Abuelo Peuto&#8220; bekannt, die vom Padre Ernesto gegr\u00fcndet wurde. Dieser Ort bietet Pilgern eine einzigartige und bereichernde Gastfreundschaftserfahrung.&nbsp; Von hier aus gibt es zwei Routen nach Santander: [&hellip;]<\/p>\n","protected":false},"author":1,"featured_media":117697,"comment_status":"open","ping_status":"open","sticky":false,"template":"","format":"standard","meta":{"footnotes":""},"categories":[572,600,576],"tags":[],"class_list":["post-117760","post","type-post","status-publish","format-standard","has-post-thumbnail","hentry","category-blog-des-weges","category-villages-et-regions-de","category-zu-fus-gehen"],"_links":{"self":[{"href":"https:\/\/www.mundiplus.com\/de\/wp-json\/wp\/v2\/posts\/117760","targetHints":{"allow":["GET"]}}],"collection":[{"href":"https:\/\/www.mundiplus.com\/de\/wp-json\/wp\/v2\/posts"}],"about":[{"href":"https:\/\/www.mundiplus.com\/de\/wp-json\/wp\/v2\/types\/post"}],"author":[{"embeddable":true,"href":"https:\/\/www.mundiplus.com\/de\/wp-json\/wp\/v2\/users\/1"}],"replies":[{"embeddable":true,"href":"https:\/\/www.mundiplus.com\/de\/wp-json\/wp\/v2\/comments?post=117760"}],"version-history":[{"count":0,"href":"https:\/\/www.mundiplus.com\/de\/wp-json\/wp\/v2\/posts\/117760\/revisions"}],"wp:featuredmedia":[{"embeddable":true,"href":"https:\/\/www.mundiplus.com\/de\/wp-json\/wp\/v2\/media\/117697"}],"wp:attachment":[{"href":"https:\/\/www.mundiplus.com\/de\/wp-json\/wp\/v2\/media?parent=117760"}],"wp:term":[{"taxonomy":"category","embeddable":true,"href":"https:\/\/www.mundiplus.com\/de\/wp-json\/wp\/v2\/categories?post=117760"},{"taxonomy":"post_tag","embeddable":true,"href":"https:\/\/www.mundiplus.com\/de\/wp-json\/wp\/v2\/tags?post=117760"}],"curies":[{"name":"wp","href":"https:\/\/api.w.org\/{rel}","templated":true}]}}