{"id":118548,"date":"2025-03-17T18:19:17","date_gmt":"2025-03-17T18:19:17","guid":{"rendered":"https:\/\/www.mundiplus.com\/?p=118548"},"modified":"2025-03-17T18:23:24","modified_gmt":"2025-03-17T18:23:24","slug":"was-gibt-es-in-santillana-del-mar-zu-sehen","status":"publish","type":"post","link":"https:\/\/www.mundiplus.com\/de\/was-gibt-es-in-santillana-del-mar-zu-sehen\/","title":{"rendered":"Was gibt es in Santillana del Mar zu sehen"},"content":{"rendered":"<p><img fetchpriority=\"high\" decoding=\"async\" class=\"alignnone wp-image-118508 size-full\" src=\"https:\/\/www.mundiplus.com\/wp-content\/uploads\/2025\/03\/Santillana-del-Mar-Mundiplus.jpg\" alt=\"\" width=\"1024\" height=\"680\" srcset=\"https:\/\/www.mundiplus.com\/wp-content\/uploads\/2025\/03\/Santillana-del-Mar-Mundiplus.jpg 1024w, https:\/\/www.mundiplus.com\/wp-content\/uploads\/2025\/03\/Santillana-del-Mar-Mundiplus-300x199.jpg 300w, https:\/\/www.mundiplus.com\/wp-content\/uploads\/2025\/03\/Santillana-del-Mar-Mundiplus-768x510.jpg 768w, https:\/\/www.mundiplus.com\/wp-content\/uploads\/2025\/03\/Santillana-del-Mar-Mundiplus-600x398.jpg 600w\" sizes=\"(max-width: 1024px) 100vw, 1024px\" \/><\/p>\n<p><span style=\"font-weight: 400;\">F\u00fcr die Pilger, die den Jakobsweg gehen, stellt <\/span><b>Santillana del Mar<\/b><span style=\"font-weight: 400;\"> einen unverzichtbaren Halt dar. <\/span><\/p>\n<p><span style=\"font-weight: 400;\">Dieses mittelalterliche Dorf, mit seinem unversehrten historischen Zentrum, ist ein wahrer Zufluchtsort f\u00fcr die Pilger, die auf dem <\/span><b>Camino del Norte<\/b><span style=\"font-weight: 400;\"> unterwegs sind. Die gepflasterten Stra\u00dfen, voller Ecken, die Jahrhunderte der Tradition erz\u00e4hlen, laden zum Nachdenken und Genie\u00dfen der Spiritualit\u00e4t des Pilgerns ein. <\/span><\/p>\n<p><span style=\"font-weight: 400;\">Zudem bereichern die Pr\u00e4senz emblematischer Denkm\u00e4ler und die N\u00e4he zu pr\u00e4historischen St\u00e4tten das kulturelle Erlebnis des Weges. Von <\/span><b>Mundiplus<\/b><span style=\"font-weight: 400;\">, Spezialisten f\u00fcr <\/span><a href=\"https:\/\/www.mundiplus.com\/de\/\"><b>Jakobsweg-Reisen<\/b><\/a><span style=\"font-weight: 400;\">, m\u00f6chten wir dir die wichtigsten Sehensw\u00fcrdigkeiten vorstellen.<\/span><\/p>\n<p>&nbsp;<\/p>\n<h2><b>Santillana del Mar, ein Juwel auf dem Camino del Norte<\/b><\/h2>\n<p><span style=\"font-weight: 400;\">Wie bereits erw\u00e4hnt, ist <\/span><b>Santillana del Mar<\/b><span style=\"font-weight: 400;\"> einer der emblematischsten Orte des <\/span><b>Camino del Norte<\/b><span style=\"font-weight: 400;\">. Entlang dieser K\u00fcstenroute ist die Atmosph\u00e4re von der <\/span><b>Brise des Kantabrischen Meeres<\/b><span style=\"font-weight: 400;\"> und der Melancholie von <\/span><b>D\u00f6rfern, die ihre mittelalterliche Essenz bewahren<\/b><span style=\"font-weight: 400;\">, durchdrungen.<\/span><\/p>\n<p><span style=\"font-weight: 400;\">Die Besonderheit des Camino del Norte liegt in seiner F\u00e4higkeit, <\/span><b>atemberaubende Landschaften<\/b><span style=\"font-weight: 400;\"> zu bieten, ohne die kulturelle Reichtum jeder Station zu verlieren. Im Gegensatz zu anderen Routen, bei denen die Reise in st\u00e4dtischen Gebieten beginnt oder ins raue Inland f\u00fchrt, erm\u00f6glicht die K\u00fcstenroute, <\/span><b>Klippen, einsame Str\u00e4nde und eine unber\u00fchrte nat\u00fcrliche Umgebung<\/b><span style=\"font-weight: 400;\"> zu genie\u00dfen. <\/span><\/p>\n<p><span style=\"font-weight: 400;\">Dieses Szenario bietet einen faszinierenden Kontrast zu inneren Routen wie dem <\/span><a href=\"https:\/\/www.mundiplus.com\/de\/caminos\/a-pie\/camino-sanabres\/camino-de-santiago-desde-orense\/\"> <b>Camino de Santiago von Ourense<\/b><\/a><span style=\"font-weight: 400;\"> oder dem<\/span><a href=\"https:\/\/www.mundiplus.com\/de\/caminos\/a-pie\/camino-primitivo\/camino-de-santiago-desde-lugo\/\"> <b>Camino de Santiago von Lugo<\/b><\/a><span style=\"font-weight: 400;\">. In beiden F\u00e4llen taucht man in bergige Landschaften und W\u00e4lder ein, die zwar ebenso bereichernd sind, jedoch eine ganz andere Reiseerfahrung und Herausforderungen bieten.<\/span><\/p>\n<p><span style=\"font-weight: 400;\">Der<\/span><a href=\"https:\/\/www.mundiplus.com\/de\/caminos\/a-pie\/camino-norte\/camino-de-santiago-desde-irun\/\"> <b>Camino de Santiago von Ir\u00fan<\/b><\/a><span style=\"font-weight: 400;\">, den du bis Bilbao gehen kannst, ist das Tor zu dieser K\u00fcstenroute und markiert den Beginn einer Reise, bei der jeder Kilometer durch Szenen von unvergleichlicher Sch\u00f6nheit f\u00fchrt.<\/span><\/p>\n<p><span style=\"font-weight: 400;\">Der weitere Weg auf dem Camino del Norte ist ein <\/span><b>transformierendes Erlebnis<\/b><span style=\"font-weight: 400;\">, bei dem jeder Schritt dich dazu einl\u00e4dt, mit der Natur und dir selbst in Kontakt zu treten. Das Gef\u00fchl, unter einem weiten Himmel zu gehen, mit dem rhythmischen Klang der Wellen und dem salzigen Duft des Meeres, schafft eine<\/span><b> Atmosph\u00e4re, die zur Introspektion und Besinnung einl\u00e4dt<\/b><span style=\"font-weight: 400;\">. <\/span><\/p>\n<p><span style=\"font-weight: 400;\">Die Strecke bietet die M\u00f6glichkeit, in charmanten D\u00f6rfern und Weilern anzuhalten, wo die Gastfreundschaft der Menschen eine Atmosph\u00e4re von Ruhe und Herzlichkeit vermittelt. In diesen Orten leben <\/span><b>Tradition und Modernit\u00e4t<\/b><span style=\"font-weight: 400;\"> harmonisch nebeneinander, was es dir erm\u00f6glicht, eine reiche lokale Gastronomie zu genie\u00dfen, die den Gaumen verw\u00f6hnt und die Seele w\u00e4rmt. <\/span><\/p>\n<p><span style=\"font-weight: 400;\">Die <\/span><b>Ruhe der Umgebung<\/b><span style=\"font-weight: 400;\"> und der gem\u00e4chliche Rhythmus der Reise erm\u00f6glichen Momente der Reflexion und Meditation. Jeder Schritt f\u00fchlt sich wie eine Gelegenheit an, den allt\u00e4glichen Stress hinter sich zu lassen und sich mit dem Wesentlichen wieder zu verbinden. Auf diesem Weg kombiniert die Sch\u00f6nheit der K\u00fcste die lebendige Geschichte jedes Ortes und schafft ein einzigartiges Szenario, das alle Sinne anregt und sowohl K\u00f6rper als auch Geist n\u00e4hrt.<\/span><\/p>\n<p><span style=\"font-weight: 400;\">Obwohl in geringerem Ma\u00dfe als bei anderen Routen, f\u00f6rdert diese Strecke auch die Begegnung und den Austausch zwischen Pilgern<\/span><span style=\"font-weight: 400;\">. Diese Momente der Gemeinschaft sind genauso bereichernd wie die Landschaften selbst, da sie es erm\u00f6glichen, Verbindungen zu kn\u00fcpfen und neue Perspektiven des Lebens zu entdecken.<\/span><\/p>\n<p>&nbsp;<\/p>\n<h2><b>Was man in Santillana del Mar sehen sollte<\/b><\/h2>\n<p><span style=\"font-weight: 400;\">Santillana del Mar ist ein Ziel, das Geschichte, Kunst und Spiritualit\u00e4t perfekt vereint und Pilgern eine Route voller Details bietet, die von Jahrhunderten der Tradition erz\u00e4hlen. Im Folgenden stellen wir dir einige Sehensw\u00fcrdigkeiten vor, die dir helfen werden, deinen Besuch zu planen.<\/span><\/p>\n<p>&nbsp;<\/p>\n<h3><b>Kollegiatkirche Santa Juliana<\/b><\/h3>\n<p><img decoding=\"async\" class=\"alignnone wp-image-118514 size-full\" src=\"https:\/\/www.mundiplus.com\/wp-content\/uploads\/2025\/03\/Colegiata-de-Santa-Juliana-Mundiplus.jpg\" alt=\"\" width=\"1024\" height=\"768\" srcset=\"https:\/\/www.mundiplus.com\/wp-content\/uploads\/2025\/03\/Colegiata-de-Santa-Juliana-Mundiplus.jpg 1024w, https:\/\/www.mundiplus.com\/wp-content\/uploads\/2025\/03\/Colegiata-de-Santa-Juliana-Mundiplus-300x225.jpg 300w, https:\/\/www.mundiplus.com\/wp-content\/uploads\/2025\/03\/Colegiata-de-Santa-Juliana-Mundiplus-768x576.jpg 768w, https:\/\/www.mundiplus.com\/wp-content\/uploads\/2025\/03\/Colegiata-de-Santa-Juliana-Mundiplus-600x450.jpg 600w\" sizes=\"(max-width: 1024px) 100vw, 1024px\" \/><\/p>\n<p><span style=\"font-weight: 400;\">Die <\/span><b>Kollegiatkirche Santa Juliana<\/b><span style=\"font-weight: 400;\"> ist ein religi\u00f6ses und architektonisches Wahrzeichen von Kantabrien. Sie wurde im <\/span><b>12. Jahrhundert<\/b><span style=\"font-weight: 400;\"> erbaut und ist als Kulturerbe anerkannt. Besonders hervorzuheben sind ihre beeindruckende Fassade und ihr schlichter Innenraum, der eine Atmosph\u00e4re der Einkehr bewahrt. <\/span><\/p>\n<p><span style=\"font-weight: 400;\">Eines ihrer gr\u00f6\u00dften Highlights ist der <\/span><b>Kreuzgang<\/b><span style=\"font-weight: 400;\">, dessen S\u00e4ulen und Kapitelle fein gemei\u00dfelt sind und biblische Szenen sowie Elemente der mittelalterlichen Ikonografie darstellen. Sie befindet sich im historischen Zentrum, was es dir erm\u00f6glicht, ihren Besuch mit einem Spaziergang durch die engen, gepflasterten Stra\u00dfen des Dorfes zu kombinieren.<\/span><\/p>\n<p>&nbsp;<\/p>\n<h3><b>Altamira-H\u00f6hle und Neocueva<\/b><\/h3>\n<p><img decoding=\"async\" class=\"alignnone wp-image-118502 size-full\" src=\"https:\/\/www.mundiplus.com\/wp-content\/uploads\/2025\/03\/Cueva-de-Altamira-Mundiplus.jpg\" alt=\"\" width=\"1024\" height=\"768\" srcset=\"https:\/\/www.mundiplus.com\/wp-content\/uploads\/2025\/03\/Cueva-de-Altamira-Mundiplus.jpg 1024w, https:\/\/www.mundiplus.com\/wp-content\/uploads\/2025\/03\/Cueva-de-Altamira-Mundiplus-300x225.jpg 300w, https:\/\/www.mundiplus.com\/wp-content\/uploads\/2025\/03\/Cueva-de-Altamira-Mundiplus-768x576.jpg 768w, https:\/\/www.mundiplus.com\/wp-content\/uploads\/2025\/03\/Cueva-de-Altamira-Mundiplus-600x450.jpg 600w\" sizes=\"(max-width: 1024px) 100vw, 1024px\" \/><\/p>\n<p><span style=\"font-weight: 400;\">Weltweit bekannt als die \u201c<\/span><b>Sisthina-Kapelle der H\u00f6hlenmalerei<\/b><span style=\"font-weight: 400;\">\u201d, ist die Altamira-H\u00f6hle ein einzigartiges Zeugnis des kreativen Talents unserer Vorfahren. Obwohl die originale H\u00f6hle, die 1879 entdeckt wurde, f\u00fcr die \u00d6ffentlichkeit <\/span><b>aus Gr\u00fcnden des Schutzes geschlossen ist<\/b><span style=\"font-weight: 400;\">, ist die Neocueva eine <\/span><b>exakte Nachbildung<\/b><span style=\"font-weight: 400;\">, die die Fresken des Pal\u00e4olithikums originalgetreu reproduziert. <\/span><\/p>\n<p><span style=\"font-weight: 400;\">Hier k\u00f6nnen Sie die ber\u00fchmten Darstellungen von Bisons, Rehen und Pferden aus <\/span><b>vor mehr als 36.000 Jahren<\/b><span style=\"font-weight: 400;\"> aus n\u00e4chster N\u00e4he betrachten. Die Neocueva bietet ein immersives und detailliertes Erlebnis, das es Ihnen erm\u00f6glicht, die Techniken und Materialien zu verstehen, die von den ersten pr\u00e4historischen K\u00fcnstlern verwendet wurden. <\/span><\/p>\n<p><span style=\"font-weight: 400;\">Neben der Neocueva erg\u00e4nzt das <\/span><b>Altamira-Museum<\/b><span style=\"font-weight: 400;\"> das pr\u00e4historische Erlebnis mit einer <\/span><b>permanenten Ausstellung \u00fcber Kunst und Leben im Pal\u00e4olithikum<\/b><span style=\"font-weight: 400;\">. Hier finden Sie eine Sammlung von Werkzeugen, arch\u00e4ologischen Funden und Replikaten von Elementen, die es erm\u00f6glichen, den Kontext zu verstehen, in dem die H\u00f6hlenmalereien entstanden. <\/span><\/p>\n<p><span style=\"font-weight: 400;\">Das Museum bietet detaillierte Informationen \u00fcber die <\/span><b>Entdeckungen seit der ersten Exploration im 19. Jahrhundert<\/b><span style=\"font-weight: 400;\">. Es liefert pr\u00e4zise Daten \u00fcber die k\u00fcnstlerischen Techniken und das nat\u00fcrliche Umfeld, das die ersten Bewohner beeinflusste.<\/span><\/p>\n<p>&nbsp;<\/p>\n<h3><b>Plaza Mayor<\/b><\/h3>\n<p><span style=\"font-weight: 400;\">Die <\/span><b>Plaza Mayor<\/b><span style=\"font-weight: 400;\"> ist das zentrale Herz der Stadt. Umgeben von historischen H\u00e4usern und Geb\u00e4uden mit traditioneller Architektur bewahrt sie den Charme vergangener Epochen dank ihres <\/span><b>Steinpflasters<\/b><span style=\"font-weight: 400;\"> und der Harmonie ihrer Strukturen. Es ist der ideale Ort, um in einem der Caf\u00e9s auf den Terrassen eine Pause einzulegen oder ein Mittagessen mit typischen Gerichten aus Kantabrien zu genie\u00dfen. <\/span><\/p>\n<p><span style=\"font-weight: 400;\">Oft ist sie Schauplatz kultureller Veranstaltungen und traditioneller M\u00e4rkte, was sie zu einem unverzichtbaren Treffpunkt f\u00fcr Reisende macht.<\/span><\/p>\n<p><span style=\"font-weight: 400;\">Zu den mittelalterlichen \u00dcberresten, die hier zu finden sind, geh\u00f6ren der <\/span><b>Don-Borja-Turm<\/b><span style=\"font-weight: 400;\"> und der <\/span><b>Merino-Turm<\/b><span style=\"font-weight: 400;\">. Beide Bauwerke geh\u00f6ren zum <\/span><b>verteidigungsmechanismus der Stadt<\/b><span style=\"font-weight: 400;\"> und spiegeln die strategische Bedeutung sowie die Pr\u00e4senz der kantabrischen Aristokratie in vergangenen Zeiten wider. <\/span><\/p>\n<p><span style=\"font-weight: 400;\">Der Don-Borja-Turm, mit seinen Reliefs und architektonischen Details, und der Merino-Turm, ebenfalls imposant, sind aus Stein gebaut und zeichnen sich durch ein robustes Design aus.<\/span><\/p>\n<p>&nbsp;<\/p>\n<h3><b>Palacio de Velarde<\/b><\/h3>\n<p><span style=\"font-weight: 400;\">Neben der Kollegiatkirche ist der <\/span><b>Palacio de Velarde<\/b><span style=\"font-weight: 400;\"> ein weiteres Highlight von Santillana del Mar, das du nicht verpassen solltest. Dieses Geb\u00e4ude aus dem <\/span><b>16. Jahrhundert<\/b><span style=\"font-weight: 400;\">, ein Beispiel f\u00fcr den <\/span><b>Renaissance-Stil<\/b><span style=\"font-weight: 400;\">, beeindruckt mit seiner Eleganz und Symmetrie. Die Fassade des Palastes, geschm\u00fcckt mit dekorativen Details aus der Epoche, zeigt den Reichtum und die Raffinesse der adligen Familien, die hier residierten. <\/span><\/p>\n<p><span style=\"font-weight: 400;\">Im Inneren des Geb\u00e4udes sind R\u00e4ume erhalten, die die Qualit\u00e4t der Ausstattungen und den Einfluss der Renaissance auf die kantabrische Architektur widerspiegeln.<\/span><\/p>\n<p>&nbsp;<\/p>\n<h3><b>Convento de San Ildefonso<\/b><\/h3>\n<p><span style=\"font-weight: 400;\">Gegr\u00fcndet im <\/span><b>17. Jahrhundert<\/b><span style=\"font-weight: 400;\">, ist das Convento de San Ildefonso ein klares Beispiel f\u00fcr das religi\u00f6se Erbe, das die Identit\u00e4t von Santillana del Mar gepr\u00e4gt hat. Dieses Geb\u00e4ude, das einen Gro\u00dfteil seiner urspr\u00fcnglichen Essenz bewahrt hat, bietet eine <\/span><b>Atmosph\u00e4re der Andacht und Spiritualit\u00e4t<\/b><span style=\"font-weight: 400;\">, die im Kontrast zum Trubel des historischen Zentrums steht. <\/span><\/p>\n<p><span style=\"font-weight: 400;\">Der Ort besticht durch seinen Kreuzgang, dessen B\u00f6gen und S\u00e4ulen zur Meditation einladen, und durch die Innenausstattung, die <\/span><b>k\u00fcnstlerische und liturgische Elemente der Epoche<\/b><span style=\"font-weight: 400;\"> bewahrt.<\/span><\/p>\n<p>&nbsp;<\/p>\n<h2><b>Gastronomie und Traditionen<\/b><\/h2>\n<p><span style=\"font-weight: 400;\">Die Gastronomie Kantabriens ist ein lebendiges Spiegelbild seiner Geschichte und der Bedingungen seiner Umgebung, und in Santillana del Mar wird dies auf authentische Weise sp\u00fcrbar. <\/span><\/p>\n<p><span style=\"font-weight: 400;\">Ein Beispiel daf\u00fcr ist der <\/span><b>cocido monta\u00f1\u00e9s<\/b><span style=\"font-weight: 400;\">, ein kr\u00e4ftiges und wohltuendes Gericht, das mit wei\u00dfen Bohnen, Kohl und verschiedenen Teilen vom Schwein zubereitet wird, die etwa drei Stunden lang langsam gekocht werden. Dieses Gericht ist besonders in den kalten Monaten traditionell.<\/span><\/p>\n<p><span style=\"font-weight: 400;\">Im Bereich der Desserts stechen die <\/span><b>quesadas pasiegas<\/b><span style=\"font-weight: 400;\"> und die <\/span><b>sobaos pasiegos<\/b><span style=\"font-weight: 400;\"> hervor. Diese K\u00f6stlichkeiten, die auf das 18. Jahrhundert zur\u00fcckgehen, werden mit einfachen, aber hochwertigen Zutaten wie Frischk\u00e4se, Eiern, Zucker, Mehl und einem Hauch von Zimt zubereitet. <\/span><\/p>\n<p><span style=\"font-weight: 400;\">Ein weiteres Spitzenprodukt ist die <\/span><b>Anchovis aus Santo\u00f1a<\/b><span style=\"font-weight: 400;\">, die weniger als 20 Kilometer von Santillana del Mar entfernt gez\u00fcchtet wird. Diese Anchovis werden zwischen drei und f\u00fcnf Monaten in Salz eingelegt, was ihnen eine einzigartige Textur und Geschmack verleiht, die international anerkannt und durch eine Herkunftsbezeichnung gesch\u00fctzt sind. Sie werden in Salaten, Pintxos und anderen Gerichten verwendet, die die Frische des Kantabrischen Meeres zur Geltung bringen.<\/span><\/p>\n","protected":false},"excerpt":{"rendered":"<p>F\u00fcr die Pilger, die den Jakobsweg gehen, stellt Santillana del Mar einen unverzichtbaren Halt dar. Dieses mittelalterliche Dorf, mit seinem unversehrten historischen Zentrum, ist ein wahrer Zufluchtsort f\u00fcr die Pilger, die auf dem Camino del Norte unterwegs sind. Die gepflasterten Stra\u00dfen, voller Ecken, die Jahrhunderte der Tradition erz\u00e4hlen, laden zum Nachdenken und Genie\u00dfen der Spiritualit\u00e4t [&hellip;]<\/p>\n","protected":false},"author":1,"featured_media":118511,"comment_status":"open","ping_status":"open","sticky":false,"template":"","format":"standard","meta":{"footnotes":""},"categories":[572,600,576],"tags":[],"class_list":["post-118548","post","type-post","status-publish","format-standard","has-post-thumbnail","hentry","category-blog-des-weges","category-villages-et-regions-de","category-zu-fus-gehen"],"_links":{"self":[{"href":"https:\/\/www.mundiplus.com\/de\/wp-json\/wp\/v2\/posts\/118548","targetHints":{"allow":["GET"]}}],"collection":[{"href":"https:\/\/www.mundiplus.com\/de\/wp-json\/wp\/v2\/posts"}],"about":[{"href":"https:\/\/www.mundiplus.com\/de\/wp-json\/wp\/v2\/types\/post"}],"author":[{"embeddable":true,"href":"https:\/\/www.mundiplus.com\/de\/wp-json\/wp\/v2\/users\/1"}],"replies":[{"embeddable":true,"href":"https:\/\/www.mundiplus.com\/de\/wp-json\/wp\/v2\/comments?post=118548"}],"version-history":[{"count":0,"href":"https:\/\/www.mundiplus.com\/de\/wp-json\/wp\/v2\/posts\/118548\/revisions"}],"wp:featuredmedia":[{"embeddable":true,"href":"https:\/\/www.mundiplus.com\/de\/wp-json\/wp\/v2\/media\/118511"}],"wp:attachment":[{"href":"https:\/\/www.mundiplus.com\/de\/wp-json\/wp\/v2\/media?parent=118548"}],"wp:term":[{"taxonomy":"category","embeddable":true,"href":"https:\/\/www.mundiplus.com\/de\/wp-json\/wp\/v2\/categories?post=118548"},{"taxonomy":"post_tag","embeddable":true,"href":"https:\/\/www.mundiplus.com\/de\/wp-json\/wp\/v2\/tags?post=118548"}],"curies":[{"name":"wp","href":"https:\/\/api.w.org\/{rel}","templated":true}]}}