{"id":118563,"date":"2025-03-19T18:35:52","date_gmt":"2025-03-19T18:35:52","guid":{"rendered":"https:\/\/www.mundiplus.com\/?p=118563"},"modified":"2025-03-19T18:43:22","modified_gmt":"2025-03-19T18:43:22","slug":"die-kathedrale-von-san-salvador-der-ausgangspunkt-des-primitiven-weges","status":"publish","type":"post","link":"https:\/\/www.mundiplus.com\/de\/kathedrale-der-heiligen-salvador-auf-dem-ursprunglichen-weg\/","title":{"rendered":"Die Kathedrale von San Salvador, der Ausgangspunkt des Primitiven Weges"},"content":{"rendered":"<p><img fetchpriority=\"high\" decoding=\"async\" class=\"alignnone wp-image-118529 size-full\" src=\"https:\/\/www.mundiplus.com\/wp-content\/uploads\/2025\/03\/Catedral-de-Oviedo-Mundiplus.jpg\" alt=\"\" width=\"1024\" height=\"683\" srcset=\"https:\/\/www.mundiplus.com\/wp-content\/uploads\/2025\/03\/Catedral-de-Oviedo-Mundiplus.jpg 1024w, https:\/\/www.mundiplus.com\/wp-content\/uploads\/2025\/03\/Catedral-de-Oviedo-Mundiplus-300x200.jpg 300w, https:\/\/www.mundiplus.com\/wp-content\/uploads\/2025\/03\/Catedral-de-Oviedo-Mundiplus-768x512.jpg 768w, https:\/\/www.mundiplus.com\/wp-content\/uploads\/2025\/03\/Catedral-de-Oviedo-Mundiplus-600x400.jpg 600w\" sizes=\"(max-width: 1024px) 100vw, 1024px\" \/><\/p>\n<p><span style=\"font-weight: 400;\">Du kommst in Oviedo an und gehst durch seine Stra\u00dfen, bis du einen Platz erreichst. Hier st\u00f6\u00dft du auf eine majest\u00e4tische Struktur. Es handelt sich nicht um ein gew\u00f6hnliches Geb\u00e4ude, sondern um die imposante <\/span><b>Catedral de San Salvador<\/b><span style=\"font-weight: 400;\">, ein Ort mit \u00fcber tausend Jahren Geschichte und dem Ausgangspunkt des Camino Primitivo.<\/span><\/p>\n<p><span style=\"font-weight: 400;\">Diese Route, die vom K\u00f6nig Alfonso II. im 9. Jahrhundert gew\u00e4hlt wurde, bewahrt die Essenz der ersten Pilger. Aber <\/span><b>warum ist dieser Ort so besonders?<\/b><span style=\"font-weight: 400;\"> Lass uns alle Details unten anschauen.<\/span><\/p>\n<p>&nbsp;<\/p>\n<h2><b>Verbindung mit anderen Wegen nach Santiago<\/b><\/h2>\n<p><span style=\"font-weight: 400;\">Der Camino Primitivo gilt als der <\/span><b>Ursprungspfad der Pilgerfahrt nach Santiago de Compostela<\/b><span style=\"font-weight: 400;\">. Er unterscheidet sich nicht nur durch sein Alter, sondern auch durch die <\/span><b>k\u00f6rperlichen<\/b><span style=\"font-weight: 400;\"> und spirituellen Anforderungen, die er an die Pilger stellt.<\/span><\/p>\n<p><span style=\"font-weight: 400;\">Dieser Weg, der <\/span><b>von der Catedral de San Salvador<\/b><span style=\"font-weight: 400;\"> aus beginnt, erfordert eine sorgf\u00e4ltige Vorbereitung, sowohl k\u00f6rperlich als auch logistisch. Seine Etappen zeichnen sich durch steile Anstiege, technische Abfahrten und einen Verlauf aus, der in wilde, geschichtstr\u00e4chtige Landschaften f\u00fchrt.<\/span><\/p>\n<p><span style=\"font-weight: 400;\">Auf dieser Route wird jeder Kilometer zu einem <\/span><b>Weg durch arch\u00e4ologische \u00dcberreste, Kl\u00f6ster<\/b><span style=\"font-weight: 400;\"> und kleine Siedlungen, die Zeugen des Besuchs der alten Pilger waren. Diese Route verbindet <\/span><b>die Spiritualit\u00e4t der Pilgerreise mit der unber\u00fchrten Natur<\/b><span style=\"font-weight: 400;\">. Sie macht die k\u00f6rperliche Anstrengung zu einem Akt der Introspektion und tiefen Verbindung.<\/span><\/p>\n<p><span style=\"font-weight: 400;\">Im Gegensatz dazu bieten Routen wie der<\/span><a href=\"https:\/\/www.mundiplus.com\/de\/caminos\/a-pie\/camino-sanabres\/camino-de-santiago-desde-orense\/\"> <b>Camino Sanabr\u00e9s von Ourense<\/b><\/a><span style=\"font-weight: 400;\"> eine andere Erfahrung, bei der der Weg von der galicischen Tradition beeinflusst wird. Dieser Weg kombiniert Uferlandschaften und eine Architektur, die zwar weniger anspruchsvoll in topographischer Hinsicht ist, aber durch ihren l\u00e4ndlichen Charme und ihre Verbindungen zur jahrhundertealten Tradition der Region heraussticht. <\/span><\/p>\n<ul>\n<li style=\"font-weight: 400;\" aria-level=\"1\"><span style=\"font-weight: 400;\">Der Vergleich ist unvermeidlich: W\u00e4hrend der Sanabr\u00e9s durch seine Zug\u00e4nglichkeit und die Vielfalt der Landschaften verf\u00fchrt, setzt der Primitivo auf die Authentizit\u00e4t eines nahezu unber\u00fchrten Weges.<\/span><\/li>\n<\/ul>\n<p>&nbsp;<\/p>\n<p><span style=\"font-weight: 400;\">Ebenso interessant ist der Vergleich des Camino Primitivo mit der Route des<\/span><a href=\"https:\/\/www.mundiplus.com\/de\/caminos\/a-pie\/camino-norte\/camino-de-santiago-desde-irun\/\"> <b>Camino de Santiago von Irun nach Bilbao<\/b><\/a><span style=\"font-weight: 400;\">, wo der <\/span><b>basque Einfluss <\/b><span style=\"font-weight: 400;\">in jedem Abschnitt sp\u00fcrbar ist.<\/span><\/p>\n<ul>\n<li style=\"font-weight: 400;\" aria-level=\"1\"><span style=\"font-weight: 400;\">Diese Variante umfasst <\/span><b>urbane Elemente und K\u00fcstenlandschaften<\/b><span style=\"font-weight: 400;\">, die sich vom strengen und urspr\u00fcnglichen Geist des Primitivo abheben. In diesem Fall verst\u00e4rken das bergige Terrain und die geringe moderne Eingriffe das Gef\u00fchl der Entdeckung und pers\u00f6nlichen \u00dcberwindung.<\/span><\/li>\n<\/ul>\n<p>&nbsp;<\/p>\n<p><span style=\"font-weight: 400;\">Falls du m\u00f6chtest, kannst du auch den<\/span><a href=\"https:\/\/www.mundiplus.com\/de\/caminos\/a-pie\/camino-primitivo\/camino-de-santiago-desde-lugo\/\"> <b>Camino de Santiago Primitivo ab Lugo<\/b><\/a><span style=\"font-weight: 400;\"> machen. Dieser Abschnitt ist vielleicht etwas weniger anspruchsvoll als die Route, die in Oviedo beginnt. Dennoch bietet er den Pilgern die M\u00f6glichkeit, ein vielf\u00e4ltiges kulturelles Geflecht zu entdecken, ohne auf die k\u00f6rperliche Herausforderung des urspr\u00fcnglichen Weges zu verzichten.<\/span><\/p>\n<p><span style=\"font-weight: 400;\">Ja, die Beratung durch eine<\/span><a href=\"https:\/\/www.mundiplus.com\/de\/\"> <b>Camino de Santiago Agentur<\/b><\/a><span style=\"font-weight: 400;\"> ist unerl\u00e4sslich, um eine so anspruchsvolle Route wie den Primitivo zu bew\u00e4ltigen. Bei Mundiplus bieten wir nicht nur detaillierte Informationen zu Unterk\u00fcnften und kritischen Etappen. Wir stellen auch Ressourcen zur Verf\u00fcgung, um K\u00f6rper und Geist auf die Herausforderungen des Weges vorzubereiten.<\/span><\/p>\n<p>&nbsp;<\/p>\n<h2><b>Ein Tempel mit gotischen und fr\u00fchromanischen Einfl\u00fcssen<\/b><\/h2>\n<p><span style=\"font-weight: 400;\">Die <\/span><b>Catedral de San Salvador<\/b><span style=\"font-weight: 400;\">, auch bekannt als Sancta Ovetensis, ist ein Tempel mit einer faszinierenden Geschichte, der gotische, fr\u00fchromanische, romanische, Renaissance- und Barockeinfl\u00fcsse vereint.<\/span><\/p>\n<p><span style=\"font-weight: 400;\">Ihr Ursprung geht auf das <\/span><b>8. Jahrhundert<\/b><span style=\"font-weight: 400;\"> zur\u00fcck, als K\u00f6nig Fruela I. befahl, eine Basilika an diesem Ort zu errichten. Die heutige Struktur, <\/span><b>haupts\u00e4chlich gotisch<\/b><span style=\"font-weight: 400;\">, begann jedoch Ende des 13. Jahrhunderts und wurde im 16. Jahrhundert vollendet.<\/span><\/p>\n<p><span style=\"font-weight: 400;\">Der Turm, ein herausragendes Element der Renaissance-Architektur, ist <\/span><b>von verschiedenen Punkten der Stadt aus sichtbar<\/b><span style=\"font-weight: 400;\"> und ist zu einem Wahrzeichen von Oviedo geworden.<\/span><\/p>\n<p>&nbsp;<\/p>\n<h3><b>Die C\u00e1mara Santa, ein Schatz der religi\u00f6sen Kunst<\/b><\/h3>\n<p><img decoding=\"async\" class=\"alignnone wp-image-118535 size-full\" src=\"https:\/\/www.mundiplus.com\/wp-content\/uploads\/2025\/03\/Camara-Santa-Mundiplus.jpg\" alt=\"\" width=\"1024\" height=\"680\" srcset=\"https:\/\/www.mundiplus.com\/wp-content\/uploads\/2025\/03\/Camara-Santa-Mundiplus.jpg 1024w, https:\/\/www.mundiplus.com\/wp-content\/uploads\/2025\/03\/Camara-Santa-Mundiplus-300x199.jpg 300w, https:\/\/www.mundiplus.com\/wp-content\/uploads\/2025\/03\/Camara-Santa-Mundiplus-768x510.jpg 768w, https:\/\/www.mundiplus.com\/wp-content\/uploads\/2025\/03\/Camara-Santa-Mundiplus-600x398.jpg 600w\" sizes=\"(max-width: 1024px) 100vw, 1024px\" \/><\/p>\n<p><span style=\"font-weight: 400;\">Die <\/span><b>C\u00e1mara Santa<\/b><span style=\"font-weight: 400;\"> ist einer der herausragendsten R\u00e4ume der Catedral de San Salvador, die von der <\/span><b>UNESCO zum Weltkulturerbe erkl\u00e4rt wurde<\/b><span style=\"font-weight: 400;\">. Darin befinden sich zwei der emblematischsten Kreuze Asturiens: <\/span><b>das Kreuz von la Victoria und das Kreuz der Engel<\/b><span style=\"font-weight: 400;\">.<\/span><\/p>\n<p><span style=\"font-weight: 400;\">Diese Symbole repr\u00e4sentieren die Geschichte des asturischen K\u00f6nigreichs und sind eine wichtige Bezugspunkte f\u00fcr die Pilger, die ihre Reise in Oviedo begannen. Die C\u00e1mara Santa ist ein <\/span><b>fr\u00fchromanisches Geb\u00e4ude<\/b><span style=\"font-weight: 400;\"> aus dem 9. Jahrhundert, das von Alfonso II. dem Frommen als Kapelle errichtet wurde.<\/span><\/p>\n<p><span style=\"font-weight: 400;\">Neben den Kreuzen beherbergt sie auch andere bedeutende Reliquien wie die <\/span><b>Arca Santa<\/b><span style=\"font-weight: 400;\"> und das <\/span><b>Heilige Schwei\u00dftuch<\/b><span style=\"font-weight: 400;\">. Der Zugang zu dieser unterirdischen Kapelle ist ein Muss bei der Besichtigung der Kathedrale und bietet ein einzigartiges spirituelles und kulturelles Erlebnis.<\/span><\/p>\n<p>&nbsp;<\/p>\n<h2><b>Verbindung mit dem Camino de Santiago Primitivo<\/b><\/h2>\n<p><span style=\"font-weight: 400;\">Der Camino Primitivo beginnt an der Catedral de San Salvador in Oviedo und folgt dem Weg, den K\u00f6nig Alfonso II. nutzte, um das neu entdeckte Grab des Apostels Santiago zu besuchen. Im Gegensatz zum Camino Franc\u00e9s ist diese Option <\/span><b>k\u00f6rperlich anspruchsvoller<\/b><span style=\"font-weight: 400;\">, bietet jedoch beeindruckende Landschaften und eine weniger \u00fcberlaufene Atmosph\u00e4re.<\/span><\/p>\n<p><span style=\"font-weight: 400;\">Wenn du nach einer authentischen Erfahrung suchst und eine Verbindung zur urspr\u00fcnglichen Geschichte des Weges herstellen m\u00f6chtest, ist dies eine gro\u00dfartige Wahl. Der Camino Primitivo erstreckt sich \u00fcber etwa <\/span><b>325 Kilometer<\/b><span style=\"font-weight: 400;\">, die in mehrere Etappen unterteilt sind. Er ist eine ideale Alternative f\u00fcr diejenigen, die eine ruhigere Erfahrung in Kontakt mit der Natur suchen.<\/span><\/p>\n<p>&nbsp;<\/p>\n<h2><b>Elemente, die du bei deinem Besuch nicht verpassen solltest<\/b><\/h2>\n<p><img decoding=\"async\" class=\"alignnone wp-image-118523 size-full\" src=\"https:\/\/www.mundiplus.com\/wp-content\/uploads\/2025\/03\/Cruz-de-la-Victoria-Mundiplus.jpg\" alt=\"\" width=\"576\" height=\"1024\" srcset=\"https:\/\/www.mundiplus.com\/wp-content\/uploads\/2025\/03\/Cruz-de-la-Victoria-Mundiplus.jpg 576w, https:\/\/www.mundiplus.com\/wp-content\/uploads\/2025\/03\/Cruz-de-la-Victoria-Mundiplus-169x300.jpg 169w\" sizes=\"(max-width: 576px) 100vw, 576px\" \/><\/p>\n<p><span style=\"font-weight: 400;\">Neben ihrer historischen Bedeutung beherbergt die Kathedrale auch Details, die Beachtung verdienen. Die barocken Kapellen, wie die der <\/span><b>Unsere Liebe Frau des Heiligen K\u00f6nigs<\/b><span style=\"font-weight: 400;\">, stellen herausragende Beispiele barocker Kunst dar. Die gotischen Skulpturen im Kreuzgang und der Hauptaltar sind unverzichtbar.<\/span><\/p>\n<p><span style=\"font-weight: 400;\">Das <\/span><b>Heilige Schwei\u00dftuch von Oviedo<\/b><span style=\"font-weight: 400;\">, das in der C\u00e1mara Santa aufbewahrt wird, ist eine religi\u00f6s bedeutende Reliquie. Jedes Element im Tempel hat eine Geschichte zu erz\u00e4hlen, was den Besuch zu einem wertvollen kulturellen und spirituellen Erlebnis macht.<\/span><\/p>\n<p>&nbsp;<\/p>\n<h2><b>Die Rolle der Kathedrale in der Kultur von Oviedo<\/b><\/h2>\n<p><span style=\"font-weight: 400;\">Die Catedral de San Salvador ist zu einem wichtigen Punkt im Leben der Stadt Oviedo geworden. Sie dient als <\/span><b>Sitz wichtiger religi\u00f6ser Feierlichkeiten<\/b><span style=\"font-weight: 400;\"> und ist ein Ort, an dem Touristen und Einheimische auf harmonische Weise zusammenkommen.<\/span><\/p>\n<p><span style=\"font-weight: 400;\">Der Platz, der die Kathedrale umgibt, dient als Treffpunkt, mit Bars und Caf\u00e9s in der N\u00e4he, ideal f\u00fcr eine Pause, bevor du die Stadt weiter erkundest.<\/span><\/p>\n<p><span style=\"font-weight: 400;\">Oviedo, mit seiner ruhigen und einladenden Atmosph\u00e4re, ist der perfekte Ort, um <\/span><b>eine Pilgerreise zu beginnen oder seinen kulturellen Reichtum zu entdecken<\/b><span style=\"font-weight: 400;\">. Die Kathedrale ist eine wichtige Inspirationsquelle f\u00fcr K\u00fcnstler und Schriftsteller.<\/span><\/p>\n<p><span style=\"font-weight: 400;\">Ihre Geschichte ist eng mit dem Leben der Stadt verkn\u00fcpft, wodurch sie zu einem <\/span><b>kulturellen und religi\u00f6sen Wahrzeichen Asturiens<\/b><span style=\"font-weight: 400;\"> geworden ist. Ihre spirituelle und gesellschaftliche Bedeutung macht sie zu einem unverzichtbaren Ziel f\u00fcr jeden Besucher.<\/span><\/p>\n<p>&nbsp;<\/p>\n<h2><b>Plane deine Reise mit n\u00fctzlichen Informationen<\/b><\/h2>\n<p><span style=\"font-weight: 400;\">Wenn du die Catedral de San Salvador besuchst, gibt es einige Dinge, die du beachten solltest. Die <\/span><b>\u00d6ffnungszeiten<\/b><span style=\"font-weight: 400;\"> variieren je nach Saison, daher ist es ratsam, sie im Voraus zu \u00fcberpr\u00fcfen. Als grobe Orientierung k\u00f6nnen wir dir jedoch folgende \u00d6ffnungszeiten nennen: <\/span><\/p>\n<ul>\n<li style=\"font-weight: 400;\" aria-level=\"1\"><span style=\"font-weight: 400;\">Von 10 bis 13 Uhr und von 16 bis 18 Uhr von Montag bis Freitag.<\/span><\/li>\n<li style=\"font-weight: 400;\" aria-level=\"1\"><span style=\"font-weight: 400;\">Von 16 bis 17 Uhr samstags.<\/span><\/li>\n<\/ul>\n<p><span style=\"font-weight: 400;\">Der Zugang zur C\u00e1mara Santa ist <\/span><b>in den allgemeinen F\u00fchrungen enthalten<\/b><span style=\"font-weight: 400;\">, also ber\u00fccksichtige das bei der Planung deiner Reise. Wenn du den Camino Primitivo unternehmen m\u00f6chtest, <\/span><b>kannst du hier deine Pilgerurkunde erhalten<\/b><span style=\"font-weight: 400;\">, ein unverzichtbares Dokument f\u00fcr diejenigen, die die Route abschlie\u00dfen wollen.<\/span><\/p>\n<p><span style=\"font-weight: 400;\">Denke daran, dass an Sonntagen keine touristischen Besichtigungen erlaubt sind, also ist es wichtig, deinen Besuch an Werktagen zu planen, um das Erlebnis vollst\u00e4ndig genie\u00dfen zu k\u00f6nnen.<\/span><\/p>\n","protected":false},"excerpt":{"rendered":"<p>Du kommst in Oviedo an und gehst durch seine Stra\u00dfen, bis du einen Platz erreichst. Hier st\u00f6\u00dft du auf eine majest\u00e4tische Struktur. Es handelt sich nicht um ein gew\u00f6hnliches Geb\u00e4ude, sondern um die imposante Catedral de San Salvador, ein Ort mit \u00fcber tausend Jahren Geschichte und dem Ausgangspunkt des Camino Primitivo. Diese Route, die vom [&hellip;]<\/p>\n","protected":false},"author":1,"featured_media":118532,"comment_status":"open","ping_status":"open","sticky":false,"template":"","format":"standard","meta":{"footnotes":""},"categories":[572,584,604,576],"tags":[],"class_list":["post-118563","post","type-post","status-publish","format-standard","has-post-thumbnail","hentry","category-blog-des-weges","category-geschichte","category-ikonische-orte","category-zu-fus-gehen"],"_links":{"self":[{"href":"https:\/\/www.mundiplus.com\/de\/wp-json\/wp\/v2\/posts\/118563","targetHints":{"allow":["GET"]}}],"collection":[{"href":"https:\/\/www.mundiplus.com\/de\/wp-json\/wp\/v2\/posts"}],"about":[{"href":"https:\/\/www.mundiplus.com\/de\/wp-json\/wp\/v2\/types\/post"}],"author":[{"embeddable":true,"href":"https:\/\/www.mundiplus.com\/de\/wp-json\/wp\/v2\/users\/1"}],"replies":[{"embeddable":true,"href":"https:\/\/www.mundiplus.com\/de\/wp-json\/wp\/v2\/comments?post=118563"}],"version-history":[{"count":0,"href":"https:\/\/www.mundiplus.com\/de\/wp-json\/wp\/v2\/posts\/118563\/revisions"}],"wp:featuredmedia":[{"embeddable":true,"href":"https:\/\/www.mundiplus.com\/de\/wp-json\/wp\/v2\/media\/118532"}],"wp:attachment":[{"href":"https:\/\/www.mundiplus.com\/de\/wp-json\/wp\/v2\/media?parent=118563"}],"wp:term":[{"taxonomy":"category","embeddable":true,"href":"https:\/\/www.mundiplus.com\/de\/wp-json\/wp\/v2\/categories?post=118563"},{"taxonomy":"post_tag","embeddable":true,"href":"https:\/\/www.mundiplus.com\/de\/wp-json\/wp\/v2\/tags?post=118563"}],"curies":[{"name":"wp","href":"https:\/\/api.w.org\/{rel}","templated":true}]}}