{"id":120810,"date":"2025-06-13T17:59:02","date_gmt":"2025-06-13T17:59:02","guid":{"rendered":"https:\/\/www.mundiplus.com\/?p=120810"},"modified":"2025-06-15T14:32:11","modified_gmt":"2025-06-15T14:32:11","slug":"warum-den-jakobsweg-im-mai-gehen","status":"publish","type":"post","link":"https:\/\/www.mundiplus.com\/de\/warum-den-jakobsweg-im-mai-gehen\/","title":{"rendered":"Warum den Jakobsweg im Mai gehen?"},"content":{"rendered":"<p><img fetchpriority=\"high\" decoding=\"async\" class=\"alignnone wp-image-118987 size-full\" src=\"https:\/\/www.mundiplus.com\/wp-content\/uploads\/2025\/04\/Blog-Mundiplus.png\" alt=\"\" width=\"1023\" height=\"539\" srcset=\"https:\/\/www.mundiplus.com\/wp-content\/uploads\/2025\/04\/Blog-Mundiplus.png 1023w, https:\/\/www.mundiplus.com\/wp-content\/uploads\/2025\/04\/Blog-Mundiplus-300x158.png 300w, https:\/\/www.mundiplus.com\/wp-content\/uploads\/2025\/04\/Blog-Mundiplus-768x405.png 768w, https:\/\/www.mundiplus.com\/wp-content\/uploads\/2025\/04\/Blog-Mundiplus-600x316.png 600w\" sizes=\"(max-width: 1023px) 100vw, 1023px\" \/><\/p>\n<p><b>Mai<\/b><span style=\"font-weight: 400;\"> hat sich als einer der besten Monate etabliert, um den Jakobsweg zu gehen, sowohl f\u00fcr Erstpilger als auch f\u00fcr erfahrene Pilger. Tats\u00e4chlich zeigen aktuelle Statistiken, dass er <\/span><b>der bevorzugte Monat der Pilger<\/b><span style=\"font-weight: 400;\"> ist und im Jahr 2024 etwa <\/span><b>15 % der Ank\u00fcnfte<\/b><span style=\"font-weight: 400;\"> (fast 70.000 ausgestellte Compostela-Urkunden) ausmacht. <\/span><\/p>\n<p><span style=\"font-weight: 400;\">Das ist kein Zufall: In diesem Monat treffen <\/span><b>ideale Bedingungen<\/b><span style=\"font-weight: 400;\"> zusammen: angenehmes Klima, Natur in voller Bl\u00fcte, eine lebendige Atmosph\u00e4re ohne Menschenmassen, voll funktionsf\u00e4hige Dienstleistungen und mehrere lokale Feste, die das Erlebnis bereichern. <\/span><\/p>\n<p><span style=\"font-weight: 400;\">Von Mundiplus\/de\/, deiner <\/span><a href=\"https:\/\/www.mundiplus.com\/de\/\"><b>Jakobsweg-Agentur<\/b><\/a><span style=\"font-weight: 400;\">, erkl\u00e4ren wir detailliert, <\/span><b>warum der Mai ein ausgezeichneter Monat f\u00fcr den Jakobsweg ist<\/b><span style=\"font-weight: 400;\">, besonders wenn du Inspiration f\u00fcr deine erste Pilgerreise suchst.<\/span><\/p>\n<p>&nbsp;<\/p>\n<h2><b>Mildes Klima und l\u00e4ngere Tage im Mai<\/b><\/h2>\n<p><img decoding=\"async\" class=\"alignnone wp-image-120775 size-full\" src=\"https:\/\/www.mundiplus.com\/wp-content\/uploads\/2025\/06\/Por-que-hacer-el-Camino-en-Mayo-Mundiplus.jpg\" alt=\"\" width=\"1000\" height=\"667\" srcset=\"https:\/\/www.mundiplus.com\/wp-content\/uploads\/2025\/06\/Por-que-hacer-el-Camino-en-Mayo-Mundiplus.jpg 1000w, https:\/\/www.mundiplus.com\/wp-content\/uploads\/2025\/06\/Por-que-hacer-el-Camino-en-Mayo-Mundiplus-300x200.jpg 300w, https:\/\/www.mundiplus.com\/wp-content\/uploads\/2025\/06\/Por-que-hacer-el-Camino-en-Mayo-Mundiplus-768x512.jpg 768w, https:\/\/www.mundiplus.com\/wp-content\/uploads\/2025\/06\/Por-que-hacer-el-Camino-en-Mayo-Mundiplus-600x400.jpg 600w\" sizes=\"(max-width: 1000px) 100vw, 1000px\" \/><\/p>\n<p><span style=\"font-weight: 400;\">Das <\/span><b>fr\u00fchlingshafte Klima im Mai<\/b><span style=\"font-weight: 400;\"> ist einer seiner gr\u00f6\u00dften Vorteile. Die Temperaturen sind mild und angenehm, mit einem <\/span><b>t\u00e4glichen Durchschnitt von 12-20 \u00b0C<\/b><span style=\"font-weight: 400;\">, weit entfernt von den kalten Extremen im Winter oder der dr\u00fcckenden Sommerhitze. <\/span><\/p>\n<p><span style=\"font-weight: 400;\">Das bedeutet, dass du <\/span><b>mehrere Stunden am Tag bequem wandern kannst<\/b><span style=\"font-weight: 400;\">, ohne Angst zu haben, morgens zu frieren oder mittags zu schmelzen. Morgens und abends kann es k\u00fchl sein (aber nicht vergleichbar mit den Fr\u00f6sten im Januar), und tags\u00fcber scheint die Sonne <\/span><b>warm, aber nicht sengend<\/b><span style=\"font-weight: 400;\">, was zum Drau\u00dfensein einl\u00e4dt.<\/span><\/p>\n<p><span style=\"font-weight: 400;\">Ein weiterer Vorteil ist die <\/span><b>Lichtdauer<\/b><span style=\"font-weight: 400;\">: Der Mai ist ein \u00dcbergangsmonat zum Sommer mit immer l\u00e4ngeren Tagen. Du hast mehr Tageslichtstunden, um deine Etappen zu absolvieren, die Landschaft zu genie\u00dfen oder Pausen ohne Zeitdruck einzulegen. Anders als im Juli oder August <\/span><b>muss man nicht zu fr\u00fch aufstehen<\/b><span style=\"font-weight: 400;\">, um der Hitze zu entgehen, da die Mittags-temperaturen moderat bleiben. <\/span><\/p>\n<p><span style=\"font-weight: 400;\">Nat\u00fcrlich <\/span><b>kann auch Regen auftreten<\/b><span style=\"font-weight: 400;\">. Es gibt ein Sprichwort, das warnt: <\/span><i><span style=\"font-weight: 400;\">\u201eBis zum 40. Mai zieht den Rock nicht aus\u201c<\/span><\/i><span style=\"font-weight: 400;\"> und erinnert uns daran, dass das Wetter bis Anfang Juni unvorhersehbar sein kann. Galicien und die Kantabrische K\u00fcste sind f\u00fcr Regen bekannt, und im Fr\u00fchling sind gelegentliche Regenschauer m\u00f6glich. <\/span><\/p>\n<p><span style=\"font-weight: 400;\">Allerdings regnet es meist weniger (und weniger heftig) als im Herbst. Trotzdem ist es ratsam, vorbereitet zu sein: Nimm immer eine leichte Regenjacke oder einen Poncho mit im Rucksack, da im Fr\u00fchling jederzeit ein kurzer Regenschauer auftreten kann. Mit einer atmungsaktiven Regenjacke kannst du deinen Weg fortsetzen, selbst wenn es ein bisschen nieselt. <\/span><\/p>\n<p><span style=\"font-weight: 400;\">Auch empfiehlt es sich, <\/span><b>vielseitige Kleidung in Schichten<\/b><span style=\"font-weight: 400;\"> mitzunehmen (eine d\u00fcnne Jacke f\u00fcr k\u00fchle Morgen, atmungsaktive Kleidung f\u00fcr den Tag) sowie <\/span><b>Sonnenschutz<\/b><span style=\"font-weight: 400;\">: Die Sonne w\u00e4rmt, ohne zu verbrennen, aber du bist viele Stunden drau\u00dfen und kannst leicht unachtsam werden und rote Haut bekommen.<\/span><\/p>\n<p>&nbsp;<\/p>\n<h2><b>Fr\u00fchlingslandschaften in voller Pracht<\/b><\/h2>\n<p><img decoding=\"async\" class=\"alignnone wp-image-120769 size-full\" src=\"https:\/\/www.mundiplus.com\/wp-content\/uploads\/2025\/06\/Hacer-el-Camino-en-Septiembre-Mundiplus-1.jpg\" alt=\"\" width=\"1000\" height=\"665\" srcset=\"https:\/\/www.mundiplus.com\/wp-content\/uploads\/2025\/06\/Hacer-el-Camino-en-Septiembre-Mundiplus-1.jpg 1000w, https:\/\/www.mundiplus.com\/wp-content\/uploads\/2025\/06\/Hacer-el-Camino-en-Septiembre-Mundiplus-1-300x200.jpg 300w, https:\/\/www.mundiplus.com\/wp-content\/uploads\/2025\/06\/Hacer-el-Camino-en-Septiembre-Mundiplus-1-768x511.jpg 768w, https:\/\/www.mundiplus.com\/wp-content\/uploads\/2025\/06\/Hacer-el-Camino-en-Septiembre-Mundiplus-1-600x399.jpg 600w\" sizes=\"(max-width: 1000px) 100vw, 1000px\" \/><\/p>\n<p><span style=\"font-weight: 400;\">Ein weiterer gro\u00dfer Genuss, den Jakobsweg im Mai zu gehen, ist die <\/span><b>Natur in voller Bl\u00fcte<\/b><span style=\"font-weight: 400;\">. Der Fr\u00fchling kleidet die Wege mit Farbe und Leben: Die Felder sind voller Wildblumen, die B\u00e4ume tragen frisches Gr\u00fcn, und die Luft f\u00fchlt sich frisch und sauber an. <\/span><\/p>\n<p><span style=\"font-weight: 400;\">Du wirst dichte W\u00e4lder, gr\u00fcne Wiesen und blumen\u00fcbers\u00e4te Berge durchqueren, begleitet vom Gesang der V\u00f6gel. Nach den Regenf\u00e4llen im April erreicht die Landschaft in diesem Monat ihren <\/span><b>H\u00f6hepunkt der Lebendigkeit<\/b><span style=\"font-weight: 400;\">. Tats\u00e4chlich wirst du wahrscheinlich jeden Tag von neuen Postkartenmotiven \u00fcberrascht: rote Mohnblumenfelder, gelb bl\u00fchende Ginster, die die H\u00e4nge bedecken, und pl\u00e4tschernde B\u00e4che. <\/span><\/p>\n<ul>\n<li style=\"font-weight: 400;\" aria-level=\"1\"><span style=\"font-weight: 400;\">Die letzten Etappen des Franz\u00f6sischen Wegs oder des Portugiesischen Wegs schenken dir \u00fcppige H\u00fcgel und T\u00e4ler, bl\u00fchende G\u00e4rten sowie Eukalyptusb\u00e4ume und Eichen, die die Luft mit ihrem Duft erf\u00fcllen.<\/span><\/li>\n<\/ul>\n<p>&nbsp;<\/p>\n<ul>\n<li style=\"font-weight: 400;\" aria-level=\"1\"><span style=\"font-weight: 400;\">In den Bergabschnitten (wie dem Primitivo-Weg oder den Anstiegen nach O Cebreiro auf dem Franz\u00f6sischen Weg) findest du noch Gipfel mit morgendlichem Nebel und Quellen, gespeist vom Schneeschmelzwasser, die eine malerische Atmosph\u00e4re ohne die H\u00e4rte des Winters schaffen.<\/span><\/li>\n<\/ul>\n<p>&nbsp;<\/p>\n<ul>\n<li style=\"font-weight: 400;\" aria-level=\"1\"><span style=\"font-weight: 400;\">An der K\u00fcste bieten die Fr\u00fchlingstage klare Himmel und ruhiges Meer, mit noch k\u00fchlem Wasser, aber spektakul\u00e4ren K\u00fcstenlandschaften.<\/span><\/li>\n<\/ul>\n<p>&nbsp;<\/p>\n<h2><b>Pilgeratmosph\u00e4re: weder Einsamkeit noch Menschenmassen<\/b><\/h2>\n<p><span style=\"font-weight: 400;\">Ein weiterer Grund ist das <\/span><b>gute Gleichgewicht bei der Pilgerzahl<\/b><span style=\"font-weight: 400;\">. Nach den Wintermonaten (wenn der Weg fast menschenleer ist) kehrt im Fr\u00fchling Leben auf die Jakobswege zur\u00fcck. Der Mai markiert den <\/span><b>Beginn der Hochsaison<\/b><span style=\"font-weight: 400;\">, sodass du bereits Weggef\u00e4hrten auf den Etappen treffen wirst, aber ohne die gro\u00dfen Menschenmengen des Hochsommers. <\/span><\/p>\n<p><span style=\"font-weight: 400;\">Viele erfahrene Pilger empfehlen genau diese Jahreszeit, weil zu dieser Zeit eine mittlere Anzahl an Pilgern unterwegs ist: Du wirst nicht den typischen Andrang im Juli\/August erleben, aber auch nicht in der Einsamkeit des Winters wandern.<\/span><\/p>\n<p><span style=\"font-weight: 400;\">Es lohnt sich hervorzuheben, dass der Mai in den letzten Jahren bei Pilgern aus aller Welt <\/span><b>sehr an Beliebtheit gewonnen hat<\/b><span style=\"font-weight: 400;\">. Wie bereits erw\u00e4hnt, erreichte er im Jahr 2024 sogar einen Gleichstand mit dem August als Monat mit den meisten Pilgern. Dies zeigt, dass immer mehr Menschen diese Zeit wegen ihrer Vorteile w\u00e4hlen.<\/span><\/p>\n<p><b>\u201eMehr Pilger\u201c bedeutet jedoch nicht \u201eMassenandrang\u201c<\/b><span style=\"font-weight: 400;\">. Der Pilgerstrom verteilt sich \u00fcber den Monat und die verschiedenen Routen, w\u00e4hrend er im Sommer an Spitzenzeiten (Ferien, Feiertage) und besonders auf den letzten 100 km des Camino Franc\u00e9s konzentriert ist. Deshalb f\u00fchlt sich die Atmosph\u00e4re lebhaft, aber ruhig an.<\/span><\/p>\n<p>&nbsp;<\/p>\n<h2><b>Feste und lokale Traditionen im Mai<\/b><\/h2>\n<p><img loading=\"lazy\" decoding=\"async\" class=\"alignnone wp-image-120781 size-full\" src=\"https:\/\/www.mundiplus.com\/wp-content\/uploads\/2025\/06\/Fiesta-de-los-Maios-Mundiplus-1.jpg\" alt=\"\" width=\"1024\" height=\"768\" srcset=\"https:\/\/www.mundiplus.com\/wp-content\/uploads\/2025\/06\/Fiesta-de-los-Maios-Mundiplus-1.jpg 1024w, https:\/\/www.mundiplus.com\/wp-content\/uploads\/2025\/06\/Fiesta-de-los-Maios-Mundiplus-1-300x225.jpg 300w, https:\/\/www.mundiplus.com\/wp-content\/uploads\/2025\/06\/Fiesta-de-los-Maios-Mundiplus-1-768x576.jpg 768w, https:\/\/www.mundiplus.com\/wp-content\/uploads\/2025\/06\/Fiesta-de-los-Maios-Mundiplus-1-600x450.jpg 600w\" sizes=\"(max-width: 1024px) 100vw, 1024px\" \/><\/p>\n<p><span style=\"font-weight: 400;\">Den Jakobsweg im Mai zu gehen, bietet nicht nur gutes Wetter und sch\u00f6ne Landschaften, sondern auch die Gelegenheit, in die lokale Kultur einzutauchen durch die Festlichkeiten, die in diesem Monat stattfinden. Galicien und die Regionen Nordspaniens feiern zu dieser Zeit mehrere traditionelle Feste, die deiner Pilgerreise einen besonderen Wert verleihen k\u00f6nnen, wenn du sie erlebst:<\/span><\/p>\n<ul>\n<li style=\"font-weight: 400;\" aria-level=\"1\"><b>Feste zu Christi Himmelfahrt<\/b><span style=\"font-weight: 400;\"> (Santiago de Compostela): Sie sind die gro\u00dfen Fr\u00fchlingsfeste in der Stadt des Apostels. Gefeiert wird am <\/span><b>sechsten Donnerstag nach Ostern<\/b><span style=\"font-weight: 400;\"> (normalerweise Mitte Mai) und gelten als <\/span><b>zweitwichtigste Festlichkeiten in Santiago<\/b><span style=\"font-weight: 400;\">, nur \u00fcbertroffen vom 25. Juli (Tag des Apostels).<\/span><\/li>\n<\/ul>\n<p><span style=\"font-weight: 400;\">Eine Woche lang erwacht die Stadt mit Open-Air-Konzerten, traditionellen Musikumz\u00fcgen, Theaterauff\u00fchrungen, gastronomischen M\u00e4rkten (Oktopus, Empanadas, galicische Weine) und Attraktionen f\u00fcr alle Altersgruppen zum Leben.<\/span><\/p>\n<ul>\n<li style=\"font-weight: 400;\" aria-level=\"1\"><b>D\u00eda das Letras Galegas<\/b><span style=\"font-weight: 400;\">: Der <\/span><b>17. Mai<\/b><span style=\"font-weight: 400;\"> ist in ganz Galicien ein Feiertag zum <\/span><i><span style=\"font-weight: 400;\">Tag der galicischen Sprache und Literatur<\/span><\/i><span style=\"font-weight: 400;\">, der der Ehrung der galicischen Sprache und ihrer ber\u00fchmtesten Schriftsteller gewidmet ist. Jedes Jahr wird ein anderer Autor geehrt: Es gibt Vortr\u00e4ge, Konzerte, Theater und vor allem Buchmessen, bei denen du eventuell ein Buch \u00fcber den Jakobsweg finden kannst.<\/span><\/li>\n<\/ul>\n<p>&nbsp;<\/p>\n<ul>\n<li style=\"font-weight: 400;\" aria-level=\"1\"><b>Fest der Maios:<\/b><span style=\"font-weight: 400;\"> Im Laufe des Mais (meist Anfang des Monats) finden in verschiedenen Ortschaften Galiciens, Le\u00f3ns und anderer Regionen die Maios statt, alte Volksfeste, die die<\/span><b>Ankunft des Fr\u00fchlings<\/b><span style=\"font-weight: 400;\"> feiern. Meist bestehen sie aus Wettbewerben und Umz\u00fcgen mit Strukturen, die mit Blumen, Bl\u00e4ttern, Eiern und anderen Naturprodukten dekoriert sind, begleitet von traditionellen Fr\u00fchlingsliedern<\/span><\/li>\n<\/ul>\n<p>&nbsp;<\/p>\n<ul>\n<li style=\"font-weight: 400;\" aria-level=\"1\"><b>Weitere Feiertage in diesem Monat:<\/b><\/li>\n<\/ul>\n<p><span style=\"font-weight: 400;\">\u00a0<\/span><\/p>\n<ul>\n<li><span style=\"font-weight: 400;\">Der <\/span><b>Muttertag<\/b><span style=\"font-weight: 400;\"> wird in Spanien am ersten Sonntag im Mai gefeiert. Es ist kein gesetzlicher Feiertag, aber ein emotionaler Tag, an dem Familien manchmal eine kleine Etappe gemeinsam gehen oder den Tag etwas Besonderem widmen. Tats\u00e4chlich, warum nicht den Jakobsweg <\/span><b>der Mutter schenken<\/b><span style=\"font-weight: 400;\">?\u00a0<\/span><\/li>\n<\/ul>\n<p>&nbsp;<\/p>\n<ul>\n<li><span style=\"font-weight: 400;\">Der <\/span><b>1. Mai<\/b><span style=\"font-weight: 400;\"> (Tag der Arbeit) ist ein nationaler Feiertag. Viele Spanier nutzen dieses lange Wochenende, um ihren Weg zu beginnen oder einzelne Abschnitte zu gehen. Deshalb wirst du Anfang des Monats m\u00f6glicherweise einen Anstieg lokaler Pilger auf Routen wie dem Camino Franc\u00e9s oder Camino del Norte beobachten.<\/span><\/li>\n<\/ul>\n<p>&nbsp;<\/p>\n<h2><b>Empfohlene Routen und Optionen f\u00fcr den Mai<\/b><\/h2>\n<p><span style=\"font-weight: 400;\">Hast du dich erst einmal entschieden, dass dies die ideale Zeit ist, bleibt die Wahl der Route. Fast jeder Jakobsweg ist zu dieser Zeit angenehm, dank des milden Klimas und der Abwesenheit extremer Bedingungen. Je nach deinen Vorlieben f\u00fcr Landschaft, Dauer oder Begleitung kannst du dich jedoch f\u00fcr eine Route entscheiden.<\/span><\/p>\n<ul>\n<li style=\"font-weight: 400;\" aria-level=\"1\"><b>Camino Franc\u00e9s<\/b><span style=\"font-weight: 400;\">: Dies ist die klassische Jakobsroute und die meistbegangene. Der Mai ist ein gro\u00dfartiger Monat f\u00fcr den Camino Franc\u00e9s, da du die vielf\u00e4ltigen Landschaften von Navarra, La Rioja, der kastilischen Meseta und Galicien mit milden Temperaturen und ohne den Trubel des Sommers genie\u00dfen kannst.<\/span><\/li>\n<li><span style=\"font-weight: 400;\">Die klassischen Etappen (Saint-Jean-Pied-de-Port bis Roncesvalles, der Aufstieg nach O Cebreiro etc.) sind <\/span><b>klimatisch angenehmer<\/b><span style=\"font-weight: 400;\"> als zu anderen Jahreszeiten.<\/span><\/li>\n<\/ul>\n<p>&nbsp;<\/p>\n<ul>\n<li><span style=\"font-weight: 400;\">Au\u00dferdem wirst du als beliebteste Route froh sein, sie in einer Zeit mit <\/span><b>moderatem Pilgeraufkommen<\/b><span style=\"font-weight: 400;\"> zu gehen und so die Juli-Spitzen zu vermeiden.<\/span><\/li>\n<\/ul>\n<p>&nbsp;<\/p>\n<ul>\n<li style=\"font-weight: 400;\" aria-level=\"1\"><b>Camino del Norte<\/b><span style=\"font-weight: 400;\">: Wenn dich die kantabrische K\u00fcste reizt und du eine etwas weniger frequentierte Route suchst, ist der Camino del Norte im Fr\u00fchling eine ausgezeichnete Wahl. Die Route ist etwas anspruchsvoller (wegen der h\u00fcgeligen Landschaft), aber im Mai gleichen milde Temperaturen das aus und verhindern Dehydration.<\/span><\/li>\n<\/ul>\n<p>&nbsp;<\/p>\n<p><span style=\"font-weight: 400;\">Diese Tage sind an der Kantabrischen K\u00fcste meist mild: angenehme Temperaturen, gr\u00fcne Landschaften nach den Aprilregen und weniger Gewittertage als im Winter.<\/span><\/p>\n<ul>\n<li style=\"font-weight: 400;\" aria-level=\"2\"><span style=\"font-weight: 400;\">Zum Beispiel erm\u00f6glicht dir der Abschnitt des <\/span><a href=\"https:\/\/www.mundiplus.com\/de\/caminos\/a-pie\/camino-de-santiago-desde-ribadeo\/\"><b>Camino del Norte von Ribadeo<\/b><\/a><span style=\"font-weight: 400;\"> bis Santiago, der den Zugang zu Galicien von Asturien aus umfasst, beeindruckende Ausblicke auf das Kantabrische Meer, w\u00e4hrend du ruhige Fischerorte in der Nebensaison besuchst.<\/span><\/li>\n<\/ul>\n<p>&nbsp;<\/p>\n<ul>\n<li style=\"font-weight: 400;\" aria-level=\"2\"><span style=\"font-weight: 400;\">Du kannst die n\u00f6rdliche Route auch von gro\u00dfen St\u00e4dten im Baskenland starten. Viele Pilger beginnen den <\/span><a href=\"https:\/\/www.mundiplus.com\/de\/caminos\/a-pie\/camino-norte\/camino-de-santiago-desde-bilbao\/\"><b>Jakobsweg ab Bilbao<\/b><\/a><span style=\"font-weight: 400;\">, was die M\u00f6glichkeit bietet, Bilbao, Santander und die \u00f6stliche kantabrische K\u00fcste bei mildem Wetter im Mai zu entdecken.<\/span><\/li>\n<\/ul>\n<p>&nbsp;<\/p>\n<ul>\n<li style=\"font-weight: 400;\" aria-level=\"1\"><b>Camino Portugu\u00e9s<\/b><span style=\"font-weight: 400;\">: Eine weitere sehr attraktive Route im Mai. Sie hat ein <\/span><b>leicht w\u00e4rmeres Klima<\/b><span style=\"font-weight: 400;\"> und weniger H\u00f6henunterschiede, ideal, wenn du eine ruhigere und zug\u00e4nglichere Strecke suchst.<\/span><\/li>\n<\/ul>\n<p>&nbsp;<\/p>\n<p><span style=\"font-weight: 400;\">Du wanderst zwischen Weinbergen, Auenw\u00e4ldern und historischen D\u00f6rfern mit sehr milden Temperaturen, ohne die sommerliche Hitze der Region. Au\u00dferdem ist die Route etwas weniger frequentiert, sodass du noch mehr Ruhe genie\u00dfen kannst, auch wenn du in den letzten Tagen (von Padr\u00f3n nach Santiago) einen lebhaften Pilgerstrom aus verschiedenen Routen beobachten wirst.<\/span><\/p>\n<ul>\n<li style=\"font-weight: 400;\" aria-level=\"2\"><span style=\"font-weight: 400;\">Eine besonders beliebte Alternative f\u00fcr Anf\u00e4nger ist der <\/span><a href=\"https:\/\/www.mundiplus.com\/de\/caminos\/a-pie\/camino-portugues\/camino-de-santiago-desde-tui\/\"><b>Camino Portugu\u00e9s ab Tui<\/b><\/a><span style=\"font-weight: 400;\">, der an der spanisch-portugiesischen Grenze beginnt. Von hier sind es etwa 115 km (die Mindeststrecke f\u00fcr die Compostela), die meist in 5 bis 7 gem\u00fctlichen Etappen bew\u00e4ltigt werden.<\/span><\/li>\n<\/ul>\n<p><span style=\"font-weight: 400;\">Nat\u00fcrlich gibt es noch viele andere Routen (Camino Primitivo, Camino Ingl\u00e9s, V\u00eda de la Plata usw.), jede mit ihrem eigenen Charme. Wichtig ist, dass du die Route w\u00e4hlst, die dich am meisten motiviert, und sie gut planst.<\/span><\/p>\n<p>&nbsp;<\/p>\n<h2><b>Tipps f\u00fcr das Pilgern im Mai<\/b><\/h2>\n<p><span style=\"font-weight: 400;\">Abschlie\u00dfend fassen wir einige praktische Tipps zusammen, die speziell f\u00fcr den Jakobsweg im Mai hilfreich sind, besonders wenn du zum ersten Mal gehst:<\/span><\/p>\n<ul>\n<li style=\"font-weight: 400;\" aria-level=\"1\"><b>Sei auf etwas Regen vorbereitet<\/b><span style=\"font-weight: 400;\">: Obwohl es meist trocken ist, vergiss nicht, eine gute Regenjacke oder einen wasserdichten Poncho im Rucksack mitzunehmen. Sie nehmen wenig Platz ein und retten dich, falls dich ein Fr\u00fchlingsschauer mitten auf einer Etappe \u00fcberrascht. Auch Regenschutzh\u00fcllen f\u00fcr den Rucksack oder Plastikt\u00fcten innen helfen, dein Gep\u00e4ck trocken zu halten.<\/span><\/li>\n<\/ul>\n<p>&nbsp;<\/p>\n<ul>\n<li><b>Schichten und vielseitige Kleidung:<\/b><span style=\"font-weight: 400;\"> Das Wetter kann sich im Tagesverlauf \u00e4ndern. Ideal ist Kleidung in Schichten: atmungsaktives T-Shirt, leichter Fleecepullover am Morgen und vielleicht eine Windjacke. Mittags gehst du wahrscheinlich kurz\u00e4rmlig, aber morgens oder in h\u00f6heren Lagen kann es k\u00fchl sein. Eine M\u00fctze ist im Norden wegen der k\u00fchlen Meeresbrise empfehlenswert.<\/span><\/li>\n<\/ul>\n<p>&nbsp;<\/p>\n<ul>\n<li style=\"font-weight: 400;\" aria-level=\"1\"><b>Sonnenschutz und Wasser<\/b><span style=\"font-weight: 400;\"><span style=\"font-weight: 400;\">: Untersch\u00e4tze die Fr\u00fchlingssonne nicht. Nutze t\u00e4glich Sonnencreme (mindestens LSF 30) f\u00fcr Gesicht, Hals und Arme, da du viele Stunden in der Sonne unterwegs bist, auch wenn die Temperatur nicht hoch ist. Nimm auch Sonnenbrille und Schildm\u00fctze mit. Bleib gut hydriert; im Mai ist es nicht zu hei\u00df, aber man vergisst leicht das Trinken.<\/span><\/span><\/li>\n<li style=\"font-weight: 400;\" aria-level=\"1\"><b>Allergien im Griff behalten<\/b><span style=\"font-weight: 400;\">: Wenn du Pollenallergiker bist, bedenke, dass du im Fr\u00fchling von Blumen und Feldern umgeben bist. Nimm deine Antihistaminika oder verschriebenen Inhalatoren mit und nimm die vorbeugende Medikation ein, wenn du das gewohnt bist. Ein Trick: Sonnenbrille und ein Buff \u00fcber Nase\/Mund auf offenen Feldern k\u00f6nnen helfen, wenn viel Pollen in der Luft sind.<\/span><\/li>\n<\/ul>\n<p>&nbsp;<\/p>\n<ul>\n<li style=\"font-weight: 400;\" aria-level=\"1\"><b>Genie\u00dfe die Umgebung und den Moment<\/b><span style=\"font-weight: 400;\">: Der Mai ist ein Monat, um den Jakobsweg in vollen Z\u00fcgen zu genie\u00dfen. Nimm dir Zeit, die Landschaft zu sch\u00e4tzen \u2013 halte an diesem Blumenfeld f\u00fcr ein Foto, mache ein Picknick in der Sonne, verliere dich ein paar Minuten beim Vogelgesang. Es ist auch eine ideale Zeit f\u00fcr Begegnungen: Trau dich, mit anderen Pilgern ins Gespr\u00e4ch zu kommen.<\/span><\/li>\n<\/ul>\n","protected":false},"excerpt":{"rendered":"<p>Mai hat sich als einer der besten Monate etabliert, um den Jakobsweg zu gehen, sowohl f\u00fcr Erstpilger als auch f\u00fcr erfahrene Pilger. Tats\u00e4chlich zeigen aktuelle Statistiken, dass er der bevorzugte Monat der Pilger ist und im Jahr 2024 etwa 15 % der Ank\u00fcnfte (fast 70.000 ausgestellte Compostela-Urkunden) ausmacht. Das ist kein Zufall: In diesem Monat [&hellip;]<\/p>\n","protected":false},"author":1,"featured_media":120778,"comment_status":"open","ping_status":"open","sticky":false,"template":"","format":"standard","meta":{"footnotes":""},"categories":[572,568,596,576],"tags":[],"class_list":["post-120810","post","type-post","status-publish","format-standard","has-post-thumbnail","hentry","category-blog-des-weges","category-korperliche-konditionierung","category-vorbereitungen-fur-die-reise","category-zu-fus-gehen"],"_links":{"self":[{"href":"https:\/\/www.mundiplus.com\/de\/wp-json\/wp\/v2\/posts\/120810","targetHints":{"allow":["GET"]}}],"collection":[{"href":"https:\/\/www.mundiplus.com\/de\/wp-json\/wp\/v2\/posts"}],"about":[{"href":"https:\/\/www.mundiplus.com\/de\/wp-json\/wp\/v2\/types\/post"}],"author":[{"embeddable":true,"href":"https:\/\/www.mundiplus.com\/de\/wp-json\/wp\/v2\/users\/1"}],"replies":[{"embeddable":true,"href":"https:\/\/www.mundiplus.com\/de\/wp-json\/wp\/v2\/comments?post=120810"}],"version-history":[{"count":5,"href":"https:\/\/www.mundiplus.com\/de\/wp-json\/wp\/v2\/posts\/120810\/revisions"}],"predecessor-version":[{"id":121343,"href":"https:\/\/www.mundiplus.com\/de\/wp-json\/wp\/v2\/posts\/120810\/revisions\/121343"}],"wp:featuredmedia":[{"embeddable":true,"href":"https:\/\/www.mundiplus.com\/de\/wp-json\/wp\/v2\/media\/120778"}],"wp:attachment":[{"href":"https:\/\/www.mundiplus.com\/de\/wp-json\/wp\/v2\/media?parent=120810"}],"wp:term":[{"taxonomy":"category","embeddable":true,"href":"https:\/\/www.mundiplus.com\/de\/wp-json\/wp\/v2\/categories?post=120810"},{"taxonomy":"post_tag","embeddable":true,"href":"https:\/\/www.mundiplus.com\/de\/wp-json\/wp\/v2\/tags?post=120810"}],"curies":[{"name":"wp","href":"https:\/\/api.w.org\/{rel}","templated":true}]}}