{"id":120972,"date":"2025-06-11T18:14:26","date_gmt":"2025-06-11T18:14:26","guid":{"rendered":"https:\/\/www.mundiplus.com\/?p=120972"},"modified":"2025-06-11T18:15:45","modified_gmt":"2025-06-11T18:15:45","slug":"was-gibt-es-in-cadavedo-zu-sehen","status":"publish","type":"post","link":"https:\/\/www.mundiplus.com\/de\/was-gibt-es-in-cadavedo-zu-sehen\/","title":{"rendered":"Was gibt es in Cadavedo zu sehen"},"content":{"rendered":"<p><b><img fetchpriority=\"high\" decoding=\"async\" class=\"alignnone wp-image-118987 size-full\" src=\"https:\/\/www.mundiplus.com\/wp-content\/uploads\/2025\/04\/Blog-Mundiplus.png\" alt=\"\" width=\"1023\" height=\"539\" srcset=\"https:\/\/www.mundiplus.com\/wp-content\/uploads\/2025\/04\/Blog-Mundiplus.png 1023w, https:\/\/www.mundiplus.com\/wp-content\/uploads\/2025\/04\/Blog-Mundiplus-300x158.png 300w, https:\/\/www.mundiplus.com\/wp-content\/uploads\/2025\/04\/Blog-Mundiplus-768x405.png 768w, https:\/\/www.mundiplus.com\/wp-content\/uploads\/2025\/04\/Blog-Mundiplus-600x316.png 600w\" sizes=\"(max-width: 1023px) 100vw, 1023px\" \/><\/b><\/p>\n<p><b>Cadavedo<\/b><span style=\"font-weight: 400;\"> ist ein malerisches K\u00fcstendorf im Westen von Asturien, direkt auf der Route des Camino de Santiago del Norte. Es liegt ungef\u00e4hr auf halbem Weg zwischen Luarca und Cudillero. Trotz seiner Gr\u00f6\u00dfe besitzt es einen besonderen Charme, der ihm im Jahr 2022 den Titel <\/span><b><i>\u201eVorbildliches Dorf Asturiens\u201c<\/i><\/b><span style=\"font-weight: 400;\"> einbrachte. Diese Auszeichnung wird von der Stiftung Prinzessin von Asturien f\u00fcr das Engagement der Bewohner zum Erhalt ihres Kulturerbes verliehen. <\/span><\/p>\n<p><span style=\"font-weight: 400;\">Historisch war dieser Ort ein wichtiger <\/span><b>Walf\u00e4ngerhafen im Mittelalter<\/b><span style=\"font-weight: 400;\"> und sp\u00e4ter, Anfang des 20. Jahrhunderts, ein <\/span><b>Wohnort von \u201eIndianos\u201c<\/b><span style=\"font-weight: 400;\">, die ihre Spuren in der lokalen Architektur hinterlie\u00dfen. <\/span><\/p>\n<p><span style=\"font-weight: 400;\">F\u00fcr die Pilger, die den Camino del Norte gehen, bietet Cadavedo eine Oase der Ruhe mit beeindruckendem Blick auf das Kantabrische Meer und eine tiefe Eintauchen in die asturische Kultur.<\/span><\/p>\n<p>&nbsp;<\/p>\n<h2><b>Warum den Camino del Norte f\u00fcr den Jakobsweg w\u00e4hlen?<\/b><\/h2>\n<p><span style=\"font-weight: 400;\">Bevor wir dir die Vorz\u00fcge dieses Ortes n\u00e4herbringen, m\u00f6chten wir dir den Camino del Norte vorstellen, auf dem er liegt. <\/span><\/p>\n<p><span style=\"font-weight: 400;\">Wie du sicher wei\u00dft, gibt es mehrere offizielle Routen nach Santiago de Compostela, jede mit ihrem eigenen Reiz. Der <\/span><b>Camino Franc\u00e9s<\/b><span style=\"font-weight: 400;\"> ist der bekannteste und meistbegangene, w\u00e4hrend der <\/span><b>Camino Primitivo<\/b><span style=\"font-weight: 400;\">, der <\/span><b>Camino Ingl\u00e9s<\/b><span style=\"font-weight: 400;\"> oder der <\/span><b>Camino Portugu\u00e9s<\/b><span style=\"font-weight: 400;\"> jeweils unterschiedliche Erfahrungen bieten. Zum Beispiel ist der <\/span><a href=\"https:\/\/www.mundiplus.com\/de\/caminos\/a-pie\/camino-portugues\/camino-de-santiago-desde-tui\/\"><b>Portugiesische Weg ab Tui<\/b><\/a><span style=\"font-weight: 400;\"> besonders beliebt bei denen, die eine k\u00fcrzere Route von der portugiesischen Grenze suchen. <\/span><\/p>\n<p><span style=\"font-weight: 400;\">Der <\/span><b>Camino del Norte<\/b><span style=\"font-weight: 400;\"> zeichnet sich hingegen durch seine eigenen Vorz\u00fcge aus und ist f\u00fcr viele Pilger eine ausgezeichnete Wahl. Hier einige Gr\u00fcnde f\u00fcr diese Route:<\/span><\/p>\n<ul>\n<li style=\"font-weight: 400;\" aria-level=\"1\"><b>Vielf\u00e4ltige Landschaften und kultureller Reichtum<\/b><span style=\"font-weight: 400;\">: Die Route f\u00fchrt \u00fcber ca. 825 km entlang der Nordk\u00fcste Spaniens, vom Baskenland bis nach Galicien. Dies bedeutet eine einzigartige Vielfalt an Umgebungen: Wege wechseln sich zwischen Str\u00e4nden, Klippen und K\u00fcstenw\u00e4ldern ab und bieten fast auf jeder Etappe spektakul\u00e4re Ausblicke auf das Kantabrische Meer. <\/span><\/li>\n<\/ul>\n<p><span style=\"font-weight: 400;\">Pilger durchqueren <\/span><b>Kulturregionen von gro\u00dfer Vielfalt<\/b><span style=\"font-weight: 400;\">: von der baskischen Kultur \u00fcber das gr\u00fcne Asturien bis ins l\u00e4ndliche Galicien. <\/span><\/p>\n<p><span style=\"font-weight: 400;\">Wer den <\/span><a href=\"https:\/\/www.mundiplus.com\/de\/caminos\/a-pie\/camino-del-norte\/camino-de-santiago-desde-bilbao\/\"><b>Jakobsweg ab Bilbao<\/b><\/a><span style=\"font-weight: 400;\"> beginnt, erlebt den Kontrast von gro\u00dfen St\u00e4dten zu kleinen Fischerd\u00f6rfern, und wer den <\/span><a href=\"https:\/\/www.mundiplus.com\/de\/caminos\/a-pie\/camino-de-santiago-desde-ribadeo\/\"><b>Camino del Norte ab Ribadeo<\/b><\/a><span style=\"font-weight: 400;\"> startet, entdeckt das tiefgr\u00fcndige Galicien. <\/span><\/p>\n<ul>\n<li style=\"font-weight: 400;\" aria-level=\"1\"><b>Mehr Ruhe und Authentizit\u00e4t<\/b><span style=\"font-weight: 400;\">: Diese Route ist in der Regel weniger \u00fcberlaufen, was Pilgern ein ruhigeres und besinnlicheres Erlebnis erm\u00f6glicht. Auf dieser Strecke findest du Abschnitte mit relativer Einsamkeit, kannst die Natur in Stille genie\u00dfen und n\u00e4her mit den Einheimischen in Kontakt treten. <\/span><\/li>\n<\/ul>\n<p><span style=\"font-weight: 400;\">D\u00f6rfer auf dem Camino del Norte (wie Cadavedo) bewahren ein <\/span><b>authentischeres und traditionelleres Flair<\/b><span style=\"font-weight: 400;\">, da Massentourismus hier weniger pr\u00e4sent ist als auf popul\u00e4reren Routen. Das bedeutet nicht, dass es an Infrastruktur fehlt: Auf jeder Etappe gibt es Einkehrm\u00f6glichkeiten, aber der Rhythmus ist entspannter. <\/span><\/p>\n<ul>\n<li style=\"font-weight: 400;\" aria-level=\"1\"><b>Herausforderung und pers\u00f6nliche Erf\u00fcllung<\/b><span style=\"font-weight: 400;\">: Das Streckenprofil gilt als k\u00f6rperlich anspruchsvoller als bei anderen Routen. Die K\u00fcstenwege beinhalten h\u00e4ufige Auf- und Abstiege, da Flussm\u00fcndungen, Klippen und H\u00fcgel am Meer \u00fcberwunden werden m\u00fcssen. Obwohl dies die Schwierigkeit erh\u00f6ht, ist es eine lohnende Herausforderung f\u00fcr Pilger, die abwechslungsreiche Natur lieben.<\/span><\/li>\n<\/ul>\n<p>&nbsp;<\/p>\n<ul>\n<li style=\"font-weight: 400;\" aria-level=\"1\"><span style=\"font-weight: 400;\">Jeder Anstieg belohnt mit beeindruckenden Ausblicken, und das Absolvieren der Route bringt ein gro\u00dfes Gef\u00fchl der pers\u00f6nlichen Leistung mit sich.<\/span><\/li>\n<\/ul>\n<p>&nbsp;<\/p>\n<p><span style=\"font-weight: 400;\">Eine gute Planung der Route und Etappen ist wichtig wegen der k\u00f6rperlichen Anforderungen und der geringeren Verf\u00fcgbarkeit von Dienstleistungen auf manchen Abschnitten. Die Unterst\u00fctzung einer spezialisierten <\/span><a href=\"https:\/\/www.mundiplus.com\/de\/\"><b>Jakobsweg-Agentur<\/b><\/a><span style=\"font-weight: 400;\"> kann bei der Logistik sehr hilfreich sein, auch wenn der Weg immer eigenst\u00e4ndig bew\u00e4ltigt werden kann.<\/span><\/p>\n<p>&nbsp;<\/p>\n<h2><b>Cadavedo: eine K\u00fcstenpause auf dem Camino del Norte<\/b><\/h2>\n<p><span style=\"font-weight: 400;\">Cadavedo ist ein kleines, charmantes Fischerdorf. Es geh\u00f6rt zur Gemeinde Vald\u00e9s und ist ein traditioneller Halt auf dem Camino del Norte. <\/span><\/p>\n<p><span style=\"font-weight: 400;\">Mit nur wenigen hundert Einwohnern hat dieses Dorf seine <\/span><b>l\u00e4ndliche und maritime Urspr\u00fcnglichkeit<\/b><span style=\"font-weight: 400;\"> \u00fcber die Jahrhunderte bewahrt. Die Stra\u00dfen sind ruhig und ges\u00e4umt von traditionellen asturischen H\u00e4usern, viele mit h\u00f6lzernen Galerien und Schieferd\u00e4chern, sowie jahrhundertealten H\u00f3rreos, die auf steinernen Pfeilern stehen. <\/span><\/p>\n<p><span style=\"font-weight: 400;\">Tats\u00e4chlich verf\u00fcgt es \u00fcber ein \u00e4u\u00dferst reichhaltiges ethnografisches Erbe: Rund <\/span><b>95 H\u00f3rreos und Getreidespeicher<\/b><span style=\"font-weight: 400;\"> in gutem Zustand sind \u00fcber das Dorf und die Umgebung verteilt und zeugen von der landwirtschaftlichen Lebensweise der Bewohner \u00fcber Generationen hinweg. Ein Spaziergang hier erm\u00f6glicht es, diese f\u00fcr Asturien typischen erh\u00f6hten Scheunen sowie alte Waschh\u00e4user und M\u00fchlen, die von der lokalen Geschichte erz\u00e4hlen, zu bewundern.<\/span><\/p>\n<p><span style=\"font-weight: 400;\">Trotz seiner geringen Gr\u00f6\u00dfe gibt es einige Sehensw\u00fcrdigkeiten, die besonders aus der Perspektive von Pilgern interessant sind: Hier stehen Einfachheit, Natur und Traditionen mehr im Vordergrund als gro\u00dfe Monumente. Im Folgenden stellen wir <\/span><b>Sehensw\u00fcrdigkeiten in Cadavedo und Umgebung<\/b><span style=\"font-weight: 400;\"> vor:<\/span><\/p>\n<p>&nbsp;<\/p>\n<h3><b>Ermita de La Regalina: Glaube und Aussicht aufs Kantabrische Meer<\/b><\/h3>\n<p><img decoding=\"async\" class=\"alignnone wp-image-120940 size-full\" src=\"https:\/\/www.mundiplus.com\/wp-content\/uploads\/2025\/06\/Ermita-de-La-Regalina-Mundiplus.jpg\" alt=\"\" width=\"1024\" height=\"718\" srcset=\"https:\/\/www.mundiplus.com\/wp-content\/uploads\/2025\/06\/Ermita-de-La-Regalina-Mundiplus.jpg 1024w, https:\/\/www.mundiplus.com\/wp-content\/uploads\/2025\/06\/Ermita-de-La-Regalina-Mundiplus-300x210.jpg 300w, https:\/\/www.mundiplus.com\/wp-content\/uploads\/2025\/06\/Ermita-de-La-Regalina-Mundiplus-768x539.jpg 768w, https:\/\/www.mundiplus.com\/wp-content\/uploads\/2025\/06\/Ermita-de-La-Regalina-Mundiplus-600x421.jpg 600w\" sizes=\"(max-width: 1024px) 100vw, 1024px\" \/><\/p>\n<p><span style=\"font-weight: 400;\">Das unbestrittene Symbol des Dorfes ist die <\/span><b><i>Ermita de la Regalina<\/i><\/b><span style=\"font-weight: 400;\">, auch bekannt als Kapelle <\/span><b>Nuestra Se\u00f1ora de Ri\u00e9gala<\/b><span style=\"font-weight: 400;\">, Schutzpatronin des Ortes. Es handelt sich um eine kleine Kapelle, die im Jahr <\/span><b>1931<\/b><span style=\"font-weight: 400;\"> auf Initiative von Padre Galo (einem beliebten Priester, Dichter und lokalen Gelehrten) zu Ehren der Jungfrau von La Regalina erbaut wurde.\u00a0<\/span><\/p>\n<p><span style=\"font-weight: 400;\">Die Kapelle steht auf der<\/span><b> Punta del Cuernu<\/b><span style=\"font-weight: 400;\">, einem gr\u00fcnen Vorsprung, der als <\/span><i><span style=\"font-weight: 400;\">Campo de La Garita<\/span><\/i><span style=\"font-weight: 400;\"> bekannt ist, direkt am Rand beeindruckender Klippen, die zum Kantabrischen Meer hinabfallen. Ihre Lage k\u00f6nnte malerischer nicht sein: umgeben von Wiesen, mit offenem Horizont zum Himmel und Meer, hebt sich dieses wei\u00df get\u00fcnchte Gotteshaus mit blauen Details wundersch\u00f6n in die Landschaft ab.<\/span><\/p>\n<p><span style=\"font-weight: 400;\">F\u00fcr Pilger ist der Aufstieg zur Kapelle (nur wenige Minuten vom Hauptweg entfernt) sehr zu empfehlen. Von dort aus genie\u00dft man <\/span><b>360-Grad-Blicke<\/b><span style=\"font-weight: 400;\"> auf die K\u00fcste und das Inland. Tats\u00e4chlich gilt der Aussichtspunkt von La Regalina als <\/span><b><i>einer der sch\u00f6nsten Pl\u00e4tze im Westen Asturiens<\/i><\/b><span style=\"font-weight: 400;\">. Neben der Kapelle befindet sich ein klassischer H\u00f3rreo.<\/span><\/p>\n<p>&nbsp;<\/p>\n<h3><b>Str\u00e4nde und Natur in Cadavedo und Umgebung<\/b><\/h3>\n<p><img decoding=\"async\" class=\"alignnone wp-image-120934 size-full\" src=\"https:\/\/www.mundiplus.com\/wp-content\/uploads\/2025\/06\/Playa-de-Cadavedo-Mundiplus.jpg\" alt=\"\" width=\"1023\" height=\"678\" srcset=\"https:\/\/www.mundiplus.com\/wp-content\/uploads\/2025\/06\/Playa-de-Cadavedo-Mundiplus.jpg 1023w, https:\/\/www.mundiplus.com\/wp-content\/uploads\/2025\/06\/Playa-de-Cadavedo-Mundiplus-300x199.jpg 300w, https:\/\/www.mundiplus.com\/wp-content\/uploads\/2025\/06\/Playa-de-Cadavedo-Mundiplus-768x509.jpg 768w, https:\/\/www.mundiplus.com\/wp-content\/uploads\/2025\/06\/Playa-de-Cadavedo-Mundiplus-600x398.jpg 600w\" sizes=\"(max-width: 1023px) 100vw, 1023px\" \/><\/p>\n<p><span style=\"font-weight: 400;\">In der N\u00e4he des Ortes befinden sich mehrere Str\u00e4nde und Klippen, die die nat\u00fcrliche Sch\u00f6nheit der Region unterstreichen.\u00a0<\/span><\/p>\n<p><span style=\"font-weight: 400;\">Der Hauptstrand vor Ort ist der <\/span><b>Playa de Cadavedo<\/b><span style=\"font-weight: 400;\">, ein rund <\/span><b>400 Meter<\/b><span style=\"font-weight: 400;\"> langer Sandstrand, etwa 2 km vom Ortszentrum entfernt. Hier findet der Pilger eine ruhige Umgebung mit Sand und Kieselsteinen, umsp\u00fclt von klarem Wasser. In der Sommersaison trifft man oft auf Familien und nat\u00fcrlich auch den einen oder anderen Pilger, der sich nach der Wanderung eine wohlverdiente Abk\u00fchlung g\u00f6nnt.<\/span><\/p>\n<p><span style=\"font-weight: 400;\">Neben dem Hauptstrand gibt es weitere ebenso reizvolle Buchten. Zum Beispiel:\u00a0<\/span><\/p>\n<ul>\n<li style=\"font-weight: 400;\" aria-level=\"1\"><span style=\"font-weight: 400;\">Der <\/span><b>Playa de Campiechos<\/b><span style=\"font-weight: 400;\"> ist eine kleine Bucht mit Kieseln und grobem Sand, abgelegener und wilder, die \u00fcber einen etwa 500 Meter langen Pfad erreichbar ist. Selbst im Sommer besuchen nur wenige Menschen diesen Ort, weshalb er absolute Ruhe bietet.\u00a0<\/span><\/li>\n<\/ul>\n<p>&nbsp;<\/p>\n<ul>\n<li style=\"font-weight: 400;\" aria-level=\"1\"><span style=\"font-weight: 400;\">Ganz in der N\u00e4he erheben sich die spektakul\u00e4ren <\/span><b>Klippen von Cabo Busto<\/b><span style=\"font-weight: 400;\">, mit fast senkrechten Felsw\u00e4nden bis zu 60 Metern H\u00f6he \u00fcber dem Meer. Dieses Kap ist mit einem kleinen Umweg zug\u00e4nglich.\u00a0<\/span><\/li>\n<\/ul>\n<p>&nbsp;<\/p>\n<ul>\n<li style=\"font-weight: 400;\" aria-level=\"1\"><span style=\"font-weight: 400;\">Ein weiteres bekanntes Kap ist <\/span><b>Cabo Vid\u00edo<\/b><span style=\"font-weight: 400;\">, ebenfalls imposant durch seine Felsformationen und Meerespanoramen.\u00a0<\/span><\/li>\n<\/ul>\n<p>&nbsp;<\/p>\n<p><span style=\"font-weight: 400;\">Zusammengefasst erm\u00f6glicht die nat\u00fcrliche Umgebung von Cadavedo dem Pilger, die Sch\u00f6nheit der K\u00fcstenlandschaften zu genie\u00dfen, die salzige Meeresluft zu atmen und die Essenz der K\u00fcstenregion Asturiens hautnah zu erleben.\u00a0<\/span><\/p>\n<p>&nbsp;<\/p>\n<h3><b>L\u00e4ndlicher Charme: H\u00f3rreos, Indianerh\u00e4user und historisches Erbe<\/b><\/h3>\n<p><img loading=\"lazy\" decoding=\"async\" class=\"alignnone wp-image-120928 size-full\" src=\"https:\/\/www.mundiplus.com\/wp-content\/uploads\/2025\/06\/Iglesia-Parroquial-de-Santa-Maria-Cadavedo-Mundiplus.jpg\" alt=\"\" width=\"1024\" height=\"683\" srcset=\"https:\/\/www.mundiplus.com\/wp-content\/uploads\/2025\/06\/Iglesia-Parroquial-de-Santa-Maria-Cadavedo-Mundiplus.jpg 1024w, https:\/\/www.mundiplus.com\/wp-content\/uploads\/2025\/06\/Iglesia-Parroquial-de-Santa-Maria-Cadavedo-Mundiplus-300x200.jpg 300w, https:\/\/www.mundiplus.com\/wp-content\/uploads\/2025\/06\/Iglesia-Parroquial-de-Santa-Maria-Cadavedo-Mundiplus-768x512.jpg 768w, https:\/\/www.mundiplus.com\/wp-content\/uploads\/2025\/06\/Iglesia-Parroquial-de-Santa-Maria-Cadavedo-Mundiplus-600x400.jpg 600w\" sizes=\"(max-width: 1024px) 100vw, 1024px\" \/><\/p>\n<p><span style=\"font-weight: 400;\">Ein Besuch in Cadavedo w\u00e4re nicht komplett ohne den l\u00e4ndlichen und kulturellen Charme zu erleben. Beim Spaziergang durch den Ort passiert der Pilger alte asturische Herrenh\u00e4user mit Holzgalerien (Balkonen), von denen einige \u00fcber hundert Jahre alt sind, und sieht auch <\/span><b>Indianerh\u00e4user<\/b><span style=\"font-weight: 400;\">.\u00a0<\/span><\/p>\n<p><span style=\"font-weight: 400;\">Diese sind herrschaftliche H\u00e4user, die <\/span><b>zu Beginn des 20. Jahrhunderts<\/b><span style=\"font-weight: 400;\"> von Asturiern erbaut wurden, die nach Amerika ausgewandert und mit Verm\u00f6gen zur\u00fcckgekehrt sind, und die ihren H\u00e4usern einen kolonialen architektonischen Stil verliehen haben. Sie fallen meist durch gro\u00dfz\u00fcgige G\u00e4rten, auff\u00e4llige Farben oder ungew\u00f6hnliche Dekorationen auf, die in der traditionellen lokalen Architektur selten sind.\u00a0<\/span><\/p>\n<p><span style=\"font-weight: 400;\">Was das Bild von Cadavedo aber am meisten pr\u00e4gt, sind die bereits erw\u00e4hnten <\/span><b>H\u00f3rreos<\/b><span style=\"font-weight: 400;\">. Mit 95 H\u00f3rreos und Paneras, die \u00fcber die Gemeinde verstreut sind, ist das Dorf praktisch ein Freilichtmuseum dieser l\u00e4ndlichen Bauwerke. So viele auf so engem Raum zeugen vom landwirtschaftlichen Reichtum der Region. Viele sind mit traditionellen Schnitzereien verziert.\u00a0<\/span><\/p>\n<p><span style=\"font-weight: 400;\">Daneben werden auch <\/span><b>alte \u00f6ffentliche Wasser-M\u00fchlen und Waschh\u00e4user aus Stein<\/b><span style=\"font-weight: 400;\"> erhalten, die fr\u00fcher als Treffpunkte der Dorfbewohner dienten.<\/span><\/p>\n<p><span style=\"font-weight: 400;\">Was die religi\u00f6se Architektur betrifft, so verf\u00fcgt der Ort neben der Ermita de la Regalina auch \u00fcber die <\/span><b>Pfarrkirche Santa Mar\u00eda<\/b><span style=\"font-weight: 400;\">. Es handelt sich um einen einfachen Bau, der im 20. Jahrhundert auf \u00e4lteren Fundamenten wiederaufgebaut wurde, und wo Pilger und Bewohner an Gottesdiensten teilnehmen k\u00f6nnen. Auch wenn ihr k\u00fcnstlerischer Wert im Vergleich zur Kapelle auf der Klippe bescheiden ist, spiegelt sie doch die allt\u00e4gliche Fr\u00f6mmigkeit der Gemeinde wider.<\/span><\/p>\n<p>&nbsp;<\/p>\n<h2><b>Traditionen in Cadavedo: Das Fest der La Regalina<\/b><\/h2>\n<p><span style=\"font-weight: 400;\">Pilger, die <\/span><b>endg\u00fcltig Ende August<\/b><span style=\"font-weight: 400;\"> durch Cadavedo kommen, haben das Gl\u00fcck, auf eine der wichtigsten Traditionen zu sto\u00dfen: das <\/span><b>Fest der Jungfrau von La Regalina<\/b><span style=\"font-weight: 400;\">.\u00a0<\/span><\/p>\n<p><span style=\"font-weight: 400;\">Es findet jedes Jahr am <\/span><i><span style=\"font-weight: 400;\">letzten Sonntag im August<\/span><\/i><span style=\"font-weight: 400;\"> auf dem Campo de La Garita, neben der Kapelle, statt und wurde aufgrund seiner Einzigartigkeit und Verwurzelung zum <\/span><b>Regionalen Touristischen Fest<\/b><span style=\"font-weight: 400;\"> erkl\u00e4rt. Dieses Fest, das <\/span><b>1931<\/b><span style=\"font-weight: 400;\"> vom Padre Galo ins Leben gerufen wurde, verbindet religi\u00f6se und asturische folkloristische Elemente auf einzigartige Weise.<\/span><\/p>\n<p><span style=\"font-weight: 400;\">Schon fr\u00fch am Morgen erf\u00fcllt festliche Stimmung Cadavedo. Ein Umzug mit geschm\u00fcckten Festwagen zieht durch das Dorf, bringt Blumengaben und <\/span><b>Ramus de Alfiladas<\/b><span style=\"font-weight: 400;\">, s\u00fc\u00dfe Brote, die mit Schmalz, Anis und N\u00fcssen zubereitet werden und sp\u00e4ter unter den Anwesenden versteigert werden.\u00a0<\/span><\/p>\n<p><span style=\"font-weight: 400;\">Hunderte Einwohner (gesch\u00e4tzt etwa 700 Teilnehmer) tragen traditionelle asturische Trachten, begleitet von Dudelsackgruppen, die mit einheimischer Musik f\u00fcr Stimmung sorgen.\u00a0<\/span><\/p>\n<p>\\<span style=\"font -weight: 400;\">Nach der Festrede und der feierlichen Messe zu Ehren der Jungfrau von Ri\u00e9gala findet eine Prozession statt, bei der die Statue der Jungfrau rund um die Klippen getragen wird \u2013 eine wirklich bewegende Atmosph\u00e4re.\u00a0<\/span><\/p>\n<p>&nbsp;<\/p>\n<h2><b>Asturische Gastronomie f\u00fcr Pilger<\/b><\/h2>\n<p><span style=\"font-weight: 400;\">Die M\u00fchen der Pilgerreise werden stets begleitet vom Genuss der lokalen K\u00fcche auf jeder Etappe. In Cadavedo und generell in Asturien findet der Pilger zahlreiche herzhafte und schmackhafte Gerichte, um neue Kraft zu sch\u00f6pfen. Die asturische K\u00fcche ist ber\u00fchmt f\u00fcr ihre Deftigkeit und Qualit\u00e4t, und hier, am Meer, verbindet sie das Beste von Land und Meer.\u00a0<\/span><\/p>\n<p><span style=\"font-weight: 400;\">Ein unverzichtbarer Klassiker ist die <\/span><b>Fabada Asturiana<\/b><span style=\"font-weight: 400;\">, ein Eintopf aus wei\u00dfen Bohnen mit verschiedenen Wurstwaren, der jeden w\u00e4rmt. Hier gibt es sogar eine maritime Variante, die <\/span><i><span style=\"font-weight: 400;\">Fabada mit Venusmuscheln (und manchmal mit K\u00f6nigskrabben)<\/span><\/i><span style=\"font-weight: 400;\">, die Meeresprodukte mit Bergtradition verbindet und ein sehr leckeres, typisches Gericht der Region ergibt.\u00a0<\/span><\/p>\n<p><span style=\"font-weight: 400;\">Au\u00dferdem sollte man unbedingt K\u00e4se aus Cabrales<\/span><b> oder andere asturische K\u00e4sesorten<\/b><span style=\"font-weight: 400;\"> probieren, da Asturien eine Region mit traditioneller K\u00e4seherstellung ist. Zum Beispiel ein gef\u00fcllter Cachopo mit lokalem K\u00e4se oder Tapas mit Cabrales zum Sidra sind der perfekte Lohn nach der Wanderung.<\/span><\/p>\n<p><span style=\"font-weight: 400;\">Apropos <\/span><b>Sidra<\/b><span style=\"font-weight: 400;\">, das asturische Nationalgetr\u00e4nk, das man hier wie \u00fcberall in Asturien genie\u00dfen kann. Die nat\u00fcrliche asturische Sidra wird mit dem charakteristischen Einschenken serviert und ist erfrischend; sie passt wunderbar zu Meeresfr\u00fcchten oder der klassischen <\/span><i><span style=\"font-weight: 400;\">Empanada<\/span><\/i><span style=\"font-weight: 400;\">.\u00a0<\/span><\/p>\n<p><span style=\"font-weight: 400;\">In den Bars des Ortes gibt es mit Sicherheit auch frischen Fisch aus dem Kantabrischen Meer \u2013 wie Seehecht oder Seeteufel \u2013 und Meeresfr\u00fcchte in der Saison, was dem maritimen Charakter der Region entspricht. Gerichte wie die <\/span><b>Caldereta de pescado<\/b><span style=\"font-weight: 400;\">, <\/span><b>Pulpo a la gallega<\/b><span style=\"font-weight: 400;\"> (Galicien ist nah und teilt diese Tradition) oder sogar einfache Sandwiches mit hausgemachtem Chorizo runden das Angebot ab.\u00a0<\/span><\/p>\n","protected":false},"excerpt":{"rendered":"<p>Cadavedo ist ein malerisches K\u00fcstendorf im Westen von Asturien, direkt auf der Route des Camino de Santiago del Norte. Es liegt ungef\u00e4hr auf halbem Weg zwischen Luarca und Cudillero. Trotz seiner Gr\u00f6\u00dfe besitzt es einen besonderen Charme, der ihm im Jahr 2022 den Titel \u201eVorbildliches Dorf Asturiens\u201c einbrachte. Diese Auszeichnung wird von der Stiftung Prinzessin [&hellip;]<\/p>\n","protected":false},"author":1,"featured_media":120943,"comment_status":"open","ping_status":"open","sticky":false,"template":"","format":"standard","meta":{"footnotes":""},"categories":[572,600,576],"tags":[],"class_list":["post-120972","post","type-post","status-publish","format-standard","has-post-thumbnail","hentry","category-blog-des-weges","category-villages-et-regions-de","category-zu-fus-gehen"],"_links":{"self":[{"href":"https:\/\/www.mundiplus.com\/de\/wp-json\/wp\/v2\/posts\/120972","targetHints":{"allow":["GET"]}}],"collection":[{"href":"https:\/\/www.mundiplus.com\/de\/wp-json\/wp\/v2\/posts"}],"about":[{"href":"https:\/\/www.mundiplus.com\/de\/wp-json\/wp\/v2\/types\/post"}],"author":[{"embeddable":true,"href":"https:\/\/www.mundiplus.com\/de\/wp-json\/wp\/v2\/users\/1"}],"replies":[{"embeddable":true,"href":"https:\/\/www.mundiplus.com\/de\/wp-json\/wp\/v2\/comments?post=120972"}],"version-history":[{"count":2,"href":"https:\/\/www.mundiplus.com\/de\/wp-json\/wp\/v2\/posts\/120972\/revisions"}],"predecessor-version":[{"id":121006,"href":"https:\/\/www.mundiplus.com\/de\/wp-json\/wp\/v2\/posts\/120972\/revisions\/121006"}],"wp:featuredmedia":[{"embeddable":true,"href":"https:\/\/www.mundiplus.com\/de\/wp-json\/wp\/v2\/media\/120943"}],"wp:attachment":[{"href":"https:\/\/www.mundiplus.com\/de\/wp-json\/wp\/v2\/media?parent=120972"}],"wp:term":[{"taxonomy":"category","embeddable":true,"href":"https:\/\/www.mundiplus.com\/de\/wp-json\/wp\/v2\/categories?post=120972"},{"taxonomy":"post_tag","embeddable":true,"href":"https:\/\/www.mundiplus.com\/de\/wp-json\/wp\/v2\/tags?post=120972"}],"curies":[{"name":"wp","href":"https:\/\/api.w.org\/{rel}","templated":true}]}}