{"id":122057,"date":"2025-07-16T16:58:04","date_gmt":"2025-07-16T16:58:04","guid":{"rendered":"https:\/\/www.mundiplus.com\/?p=122057"},"modified":"2025-07-16T16:59:11","modified_gmt":"2025-07-16T16:59:11","slug":"das-post-camino-syndrom-bewaeltigung-der-heimkehr","status":"publish","type":"post","link":"https:\/\/www.mundiplus.com\/de\/post-walk-syndrom-wie-man-damit-umgeht\/","title":{"rendered":"Das Post-Camino-Syndrom: Bew\u00e4ltigung der Heimkehr"},"content":{"rendered":"<p>&nbsp;<\/p>\n<p><span style=\"font-weight: 400;\"><img fetchpriority=\"high\" decoding=\"async\" class=\"alignnone wp-image-118987 size-full\" src=\"https:\/\/www.mundiplus.com\/wp-content\/uploads\/2025\/04\/Blog-Mundiplus.png\" alt=\"\" width=\"1023\" height=\"539\" srcset=\"https:\/\/www.mundiplus.com\/wp-content\/uploads\/2025\/04\/Blog-Mundiplus.png 1023w, https:\/\/www.mundiplus.com\/wp-content\/uploads\/2025\/04\/Blog-Mundiplus-300x158.png 300w, https:\/\/www.mundiplus.com\/wp-content\/uploads\/2025\/04\/Blog-Mundiplus-768x405.png 768w, https:\/\/www.mundiplus.com\/wp-content\/uploads\/2025\/04\/Blog-Mundiplus-600x316.png 600w\" sizes=\"(max-width: 1023px) 100vw, 1023px\" \/>Wer den Jakobsweg gegangen ist, wei\u00df, dass es nicht einfach ein langer Spaziergang ist. Es ist eine Erfahrung, die <\/span><b>ver\u00e4ndert, vereint und weckt<\/b><span style=\"font-weight: 400;\">. Deshalb kann der Moment der R\u00fcckkehr nach Hause, wenn alles vorbei ist und man wieder in die Routine zur\u00fcckkehren muss, eine Mischung aus <\/span><b>Melancholie, Traurigkeit<\/b><span style=\"font-weight: 400;\"> und sogar <\/span><b>Desorientierung<\/b><span style=\"font-weight: 400;\"> hervorrufen. Dies wird als <\/span><b>Post-Weg-Syndrom<\/b><span style=\"font-weight: 400;\"> bezeichnet, ein reales Ph\u00e4nomen, das immer mehr Pilger erkennen und das es zu verstehen gilt.<\/span><\/p>\n<p><span style=\"font-weight: 400;\">Bei <\/span><b>Mundiplus<\/b><span style=\"font-weight: 400;\">, deiner spezialisierten Agentur f\u00fcr <\/span><a href=\"https:\/\/www.mundiplus.com\/de\/\"><b>Jakobsweg Reisen<\/b><\/a> <span style=\"font-weight: 400;\">m\u00f6chten wir dir erkl\u00e4ren, warum du Sehnsucht nach den erlebten Tagen versp\u00fcren kannst und dir Tipps geben, wie du die R\u00fcckkehr in die Routine bew\u00e4ltigen kannst.<\/span><\/p>\n<p>&nbsp;<\/p>\n<h2><b>Was ist das Post-Weg-Syndrom?<\/b><\/h2>\n<p><img decoding=\"async\" class=\"alignnone wp-image-122034 size-full\" src=\"https:\/\/www.mundiplus.com\/wp-content\/uploads\/2025\/07\/El-sindrome-post-Camino-Mundiplus.jpg\" alt=\"\" width=\"1024\" height=\"768\" srcset=\"https:\/\/www.mundiplus.com\/wp-content\/uploads\/2025\/07\/El-sindrome-post-Camino-Mundiplus.jpg 1024w, https:\/\/www.mundiplus.com\/wp-content\/uploads\/2025\/07\/El-sindrome-post-Camino-Mundiplus-300x225.jpg 300w, https:\/\/www.mundiplus.com\/wp-content\/uploads\/2025\/07\/El-sindrome-post-Camino-Mundiplus-768x576.jpg 768w, https:\/\/www.mundiplus.com\/wp-content\/uploads\/2025\/07\/El-sindrome-post-Camino-Mundiplus-600x450.jpg 600w\" sizes=\"(max-width: 1024px) 100vw, 1024px\" \/><\/p>\n<p><span style=\"font-weight: 400;\">Das \u201ePost-Weg-Syndrom\u201c <\/span><b>ist keine offizielle medizinische Diagnose<\/b><span style=\"font-weight: 400;\">, aber ein psychologisches und emotionales Ph\u00e4nomen, das in Pilgerforen, Reiseb\u00fcchern und Gespr\u00e4chen unter denen, die diese Erfahrung gemacht haben, weit beschrieben wird. Es handelt sich um einen <\/span><b>emotionalen Anpassungsprozess<\/b><span style=\"font-weight: 400;\">, eine Art Lebens-\u201eKater\u201c, der nach einer so intensiven Erfahrung auftritt.<\/span><\/p>\n<p>&nbsp;<\/p>\n<h3><b>H\u00e4ufige Symptome<\/b><\/h3>\n<p><span style=\"font-weight: 400;\">Es ist nicht ungew\u00f6hnlich, dass der Pilger in den Tagen (und sogar Wochen) nach der R\u00fcckkehr folgende Symptome versp\u00fcrt:<\/span><\/p>\n<ul>\n<li style=\"font-weight: 400;\" aria-level=\"1\"><b>Apathie oder Motivationsverlust<\/b><span style=\"font-weight: 400;\">. Nach einem so klaren Ziel wie dem Erreichen von Santiago f\u00fchlen sich viele Menschen desorientiert, wenn sie zu einer Routine ohne denselben Lebenssinn zur\u00fcckkehren.<\/span><\/li>\n<\/ul>\n<p>&nbsp;<\/p>\n<ul>\n<li style=\"font-weight: 400;\" aria-level=\"1\"><b>Fehlende Verbindung zum famili\u00e4ren oder beruflichen Umfeld<\/b><span style=\"font-weight: 400;\">. Die innere Ver\u00e4nderung, die w\u00e4hrend der Pilgerreise stattfindet, kann mit der Tr\u00e4gheit des Alltags kollidieren, was dazu f\u00fchrt, dass der Pilger sich fehl am Platz oder missverstanden f\u00fchlt.<\/span><\/li>\n<\/ul>\n<p>&nbsp;<\/p>\n<ul>\n<li style=\"font-weight: 400;\" aria-level=\"1\"><b>Melancholie ohne ersichtlichen Grund<\/b><span style=\"font-weight: 400;\">.<\/span> <span style=\"font-weight: 400;\">Es ist normal, dass der K\u00f6rper zu Hause ist, aber der Geist und das Herz noch auf den Wegen sind. Diese Sehnsucht \u00e4u\u00dfert sich in einer schwer erkl\u00e4rbaren Traurigkeit.<\/span><\/li>\n<\/ul>\n<p>&nbsp;<\/p>\n<ul>\n<li style=\"font-weight: 400;\" aria-level=\"1\"><b>St\u00e4ndiger Wunsch, wieder zu gehen<\/b><span style=\"font-weight: 400;\">. Der Akt des Gehens wird zu einer Form der aktiven Meditation. Wenn diese t\u00e4gliche Gewohnheit verloren geht, empfinden viele ein k\u00f6rperliches und emotionales Vakuum.<\/span><\/li>\n<\/ul>\n<p>&nbsp;<\/p>\n<ul>\n<li style=\"font-weight: 400;\" aria-level=\"1\"><b>Der Eindruck, dass sich in der Umgebung nichts ver\u00e4ndert hat, w\u00e4hrend er oder sie nicht mehr dieselbe Person ist<\/b><span style=\"font-weight: 400;\">.<\/span> <span style=\"font-weight: 400;\">Die Erfahrung ver\u00e4ndert einen, aber wenn man zur\u00fcckkommt, scheint alles da zu sein, wo man es verlassen hat. Diese Entfremdung f\u00fchrt zu Frustration und dem Gef\u00fchl, nicht mehr genauso zu passen.<\/span><\/li>\n<\/ul>\n<p>&nbsp;<\/p>\n<p><span style=\"font-weight: 400;\">Der Jakobsweg ist nicht nur physisch. Jeder Schritt, jedes Gespr\u00e4ch, jede Stille unter Regen oder Sonne hinterl\u00e4sst Spuren. Allein das Leben mit dem N\u00f6tigsten, ohne Eile, in Verbindung mit der Natur und mit Menschen aus aller Welt, erschafft eine parallele Realit\u00e4t. Diese kann nach dem Ende <\/span><b>realer erscheinen als das allt\u00e4gliche Leben<\/b><span style=\"font-weight: 400;\">.<\/span><\/p>\n<p>&nbsp;<\/p>\n<h2><b>Warum betrifft uns die R\u00fcckkehr nach Hause so sehr?<\/b><\/h2>\n<p><img decoding=\"async\" class=\"alignnone wp-image-122040 size-full\" src=\"https:\/\/www.mundiplus.com\/wp-content\/uploads\/2025\/07\/El-sindrome-post-Camino-como-afrontar-el-regreso-a-casa-Mundiplus.jpg\" alt=\"\" width=\"1000\" height=\"683\" srcset=\"https:\/\/www.mundiplus.com\/wp-content\/uploads\/2025\/07\/El-sindrome-post-Camino-como-afrontar-el-regreso-a-casa-Mundiplus.jpg 1000w, https:\/\/www.mundiplus.com\/wp-content\/uploads\/2025\/07\/El-sindrome-post-Camino-como-afrontar-el-regreso-a-casa-Mundiplus-300x205.jpg 300w, https:\/\/www.mundiplus.com\/wp-content\/uploads\/2025\/07\/El-sindrome-post-Camino-como-afrontar-el-regreso-a-casa-Mundiplus-768x525.jpg 768w, https:\/\/www.mundiplus.com\/wp-content\/uploads\/2025\/07\/El-sindrome-post-Camino-como-afrontar-el-regreso-a-casa-Mundiplus-600x410.jpg 600w\" sizes=\"(max-width: 1000px) 100vw, 1000px\" \/><\/p>\n<p><span style=\"font-weight: 400;\">W\u00e4hrend der Pilgerreise wird eine Sinnblase erschaffen. Man geht mit einem klaren Ziel, lebt mit dem Wesentlichen und jeder Tag ist voller Symbolik. Bei der R\u00fcckkehr verwischt diese Klarheit durch die t\u00e4glichen Verpflichtungen.<\/span><\/p>\n<p>&nbsp;<\/p>\n<h3><b>Die Entfremdung vom allt\u00e4glichen Rhythmus<\/b><\/h3>\n<p><span style=\"font-weight: 400;\">Die t\u00e4gliche Routine \u2014 Arbeit, Zeitpl\u00e4ne, Nachrichten, Verkehr \u2014 kann <\/span><b>nach der Erfahrung der Einfachheit des Jakobswegs als \u00fcberw\u00e4ltigend oder oberfl\u00e4chlich empfunden werden<\/b><span style=\"font-weight: 400;\">. Man wechselt in wenigen Stunden vom \u201ePr\u00e4senzmodus\u201c in den \u201eAutomatikmodus\u201c, und das bringt einen aus dem Gleichgewicht.<\/span><\/p>\n<p>&nbsp;<\/p>\n<h3><b>Der symbolische Wert der Pilgerreise<\/b><\/h3>\n<p><span style=\"font-weight: 400;\">Viele Pilger beginnen ihre Reise aus pers\u00f6nlichen Gr\u00fcnden: einen Verlust \u00fcberwinden, Antworten suchen, eine neue Lebensphase feiern. Am Ende f\u00fchlt es sich oft an, als sei ein Zyklus abgeschlossen\u2026 aber bei der R\u00fcckkehr kann dieser Sinn verblassen, was <\/span><b>ein Gef\u00fchl des Verlustes oder der Unvollst\u00e4ndigkeit<\/b><span style=\"font-weight: 400;\"> ausl\u00f6st.<\/span><\/p>\n<p>&nbsp;<\/p>\n<h2><b>Routen des Jakobswegs: unterschiedliche Erlebnisse, unterschiedliche R\u00fcckkehrerlebnisse<\/b><\/h2>\n<p><span style=\"font-weight: 400;\">Nicht alle Routen sind gleich. Die Routen beeinflussen direkt die innere Erfahrung und auch, wie man die R\u00fcckkehr angeht. Einige sind introspektiver, andere geselliger; einige sind k\u00f6rperlich anspruchsvoller, andere sanfter. Die Logistik, die Umgebung und die Art der Pilger, die man trifft, machen ebenfalls einen Unterschied.<\/span><\/p>\n<p>&nbsp;<\/p>\n<h3><b>Franz\u00f6sischer Jakobsweg<\/b><\/h3>\n<p><span style=\"font-weight: 400;\">Es ist die beliebteste und am meisten frequentierte Route, ideal f\u00fcr diejenigen, die <\/span><b>die Gemeinschaft mit anderen Pilgern sch\u00e4tzen<\/b><span style=\"font-weight: 400;\">. Sie bietet eine reiche Erfahrung mit Begegnungen, Gastfreundschaft, Tradition und einer Vielzahl von Landschaften. Jeder Tag bringt eine Mischung aus k\u00f6rperlicher Anstrengung, kulturellem Reichtum und menschlicher W\u00e4rme.<\/span><\/p>\n<p><span style=\"font-weight: 400;\">Logistisch gesehen ist es die zug\u00e4nglichste: Die R\u00fcckkehr von Santiago ist einfach aufgrund der <\/span><b>guten Verkehrsanbindung<\/b><span style=\"font-weight: 400;\">. Viele sagen, dass die gr\u00f6\u00dfte emotionale Schwierigkeit nach dieser Route nicht im Gehen liegt\u2026 sondern im Anhalten und Abschiednehmen von all den Verbindungen, die t\u00e4glich geschaffen wurden.<\/span><\/p>\n<p>&nbsp;<\/p>\n<h3><b>Portugiesischer Jakobsweg<\/b><\/h3>\n<p><span style=\"font-weight: 400;\">Diese Route kombiniert spirituelle Tradition mit l\u00e4ndlichen und st\u00e4dtischen Landschaften. Von Porto oder Tui aus ist diese Option perfekt f\u00fcr diejenigen, die ein Gleichgewicht zwischen <\/span><b>Gesellschaft, Natur und Kultur<\/b><span style=\"font-weight: 400;\"> suchen. Sie ist etwas weniger \u00fcberlaufen, bietet aber trotzdem M\u00f6glichkeiten, mit anderen Pilgern in Kontakt zu treten. Zudem sind die Etappen in der Regel f\u00fcr alle Niveaus zug\u00e4nglich.<\/span><\/p>\n<p><span style=\"font-weight: 400;\">Logistisch ist sie komfortabel: Sie verf\u00fcgt \u00fcber gute Infrastruktur, besonders im zentralen Abschnitt. Die R\u00fcckkehr nach Hause kann <\/span><b>vorherige Transfers erfordern, wenn man nicht von einer gro\u00dfen Stadt aus startet<\/b><span style=\"font-weight: 400;\">, aber sie ist gut zu handhaben. Es handelt sich um eine Route mit eigener Identit\u00e4t und einem ruhigen Rhythmus.<\/span><\/p>\n<p>&nbsp;<\/p>\n<h3><b>Portugiesischer Jakobsweg an der K\u00fcste<\/b><\/h3>\n<p><span style=\"font-weight: 400;\">Eine der beliebtesten Routen in den letzten Jahren ist der <\/span><b>Portugiesische Jakobsweg an der K\u00fcste<\/b><span style=\"font-weight: 400;\">. Es ist eine ideale Option f\u00fcr diejenigen, die ein Gleichgewicht zwischen Meer, Kultur und zug\u00e4nglichem Wandern suchen. Diese Variante bewahrt den traditionellen Charme und f\u00fcgt den Reiz der Atlantikk\u00fcste hinzu.<\/span><\/p>\n<p><span style=\"font-weight: 400;\">Wenn du diese Route in Betracht ziehst, kannst du hier die Details des <\/span><a href=\"https:\/\/www.mundiplus.com\/de\/caminos\/der-weg-von-porto-nach-a-guarda\/\"><b>Camino de Santiago Portugu\u00e9s von Porto nach A Guarda<\/b><\/a><span style=\"font-weight: 400;\"> und des <\/span><a href=\"https:\/\/www.mundiplus.com\/de\/caminos\/a-pie\/camino-portugues-costa\/camino-de-santiago-desde-a-guarda\/\"><b>Camino von A Guarda nach Santiago de Compostela<\/b><\/a><span style=\"font-weight: 400;\"> einsehen.<\/span><\/p>\n<p>&nbsp;<\/p>\n<h3><b>Camino del Norte<\/b><\/h3>\n<p><span style=\"font-weight: 400;\">Ideal f\u00fcr diejenigen, die nach <\/span><b>Introspektion und nat\u00fcrlicher Sch\u00f6nheit<\/b><span style=\"font-weight: 400;\"> suchen. Diese K\u00fcstenroute verl\u00e4uft entlang der Kantabrischen K\u00fcste, durch malerische Fischerd\u00f6rfer, Klippen und gr\u00fcne H\u00fcgel. Sie ist k\u00f6rperlich anspruchsvoll aufgrund der st\u00e4ndigen H\u00f6henunterschiede, bietet jedoch im Gegenzug spektakul\u00e4re Landschaften und eine ruhigere Atmosph\u00e4re als andere Routen. Sie ist perfekt f\u00fcr diejenigen, die im Einklang mit dem Meer und mit sich selbst gehen m\u00f6chten.<\/span><\/p>\n<p><span style=\"font-weight: 400;\">Die R\u00fcckkehr von Santiago kann mehr Umstiege erfordern, wenn der Ausgangspunkt eine kleine Stadt war, aber die Verbindungen mit dem Zug oder Bus machen es einfach.<\/span><\/p>\n<p><span style=\"font-weight: 400;\">F\u00fcr diejenigen, die sich vom Meer angezogen f\u00fchlen und eine intimere Erfahrung suchen, ist die Strecke zwischen <\/span><b>Santander und Gij\u00f3n<\/b><span style=\"font-weight: 400;\"> eine bezaubernde Option. Auf dieser Route kombiniert die K\u00fcstenlandschaft mit der Ruhe jede Etappe zu einer Gelegenheit, vom L\u00e4rm abzuschalten und sich mit sich selbst zu verbinden.<\/span><\/p>\n<p><span style=\"font-weight: 400;\">Wenn dich diese Alternative interessiert, kannst du die Details des <\/span><a href=\"https:\/\/www.mundiplus.com\/de\/caminos\/a-pie\/camino-norte\/camino-de-santiago-desde-santander\/\"><b>Camino de Santiago von Santander nach Gij\u00f3n<\/b><\/a><span style=\"font-weight: 400;\"> entdecken und dich von ihrem kontemplativen Charakter inspirieren lassen.<\/span><\/p>\n<p>&nbsp;<\/p>\n<h3><b>Camino Primitivo<\/b><\/h3>\n<p><span style=\"font-weight: 400;\">Als die k\u00f6rperlich anspruchsvollste Route gilt der <\/span><b>Camino Primitivo<\/b><span style=\"font-weight: 400;\">, der durch bergige Landschaften zwischen Asturien und Galicien f\u00fchrt. Sie ist ideal f\u00fcr erfahrene Pilger oder f\u00fcr diejenigen, die eine tiefere Verbindung zur Natur und Geschichte suchen. Die H\u00e4rte des Gel\u00e4ndes wird durch die Einsamkeit, die Stille und die Authentizit\u00e4t der Route ausgeglichen. Die Etappen erfordern Vorbereitung, aber <\/span><b>die emotionale Belohnung ist intensiv<\/b><span style=\"font-weight: 400;\">.<\/span><\/p>\n<p><span style=\"font-weight: 400;\">Es gibt weniger Dienstleistungen als bei anderen Routen, aber ausreichend, um sicher voranzukommen. Wenn du zum Ausgangspunkt in Oviedo zur\u00fcckkehren m\u00f6chtest, m\u00fcssen mehrere Strecken mit dem Zug oder Bus zur\u00fcckgelegt werden.<\/span><\/p>\n<p>&nbsp;<\/p>\n<h3><b>Camino Ingl\u00e9s<\/b><\/h3>\n<p><span style=\"font-weight: 400;\">Eine kurze, aber intensive Route, die in weniger als einer Woche absolviert werden kann. Sie ist ideal f\u00fcr diejenigen, die wenig Zeit haben oder einen ersten Kontakt mit dem Geist des Caminos suchen. Trotz ihrer K\u00fcrze bietet sie eine authentische Erfahrung: ruhige D\u00f6rfer, gr\u00fcne Wiesen, galicische Gastfreundschaft und weniger Pilger. Sie ist eine nachdenkliche und freundliche Option.<\/span><\/p>\n<p><span style=\"font-weight: 400;\">Logistisch ist sie einfach: <\/span><b>Ferrol und A Coru\u00f1a sind gut verbunden<\/b><span style=\"font-weight: 400;\">. Viele w\u00e4hlen sie auch als Erg\u00e4nzung zu einer zuvor durchgef\u00fchrten l\u00e4ngeren Route.<\/span><\/p>\n<p>&nbsp;<\/p>\n<h3><b>Camino a Finisterre und Mux\u00eda<\/b><\/h3>\n<p><span style=\"font-weight: 400;\">Diese Verl\u00e4ngerung zum \u201eEnde der Welt\u201c ist eine magische und symbolische Erfahrung. Viele Pilger entscheiden sich, bis nach Finisterre oder Mux\u00eda weiterzugehen, auf der Suche nach einem <\/span><b>pers\u00f6nlicheren und kontemplativeren Abschluss<\/b><span style=\"font-weight: 400;\">. Die Route ist ruhig, voller maritimer und l\u00e4ndlicher Landschaften und erlaubt es, das Erlebte mit Ruhe zu verarbeiten. Es ist \u00fcblich, in Einsamkeit oder in kleinen Gruppen zu gehen.<\/span><\/p>\n<p>&nbsp;<\/p>\n<h2><b>Tipps zur Bew\u00e4ltigung des Post-Camino-Syndroms<\/b><\/h2>\n<p><img loading=\"lazy\" decoding=\"async\" class=\"alignnone wp-image-122046 size-full\" src=\"https:\/\/www.mundiplus.com\/wp-content\/uploads\/2025\/07\/Como-afrontar-el-regreso-a-casa-Mundiplus.jpg\" alt=\"\" width=\"1000\" height=\"667\" srcset=\"https:\/\/www.mundiplus.com\/wp-content\/uploads\/2025\/07\/Como-afrontar-el-regreso-a-casa-Mundiplus.jpg 1000w, https:\/\/www.mundiplus.com\/wp-content\/uploads\/2025\/07\/Como-afrontar-el-regreso-a-casa-Mundiplus-300x200.jpg 300w, https:\/\/www.mundiplus.com\/wp-content\/uploads\/2025\/07\/Como-afrontar-el-regreso-a-casa-Mundiplus-768x512.jpg 768w, https:\/\/www.mundiplus.com\/wp-content\/uploads\/2025\/07\/Como-afrontar-el-regreso-a-casa-Mundiplus-600x400.jpg 600w\" sizes=\"(max-width: 1000px) 100vw, 1000px\" \/><\/p>\n<p><span style=\"font-weight: 400;\">Obwohl es keine magischen Rezepte gibt, gibt es Strategien, die dir helfen k\u00f6nnen, die Erfahrung des Caminos in deinen Alltag zu integrieren.<\/span><\/p>\n<ul>\n<li aria-level=\"1\"><b>Gib dem Prozess Zeit<\/b><span style=\"font-weight: 400;\">. Versuche nicht, sofort \u201eein Kapitel abzuschlie\u00dfen\u201c. Die Erfahrung braucht Zeit, um sich zu setzen. Erlaube dir Tage der Ruhe, der Stille oder sogar das Vermissen des Abenteuers. Es ist normal, sich beim Zur\u00fcckkehren etwas fremd zu f\u00fchlen.<\/span><\/li>\n<\/ul>\n<ul>\n<li aria-level=\"1\"><b>Schaffe ein Abschlussritual<\/b><span style=\"font-weight: 400;\">. Einige Pilger schreiben einen Abschiedsbrief. Andere erstellen ein Fotobuch oder machen eine Gedenkmeditation. Das Ende der Reise mit einem symbolischen Akt zu versehen, kann dir helfen, die Emotionen zu kanalisieren.<\/span><\/li>\n<\/ul>\n<ul>\n<li aria-level=\"1\"><b>Verwandle die Nostalgie in Handlung<\/b><span style=\"font-weight: 400;\">. Wenn du das Gehen vermisst, plane kleine Wanderungen an den Wochenenden. Wenn du die Gespr\u00e4che vermisst, schlie\u00dfe dich einem Verein ehemaliger Pilger an oder nimm an Vortr\u00e4gen teil. Es gibt viele M\u00f6glichkeiten, weiterhin zu \u201egehen\u201c, ohne das Haus zu verlassen.<\/span><\/li>\n<\/ul>\n<ul>\n<li aria-level=\"1\"><b>Integriere das Gelernte<\/b><span style=\"font-weight: 400;\">. Mache eine Liste der Lektionen, die du gelernt hast, und wie du sie in deinem Leben anwenden kannst: Geduld? Weniger Technologie? Mehr Stille? T\u00e4gliche Dankbarkeit? Der wahre Wert der Erfahrung liegt in ihrem transformierenden Erbe.<\/span><\/li>\n<\/ul>\n<p>&nbsp;<\/p>\n<h2><b>Den Camino wiederholen: Flucht oder Wiederbegegnung?<\/b><\/h2>\n<p><span style=\"font-weight: 400;\">Wieder zu gehen ist kein Zeichen von Flucht, sondern von <\/span><b>Wiederbegegnung<\/b><span style=\"font-weight: 400;\">. Viele Pilger wiederholen die Erfahrung jedes Jahr, um sich mit ihrem Wesenskern zu verbinden. Und jedes Mal ist es anders. Selbst diejenigen, die es k\u00f6rperlich nicht mehr tun k\u00f6nnen, finden M\u00f6glichkeiten, den \u201eGeist des Caminos\u201c in ihren Vierteln, Gemeinschaften oder in kleinen Projekten der Hilfe und Gastfreundschaft f\u00fcr andere Pilger zu leben.<\/span><\/p>\n<p>&nbsp;<\/p>\n<h2><b>Das wahre Ende des Camino<\/b><\/h2>\n<p><span style=\"font-weight: 400;\">Die Ankunft in Santiago ist nicht das Ende der Reise. Es ist nur ein \u00dcbergang. Der wahre Sinn beginnt, wenn du nach Hause zur\u00fcckkehrst und entscheiden musst, wie du weiterhin ohne den Rucksack, ohne die Muschel, ohne das Pilgerbuch\u2026 aber mit allem, was du erlebt hast, im Herzen weitergehst. Zu lernen, mit derselben Demut, Dankbarkeit und Achtsamkeit zu leben, mit der du durch das galicische Land oder die Wege des Nordens gingst, das ist die wahre Herausforderung.<\/span><\/p>\n<p><b>Und du? Hast du das Post-Camino-Syndrom erlebt? Was hast du getan, um es in deinen Alltag zu integrieren?<\/b><b><br \/>\n<\/b><span style=\"font-weight: 400;\">Egal, was deine Erfahrung ist, erinnere dich daran: Der Camino endet nicht. Er ver\u00e4ndert sich nur. Und wer einmal gegangen ist, tr\u00e4gt f\u00fcr immer das Echo seiner Schritte in sich.<\/span><\/p>\n","protected":false},"excerpt":{"rendered":"<p>&nbsp; Wer den Jakobsweg gegangen ist, wei\u00df, dass es nicht einfach ein langer Spaziergang ist. Es ist eine Erfahrung, die ver\u00e4ndert, vereint und weckt. Deshalb kann der Moment der R\u00fcckkehr nach Hause, wenn alles vorbei ist und man wieder in die Routine zur\u00fcckkehren muss, eine Mischung aus Melancholie, Traurigkeit und sogar Desorientierung hervorrufen. Dies wird [&hellip;]<\/p>\n","protected":false},"author":1,"featured_media":122037,"comment_status":"open","ping_status":"open","sticky":false,"template":"","format":"standard","meta":{"footnotes":""},"categories":[572,596,576],"tags":[],"class_list":["post-122057","post","type-post","status-publish","format-standard","has-post-thumbnail","hentry","category-blog-des-weges","category-vorbereitungen-fur-die-reise","category-zu-fus-gehen"],"_links":{"self":[{"href":"https:\/\/www.mundiplus.com\/de\/wp-json\/wp\/v2\/posts\/122057","targetHints":{"allow":["GET"]}}],"collection":[{"href":"https:\/\/www.mundiplus.com\/de\/wp-json\/wp\/v2\/posts"}],"about":[{"href":"https:\/\/www.mundiplus.com\/de\/wp-json\/wp\/v2\/types\/post"}],"author":[{"embeddable":true,"href":"https:\/\/www.mundiplus.com\/de\/wp-json\/wp\/v2\/users\/1"}],"replies":[{"embeddable":true,"href":"https:\/\/www.mundiplus.com\/de\/wp-json\/wp\/v2\/comments?post=122057"}],"version-history":[{"count":2,"href":"https:\/\/www.mundiplus.com\/de\/wp-json\/wp\/v2\/posts\/122057\/revisions"}],"predecessor-version":[{"id":122081,"href":"https:\/\/www.mundiplus.com\/de\/wp-json\/wp\/v2\/posts\/122057\/revisions\/122081"}],"wp:featuredmedia":[{"embeddable":true,"href":"https:\/\/www.mundiplus.com\/de\/wp-json\/wp\/v2\/media\/122037"}],"wp:attachment":[{"href":"https:\/\/www.mundiplus.com\/de\/wp-json\/wp\/v2\/media?parent=122057"}],"wp:term":[{"taxonomy":"category","embeddable":true,"href":"https:\/\/www.mundiplus.com\/de\/wp-json\/wp\/v2\/categories?post=122057"},{"taxonomy":"post_tag","embeddable":true,"href":"https:\/\/www.mundiplus.com\/de\/wp-json\/wp\/v2\/tags?post=122057"}],"curies":[{"name":"wp","href":"https:\/\/api.w.org\/{rel}","templated":true}]}}