{"id":126628,"date":"2026-02-20T10:10:44","date_gmt":"2026-02-20T10:10:44","guid":{"rendered":"https:\/\/www.mundiplus.com\/?p=126628"},"modified":"2026-02-20T10:11:56","modified_gmt":"2026-02-20T10:11:56","slug":"apfelwein-auf-dem-camino-del-norte-und-dem-camino-primitivo-eine-tradition-die-sie-sich-nicht-entgehen-lassen-sollten","status":"publish","type":"post","link":"https:\/\/www.mundiplus.com\/de\/apfelwein-auf-dem-camino-del-norte-und-primitivo\/","title":{"rendered":"Apfelwein auf dem Camino del Norte und dem Camino Primitivo: eine Tradition, die Sie sich nicht entgehen lassen sollten"},"content":{"rendered":"<p><img fetchpriority=\"high\" decoding=\"async\" class=\"alignnone wp-image-118987 size-full\" src=\"https:\/\/www.mundiplus.com\/wp-content\/uploads\/2025\/04\/Blog-Mundiplus.png\" alt=\"\" width=\"1023\" height=\"539\" srcset=\"https:\/\/www.mundiplus.com\/wp-content\/uploads\/2025\/04\/Blog-Mundiplus.png 1023w, https:\/\/www.mundiplus.com\/wp-content\/uploads\/2025\/04\/Blog-Mundiplus-300x158.png 300w, https:\/\/www.mundiplus.com\/wp-content\/uploads\/2025\/04\/Blog-Mundiplus-768x405.png 768w, https:\/\/www.mundiplus.com\/wp-content\/uploads\/2025\/04\/Blog-Mundiplus-600x316.png 600w\" sizes=\"(max-width: 1023px) 100vw, 1023px\" \/><\/p>\n<p>Es gibt Geschm\u00e4cker, die f\u00fcr immer mit einer Route verbunden bleiben. Auf dem <a href=\"https:\/\/www.mundiplus.com\/de\/caminos\/a-pie\/camino-norte\/\"><b>Camino del Norte<\/b><\/a> und dem <a href=\"https:\/\/www.mundiplus.com\/de\/caminos\/a-pie\/camino-primitivo\/\"><b>Camino Primitivo<\/b><\/a> kommt dieser Geschmack meist mit nat\u00fcrlichen Perlen, Apfelaroma und einer Geste, die einfach wirkt \u2013 bis man sie selbst ausprobiert: <b>das Einschenken (Escanciado)<\/b>. Ich spreche nat\u00fcrlich von <b>dem asturischen Apfelwein (Sidra)<\/b>, der in Asturien nicht \u201enur ein Getr\u00e4nk\u201c, sondern eine Art ist, Tischkultur, Gespr\u00e4ch und Gastfreundschaft zu verstehen.<\/p>\n<p>Wenn du Etappen entlang der Kantabrischen K\u00fcste und durch das asturische Hinterland planst, halte (und bewahre dir einen klaren Kopf) etwas Raum f\u00fcr diese Kultur. Denn 2024 erkannte die UNESCO die <b>asturische Apfelweinkultur<\/b> als <b>Immaterielles Kulturerbe der Menschheit<\/b> an und w\u00fcrdigte damit nicht nur das Produkt, sondern auch seine Orte, Rituale und sozialen Traditionen.<\/p>\n<p>In diesem Leitfaden zur <a href=\"https:\/\/www.mundiplus.com\/de\/\"><b>Gastronomie auf dem Jakobsweg<\/b><\/a> erf\u00e4hrst du <b>wie eng die Sidra mit dem Camino verbunden ist<\/b>, welche Traditionen du als Pilger erleben kannst und wann die beste Zeit ist, sie zu genie\u00dfen. Wir erkl\u00e4ren dir au\u00dferdem, wie du eine Sidrer\u00eda betrittst, ohne dich \u201efehl am Platz\u201c zu f\u00fchlen.<\/p>\n<p>&nbsp;<\/p>\n<h2><b>Sidra und Camino: Warum sie so gut zusammenpassen<\/b><\/h2>\n<p><img decoding=\"async\" class=\"alignnone wp-image-126610 size-full\" src=\"https:\/\/www.mundiplus.com\/wp-content\/uploads\/2026\/02\/La-sidra-en-el-Camino-del-Norte-y-Primitivo-Mundiplus.jpg\" alt=\"\" width=\"1025\" height=\"572\" srcset=\"https:\/\/www.mundiplus.com\/wp-content\/uploads\/2026\/02\/La-sidra-en-el-Camino-del-Norte-y-Primitivo-Mundiplus.jpg 1025w, https:\/\/www.mundiplus.com\/wp-content\/uploads\/2026\/02\/La-sidra-en-el-Camino-del-Norte-y-Primitivo-Mundiplus-300x167.jpg 300w, https:\/\/www.mundiplus.com\/wp-content\/uploads\/2026\/02\/La-sidra-en-el-Camino-del-Norte-y-Primitivo-Mundiplus-768x429.jpg 768w, https:\/\/www.mundiplus.com\/wp-content\/uploads\/2026\/02\/La-sidra-en-el-Camino-del-Norte-y-Primitivo-Mundiplus-600x335.jpg 600w\" sizes=\"(max-width: 1025px) 100vw, 1025px\" \/><\/p>\n<p>Der Camino hat etwas Rituelles: den Pilgerausweis stempeln, den Rucksack richten, den Tisch teilen, nach der n\u00e4chsten Herberge fragen\u2026 Die Sidra auch. In Asturien bedeutet sie meist <b>Zeit, Gespr\u00e4ch und Gemeinschaft<\/b>. Pilger begegnen ihr h\u00e4ufig zu ganz bestimmten Momenten des Tages: am Ende der Etappe, beim Men\u00fc des Tages, bei einem gemeinsamen Abendessen oder bei einem lokalen Fest.<\/p>\n<p>Sowohl der Norte als auch der Primitivo f\u00fchren durch Gebiete, in denen sie Teil der lokalen Identit\u00e4t ist \u2013 insbesondere in Asturien. Die UNESCO beschreibt diese Kultur als ein Geflecht aus <b>Orten und Prozessen zur Herstellung, zum Servieren und zum Genie\u00dfen<\/b> der nat\u00fcrlichen Sidra, verbunden mit einheimischen Apfelsorten und der Beziehung der Gemeinschaften zu ihrer Umgebung.<\/p>\n<p>Kurz gesagt: Auf diesen Routen ist sie kein \u201etouristisches Extra\u201c. Sie ist eines jener Elemente, das \u2013 wenn du es verstehst und respektvoll erlebst \u2013 <b>dir den Ort, durch den du wanderst, besser erkl\u00e4rt<\/b>.<\/p>\n<p>&nbsp;<\/p>\n<h2><b>Was ist asturische Sidra genau (und was macht sie besonders)?<\/b><\/h2>\n<p>Um Begriffe nicht zu vermischen: In Asturien bezieht man sich im Alltag meist auf die <b>Sidra natural<\/b>. Laut den Bestimmungen der gesch\u00fctzten Ursprungsbezeichnung (DOP Sidra de Asturias) ist sie das Getr\u00e4nk, das aus der <b>G\u00e4rung frischer \u00c4pfel oder ihres Mostes<\/b> entsteht. Sie wird nach traditionellen Verfahren hergestellt, <b>ohne Zuckerzusatz<\/b> und mit <b>kohlens\u00e4ure nat\u00fcrlichen (endogenen) Ursprungs<\/b>.<\/p>\n<p>Die DOP umfasst im Wesentlichen zwei gro\u00dfe Produkte: <b>Sidra natural<\/b> und <b>Sidra natural espumosa<\/b>. Die Schaumvariante entsteht durch eine zweite G\u00e4rung und enth\u00e4lt ebenfalls Kohlens\u00e4ure nat\u00fcrlichen Ursprungs.<\/p>\n<p>Ein wichtiges Detail f\u00fcr Pilger: In Asturien gibt es verschiedene Konsumformen, <b>und nicht alle werden eingeschenkt (escanciado)<\/b>. Neben der traditionellen nat\u00fcrlichen Variante (die eingeschenkt wird) findest du in Sidrer\u00edas auch filtrierte Sidras (Tafel- oder \u201enueva expresi\u00f3n\u201c) sowie die espumosa \u2013 diese werden nicht eingeschenkt.<\/p>\n<p>&nbsp;<\/p>\n<h2><b>Rituale und Traditionen, die du unterwegs sehen (und erleben) wirst<\/b><\/h2>\n<h3><b>Das Escanciado: die Geste, die die Sidra \u201eweckt\u201c<\/b><\/h3>\n<p><img decoding=\"async\" class=\"alignnone wp-image-126604 size-full\" src=\"https:\/\/www.mundiplus.com\/wp-content\/uploads\/2026\/02\/Escanciado-Sidra-Mundiplus.jpg\" alt=\"\" width=\"1025\" height=\"572\" srcset=\"https:\/\/www.mundiplus.com\/wp-content\/uploads\/2026\/02\/Escanciado-Sidra-Mundiplus.jpg 1025w, https:\/\/www.mundiplus.com\/wp-content\/uploads\/2026\/02\/Escanciado-Sidra-Mundiplus-300x167.jpg 300w, https:\/\/www.mundiplus.com\/wp-content\/uploads\/2026\/02\/Escanciado-Sidra-Mundiplus-768x429.jpg 768w, https:\/\/www.mundiplus.com\/wp-content\/uploads\/2026\/02\/Escanciado-Sidra-Mundiplus-600x335.jpg 600w\" sizes=\"(max-width: 1025px) 100vw, 1025px\" \/><\/p>\n<p>Escanciar bedeutet, <b>die Sidra aus gewisser H\u00f6he einzuschenken<\/b>, sodass der Strahl auf das Glas trifft, das Getr\u00e4nk bel\u00fcftet wird, Aromen hervortreten und die nat\u00fcrliche Kohlens\u00e4ure aktiviert wird. Dieses Ritual ist so typisch, dass du es \u2013 selbst wenn du es nicht selbst machst \u2013 in einer Sidrer\u00eda sofort um dich herum sehen wirst.<\/p>\n<p>&nbsp;<\/p>\n<h3><b>Der \u201ecul\u00edn\u201c (oder \u201eculete\u201c): kleine Portionen, sofort trinken<\/b><\/h3>\n<p>Ein weiteres Schl\u00fcsselwort ist der <b>cul\u00edn<\/b> \u2013 im Grunde der Inhalt des Glases nach dem Einschenken. Au\u00dferdem ist zu beachten, dass <b>das Glas speziell f\u00fcr dieses Getr\u00e4nk<\/b> ist. Die praktische Idee ist einfach: Es wird nur eine kleine Menge serviert, damit man sie sofort trinken kann, bevor sie ihre \u201eSpritzigkeit\u201c verliert.<\/p>\n<p>&nbsp;<\/p>\n<h3><b>Espichas: Sidra, Lagar und Essen in festlicher Atmosph\u00e4re<\/b><\/h3>\n<p>Die <b>espicha<\/b> ist eine sehr asturische gesellschaftliche Tradition. Sie findet meist in einem <b>Llagar\/Lagar<\/b> (Produktionsort) statt, wobei die Sidra direkt aus dem Fass ins Glas \u201egezapft\u201c wird und <b>von Essen und Musik begleitet<\/b> wird. Es ist buchst\u00e4blich eine Art, rund um dieses besondere Getr\u00e4nk zu feiern.<\/p>\n<p>&nbsp;<\/p>\n<h3><b>Sidra-Landschaft: Apfelhaine und Llagares<\/b><\/h3>\n<p><img loading=\"lazy\" decoding=\"async\" class=\"alignnone wp-image-126616 size-full\" src=\"https:\/\/www.mundiplus.com\/wp-content\/uploads\/2026\/02\/Pomarada-asturiana-Mundiplus.jpg\" alt=\"\" width=\"1025\" height=\"572\" srcset=\"https:\/\/www.mundiplus.com\/wp-content\/uploads\/2026\/02\/Pomarada-asturiana-Mundiplus.jpg 1025w, https:\/\/www.mundiplus.com\/wp-content\/uploads\/2026\/02\/Pomarada-asturiana-Mundiplus-300x167.jpg 300w, https:\/\/www.mundiplus.com\/wp-content\/uploads\/2026\/02\/Pomarada-asturiana-Mundiplus-768x429.jpg 768w, https:\/\/www.mundiplus.com\/wp-content\/uploads\/2026\/02\/Pomarada-asturiana-Mundiplus-600x335.jpg 600w\" sizes=\"(max-width: 1025px) 100vw, 1025px\" \/><\/p>\n<p>Die Sidra-Kultur ist auch Landschaft: Pomaradas (Apfelplantagen), Llagares, traditionsreiche D\u00f6rfer, Museen und Feste. Die h\u00f6chste Dichte an Llagares und Pomaradas findet sich in der sogenannten Comarca de la Sidra, wobei Gemeinden wie <b>Villaviciosa<\/b> und <b>Nava<\/b> als bedeutende Referenzen hervorstechen.<\/p>\n<p>&nbsp;<\/p>\n<h2><b>Wo du die Sidra auf dem Camino del Norte erleben kannst<\/b><\/h2>\n<p>Der Camino del Norte durchquert Asturien, und auf diesem Abschnitt gibt es Orte, an denen dieses Getr\u00e4nk besonders selbstverst\u00e4ndlich pr\u00e4sent ist \u2013 aufgrund lokaler Tradition, der Dichte an Sidrer\u00edas oder wegen Feierlichkeiten. Wenn du deine Route planst, kannst du ber\u00fccksichtigen, dass der Camino del Norte in Asturien durch Orte wie <b>Villaviciosa<\/b>, <b>Gij\u00f3n<\/b> oder <b>Avil\u00e9s<\/b> f\u00fchrt.<\/p>\n<p>Wenn deine Planung eine Stadtetappe umfasst und du eine konkrete Referenz zu Route\/Etappen suchst, findest du hier den Leitfaden von <b>Mundiplus<\/b> f\u00fcr diesen Abschnitt des <a href=\"https:\/\/www.mundiplus.com\/de\/caminos\/a-pie\/camino-norte\/camino-de-santiago-desde-gijon\/\"><b>Camino del Norte ab Gij\u00f3n<\/b><\/a> bis Ribadeo.<\/p>\n<p>&nbsp;<\/p>\n<h3><b>Villaviciosa und die Comarca de la Sidra: den Ursprung verstehen<\/b><\/h3>\n<p>Wenn du das \u201eWarum\u201c der Sidra suchst (\u00fcber das Trinken hinaus), ist diese Region der nat\u00fcrliche Rahmen: ein Gebiet mit Gemeinden wie <b>Bimenes, Cabranes, Colunga, Nava, Sariegu<\/b> und <b>Villaviciosa<\/b>, mit einem klaren gemeinsamen Nenner: authentische und hochwertige Produktion. Villaviciosa zeichnet sich durch seine Konzentration an Pomaradas und Llagares sowie durch emblematische Marken aus.<\/p>\n<p>&nbsp;<\/p>\n<h3><b>Gij\u00f3n: urbane Sidra, Atmosph\u00e4re und Fest<\/b><\/h3>\n<p>In Gij\u00f3n wird Sidra als Teil der Volkskultur gelebt, wobei die Sidrer\u00eda als sozialer Raum eine wichtige Rolle spielt. Und wenn dein Kalender passt, feiert die Stadt im Sp\u00e4tsommer ein gro\u00dfes Fest: die <b>Fiesta de la Sidra Natural de Gij\u00f3n<\/b> Ende August (mit Aktivit\u00e4ten wie Wettbewerben im Escanciado und Versuchen des gleichzeitigen Einschenkens).<\/p>\n<p>&nbsp;<\/p>\n<h3><b>Oviedo (auch wenn es \u201ePrimitivo\u201c ist): ein logischer Abstecher bei Routenverbindung oder Logistik<\/b><\/h3>\n<p>Oviedo ist eine weitere Stadt mit starker Pr\u00e4senz der Sidra, zudem besteht eine <b>explizite Verbindung<\/b> mit dem historischen Start des Primitivo an der Kathedrale.<\/p>\n<p>&nbsp;<\/p>\n<h2><b>Wo du die Sidra auf dem Camino Primitivo erleben kannst<\/b><\/h2>\n<p>Der Primitivo ist eine Route mit Charakter und hat in Asturien einen klaren Faden: <b>Er beginnt in Oviedo<\/b> und f\u00fchrt durch Gemeinden, die L\u00e4ndlichkeit, Berge und Tradition verbinden. Der Beginn des \u201eUrsprungswegs\u201c in Oviedo wird auf der Plaza de Alfonso II el Casto, am Fu\u00dfe der Kathedrale, erkl\u00e4rt und weist auf die Auszugsrichtung der Pilger hin.<\/p>\n<p>&nbsp;<\/p>\n<h3><b>Oviedo: mit einem \u201ecul\u00edn\u201c beginnen (oder lernen, ihn zu beobachten)<\/b><\/h3>\n<p>Den Camino Primitivo zu beginnen, ist f\u00fcr viele eine Mischung aus Emotion und Nervosit\u00e4t. Wenn du einen ersten Kontakt m\u00f6chtest, tue es am besten ruhig: Setz dich, beobachte das Escanciado, bestelle etwas zu essen und verstehe den Rhythmus. Denk daran: Der \u201ecul\u00edn\u201c wird sofort getrunken und ist kein \u201elanges Getr\u00e4nk\u201c.<\/p>\n<p>&nbsp;<\/p>\n<h3><b>Asturisches Hinterland: Sidra als Teil des Alltags<\/b><\/h3>\n<p>Im Landesinneren erscheint dieses Getr\u00e4nk oft ohne Leuchtschild: Es ist Teil von Men\u00fcs, Feiern und Begegnungen. Hier passt die Idee besonders gut, dass die Sidra-Kultur ein Geflecht aus Orten und sozialen Praktiken ist (nicht nur Gastronomie), wie es die UNESCO beschreibt.<\/p>\n<p>&nbsp;<\/p>\n<h2><b>Wann ist die beste Zeit: Sidra-Kalender f\u00fcr Pilger<\/b><\/h2>\n<p>Die \u201ebeste Zeit\u201c <b>h\u00e4ngt davon ab, was du suchst<\/b>. Zum Gl\u00fcck gibt es klare Referenzen zu Saison und Festen.<\/p>\n<h3><b>Sommer: Festivals und Stra\u00dfenatmosph\u00e4re<\/b><\/h3>\n<p>&nbsp;<\/p>\n<ul>\n<li aria-level=\"1\"><b>Festival de la Sidra de Nava<\/b>: Mitte Juli. Eine der bekanntesten Veranstaltungen mit Wettbewerben und Aktivit\u00e4ten rund um die Sidra.<\/li>\n<\/ul>\n<p>&nbsp;<\/p>\n<ul>\n<li aria-level=\"1\"><b>Fiesta de la Sidra Natural de Gij\u00f3n<\/b>: meist Ende August mit Markt, Wettbewerben und Aktivit\u00e4ten rund um das Escanciado.<\/li>\n<\/ul>\n<p>&nbsp;<\/p>\n<p><b>Pilger-Vorteil<\/b>: Wenn du den Camino del Norte im Sommer gehst, ist es einfacher, mit Veranstaltungen und einem sehr sichtbaren Sidra-Angebot zusammenzutreffen.<\/p>\n<p>&nbsp;<\/p>\n<h3><b>Herbst: Apfelernte und \u201eMayar\u201c<\/b><\/h3>\n<p>Wenn du den Prozess verstehen m\u00f6chtest, ist der Herbst besonders. In der Seronda (Herbst), in den Monaten <b>Oktober und November<\/b>, werden die \u00c4pfel (\u201epa\u00f1a\u201c) geerntet, die Rohstoff f\u00fcr die Produktion des folgenden Jahres sind.<\/p>\n<p>Zudem gibt es organisierte Angebote rund um diesen Moment: <b>\u201eMayando con Sidraturismo Asturias\u201c<\/b> findet von Mitte Oktober bis Ende November statt und f\u00e4llt mit dem Prozess und der Apfelernte zusammen.<\/p>\n<p>&nbsp;<\/p>\n<h3><b>Winter und fr\u00fches Fr\u00fchjahr (wenn du den Norte in Ir\u00fan beginnst): der baskische Hinweis auf das \u201etxotx\u201c<\/b><\/h3>\n<p>Wenn dein Camino del Norte im Baskenland beginnt, gibt es eine weitere bekannte Sidra-Tradition: die <b>txotx<\/b>-Saison in baskischen Sidrer\u00edas zwischen <b>Januar und April<\/b>. Eine interessante Einstimmung vor der Ankunft in Asturien: eine andere Sidra-Kultur, ein anderes Ritual (Verkostung direkt aus dem Fass), eine andere Art des Zusammenseins.<\/p>\n<p>&nbsp;<\/p>\n<h2><b>Wie man eine Sidrer\u00eda betritt, ohne ins Fettn\u00e4pfchen zu treten<\/b><\/h2>\n<p><img loading=\"lazy\" decoding=\"async\" class=\"alignnone wp-image-126598 size-full\" src=\"https:\/\/www.mundiplus.com\/wp-content\/uploads\/2026\/02\/Sidreria-Asturiana-Mundiplus.jpg\" alt=\"\" width=\"1025\" height=\"572\" srcset=\"https:\/\/www.mundiplus.com\/wp-content\/uploads\/2026\/02\/Sidreria-Asturiana-Mundiplus.jpg 1025w, https:\/\/www.mundiplus.com\/wp-content\/uploads\/2026\/02\/Sidreria-Asturiana-Mundiplus-300x167.jpg 300w, https:\/\/www.mundiplus.com\/wp-content\/uploads\/2026\/02\/Sidreria-Asturiana-Mundiplus-768x429.jpg 768w, https:\/\/www.mundiplus.com\/wp-content\/uploads\/2026\/02\/Sidreria-Asturiana-Mundiplus-600x335.jpg 600w\" sizes=\"(max-width: 1025px) 100vw, 1025px\" \/><\/p>\n<p>Nat\u00fcrlich erwartet niemand, dass ein Pilger Experte ist, aber es wird gesch\u00e4tzt, wenn man den lokalen Code beobachtet und respektiert.<\/p>\n<p>&nbsp;<\/p>\n<h3><b>Praktische Hinweise<\/b> (ganz einfach)<\/h3>\n<p>&nbsp;<\/p>\n<ul>\n<li aria-level=\"1\"><b>Zuerst beobachten<\/b>: Schau, wie der Kellner oder jemand am Tisch einschenkt.<\/li>\n<\/ul>\n<p>&nbsp;<\/p>\n<ul>\n<li aria-level=\"1\"><b>Das Glas nie f\u00fcllen<\/b>: Der \u201ecul\u00edn\u201c ist wenig und wird sofort getrunken.<\/li>\n<\/ul>\n<p>&nbsp;<\/p>\n<ul>\n<li aria-level=\"1\"><b>Wenn man dir anbietet, einzuschenken, probiere es mit Humor<\/b>: Am Anfang versch\u00fcttet man leicht etwas. Ziel ist es, die Sidra zu bel\u00fcften und zu \u201ewecken\u201c.<\/li>\n<\/ul>\n<p>&nbsp;<\/p>\n<ul>\n<li aria-level=\"1\"><b>Ohne Scheu fragen<\/b>: Bei Tafel-\/Nueva-Expresi\u00f3n- oder Espumosa-Varianten \u2013 diese werden nicht eingeschenkt.<\/li>\n<\/ul>\n<p>&nbsp;<\/p>\n<h3><b>Espicha: Wenn du die Gelegenheit hast, ist es eine sehr ortstypische Erfahrung<\/b><\/h3>\n<p>Wenn du mit einer Espicha zusammenf\u00e4llst (durch lokalen Kalender oder organisierte Aktivit\u00e4t), wirst du schnell verstehen, warum Sidra mit Gemeinschaft verbunden ist: <b>Man trinkt \u201eaus dem Fass\u201c, teilt Essen und erlebt festliche Stimmung<\/b>.<\/p>\n<p>&nbsp;<\/p>\n<h2><b>Sidrer\u00edas auf anderen Jakobswegen<\/b><\/h2>\n<p>Obwohl das Herz der Sidra-Kultur des Camino \u2013 hinsichtlich kultureller Dichte und Ritual \u2013 stark mit Asturien (Norte\/Primitivo) verbunden ist, findet man Sidra auch auf anderen Routen, insbesondere im Norden der Halbinsel. Wenn du gastronomische Pl\u00e4ne jenseits des Kantabrischen Raums vergleichst, findest du bei Mundiplus zwei Leitf\u00e4den zum Camino Franc\u00e9s:<\/p>\n<p>&nbsp;<\/p>\n<ul>\n<li aria-level=\"1\"><a href=\"https:\/\/www.mundiplus.com\/de\/caminos\/a-pie\/camino-frances\/camino-de-santiago-desde-logrono\/\"><b>Gastronomie auf dem Camino Franc\u00e9s ab Logro\u00f1o<\/b><\/a><\/li>\n<\/ul>\n<p>&nbsp;<\/p>\n<ul>\n<li aria-level=\"1\"><b>G<\/b><a href=\"https:\/\/www.mundiplus.com\/de\/caminos\/a-pie\/camino-frances\/camino-de-santiago-desde-burgos\/\"><b>astronomie auf dem Camino Franc\u00e9s ab Burgos<\/b><\/a><\/li>\n<\/ul>\n<p>&nbsp;<\/p>\n<h2><b>Pilger-Tipps: genie\u00dfen, ohne dass es dir schadet<\/b><\/h2>\n<p>Sidra geh\u00f6rt zur Erfahrung, aber der Camino verlangt auch, auf K\u00f6rper und Sicherheit zu achten. Hier einige Empfehlungen mit gesundem Menschenverstand:<\/p>\n<p>&nbsp;<\/p>\n<ul>\n<li aria-level=\"1\"><b>Besser am Ende der Etappe<\/b>: wenn du nicht mehr weitergehen musst, besonders bei anspruchsvollem Gel\u00e4nde.<\/li>\n<\/ul>\n<p>&nbsp;<\/p>\n<ul>\n<li aria-level=\"1\"><b>Hydrieren und essen<\/b>: Sie wird meist mit Essen serviert \u2013 das hilft beim Genie\u00dfen.<\/li>\n<\/ul>\n<p>&nbsp;<\/p>\n<ul>\n<li aria-level=\"1\"><b>Bei wenig Erholung Schlaf priorisieren<\/b>: Der Camino del Norte und der Primitivo verzeihen keine angesammelte M\u00fcdigkeit.<\/li>\n<\/ul>\n<p>&nbsp;<\/p>\n<ul>\n<li aria-level=\"1\"><b>Den lokalen Kontext respektieren<\/b>: Es ist keine Herausforderung und keine \u201eShow\u201c, sondern eine lebendige Tradition.<\/li>\n<\/ul>\n<p>&nbsp;<\/p>\n<h2><b>Weitere Details, die du kennen solltest<\/b><\/h2>\n<h3><b>Muss ich selbst einschenken, um die Sidra \u201ezu erleben\u201c?<\/b><\/h3>\n<p>Nein. Du kannst sie genie\u00dfen, indem du das Ritual beobachtest (und lernst) oder Varianten bestellst, die nicht eingeschenkt werden. In vielen Sidrer\u00edas wird dir die Sidra bereits eingeschenkt serviert. Au\u00dferdem gibt es Tafel-\/Nueva-Expresi\u00f3n- und Espumosa-Varianten, die nicht eingeschenkt werden.<\/p>\n<p>&nbsp;<\/p>\n<h3><b>Was bedeutet Kohlens\u00e4ure \u201eendogenen\u201c Ursprungs?<\/b><\/h3>\n<p>Im Rahmen der DOP bedeutet dies, dass <b>die Kohlens\u00e4ure nat\u00fcrlichen Ursprungs ist<\/b>, also aus dem eigenen G\u00e4rungsprozess stammt und nicht wie bei einem Erfrischungsgetr\u00e4nk zugesetzt wird. Es ist eines der Merkmale in der Definition der \u201eSidra de Asturias\u201c.<\/p>\n","protected":false},"excerpt":{"rendered":"<p>Es gibt Geschm\u00e4cker, die f\u00fcr immer mit einer Route verbunden bleiben. Auf dem Camino del Norte und dem Camino Primitivo kommt dieser Geschmack meist mit nat\u00fcrlichen Perlen, Apfelaroma und einer Geste, die einfach wirkt \u2013 bis man sie selbst ausprobiert: das Einschenken (Escanciado). Ich spreche nat\u00fcrlich von dem asturischen Apfelwein (Sidra), der in Asturien nicht [&hellip;]<\/p>\n","protected":false},"author":1,"featured_media":126613,"comment_status":"open","ping_status":"open","sticky":false,"template":"","format":"standard","meta":{"footnotes":""},"categories":[572,584,604,576],"tags":[],"class_list":["post-126628","post","type-post","status-publish","format-standard","has-post-thumbnail","hentry","category-blog-des-weges","category-geschichte","category-ikonische-orte","category-zu-fus-gehen"],"_links":{"self":[{"href":"https:\/\/www.mundiplus.com\/de\/wp-json\/wp\/v2\/posts\/126628","targetHints":{"allow":["GET"]}}],"collection":[{"href":"https:\/\/www.mundiplus.com\/de\/wp-json\/wp\/v2\/posts"}],"about":[{"href":"https:\/\/www.mundiplus.com\/de\/wp-json\/wp\/v2\/types\/post"}],"author":[{"embeddable":true,"href":"https:\/\/www.mundiplus.com\/de\/wp-json\/wp\/v2\/users\/1"}],"replies":[{"embeddable":true,"href":"https:\/\/www.mundiplus.com\/de\/wp-json\/wp\/v2\/comments?post=126628"}],"version-history":[{"count":2,"href":"https:\/\/www.mundiplus.com\/de\/wp-json\/wp\/v2\/posts\/126628\/revisions"}],"predecessor-version":[{"id":126643,"href":"https:\/\/www.mundiplus.com\/de\/wp-json\/wp\/v2\/posts\/126628\/revisions\/126643"}],"wp:featuredmedia":[{"embeddable":true,"href":"https:\/\/www.mundiplus.com\/de\/wp-json\/wp\/v2\/media\/126613"}],"wp:attachment":[{"href":"https:\/\/www.mundiplus.com\/de\/wp-json\/wp\/v2\/media?parent=126628"}],"wp:term":[{"taxonomy":"category","embeddable":true,"href":"https:\/\/www.mundiplus.com\/de\/wp-json\/wp\/v2\/categories?post=126628"},{"taxonomy":"post_tag","embeddable":true,"href":"https:\/\/www.mundiplus.com\/de\/wp-json\/wp\/v2\/tags?post=126628"}],"curies":[{"name":"wp","href":"https:\/\/api.w.org\/{rel}","templated":true}]}}