{"id":126633,"date":"2026-02-24T09:17:39","date_gmt":"2026-02-24T09:17:39","guid":{"rendered":"https:\/\/www.mundiplus.com\/?p=126633"},"modified":"2026-02-24T09:21:33","modified_gmt":"2026-02-24T09:21:33","slug":"der-jakobsweg-und-die-kreativitaet-wie-die-route-kuenstler-und-schriftsteller-inspiriert","status":"publish","type":"post","link":"https:\/\/www.mundiplus.com\/de\/kjreativitat-auf-dem-jakobsweg\/","title":{"rendered":"Der Jakobsweg und die Kreativit\u00e4t: Wie die Route K\u00fcnstler und Schriftsteller inspiriert"},"content":{"rendered":"<p><img fetchpriority=\"high\" decoding=\"async\" class=\"alignnone wp-image-118987 size-full\" src=\"https:\/\/www.mundiplus.com\/wp-content\/uploads\/2025\/04\/Blog-Mundiplus.png\" alt=\"\" width=\"1023\" height=\"539\" srcset=\"https:\/\/www.mundiplus.com\/wp-content\/uploads\/2025\/04\/Blog-Mundiplus.png 1023w, https:\/\/www.mundiplus.com\/wp-content\/uploads\/2025\/04\/Blog-Mundiplus-300x158.png 300w, https:\/\/www.mundiplus.com\/wp-content\/uploads\/2025\/04\/Blog-Mundiplus-768x405.png 768w, https:\/\/www.mundiplus.com\/wp-content\/uploads\/2025\/04\/Blog-Mundiplus-600x316.png 600w\" sizes=\"(max-width: 1023px) 100vw, 1023px\" \/><\/p>\n<p>Es gibt Reisen, an die man sich wegen der Fotos erinnert, und andere, an die man sich wegen dessen erinnert, <b>was sie innerlich \u201ebewegen\u201c<\/b>. F\u00fcr viele Menschen ist der Camino genau diese zweite Art von Erfahrung: ein Weg, der <b>Gedanken ordnet, Gespr\u00e4che er\u00f6ffnet<\/b> und das Allt\u00e4gliche (Gehen, Essen, Ausruhen) in ein Ritual mit eigenem Rhythmus verwandelt. Es ist daher nicht ungew\u00f6hnlich, dass er im Laufe der Jahrhunderte Musik, Geschichten, Tageb\u00fccher, Zeichnungen, Fotografien und Gedichte hervorgebracht hat.<\/p>\n<p>In diesem Artikel untersuchen wir <b>, warum die Pilgerfahrt die Kreativit\u00e4t f\u00f6rdert<\/b>. Wir sprechen dar\u00fcber, welche Traditionen und Symbole als k\u00fcnstlerische Ausl\u00f6ser wirken, welche Jahreszeiten einen \u201ekreativen Camino\u201c beg\u00fcnstigen und welche Routen (und Abschnitte) die besten Bedingungen zum Schreiben, Gestalten oder einfach bewussten Beobachten bieten.<\/p>\n<p>&nbsp;<\/p>\n<h2><b>Warum Gehen Ideen weckt<\/b><\/h2>\n<p><img decoding=\"async\" class=\"alignnone wp-image-126578 size-full\" src=\"https:\/\/www.mundiplus.com\/wp-content\/uploads\/2026\/02\/El-Camino-y-la-creatividad-Mundiplus.jpg\" alt=\"\" width=\"1025\" height=\"572\" srcset=\"https:\/\/www.mundiplus.com\/wp-content\/uploads\/2026\/02\/El-Camino-y-la-creatividad-Mundiplus.jpg 1025w, https:\/\/www.mundiplus.com\/wp-content\/uploads\/2026\/02\/El-Camino-y-la-creatividad-Mundiplus-300x167.jpg 300w, https:\/\/www.mundiplus.com\/wp-content\/uploads\/2026\/02\/El-Camino-y-la-creatividad-Mundiplus-768x429.jpg 768w, https:\/\/www.mundiplus.com\/wp-content\/uploads\/2026\/02\/El-Camino-y-la-creatividad-Mundiplus-600x335.jpg 600w\" sizes=\"(max-width: 1025px) 100vw, 1025px\" \/><\/p>\n<p>Kreativit\u00e4t entsteht nicht nur, wenn wir \u201ezu denken beginnen\u201c, sondern wenn K\u00f6rper und Umgebung helfen, dass der Geist in einen anderen Gang schaltet. Gehen aktiviert diesen Wechsel auf sehr direkte Weise. Psychologische Studien haben gezeigt, dass <b>Gehen die Ideenfindung verbessern kann<\/b> (besonders bei divergenten Denkaufgaben, wie Alternativen oder Assoziationen zu entwickeln) und dass der Effekt sowohl w\u00e4hrend des Gehens als auch kurz danach sp\u00fcrbar ist.<\/p>\n<p>Wenn das Gehen zudem in nat\u00fcrlicher Umgebung stattfindet \u2013 W\u00e4lder, Landwege, K\u00fcsten, Berge \u2013 kommen weitere Faktoren hinzu: weniger Unterbrechungen, relative Ruhe, geringere Bildschirmzeit und die Art der \u201esanften\u201c Aufmerksamkeit, die Landschaften erzeugen (Himmel beobachten, Wasser h\u00f6ren, einem Pfad folgen).<\/p>\n<p>Alles zusammen f\u00f6rdert einen Geist, der offener ist, Erinnerungen zu verkn\u00fcpfen, Emotionen zu ordnen und neue Ideen zu generieren.<\/p>\n<p>Der Camino vereint fast wie von selbst mehrere Zutaten, die typischerweise mit kreativen Momenten assoziiert werden:<\/p>\n<p>&nbsp;<\/p>\n<ul>\n<li aria-level=\"1\"><b>Wiederholender Rhythmus<\/b> (Schritte, Atmung, Etappen), der das \u201eGedankenrauschen\u201c beruhigt.<\/li>\n<\/ul>\n<p>&nbsp;<\/p>\n<ul>\n<li aria-level=\"1\"><b>\u00dcbergangsraum<\/b>: das Verlassen der Routine erzeugt ein Gef\u00fchl der \u201elebenswichtigen Pause\u201c, das Neubewertungen erleichtert.<\/li>\n<\/ul>\n<p>&nbsp;<\/p>\n<ul>\n<li aria-level=\"1\"><b>Kontakt mit Natur und Kulturerbe<\/b>, der Reize erweitert, ohne zu \u00fcberfordern.<\/li>\n<\/ul>\n<p>&nbsp;<\/p>\n<ul>\n<li aria-level=\"1\"><b>Geteilte Geschichten<\/b>: Gespr\u00e4che, Caf\u00e9s, parallele Wege und kurze Abschiede.<\/li>\n<\/ul>\n<p>&nbsp;<\/p>\n<ul>\n<li aria-level=\"1\"><b>Zeit ohne Eile<\/b>, um zu beobachten, Notizen zu machen und Neugier zur\u00fcckzugewinnen.<\/li>\n<\/ul>\n<p>&nbsp;<\/p>\n<p>Einfach gesagt: Wenn sich der K\u00f6rper bewegt und die Umgebung unterst\u00fctzt, findet der Geist Raum zum Vorstellen.<\/p>\n<p>&nbsp;<\/p>\n<h2><b>Der Camino als lebendiges \u201ekulturelles Archiv\u201c<\/b><\/h2>\n<p><img decoding=\"async\" class=\"alignnone wp-image-126572 size-full\" src=\"https:\/\/www.mundiplus.com\/wp-content\/uploads\/2026\/02\/El-Camino-como-archivo-cultural-vivo-Mundiplus.jpg\" alt=\"\" width=\"1025\" height=\"572\" srcset=\"https:\/\/www.mundiplus.com\/wp-content\/uploads\/2026\/02\/El-Camino-como-archivo-cultural-vivo-Mundiplus.jpg 1025w, https:\/\/www.mundiplus.com\/wp-content\/uploads\/2026\/02\/El-Camino-como-archivo-cultural-vivo-Mundiplus-300x167.jpg 300w, https:\/\/www.mundiplus.com\/wp-content\/uploads\/2026\/02\/El-Camino-como-archivo-cultural-vivo-Mundiplus-768x429.jpg 768w, https:\/\/www.mundiplus.com\/wp-content\/uploads\/2026\/02\/El-Camino-como-archivo-cultural-vivo-Mundiplus-600x335.jpg 600w\" sizes=\"(max-width: 1025px) 100vw, 1025px\" \/><\/p>\n<p>\u00dcber das Pers\u00f6nliche hinaus ist der Weg ein gro\u00dfer <b>Korridor des kulturellen Austauschs<\/b>. Jahrhunderte lang verband er Territorien, Sprachen, Kunststile und Erz\u00e4hlformen. Heute ist diese kulturelle Dimension noch sichtbar in Kirchen, Br\u00fccken, historischen Hospit\u00e4lern, Wegmarkierungen, traditionellen Ges\u00e4ngen und lokalen Legenden. Es geht also nicht nur um eine Route, sondern um ein Netzwerk, das Spuren in der europ\u00e4ischen Geschichte hinterlassen hat.<\/p>\n<p>Diese Bedeutung wird von internationalen Institutionen anerkannt. Einerseits wurde der Camino als <b>Europ\u00e4ischer Kulturweg<\/b> zertifiziert und als Symbol f\u00fcr die Wiederbelebung historischer Begegnungswege beschrieben. Andererseits gibt es Abschnitte, die als Weltkulturerbe anerkannt sind, teilweise wegen ihrer Rolle im kulturellen Austausch und wegen des materiellen Erbes, das mit der Pilgerfahrt verbunden ist.<\/p>\n<p>Es lohnt sich auch zu erinnern, dass die Erfahrung seit langem dokumentiert wird. Ein grundlegendes Beispiel ist das <b>C\u00f3dice Calixtino<\/b> (12. Jahrhundert), ein Manuskript, das mit der jakob\u00e4ischen Tradition verkn\u00fcpft ist und unter anderem liturgische Texte und Materialien enth\u00e4lt, die als <b>mittelalterlicher Pilgerf\u00fchrer<\/b> interpretiert wurden. Allein seine Existenz sagt viel aus: Schon damals erzeugte die Route Erz\u00e4hlungen, Musik, Beschreibungen und kulturelles Ged\u00e4chtnis.<\/p>\n<p>&nbsp;<\/p>\n<h2><b>Werke, Geschichten und zeitgen\u00f6ssische Perspektiven<\/b><\/h2>\n<p>In j\u00fcngerer Zeit taucht die Pilgerfahrt in B\u00fcchern, Filmen und sehr unterschiedlichen kreativen Projekten auf. Zwei Referenzen helfen, ihre Wirkung zu verstehen:<\/p>\n<p>&nbsp;<\/p>\n<ul>\n<li aria-level=\"1\"><b>The Pilgrimage<\/b> (Paulo Coelho): ein Roman, der auf der Erfahrung des Autors basiert, eine konkrete Variante zu gehen, und physische Reise mit innerer Suche verbindet.<\/li>\n<\/ul>\n<p>&nbsp;<\/p>\n<ul>\n<li aria-level=\"1\"><b>The Way<\/b> (Emilio Est\u00e9vez, 2010): ein Film, der international popul\u00e4r wurde und von vielen als Ansto\u00df zitiert wird, selbst zu pilgern.<\/li>\n<\/ul>\n<p>&nbsp;<\/p>\n<p>Es ist nicht notwendig, dass diese Werke einem gefallen, um n\u00fctzlich zu sein: Sie <b>dienen als Spiegel<\/b>. Sie zeigen, wie der Weg zur Erz\u00e4hlung einl\u00e4dt, weil er einen klaren Anfang (Start), eine Entwicklung in Etappen (Konflikte, M\u00fcdigkeit, Begegnungen, Ver\u00e4nderungen) und ein Ende mit starker symbolischer Bedeutung (Ankunft in Santiago und manchmal Verl\u00e4ngerung bis zur K\u00fcste) hat.<\/p>\n<p>&nbsp;<\/p>\n<h2><b>Routen und Abschnitte mit gr\u00f6\u00dfter kreativer Anregung<\/b><\/h2>\n<p><img loading=\"lazy\" decoding=\"async\" class=\"alignnone wp-image-126584 size-full\" src=\"https:\/\/www.mundiplus.com\/wp-content\/uploads\/2026\/02\/Rutas-del-Camino-de-Santiago-para-la-creatividad-Mundiplus.jpg\" alt=\"\" width=\"1025\" height=\"572\" srcset=\"https:\/\/www.mundiplus.com\/wp-content\/uploads\/2026\/02\/Rutas-del-Camino-de-Santiago-para-la-creatividad-Mundiplus.jpg 1025w, https:\/\/www.mundiplus.com\/wp-content\/uploads\/2026\/02\/Rutas-del-Camino-de-Santiago-para-la-creatividad-Mundiplus-300x167.jpg 300w, https:\/\/www.mundiplus.com\/wp-content\/uploads\/2026\/02\/Rutas-del-Camino-de-Santiago-para-la-creatividad-Mundiplus-768x429.jpg 768w, https:\/\/www.mundiplus.com\/wp-content\/uploads\/2026\/02\/Rutas-del-Camino-de-Santiago-para-la-creatividad-Mundiplus-600x335.jpg 600w\" sizes=\"(max-width: 1025px) 100vw, 1025px\" \/><\/p>\n<p>Kreativit\u00e4t h\u00e4ngt nicht nur vom Ort ab, aber der Ort kann sie erleichtern. Auf dem Camino beeinflussen die Dichte der Pilger, die Art der Landschaft, die Verf\u00fcgbarkeit ruhiger Pl\u00e4tze, die N\u00e4he zu Meer oder Bergen, das Klima und das \u201eTempo\u201c jeder Etappe (ob man dr\u00e4ngen muss oder Pausen zum Beobachten, Schauen und Schreiben m\u00f6glich sind).<\/p>\n<p>Hier folgt ein praktischer Leitfaden \u2013 ohne Dogmen \u2013 zur kreativen Eignung einiger Routen und Abschnitte. Nutze ihn als Gef\u00fchlskarte: Du entscheidest, was dich am meisten inspiriert.<\/p>\n<p>&nbsp;<\/p>\n<h3><b>Camino del Norte: Dialog mit dem Meer<\/b><\/h3>\n<p>Wenn deine Kreativit\u00e4t von <b>weiten Horizonten, Lichtwechseln und st\u00e4ndigen Ger\u00e4uschen<\/b> (Wellen, Wind) gen\u00e4hrt wird, ist der Norden ein gro\u00dfer Verb\u00fcndeter. Die K\u00fcste bietet eine nat\u00fcrliche Erz\u00e4hlung: Klippen, Str\u00e4nde, Fischerd\u00f6rfer und ein wechselhaftes Wetter, das die Stimmung des Tages ver\u00e4ndert. Dieser \u201ekontinuierliche Wechsel\u201c funktioniert sehr gut f\u00fcr <b>bildende K\u00fcnstler<\/b> und f\u00fcr <b>Schriftsteller, die mit Atmosph\u00e4ren arbeiten<\/b>.<\/p>\n<p>Ein besonders ansprechender Abschnitt f\u00fcr alle, die Meer und Schreiben in Etappen suchen, ist die Option <a href=\"https:\/\/www.mundiplus.com\/de\/caminos\/a-pie\/camino-norte\/camino-de-santiago-desde-gijon\/\"> <b>Inspiration auf dem Camino del Norte von Gij\u00f3n<\/b><\/a> bis Ribadeo. In diesen Etappen k\u00f6nnen der atlantische Charakter und das Etappenrhythmus gut zu einem Reisetagebuch, Fotografien oder schnellen Skizzen passen.<\/p>\n<p>&nbsp;<\/p>\n<ul>\n<li aria-level=\"1\"><b>Ideal f\u00fcr<\/b>: Reisetageb\u00fccher, Landschaftsfotografie, kontemplatives Schreiben, Klangprojekte (Field Notes), schnelle Aquarelle, Routen-Collagen.<\/li>\n<\/ul>\n<p>&nbsp;<\/p>\n<h3><b>Camino Franc\u00e9s: Kulturerbe, D\u00f6rfer und narrative \u201eSzenen\u201c<\/b><\/h3>\n<p>Der Franz\u00f6sische Weg bietet einen klaren Vorteil f\u00fcr Kreative: eine <b>hohe Konzentration an Kulturerbe<\/b>, Orte mit eigener Identit\u00e4t und eine sehr \u201ez\u00e4hlbare\u201c Etappenstruktur, perfekt, um ein Projekt kapitelweise aufzubauen. Wenn du einen <b>Fortsetzungsroman<\/b>, ein Tagebuch mit fester Struktur oder eine Serie von Illustrationen (eine pro Tag) schreibst, funktioniert diese Route in der Regel sehr gut.<\/p>\n<p>F\u00fcr diejenigen, die mit urbaner Kultur und historischem Ambiente starten m\u00f6chten, kann der <a href=\"https:\/\/www.mundiplus.com\/de\/caminos\/a-pie\/camino-frances\/camino-de-santiago-desde-burgos\/\"> <b>Franz\u00f6sische Weg ab Burgos<\/b><\/a> interessant sein. Dieser Ort und seine Umgebung erm\u00f6glichen den Kontrast zwischen monumentaler Stadt und offeneren Etappen, was erz\u00e4hlerisch viele M\u00f6glichkeiten bietet.<\/p>\n<p>Wenn du hingegen einen Abschnitt suchst, in dem du Landschaft, Kultur und ein Tempo kombinieren kannst, das es erlaubt, <b>zu schreiben, ohne das Gef\u00fchl zu haben, \u201ezu sp\u00e4t zu kommen\u201c<\/b>, kann der <a href=\"https:\/\/www.mundiplus.com\/de\/caminos\/a-pie\/camino-frances\/camino-de-santiago-desde-logrono\/\"> <b>Franz\u00f6sische Weg ab Logro\u00f1o<\/b><\/a> sehr passend sein. Das Gehen durch \u00dcbergangszonen zwischen D\u00f6rfern und l\u00e4ndlichen Umgebungen ist oft fruchtbar f\u00fcr Ideen, besonders wenn du mit Beschreibungen, beobachteten Figuren oder kurzen Szenen arbeitest.<\/p>\n<p>&nbsp;<\/p>\n<ul>\n<li aria-level=\"1\"><b>Ideal f\u00fcr<\/b>: Chronik und Reportage, Reiseroman, Etappenillustration, Architektur und Detail (Notizen), Projekte \u00fcber Gastronomie und lokale Kultur.<\/li>\n<\/ul>\n<p>&nbsp;<\/p>\n<h3><b>Camino Primitivo: historischer Ursprung und Bergkreativit\u00e4t<\/b><\/h3>\n<p>Wenn du eine introspektivere kreative Erfahrung suchst \u2013 weniger \u201esoziale Szene\u201c und mehr innere Beobachtung \u2013 passt der <b>Camino Primitivo<\/b> sehr gut. Nicht nur wegen seines anspruchsvolleren Profils auf einigen Abschnitten, sondern wegen seiner symbolischen Bedeutung: Er gilt als <b>\u00e4lteste Route<\/b>, verbunden mit der ersten dokumentierten k\u00f6niglichen Pilgerfahrt, und verbindet Oviedo mit Santiago durch Landschaften, in denen die Natur den Rhythmus vorgibt.<\/p>\n<p>Kreativ ist es eine Route, die dazu einl\u00e4dt, <b>mit Stille, Pausen und Hintergrundschreiben zu arbeiten<\/b>: Reflexionsnotizen, intime Tageb\u00fccher, Nebelfotografie, Texturen des Waldes und Erz\u00e4hlungen, in denen das \u201eKlima\u201c (im emotionalen und atmosph\u00e4rischen Sinne) zur Figur wird.<\/p>\n<p>&nbsp;<\/p>\n<ul>\n<li aria-level=\"1\"><b>Ideal f\u00fcr<\/b>: pers\u00f6nliches Tagebuch, Poesie, atmosph\u00e4rische Fotografie, Skizzenbuch mit Landschaften und nat\u00fcrlichen Details, \u201eLogbuch\u201c-Projekte (Text + Zeichnung).<\/li>\n<\/ul>\n<p>&nbsp;<\/p>\n<ul>\n<li aria-level=\"1\"><b>Kreativer Tipp<\/b>: Auf bergigeren Routen dominiert die Energie. Wenn du kreativ sein willst, ist es besser, ein kleines Ziel zu setzen (z.\u202fB. 10 Zeilen pro Abend oder 1 thematisches Foto pro Tag) und das \u201egro\u00dfe Werk\u201c f\u00fcr die R\u00fcckkehr aufzusparen.<\/li>\n<\/ul>\n<p>&nbsp;<\/p>\n<h3><b>Portugiesischer Jakobsweg: Tradition, historische Stra\u00dfen und eine \u201emenschlichere\u201c Kreativit\u00e4t<\/b><\/h3>\n<p>Der <b>Portugiesische Jakobsweg<\/b> zeichnet sich durch eine eigene Identit\u00e4t und seine historische Bedeutung seit dem Mittelalter aus. Sein Verlauf folgt alten Wegen (mit Bezug zu r\u00f6mischen Stra\u00dfen in einigen Abschnitten) und bietet allgemein ein interessantes Gleichgewicht zwischen lebendigen Ortschaften, Kulturerbe und Etappen, die in der Regel Pausen zum Beobachten erm\u00f6glichen, ohne den Rhythmus zu unterbrechen.<\/p>\n<p>Kreativ ist es eine sehr fruchtbare Route f\u00fcr <b>Begegnungserz\u00e4hlungen<\/b>: Gespr\u00e4che, allt\u00e4gliche Szenen in D\u00f6rfern, Notizen zur Gastronomie und kleine Geschichten, die aus dem Zusammenleben der Pilger entstehen. Wenn dein Projekt auf Figuren, Dialogen, Chroniken oder narrativen \u201ePostkarten\u201c basiert, gibt es hier reichlich Material.<\/p>\n<p>&nbsp;<\/p>\n<ul>\n<li aria-level=\"1\"><b>Ideal f\u00fcr<\/b>: Reisereportagen, soziale Portr\u00e4ts (schriftlich oder fotografisch), gastronomische und kulturelle Projekte, Tageb\u00fccher mit Fokus auf Gespr\u00e4che und Szenen.<\/li>\n<\/ul>\n<p>&nbsp;<\/p>\n<ul>\n<li aria-level=\"1\"><b>Kreative Idee<\/b>: \u201eSammlung von Stimmen des Weges\u201c. Notiere jeden Tag einen Satz, den du geh\u00f6rt hast (ohne pers\u00f6nliche Daten), und verwandle ihn in eine Mini-Erz\u00e4hlung oder ein Vierzeilen-Gedicht.<\/li>\n<\/ul>\n<p>&nbsp;<\/p>\n<h3><b>Englischer Jakobsweg: kompakter Format, atlantisches Licht und ideal f\u00fcr kreative Serien<\/b><\/h3>\n<p>Der <b>Englische Jakobsweg<\/b> ist besonders interessant, wenn du ein kreatives Projekt mit klar definiertem Anfang und Ende <b>in wenigen Tagen<\/b> umsetzen m\u00f6chtest.<\/p>\n<p>Kreativ eignet er sich sehr gut f\u00fcr <b>Serienarbeiten<\/b>: ein Foto pro Etappe zu einem festen Thema, ein Notizbuch mit 5\u20137 Eintr\u00e4gen oder eine Sammlung kleiner Illustrationen in konstantem Format. Es ist auch eine dankbare Route f\u00fcr diejenigen, die st\u00e4dtische Momente (Start) mit inneren Abschnitten kombinieren m\u00f6chten, in denen die Stille leichter auftritt.<\/p>\n<p>&nbsp;<\/p>\n<ul>\n<li aria-level=\"1\"><b>Ideal f\u00fcr<\/b>: Fotoserien, Mini-illustrierte Notizb\u00fccher, verkettete Kurzgeschichten, Projekte \u201ef\u00fcr wenige Tage\u201c mit klarer Abschlussstruktur.<\/li>\n<\/ul>\n<p>&nbsp;<\/p>\n<h3><b>Abschnitte mit kraftvollen Ritualen: wenn das Symbol zum Werk wird<\/b><\/h3>\n<p>Einige Orte des Jakobswegs haben durch \u00fcber Jahre wiederholte Traditionen eine besondere Bedeutung erlangt. Sie sind nicht \u201everbindlich\u201c, k\u00f6nnen aber n\u00fctzlich sein, wenn du mit Symbolen arbeiten m\u00f6chtest. Das bekannteste Beispiel ist die <b>Cruz de Ferro<\/b> auf dem Franz\u00f6sischen Weg, wo viele Pilger einen Stein als symbolische Geste ablegen, um Gewicht loszulassen oder eine innere Etappe abzuschlie\u00dfen.<\/p>\n<p>Wenn dein kreatives Projekt auf Metaphern basiert (Trauer, Wandel, Abschied, Transformation), bieten solche Rituale intensive und oft sehr respektvolle Szenen. Ein kurzer Text oder ein gut gestaltetes Foto kann viel aussagen, ohne zu viel erkl\u00e4ren zu m\u00fcssen.<\/p>\n<p>&nbsp;<\/p>\n<h3><b>Wie man \u201eseine\u201c kreative Route ausw\u00e4hlt<\/b><\/h3>\n<p>Anstatt zu fragen <i>\u201eWelche Route inspiriert am meisten?\u201c<\/i>, ist es sinnvoller zu \u00fcberlegen:<\/p>\n<ul>\n<li aria-level=\"1\"><i>Brauche ich Stille oder inspiriert mich die soziale Umgebung?<\/i><\/li>\n<\/ul>\n<ul>\n<li aria-level=\"1\"><i>Aktiviert mich mehr das Meer, die Berge oder das st\u00e4dtische Kulturerbe?<\/i><\/li>\n<\/ul>\n<ul>\n<li aria-level=\"1\"><i>Will ich jeden Tag schaffen (Mikrowerke) oder lieber Material sammeln und am Ende produzieren?<\/i><\/li>\n<\/ul>\n<ul>\n<li aria-level=\"1\"><i>Hilft mir eine Route mit \u201eSzenen\u201c (D\u00f6rfer, Pl\u00e4tze, Caf\u00e9s) oder mit \u201eLeere\u201c (Horizonte, Wiederholung)?<\/i><\/li>\n<\/ul>\n<p>Die Beantwortung dieser Fragen ist wertvoller als jedes Ranking.<\/p>\n<p>&nbsp;<\/p>\n<h2><b>Traditionen und Symbole, die die Fantasie anregen<\/b><\/h2>\n<p><img loading=\"lazy\" decoding=\"async\" class=\"alignnone wp-image-126590 size-full\" src=\"https:\/\/www.mundiplus.com\/wp-content\/uploads\/2026\/02\/Tradiciones-y-simbolos-que-activan-la-imaginacion-Mundiplus.jpg\" alt=\"\" width=\"1025\" height=\"572\" srcset=\"https:\/\/www.mundiplus.com\/wp-content\/uploads\/2026\/02\/Tradiciones-y-simbolos-que-activan-la-imaginacion-Mundiplus.jpg 1025w, https:\/\/www.mundiplus.com\/wp-content\/uploads\/2026\/02\/Tradiciones-y-simbolos-que-activan-la-imaginacion-Mundiplus-300x167.jpg 300w, https:\/\/www.mundiplus.com\/wp-content\/uploads\/2026\/02\/Tradiciones-y-simbolos-que-activan-la-imaginacion-Mundiplus-768x429.jpg 768w, https:\/\/www.mundiplus.com\/wp-content\/uploads\/2026\/02\/Tradiciones-y-simbolos-que-activan-la-imaginacion-Mundiplus-600x335.jpg 600w\" sizes=\"(max-width: 1025px) 100vw, 1025px\" \/><\/p>\n<p>Der Jakobsweg ist nicht nur Gehen: er ist eine Kultur der Zeichen. Und Zeichen sind kreativer N\u00e4hrboden, weil sie Geschichten in kleinen Objekten verdichten. Hier sind einige der gebr\u00e4uchlichsten:<\/p>\n<p>&nbsp;<\/p>\n<h3><b>Credential und Compostela: mit Stempeln erz\u00e4hlen<\/b><\/h3>\n<p>Die <b>Credential<\/b> dient als Durchgangsdokument und Erinnerung. Jeder Stempel ist eine Szene: eine Herberge, eine Pfarrei, eine Bar, eine Begegnung. Am Ende wird f\u00fcr viele die Stempelseite zu einer <b>emotionalen Landkarte der Reise<\/b>.<\/p>\n<p>&nbsp;<\/p>\n<ul>\n<li aria-level=\"1\"><b>Kreative Idee:<\/b> Verwandle die Stempel in \u201eKapitel\u201c. Schreibe einen Satz pro Stempel oder zeichne ein Symbol f\u00fcr jeden Tag. Das Ergebnis kann ein vollst\u00e4ndiges Notizbuchwerk werden, ohne dass du es geplant hast.<\/li>\n<\/ul>\n<p>&nbsp;<\/p>\n<h3><b>Die Muschel: ein minimalistisches Icon mit vielen Bedeutungen<\/b><\/h3>\n<p>Die Jakobsmuschel ist eines der bekanntesten Symbole der Pilger. Sie erscheint auf Meilensteinen, Wegweisern und pers\u00f6nlichen Gegenst\u00e4nden. Historisch wurde sie als Pilgersymbol interpretiert und hatte auch traditionelle praktische Anwendungen. F\u00fcr Kreative ist die Muschel ein perfektes visuelles Mittel: einfach, wiederholbar, mit unendlichen Variationen (Textur, Licht, Kontext).<\/p>\n<p>&nbsp;<\/p>\n<ul>\n<li aria-level=\"1\"><b>Kreative Idee<\/b>: eine \u201eMuschelstudie\u201c in 10 Versionen: Makrofoto, Linienzeichnung, Aquarell, kurzes Gedicht, Collage mit Tickets, 100-W\u00f6rter-Erz\u00e4hlung usw.<\/li>\n<\/ul>\n<p>&nbsp;<\/p>\n<h3><b>Der Botafumeiro: vollst\u00e4ndige Szene (Geruch, Klang, Blick)<\/b><\/h3>\n<p>Die Kathedrale bietet Momente mit schwer reproduzierbarer Sinneswirkung. Unter ihnen sticht der Botafumeiro als liturgische und symbolische Erfahrung hervor: kein t\u00e4glich garantiertes Spektakel, sondern eine Praxis, die mit Festlichkeiten und speziellen Feiern verbunden ist. Gerade deshalb konzentriert sie, wenn sie stattfindet, Emotion, Erinnerung und eine ganz besondere \u00c4sthetik (Rauch, H\u00f6he, Bewegung, kollektive Stille).<\/p>\n<p>&nbsp;<\/p>\n<ul>\n<li aria-level=\"1\"><b>Kreative Idee:<\/b> Beschreibe den Botafumeiro, ohne das Wort \u201eR\u00e4ucherwerk\u201c zu verwenden. Es zwingt, Metaphern zu finden und die Sprache zu sch\u00e4rfen.<\/li>\n<\/ul>\n<p>&nbsp;<\/p>\n<h3><b>Heiliges Jahr und Heilige Pforte: besondere Zeit<\/b><\/h3>\n<p>In den Heiligen Jahren von Santiago verwandeln die \u00d6ffnung der Heiligen Pforte und der Jubil\u00e4umsrahmen die Pilgerfahrt f\u00fcr viele in eine \u201ebesondere\u201c Zeit. Man muss sie nicht religi\u00f6s erleben, um ihre kulturelle Wirkung zu sp\u00fcren: Sie ver\u00e4ndert die Atmosph\u00e4re, das Symbol des Ankommens und das Verst\u00e4ndnis vom Ende des Weges.<\/p>\n<p>&nbsp;<\/p>\n<ul>\n<li aria-level=\"1\"><b>Kreative Idee<\/b>: Arbeite mit dem Kontrast zwischen \u201egew\u00f6hnlicher und au\u00dfergew\u00f6hnlicher Zeit\u201c: Was \u00e4ndert sich, wenn wir f\u00fchlen, dass ein Jahr oder ein Moment \u201emehr z\u00e4hlt\u201c?<\/li>\n<\/ul>\n<p>&nbsp;<\/p>\n<h3><b>Finisterre und Abschlussrituale: verantwortungsvoll<\/b><\/h3>\n<p>F\u00fcr einige Pilger endet die Reise nicht in Santiago, sondern an der K\u00fcste (Fisterra\/Mux\u00eda). Dort haben sich Abschlussrituale etabliert, wie Gegenst\u00e4nde zur\u00fccklassen oder Kleidung verbrennen. Wichtig ist zu betonen, dass <b>das Verbrennen von Kleidung nicht erlaubt<\/b> ist und aus Umwelt- und Sicherheitsgr\u00fcnden nicht empfohlen wird.<\/p>\n<p>Dennoch ist der Wunsch, \u201eeinen Zyklus zu schlie\u00dfen\u201c, real und kann in eine schadlose kreative Geste umgesetzt werden: einen Brief schreiben und aufbewahren, einen Stein an einem erlaubten Ort ablegen oder ein Abschlussfoto machen, ohne Spuren zu hinterlassen.<\/p>\n<p>&nbsp;<\/p>\n<h2><b>Wann ein \u201ekreativer Weg\u201c: Jahreszeit, Klima und Ruhe<\/b><\/h2>\n<p><img loading=\"lazy\" decoding=\"async\" class=\"alignnone wp-image-126566 size-full\" src=\"https:\/\/www.mundiplus.com\/wp-content\/uploads\/2026\/02\/Cuando-hacer-un-Camino-creativo-Mundiplus.jpg\" alt=\"\" width=\"1025\" height=\"572\" srcset=\"https:\/\/www.mundiplus.com\/wp-content\/uploads\/2026\/02\/Cuando-hacer-un-Camino-creativo-Mundiplus.jpg 1025w, https:\/\/www.mundiplus.com\/wp-content\/uploads\/2026\/02\/Cuando-hacer-un-Camino-creativo-Mundiplus-300x167.jpg 300w, https:\/\/www.mundiplus.com\/wp-content\/uploads\/2026\/02\/Cuando-hacer-un-Camino-creativo-Mundiplus-768x429.jpg 768w, https:\/\/www.mundiplus.com\/wp-content\/uploads\/2026\/02\/Cuando-hacer-un-Camino-creativo-Mundiplus-600x335.jpg 600w\" sizes=\"(max-width: 1025px) 100vw, 1025px\" \/><\/p>\n<p>Es gibt kein universell perfektes Datum. Aber es gibt n\u00fctzliche Muster: Die Erfahrung unterscheidet sich stark zwischen Hochsaison und ruhigen Monaten. Aktuelle Besucherstatistiken zeigen deutliche Spitzen im sp\u00e4ten Fr\u00fchling und Sommer (auch im September), was meist mehr soziale Atmosph\u00e4re\u2026 und weniger Stille bedeutet.<\/p>\n<p>Als praktische Regel:<\/p>\n<p>&nbsp;<\/p>\n<ul>\n<li aria-level=\"1\"><b>Wenn du Gespr\u00e4che und Geschichten suchst<\/b> (menschliches Material), k\u00f6nnen die Monate mit den meisten Pilgern interessant sein.<\/li>\n<\/ul>\n<p>&nbsp;<\/p>\n<ul>\n<li aria-level=\"1\"><b>Wenn du Ruhe und Fokus suchst<\/b> (lange Texte, detaillierte Zeichnungen), lohnt es sich, die Spitzenzeiten zu meiden und Zwischensaisonen zu w\u00e4hlen, mit der Bereitschaft zu wechselhaftem Wetter.<\/li>\n<\/ul>\n<p>&nbsp;<\/p>\n<table>\n<tbody>\n<tr>\n<td><b>Jahreszeit<\/b><\/td>\n<td><b>Was sie f\u00f6rdert<\/b><\/td>\n<td><b>F\u00fcr welche Projektart<\/b><\/td>\n<\/tr>\n<tr>\n<td>Fr\u00fchling (April\u2013Juni)<\/td>\n<td>Sanftes Licht, lebendige Landschaft, angenehmes Tempo<\/td>\n<td>Tagebuch, Fotografie, Aquarell, Chronik<\/td>\n<\/tr>\n<tr>\n<td>Sommer (Juli\u2013August)<\/td>\n<td>Viele soziale Kontakte, lange Etappen bei Tageslicht<\/td>\n<td>Begegnungsgeschichten, soziale Portr\u00e4ts, Interviews<\/td>\n<\/tr>\n<tr>\n<td>Herbst (September\u2013Oktober)<\/td>\n<td>Gutes Licht, melancholische Atmosph\u00e4re, weniger Hitze<\/td>\n<td>Poesie, Kurzgeschichte, Detailfotografie, intimes Tagebuch<\/td>\n<\/tr>\n<tr>\n<td>Winter<\/td>\n<td>Alleinsein und R\u00fcckzug (aber anspruchsvolles Klima)<\/td>\n<td>Introspektives und minimalistisches Schreiben (f\u00fcr erfahrene und geplante Pilger)<\/td>\n<\/tr>\n<\/tbody>\n<\/table>\n<ul>\n<li aria-level=\"1\"><b>Kreativer Tipp<\/b>: Wenn dir das Werk wichtiger ist als \u201eKilometer sammeln\u201c, plane Etappen mit Puffer: fr\u00fcher ankommen, unterwegs Pausen einlegen oder alle paar Tage einen Ruhetag einplanen, um Notizen und Skizzen zu ordnen.<\/li>\n<li aria-level=\"1\"><\/li>\n<\/ul>\n<h2><b>Einfache Praktiken zum kreativen Arbeiten ohne \u201eDruck\u201c<\/b><\/h2>\n<p>Kreativit\u00e4t unterwegs funktioniert am besten, wenn sie auf kleinen Gewohnheiten basiert. Hier ein realistisches Praxis-Kit:<\/p>\n<p>&nbsp;<\/p>\n<h3><b>F\u00fcr Schriftsteller<\/b><\/h3>\n<p>&nbsp;<\/p>\n<ul>\n<li aria-level=\"1\"><b>Mikrotagebuch von 10 Zeilen<\/b>: jede Nacht maximal 10 Zeilen. Nicht korrigieren.<\/li>\n<\/ul>\n<p>&nbsp;<\/p>\n<ul>\n<li aria-level=\"1\"><b>Detailliste<\/b>: 5 konkrete Dinge pro Tag notieren (ein Geruch, ein geh\u00f6rter Satz, eine Textur, eine Farbe, eine Geste).<\/li>\n<\/ul>\n<p>&nbsp;<\/p>\n<ul>\n<li aria-level=\"1\"><b>Eine Szene pro Etappe<\/b>: Schreibe eine kurze Szene mit Anfang und Ende, auch wenn minimal (ein Caf\u00e9, Regen, ein Gespr\u00e4ch).<\/li>\n<\/ul>\n<p>&nbsp;<\/p>\n<ul>\n<li aria-level=\"1\"><b>Schreiben zu Fu\u00df<\/b>: Sprachnotizen beim Gehen aufnehmen, dann das Wesentliche transkribieren.<\/li>\n<\/ul>\n<p>&nbsp;<\/p>\n<h3><b>F\u00fcr Illustratoren und bildende K\u00fcnstler<\/b><\/h3>\n<p>&nbsp;<\/p>\n<ul>\n<li aria-level=\"1\"><b>Limitierte Serie<\/b>: Lege ein festes Format fest (z.\u202fB. 1 A6-Zeichnung pro Tag). Einschr\u00e4nkungen helfen.<\/li>\n<\/ul>\n<p>&nbsp;<\/p>\n<ul>\n<li aria-level=\"1\"><b>Schattenstudie<\/b>: Der Weg ver\u00e4ndert st\u00e4ndig das Licht; zeichne nur Schatten und Konturen.<\/li>\n<\/ul>\n<p>&nbsp;<\/p>\n<ul>\n<li aria-level=\"1\"><b>Emotionale Landkarte<\/b>: Statt Kilometer zu kartieren, kartiere Empfindungen mit Farben oder Symbolen.<\/li>\n<\/ul>\n<p>&nbsp;<\/p>\n<h3><b>F\u00fcr Fotografen<\/b><\/h3>\n<p>&nbsp;<\/p>\n<ul>\n<li aria-level=\"1\"><b>Ein einziges Thema<\/b>: H\u00e4nde, Rucks\u00e4cke, Schilder, T\u00fcren, F\u00fc\u00dfe, Wasser\u2026 Ein Thema sorgt f\u00fcr Koh\u00e4renz und verhindert \u201eauf gut Gl\u00fcck fotografieren\u201c.<\/li>\n<\/ul>\n<p>&nbsp;<\/p>\n<ul>\n<li aria-level=\"1\"><b>Triptychen<\/b>: T\u00e4glich 3 Fotos, die eine Geschichte erz\u00e4hlen (Anfang\u2013Mitte\u2013Ende).<\/li>\n<\/ul>\n<p>&nbsp;<\/p>\n<ul>\n<li aria-level=\"1\"><b>Respekt<\/b>: Erlaubnis f\u00fcr Nahportr\u00e4ts und sensible Orte einholen (Herbergen, emotionale Momente).<\/li>\n<\/ul>\n<p>&nbsp;<\/p>\n<h3><b>F\u00fcr Musiker und Klangschaffende<\/b><\/h3>\n<p>&nbsp;<\/p>\n<ul>\n<li aria-level=\"1\"><b>Feldnotizen<\/b>: Wasser, Wind, Glocken, Schritte, Wanderst\u00f6cke.<\/li>\n<\/ul>\n<p>&nbsp;<\/p>\n<ul>\n<li aria-level=\"1\"><b>Marschrhythmus<\/b>: Dein eigener Schritt kann zum Muster werden.<\/li>\n<\/ul>\n<p>&nbsp;<\/p>\n<ul>\n<li aria-level=\"1\"><b>Stimmen<\/b>: S\u00e4tze sammeln (mit Zustimmung) und ein \u201eWeg-Archiv\u201c erstellen.<\/li>\n<\/ul>\n<p>&nbsp;<\/p>\n<h2><b>Kreative Ethik: Schaffen ohne Eingriff<\/b><\/h2>\n<p>Der Jakobsweg ist f\u00fcr viele ein intimer Raum. Wenn du kreativ sein willst, beachte drei einfache Regeln:<\/p>\n<p>&nbsp;<\/p>\n<ul>\n<li aria-level=\"1\"><b>Zustimmung<\/b>: Wenn jemand erkennbar ist und das Material ver\u00f6ffentlicht wird, um Erlaubnis bitten.<\/li>\n<\/ul>\n<p>&nbsp;<\/p>\n<ul>\n<li aria-level=\"1\"><b>Leid anderer nicht romantisieren<\/b>: Der Weg bewegt Emotionen; respektiere sie.<\/li>\n<\/ul>\n<p>&nbsp;<\/p>\n<ul>\n<li aria-level=\"1\"><b>Keine Spuren hinterlassen<\/b>: Vermeide Aktionen, die die Umgebung sch\u00e4digen oder \u201esymbolische\u201c Abf\u00e4lle erzeugen.<\/li>\n<\/ul>\n<p>&nbsp;<\/p>\n<h2><b>Wie man Erlebtes in ein fertiges Werk verwandelt<\/b><\/h2>\n<p>Viele Projekte gehen zu Hause verloren, weil das Material verstreut ist. Eine einfache Methode, um den Prozess abzuschlie\u00dfen:<\/p>\n<p>&nbsp;<\/p>\n<ul>\n<li aria-level=\"1\"><b>Herunterladen<\/b>: Innerhalb von 48 Stunden das Wesentliche s\u00e4ubern (Notizen, Audios, Lieblingsfotos).<\/li>\n<\/ul>\n<p>&nbsp;<\/p>\n<ul>\n<li aria-level=\"1\"><b>Form w\u00e4hlen<\/b>: bearbeitetes Tagebuch, Serie von 12 Fotos, illustriertes Notizbuch, lange Erz\u00e4hlung, kurze Gedichtsammlung.<\/li>\n<\/ul>\n<p>&nbsp;<\/p>\n<ul>\n<li aria-level=\"1\"><b>Faden definieren<\/b>: ein Thema (Meer, Begegnungen, Stille, Glaube, M\u00fcdigkeit) oder eine Frage (\u201eWas hat sich ver\u00e4ndert?\u201c).<\/li>\n<\/ul>\n<p>&nbsp;<\/p>\n<ul>\n<li aria-level=\"1\"><b>Klein ver\u00f6ffentlichen<\/b>: Zuerst ein kurzes St\u00fcck teilen. Es gibt Energie, das gro\u00dfe Werk fertigzustellen.<\/li>\n<\/ul>\n<p>&nbsp;<\/p>\n<h2><b>Der Jakobsweg als Werkstatt in Bewegung<\/b><\/h2>\n<p>Kreativit\u00e4t kommt nicht immer als \u201eblitzartiger Moment\u201c. Manchmal entsteht sie durch die Summe von Schritten: Wiederholung, Landschaft, Gespr\u00e4ch, M\u00fcdigkeit und Ruhe. Der Jakobsweg bietet durch sein eigenes Design diesen Rahmen: ein einfaches Leben f\u00fcr einige Tage, das ohne Versprechen oft Klarheit schenkt.<\/p>\n<p>Wenn du planst, die Route kreativ zu erleben \u2014 sei es durch Schreiben, Zeichnen, Fotografieren oder einfach Beobachten \u2014, beginne damit, den Rhythmus zu planen, die Jahreszeit zu w\u00e4hlen, die am besten zu deiner Idee passt, und dir Pausen zu erlauben.<\/p>\n<p>Und wenn du die Erfahrung mit logistischer Unterst\u00fctzung erg\u00e4nzen m\u00f6chtest, um dich auf das Gehen (und Schaffen) zu konzentrieren, kannst du <a href=\"https:\/\/www.mundiplus.com\/de\/\"> <b>Erfahrungen auf dem Jakobsweg<\/b><\/a> erkunden und das Routenformat w\u00e4hlen, das am besten zu deinem Projekt passt.<\/p>\n","protected":false},"excerpt":{"rendered":"<p>Es gibt Reisen, an die man sich wegen der Fotos erinnert, und andere, an die man sich wegen dessen erinnert, was sie innerlich \u201ebewegen\u201c. F\u00fcr viele Menschen ist der Camino genau diese zweite Art von Erfahrung: ein Weg, der Gedanken ordnet, Gespr\u00e4che er\u00f6ffnet und das Allt\u00e4gliche (Gehen, Essen, Ausruhen) in ein Ritual mit eigenem Rhythmus [&hellip;]<\/p>\n","protected":false},"author":1,"featured_media":126581,"comment_status":"open","ping_status":"open","sticky":false,"template":"","format":"standard","meta":{"footnotes":""},"categories":[572,596,576],"tags":[],"class_list":["post-126633","post","type-post","status-publish","format-standard","has-post-thumbnail","hentry","category-blog-des-weges","category-vorbereitungen-fur-die-reise","category-zu-fus-gehen"],"_links":{"self":[{"href":"https:\/\/www.mundiplus.com\/de\/wp-json\/wp\/v2\/posts\/126633","targetHints":{"allow":["GET"]}}],"collection":[{"href":"https:\/\/www.mundiplus.com\/de\/wp-json\/wp\/v2\/posts"}],"about":[{"href":"https:\/\/www.mundiplus.com\/de\/wp-json\/wp\/v2\/types\/post"}],"author":[{"embeddable":true,"href":"https:\/\/www.mundiplus.com\/de\/wp-json\/wp\/v2\/users\/1"}],"replies":[{"embeddable":true,"href":"https:\/\/www.mundiplus.com\/de\/wp-json\/wp\/v2\/comments?post=126633"}],"version-history":[{"count":2,"href":"https:\/\/www.mundiplus.com\/de\/wp-json\/wp\/v2\/posts\/126633\/revisions"}],"predecessor-version":[{"id":126656,"href":"https:\/\/www.mundiplus.com\/de\/wp-json\/wp\/v2\/posts\/126633\/revisions\/126656"}],"wp:featuredmedia":[{"embeddable":true,"href":"https:\/\/www.mundiplus.com\/de\/wp-json\/wp\/v2\/media\/126581"}],"wp:attachment":[{"href":"https:\/\/www.mundiplus.com\/de\/wp-json\/wp\/v2\/media?parent=126633"}],"wp:term":[{"taxonomy":"category","embeddable":true,"href":"https:\/\/www.mundiplus.com\/de\/wp-json\/wp\/v2\/categories?post=126633"},{"taxonomy":"post_tag","embeddable":true,"href":"https:\/\/www.mundiplus.com\/de\/wp-json\/wp\/v2\/tags?post=126633"}],"curies":[{"name":"wp","href":"https:\/\/api.w.org\/{rel}","templated":true}]}}