{"id":108867,"date":"2021-02-07T07:26:59","date_gmt":"2021-02-07T07:26:59","guid":{"rendered":"https:\/\/www.mundiplus.com\/ou-cebreiro\/"},"modified":"2024-09-05T16:25:36","modified_gmt":"2024-09-05T16:25:36","slug":"ou-cebreiro","status":"publish","type":"post","link":"https:\/\/www.mundiplus.com\/fr\/blog\/el-milagro-de-o-cebreiro-y-del-santo-grial-gallego\/","title":{"rendered":"Ou Cebreiro"},"content":{"rendered":"<p class=\"gt-block\">El Cebrero (O Cebreiro), \u00e9galement connu sous le nom de mons Februari ou mons Zaberrium, tel qu&rsquo;il appara\u00eet dans les anciennes chroniques du Camino de Santiago, lieu mythique et historique dans l&rsquo;imaginaire du p\u00e8lerin, repr\u00e9sente l&rsquo;un des lieux les plus significatifs de l&rsquo;itin\u00e9raire de le Chemin Fran\u00e7ais et plus pr\u00e9cis\u00e9ment de <a href=\"https:\/\/www.mundiplus.com\/fr\/caminos\/a-pie\/camino-frances\/o-cebreiro-santiago\" target=\"_blank\" rel=\"noopener\">Camino de Santiago depuis O Cebreiro<\/a>, ainsi que le passage des Pyr\u00e9n\u00e9es, de Saint Jean Pie de Port \u00e0 Roncevaux et le <a href=\"https:\/\/www.mundiplus.com\/fr\/blog\/cruz-de-ferro\" target=\"_blank\" rel=\"noopener\">Croix de Fer<\/a> (Lion)<\/p>\n<p>O Cebreiro est sans aucun doute l&rsquo;une des destinations les plus repr\u00e9sentatives que les p\u00e8lerins trouveront dans cette merveilleuse \u00ab\u00a0\u00e9pop\u00e9e personnelle\u00a0\u00bb, entre autres raisons, en raison de sa situation privil\u00e9gi\u00e9e dans la Sierra de los Ancares \u00e0 Lugo. Il est situ\u00e9 \u00e0 1293 XNUMX m\u00e8tres d&rsquo;altitude, ce qui le place dans un lieu unique d&rsquo;o\u00f9 l&rsquo;on peut contempler l&rsquo;immensit\u00e9 de ses vertes prairies, ainsi que des vues exceptionnelles sur les montagnes l\u00e9onaises.<\/p>\n<p class=\"gt-block\">Son importance est d\u00e9finie, principalement, par les \u00e9v\u00e9nements historiques qui s&rsquo;y sont d\u00e9roul\u00e9s, berceau de l\u00e9gendes, architecture unique, comme ses c\u00e9l\u00e8bres pallozas, d&rsquo;architecture pr\u00e9-romane, vraisemblablement celtique, dont six d&rsquo;entre elles sont conserv\u00e9es qui la rendent digne de la titre de Complexe Artistique Historique et pour l&rsquo;importance significative d&rsquo;\u00eatre la premi\u00e8re ville galicienne atteinte par les p\u00e8lerins qui parcourent le <a href=\"https:\/\/www.mundiplus.com\/fr\/caminos\/a-pie\/camino-frances\" target=\"_blank\" rel=\"noopener\">Chemin fran\u00e7ais de Saint-Jacques<\/a>.<\/p>\n<p class=\"gt-block\">Pour comprendre la raison de l&rsquo;importance et du mythe du Cebrero qui existe parmi les p\u00e8lerins et dans <a href=\"https:\/\/www.mundiplus.com\/fr\/\" target=\"_blank\" rel=\"noopener\">voyages organis\u00e9s au Camino de Santiago<\/a>En plus de ce qui a d\u00e9j\u00e0 \u00e9t\u00e9 dit, il faut \u00e9galement souligner la duret\u00e9 de l&rsquo;\u00e9tape qui se termine \u00e0 Alto do Cebreiro, \u00e0 travers des villes comme Vega de Valcarce, Ruitelan, Las Herrerias, La Faba et Laguna de Castilla (la derni\u00e8re ville \u00e0 Le\u00f3n dans cet itin\u00e9raire, avant de se terminer \u00e0 O Cebreiro), ayant tr\u00e8s proche la fin de son p\u00e8lerinage \u00ab\u00a0seulement\u00a0\u00bb \u00e0 150 kilom\u00e8tres de <a href=\"https:\/\/www.mundiplus.com\/fr\/blog\/santiago-de-compostela\" target=\"_blank\" rel=\"noopener\">Saint Jacques de Compostelle<\/a>.<\/p>\n<p><img decoding=\"async\" class=\"alignnone size-full wp-image-21606 lazyload\" src=\"https:\/\/www.mundiplus.com\/wp-content\/uploads\/2024\/04\/vistas-o-cebreiro-scaled-1.jpg\" alt=\"vistas o cebreiro\" width=\"100%\"   \/><\/p>\n<h2><span style=\"color: #00ccff;\">HISTOIRE DU CEBREIRO<\/span><\/h2>\n<p class=\"gt-block\">On ne conna\u00eet pas beaucoup d&rsquo;informations exactes sur l&rsquo;origine du lieu, seulement qu&rsquo;il s&rsquo;agit d&rsquo;une enclave ou d&rsquo;une colonie celtique. Dedans, il y avait un vieux <a href=\"https:\/\/www.mundiplus.com\/fr\/blog\/hospitales-de-peregrinos-en-el-camino-de-santiago\" target=\"_blank\" rel=\"noopener\">h\u00f4pital des p\u00e8lerins<\/a>, probablement du IXe si\u00e8cle, dont il ne reste que l&rsquo;\u00e9glise de Santa Maria la Real.<\/p>\n<p>Sous le r\u00e8gne d&rsquo;Alphonse VI, un monast\u00e8re fut construit \u00e0 c\u00f4t\u00e9 de l&rsquo;\u00e9glise du nom de San Giraldo de Aurillac, appartenant \u00e0 l&rsquo;ordre de Cluny, \u00e0 l&rsquo;attention des p\u00e8lerins, qui \u00e9tait dot\u00e9 d&rsquo;importantes ressources financi\u00e8res et de privil\u00e8ges pour votre entretien. . Plus tard, les moines de l&rsquo;ordre b\u00e9n\u00e9dictin l&rsquo;ont dirig\u00e9 jusqu&rsquo;au d\u00e9samortissement de Mendizabal (XIXe si\u00e8cle). Il a \u00e9t\u00e9 utilis\u00e9 comme auberge pour les p\u00e8lerins dans le pass\u00e9 et aujourd&rsquo;hui, il fonctionne comme une auberge priv\u00e9e.<\/p>\n<p>La splendeur de Cebrero et de son h\u00f4pital de p\u00e8lerins remonte au XIIe si\u00e8cle, comme les autres villes du Camino de Santiago, en raison du nombre extraordinaire de p\u00e8lerins qui, \u00e0 cette \u00e9poque, \u00e9taient en route vers Saint-Jacques.<\/p>\n<p>Au XVe si\u00e8cle, les Rois Catholiques, en route vers Saint-Jacques-de-Compostelle, visit\u00e8rent le lieu et firent d&rsquo;importantes donations au Monast\u00e8re pour son entretien et sa conservation.<\/p>\n<h2><span style=\"color: #00ccff;\">L\u00c9GENDE DU \u00ab\u00a0MIRACLE D&rsquo;O CEBREIRO OU MIRACLE EUCHARISTIQUE\u00a0\u00bb<\/span><\/h2>\n<p>Le miracle d&rsquo;O Cebreiro et la l\u00e9gende subs\u00e9quente du Saint Graal galicien ont eu lieu dans l&rsquo;\u00e9glise b\u00e9n\u00e9dictine de Santa Mar\u00eda la Real. Aujourd&rsquo;hui, O Cebreiro est toujours un petit village. Son grand tr\u00e9sor est pr\u00e9cis\u00e9ment l&rsquo;\u00e9glise du miracle eucharistique, de construction pr\u00e9romane, du IXe si\u00e8cle, \u00e0 trois nefs simples avec des absides rectangulaires et une tour. L&rsquo;image d&rsquo;un Christ gothique pr\u00e9side le presbyt\u00e8re. Il est tr\u00e8s important de souligner que dans ce miracle, l&rsquo;\u00e9glise de Santa Maria est la plus ancienne de tout le patrimoine jacob\u00e9en, conserv\u00e9e dans son int\u00e9gralit\u00e9, \u00e0 l&rsquo;exception de la fa\u00e7ade.<\/p>\n<p>Les moines b\u00e9n\u00e9dictins ont construit et gard\u00e9 ce temple de 836 \u00e0 1853, plus de mille ans ! Les moines d&rsquo;Aurillac, qui s&rsquo;appelaient Alphonse VI, s\u00e9journ\u00e8rent \u00e0 O Cebreiro de 1072 \u00e0 1487, date \u00e0 laquelle les Rois Catholiques obtinrent du Pape son annexion \u00e0 San Benito el Real de Valladolid. Les moines quittent le lieu en 1853, \u00e0 la suite de la confiscation de Mendiz\u00e1bal.<\/p>\n<p><img decoding=\"async\" class=\"alignnone size-full wp-image-21602 lazyload\" src=\"https:\/\/www.mundiplus.com\/wp-content\/uploads\/2024\/04\/Iglesia-santa-maria-la-real-de-o-cebreiro-scaled-1.jpg\" alt=\"iglesia santa maria la real o cebreiro\" width=\"100%\"   \/><\/p>\n<h3><span style=\"color: #00ccff;\">R\u00c9CIT DE LA L\u00c9GENDE<\/span><\/h3>\n<p>Une tradition tr\u00e8s forte, corrobor\u00e9e par diverses sources historiques et arch\u00e9ologiques, soutient qu&rsquo;un pr\u00eatre b\u00e9n\u00e9dictin c\u00e9l\u00e9brait l&rsquo;Eucharistie sur l&rsquo;autel de la chapelle lat\u00e9rale de l&rsquo;\u00e9glise de Santa Mar\u00eda la Rea. On pense que cette c\u00e9l\u00e9bration a eu lieu vers le XNUMX\u00e8me si\u00e8cle.<\/p>\n<p>La l\u00e9gende raconte qu&rsquo;au milieu d&rsquo;une temp\u00eate, un voisin de la ville voisine de Barxamaior s&rsquo;est rendu \u00e0 l&rsquo;\u00e9glise pour assister \u00e0 la messe. En pr\u00e9sence du croyant, l&rsquo;eccl\u00e9siastique lui a reproch\u00e9 son aide, apparemment parce qu&rsquo;il \u00e9tait le seul \u00e0 assister \u00e0 la messe et a l\u00e2ch\u00e9 : \u00ab\u00a0Cet autre arrive avec un gros orage et tellement fatigu\u00e9 pour un peu de pain et de vin !\u00a0\u00bb et dit que sa pr\u00e9sence \u00ab\u00a0n&rsquo;en valait pas la peine\u00a0\u00bb<\/p>\n<p class=\"gt-block\">A la fin de ces paroles et tout en c\u00e9l\u00e9brant la cons\u00e9cration, le <strong>miracle de transformer l&rsquo;hostie et le vin en chair et en sang du Seigneur<\/strong>. Une fois ce fait accompli, tout \u00e0 coup, l&rsquo;eccl\u00e9siastique mourut et les cloches se mirent \u00e0 sonner.<\/p>\n<p class=\"gt-block\">J\u00e9sus voulait fortifier non seulement la foi de ce moine mais celle de tous les hommes. La nouvelle du miracle s&rsquo;est r\u00e9pandue partout<b><\/b> favorisant ainsi une grande d\u00e9votion au Christ dans l&rsquo;Eucharistie.<\/p>\n<p>La nouvelle du \u00ab\u00a0miracle\u00a0\u00bb se r\u00e9pandit rapidement dans toute l&rsquo;Europe, principalement par l&rsquo;interm\u00e9diaire des p\u00e8lerins fran\u00e7ais et allemands, ce qui favorisa les nombreuses faveurs, dons et privil\u00e8ges de toutes sortes accord\u00e9s \u00e0 l&rsquo;\u00e9glise.<\/p>\n<p>Chaque ann\u00e9e, les 8 et 9 septembre, un p\u00e8lerinage massif est organis\u00e9 depuis la ville voisine de Piedrafita do Cebreiro jusqu&rsquo;\u00e0 l&rsquo;\u00e9glise de Santa Maria A Real pour comm\u00e9morer ce miracle.<\/p>\n<p>Malgr\u00e9 le temps, les guerres et les incendies, le miracle atteint notre si\u00e8cle si d\u00e9pourvu de foi, comme un puissant signe de v\u00e9rit\u00e9 : le Christ est vivant, ressuscit\u00e9, Corps, Sang, \u00c2me et Divinit\u00e9, dans l&rsquo;Eucharistie.<\/p>\n<p><img decoding=\"async\" class=\"aligncenter wp-image-13999 size-full lazyload\" src=\"https:\/\/www.mundiplus.com\/wp-content\/uploads\/2024\/04\/escudo-galicia.jpg\" alt=\"milagro-de-O-Cebreiro-escudo-galicia\" width=\"100%\"   \/><\/p>\n<h3><span style=\"color: #00ccff;\">SAINT-GRAAL GALICIEN<\/span><\/h3>\n<p>En 1486, les Rois Catholiques, faisant un p\u00e8lerinage \u00e0 Saint-Jacques-de-Compostelle, sont rest\u00e9s avec les moines, ont contempl\u00e9 le miracle et ont ensuite fait don du reliquaire o\u00f9 le Miracle a \u00e9t\u00e9 conserv\u00e9 jusqu&rsquo;\u00e0 aujourd&rsquo;hui.<\/p>\n<p>Dans les premi\u00e8res ann\u00e9es du XVIIe si\u00e8cle, le P\u00e8re Yepes \u00e9crivait : \u00ab\u00a0Moi, bien qu&rsquo;indigne, j&rsquo;ai vu et ador\u00e9 ce saint myst\u00e8re, j&rsquo;ai vu les deux v\u00e9sicules dans l&rsquo;une d&rsquo;elles c&rsquo;est le sang, qui semble \u00e0 peine coagul\u00e9, rouge comme celui de un chevreau r\u00e9cemment abattu, j&rsquo;ai aussi vu la viande, qui est rouge et s\u00e8che\u00a0\u00bb<\/p>\n<p class=\"gt-block\">Le Calice et la Pat\u00e8ne sont des pi\u00e8ces romanes c\u00e9l\u00e8bres du XIIe si\u00e8cle. <a href=\"https:\/\/www.xunta.gal\/o-escudo?langId=es_ES\" target=\"_blank\" rel=\"nofollow noopener\">Ce calice pr\u00e9side aux armoiries de la Galice<\/a>. Cebreiro et le Miracle ont influenc\u00e9 l&rsquo;\u0153uvre de Wagner.<\/p>\n<h2><span style=\"color: #00ccff;\">\u00c9GLISE SANTA MARIA LA REAL<\/span><\/h2>\n<p>On estime que l&rsquo;\u00e9glise d&rsquo;origine a \u00e9t\u00e9 construite au IXe si\u00e8cle, c&rsquo;est pourquoi elle est consid\u00e9r\u00e9e comme l&rsquo;une des plus anciennes \u00e9glises du Camino de Santiago. Il se compose de trois nefs, avec une petite tour ext\u00e9rieure, o\u00f9 se trouve la cloche. B\u00e2timent de granit et d&rsquo;ardoise, tr\u00e8s aust\u00e8re et simple, soutenu par des murs \u00e9pais pour le prot\u00e9ger des intemp\u00e9ries s\u00e9v\u00e8res de l&rsquo;hiver des Ancares.<\/p>\n<p>Dans une salle, \u00e0 l&rsquo;entr\u00e9e de l&rsquo;\u00e9glise, se d\u00e9tachent de grands fonts baptismaux en granit (IXe si\u00e8cle) o\u00f9 \u00e9tait pratiqu\u00e9 le sacrement du bapt\u00eame, par immersion, du nouveau-n\u00e9.<\/p>\n<p>\u00c0 l&rsquo;int\u00e9rieur d&rsquo;un coffre-fort en verre, il y a un reliquaire, deux flacons d&rsquo;or, o\u00f9 sont conserv\u00e9s les restes du \u00ab\u00a0miracle\u00a0\u00bb donn\u00e9 par les Rois Catholiques et le calice et la pat\u00e8ne o\u00f9 il a \u00e9t\u00e9 travaill\u00e9. En dessous, il y a un pr\u00e9cieux coffre en argent.<\/p>\n<p>Sur le ma\u00eetre-autel, on peut voir une copie d&rsquo;une sculpture d&rsquo;un Christ crucifi\u00e9 (XIVe si\u00e8cle)<\/p>\n<p>Nous soulignons l&rsquo;image de la sculpture romane (XIIe si\u00e8cle) de Santa Mar\u00eda del Cebreiro &#8211; en fait appel\u00e9e Virgen de los Remedios &#8211; et qui, selon la l\u00e9gende, se prosternait pour adorer le miracle de la transformation dans le corps et le sang du Seigneur. C&rsquo;est une Vierge assise avec un enfant J\u00e9sus assis sur ses genoux. Cette image a subi d&rsquo;innombrables restaurations tout au long de son histoire.<\/p>\n<p>Sur l&rsquo;un de ses c\u00f4t\u00e9s, on observe deux tombes tr\u00e8s anciennes qui, apparemment, correspondent au clerc et au voisin de Barxamaior, protagonistes du \u00ab\u00a0Saint miracle\u00a0\u00bb<\/p>\n<p><img decoding=\"async\" class=\"alignnone size-full wp-image-2377 lazyload\" src=\"https:\/\/www.mundiplus.com\/wp-content\/uploads\/2024\/04\/PALLOZA.jpg\" alt=\"O Cebreiro\" width=\"100%\"   \/><\/p>\n<h2><span style=\"color: #00ccff;\">MUSEE ETHNOGRAPHIQUE<\/span><\/h2>\n<p>Ensemble ethno-anthropologique de pallozas, cr\u00e9\u00e9 en 1971, autour du sanctuaire de Santa Maria de O Cebreiro, qui repr\u00e9sentent des constructions pr\u00e9romanes, peut-\u00eatre celtiques, typiques des anciens forts. La palloza constitue un espace unique qui servait d&rsquo;habitat, \u00e0 la fois pour ses habitants et pour leur b\u00e9tail, ainsi que pour le stockage et les outils agricoles.<\/p>\n<p>Construit avec des murs \u00e9pais en granit et en ardoise, de forme conique ou ovale, de faible hauteur et avec un toit v\u00e9g\u00e9tal compos\u00e9 de cadres de paille denses pour att\u00e9nuer les basses temp\u00e9ratures hivernales typiques des Ancares et aptes \u00e0 r\u00e9sister et \u00e0 repousser la neige et le vent. .<\/p>\n<p>Vous pouvez visiter 4 pallozas: Xan L\u00f3pez (palloza-mus\u00e9e), Campelo (entrep\u00f4t) et ceux de Quico et Gal\u00e1n, o\u00f9 sont recr\u00e9\u00e9s diff\u00e9rents ustensiles, meubles, outils agricoles et espaces utilis\u00e9s par les anciens habitants de cette r\u00e9gion de Galice, li\u00e9s \u00e0 votre vie quotidienne.<\/p>\n<p><img decoding=\"async\" class=\"alignnone size-full wp-image-21601 lazyload\" src=\"https:\/\/www.mundiplus.com\/wp-content\/uploads\/2024\/04\/Flecha-amarilla-o-cebreiro-scaled-1.jpg\" alt=\"flecha amarilla o cebreiro\" width=\"100%\"   \/><\/p>\n<h2><span style=\"color: #00ccff;\">ELIAS VALI\u00d1A ET LA SIGNALISATION DU CHEMIN DE SANTIAGO<\/span><\/h2>\n<p>Dans la chapelle d\u00e9di\u00e9e \u00e0 San Benito, il y a la tombe du pr\u00eatre Don Elias Vali\u00f1a Sampedro, \u00e9galement connu dans le monde entier comme \u00ab\u00a0le pr\u00eatre d&rsquo;O Cebreiro\u00a0\u00bb, qui dirigeait cette paroisse depuis les ann\u00e9es 60 et qui est consid\u00e9r\u00e9, avec un total m\u00e9rit\u00e9 , l&rsquo;un des les grands promoteurs et figure de proue de la \u00ab\u00a0renaissance du Camino de Santiago\u00a0\u00bb, surtout depuis les ann\u00e9es 80.<\/p>\n<p class=\"gt-block\">Comme rappel quotidien et permanent de son \u0153uvre, nous pouvons observer, le long de tous les Chemins, l&rsquo;universel <strong>\u00ab\u00a0fl\u00e8che jaune\u00a0\u00bb<\/strong> avec lequel il a popularis\u00e9 le <a href=\"https:\/\/www.mundiplus.com\/fr\/blog\/senalizacion-del-camino-de-santiago\" target=\"_blank\" rel=\"noopener\">signalisation du Chemin Fran\u00e7ais,<\/a> et qui a ensuite \u00e9t\u00e9 \u00e9tendu \u00e0 d&rsquo;autres itin\u00e9raires, guidant les p\u00e8lerins vers le <a href=\"https:\/\/www.mundiplus.com\/fr\/blog\/catedral-de-santiago-de-compostela\" target=\"_blank\" rel=\"noopener\">Catedral de Santiago de Compostela<\/a>.<\/p>\n<p>\u00c0 l&rsquo;ext\u00e9rieur de l&rsquo;\u00e9glise, il y a, en hommage, en hommage et gr\u00e2ce \u00e0 lui, un petit monolithe de granit avec son buste et diff\u00e9rents souvenirs d&rsquo;organisations jacobines et d&rsquo;associations de p\u00e8lerins du monde entier.<\/p>\n<p class=\"gt-block\">Si vous n&rsquo;avez pas assez de jours pour commencer le Camino depuis la ville d&rsquo;O Cebreiro, si vous louez le <a href=\"https:\/\/www.mundiplus.com\/fr\/caminos\/a-pie\/camino-frances\/camino-de-santiago-desde-sarria\" target=\"_blank\" rel=\"noopener\">Camino de Santiago de Sarria organis\u00e9<\/a>, nous vous recommandons d&rsquo;essayer d&rsquo;organiser une journ\u00e9e avant le d\u00e9part de la premi\u00e8re \u00e9tape et de faire une br\u00e8ve escapade dans cette ville. Ses paysages, son air pur et le mysticisme qui survole ses rues ne vous laisseront pas indiff\u00e9rents.<\/p>\n","protected":false},"excerpt":{"rendered":"<p>El Cebrero (O Cebreiro), \u00e9galement connu sous le nom de mons Februari ou mons Zaberrium, tel qu&rsquo;il appara\u00eet dans les anciennes chroniques du Camino de Santiago, lieu mythique et historique dans l&rsquo;imaginaire du p\u00e8lerin, repr\u00e9sente l&rsquo;un des lieux les plus significatifs de l&rsquo;itin\u00e9raire de le Chemin Fran\u00e7ais et plus pr\u00e9cis\u00e9ment de Camino de Santiago depuis [&hellip;]<\/p>\n","protected":false},"author":1,"featured_media":81768,"comment_status":"open","ping_status":"open","sticky":false,"template":"","format":"standard","meta":{"footnotes":""},"categories":[571],"tags":[],"class_list":["post-108867","post","type-post","status-publish","format-standard","has-post-thumbnail","hentry","category-blog-du-chemin"],"_links":{"self":[{"href":"https:\/\/www.mundiplus.com\/fr\/wp-json\/wp\/v2\/posts\/108867","targetHints":{"allow":["GET"]}}],"collection":[{"href":"https:\/\/www.mundiplus.com\/fr\/wp-json\/wp\/v2\/posts"}],"about":[{"href":"https:\/\/www.mundiplus.com\/fr\/wp-json\/wp\/v2\/types\/post"}],"author":[{"embeddable":true,"href":"https:\/\/www.mundiplus.com\/fr\/wp-json\/wp\/v2\/users\/1"}],"replies":[{"embeddable":true,"href":"https:\/\/www.mundiplus.com\/fr\/wp-json\/wp\/v2\/comments?post=108867"}],"version-history":[{"count":0,"href":"https:\/\/www.mundiplus.com\/fr\/wp-json\/wp\/v2\/posts\/108867\/revisions"}],"wp:featuredmedia":[{"embeddable":true,"href":"https:\/\/www.mundiplus.com\/fr\/wp-json\/wp\/v2\/media\/81768"}],"wp:attachment":[{"href":"https:\/\/www.mundiplus.com\/fr\/wp-json\/wp\/v2\/media?parent=108867"}],"wp:term":[{"taxonomy":"category","embeddable":true,"href":"https:\/\/www.mundiplus.com\/fr\/wp-json\/wp\/v2\/categories?post=108867"},{"taxonomy":"post_tag","embeddable":true,"href":"https:\/\/www.mundiplus.com\/fr\/wp-json\/wp\/v2\/tags?post=108867"}],"curies":[{"name":"wp","href":"https:\/\/api.w.org\/{rel}","templated":true}]}}