{"id":108918,"date":"2020-12-05T17:17:07","date_gmt":"2020-12-05T17:17:07","guid":{"rendered":"https:\/\/www.mundiplus.com\/pourquoi-faire-le-camino-de-santiago\/"},"modified":"2024-09-05T16:27:16","modified_gmt":"2024-09-05T16:27:16","slug":"pourquoi-faire-le-camino-de-santiago","status":"publish","type":"post","link":"https:\/\/www.mundiplus.com\/fr\/blog\/por-que-hacer-el-camino-de-santiago\/","title":{"rendered":"Pourquoi faire le Camino de Santiago"},"content":{"rendered":"<p class=\"gt-block\">La question de savoir pourquoi le Camino de Santiago a \u00e9t\u00e9 interrog\u00e9e et r\u00e9pondue en m\u00eame temps tout au long des quelque 1200 ans de <a href=\"https:\/\/www.mundiplus.com\/fr\/blog\/historia-del-camino-de-santiago\" target=\"_blank\" rel=\"noopener noreferrer\">histoire du Camino de Santiago.<\/a><\/p>\n<p class=\"gt-block\">Des millions de personnes du monde entier ont parcouru l&rsquo;infini de <a href=\"https:\/\/www.mundiplus.com\/fr\/caminos\/a-pie\" target=\"_blank\" rel=\"noopener noreferrer\">Itin\u00e9raires du Camino de Santiago<\/a> qui convergent \u00e0 Saint-Jacques-de-Compostelle, s&rsquo;affirmant comme un ph\u00e9nom\u00e8ne sociologique de premier ordre, non seulement pour les chr\u00e9tiens, mais pour quiconque \u00ab\u00a0recherche quelque chose\u00a0\u00bb<\/p>\n<h2><span style=\"color: #00ccff;\">P\u00c8LERINS, TOURISTES OU PROMENEURS \u00c0 SANTIAGO<\/span><\/h2>\n<p>Il y a des \u00ab\u00a0p\u00e8lerins\u00a0\u00bb sur le Camino, au sens strict du terme, ou simplement des \u00ab\u00a0marcheurs vers Santiago\u00a0\u00bb, mais nous pensons que la rigueur absolue des mots ne doit pas \u00eatre abandonn\u00e9e.<\/p>\n<p>Chaque personne fait \u00ab\u00a0son propre Camino\u00a0\u00bb et qui sommes-nous si nous affirmons fermement \u00ab\u00a0que le Camino de Santiago doit \u00eatre fait d&rsquo;une mani\u00e8re ou d&rsquo;une autre\u00a0\u00bb, car nous trouverons s\u00fbrement des raisons suffisantes pour d\u00e9former, avec des faits, cette affirmation, comme on disait au Moyen-Age \u2013 mon secret pour moi -, car penser que tout le monde suit la Voie, pour des raisons spirituelles, c&rsquo;est oublier ce que chaque homme\/femme est et sera toujours.<\/p>\n<p class=\"gt-block\">En effet, si l&rsquo;on s&rsquo;en tient au <strong>sens<\/strong> Selon l&rsquo;Acad\u00e9mie royale de la langue espagnole, selon l&rsquo;Acad\u00e9mie royale de la langue espagnole, nous pouvons voir que tous sont valables sur le parcours :<\/p>\n<p class=\"gt-block\"><strong>P\u00e8lerin<\/strong>: \u00ab\u00a0Personne qui erre dans des pays \u00e9trangers\u00a0\u00bb ou \u00ab\u00a0Personne qui, par d\u00e9votion ou v\u0153u, va visiter un sanctuaire, surtout s&rsquo;il porte un b\u00e2ton et une cape\u00a0\u00bb<\/p>\n<p class=\"gt-block\"><strong>touristique<\/strong>: \u00ab Personne qui fait du tourisme, pour le plaisir \u00bb.<\/p>\n<p class=\"gt-block\"><strong>Marcheur<\/strong>: \u00ab\u00a0personne qui marche\u00a0\u00bb<\/p>\n<p><img decoding=\"async\" class=\"alignnone wp-image-21021 size-full ls-is-cached lazyloaded\" src=\"https:\/\/www.mundiplus.com\/wp-content\/uploads\/2024\/04\/Santiago-de-Compostela-scaled-1.jpg\"  alt=\"Saint Jacques de Compostelle\" width=\"100%\"><img decoding=\"async\" class=\"alignnone wp-image-21021 size-full lazyload\" src=\"https:\/\/www.mundiplus.com\/wp-content\/uploads\/2024\/04\/Santiago-de-Compostela-scaled-1.jpg\" alt=\"Santiago de Compostela\" width=\"100%\"   \/><\/p>\n<h2><span style=\"color: #00ccff;\">FAIRE LE CAMINO DE SANTIAGO \u00ab\u00a0HOOK ON\u00a0\u00bb<\/span><\/h2>\n<p>Peut-\u00eatre que l&rsquo;une des principales raisons pour lesquelles il \u00ab\u00a0accroche\u00a0\u00bb est qu&rsquo;il vous offre ce que vous recherchez, et m\u00eame certaines des choses que vous ne pensiez m\u00eame pas y trouver, car dans votre promenade, cela vous donnera du temps r\u00e9fl\u00e9chir, discuter avec d&rsquo;autres p\u00e8lerins, rencontrer des gens, mettre de l&rsquo;ordre dans ses id\u00e9es ou tout simplement ne rien vouloir de sp\u00e9cial.<\/p>\n<p class=\"gt-block\">Ce qui est vrai, dans la plupart des cas, c&rsquo;est qu&rsquo;une fois arriv\u00e9s \u00e0 Saint-Jacques-de-Compostelle sur la Plaza del Obradoiro, et ayant la Cath\u00e9drale comme t\u00e9moin, de \u00ab\u00a0multiples sensations personnelles\u00a0\u00bb feront surface, quelle que soit votre motivation, eh bien <strong>\u00ab\u00a0Parfois, la recherche compte plus que ce que vous y trouvez\u00a0\u00bb<\/strong>Le \u00a0\u00bb <strong>Le chemin est plus important que la destination \u00bb<\/strong>.<\/p>\n<p>Que vous suiviez un itin\u00e9raire ou un autre, vous trouverez d&rsquo;innombrables arguments religieux, historiques, culturels, architecturaux, etc., qui ont forg\u00e9 la cr\u00e9ation de l&rsquo;Europe, puisque le Camino de Santiago a \u00e9t\u00e9 le creuset de tous les peuples et peuples qui ont fait des p\u00e8lerinages et continuer \u00e0 le faire, le long du Camino en y laissant leur empreinte. C&rsquo;est pourquoi le Camino de Santiago est consid\u00e9r\u00e9 comme la rue principale de l&rsquo;Europe.<\/p>\n<h2><span style=\"color: #00ccff;\">MOTIVATIONS POUR FAIRE LE CAMINO DE SANTIAGO<\/span><\/h2>\n<p>Il y a autant de raisons diff\u00e9rentes de faire le Camino de Santiago qu&rsquo;il y a de personnes qui le font, qu&rsquo;elles soient sportives, culturelles, gastronomiques, touristiques, ou simplement par curiosit\u00e9, qu&rsquo;elles soient croyantes ou non. La v\u00e9rit\u00e9 est que \u00ab\u00a0quelque chose\u00a0\u00bb aura ce Camino lorsque de nombreuses personnes qui, une fois qu&rsquo;elles l&rsquo;auront fait pour la premi\u00e8re fois, r\u00e9p\u00e9teront cette exp\u00e9rience fascinante ann\u00e9e apr\u00e8s ann\u00e9e.<\/p>\n<p><img decoding=\"async\" class=\"alignnone wp-image-21053 size-full lazyload\" src=\"https:\/\/www.mundiplus.com\/wp-content\/uploads\/2024\/04\/Puente-Orbigo-scaled-1.jpg\" alt=\" width=\"100%\"   \/><\/p>\n<h2><span style=\"color: #00ccff;\">STATISTIQUES DES P\u00c8LERINS<\/span><\/h2>\n<p>Tout au long de l&rsquo;ann\u00e9e 2019, 347.578 327.378 p\u00e8lerins ont \u00e9t\u00e9 re\u00e7us au Bureau des p\u00e8lerins de Saint-Jacques-de-Compostelle contre 2018 20.200 p\u00e8lerins en XNUMX, ce qui repr\u00e9sente une augmentation de XNUMX XNUMX personnes par rapport \u00e0 l&rsquo;ann\u00e9e pr\u00e9c\u00e9dente. Selon leurs manifestations, se refl\u00e8tent les diff\u00e9rentes motivations pour lesquelles ils ont fait leur Chemin :<\/p>\n<p class=\"gt-block\">Religieux et autres : 169.314 XNUMX<br \/> Religieux&nbsp;: 140.110&nbsp;XNUMX<br \/> Non religieux : 38.154 XNUMX<\/p>\n<p class=\"gt-block\">En fonction de vos motivations pour faire le Camino de Santiago, \u00e0 votre arriv\u00e9e \u00e0 Saint-Jacques-de-Compostelle, vous recevrez le certificat de <a href=\"https:\/\/www.mundiplus.com\/fr\/blog\/como-obtener-la-compostela\" target=\"_blank\" rel=\"noopener noreferrer\">La Compostelle<\/a> si ce sont des motivations religieuses ou un autre certificat similaire si c&rsquo;est pour d&rsquo;autres raisons. Personne ne sera laiss\u00e9 sans la reconnaissance du Chemin accompli !<\/p>\n<p class=\"gt-block\">En prolongeant ces motivations, elles pourraient \u00eatre synth\u00e9tis\u00e9es en : <a href=\"https:\/\/www.mundiplus.com\/fr\/blog\/la-tumba-del-apostol-santiago-y-sus-origenes\" target=\"_blank\" rel=\"noopener noreferrer\">Visitez le Tombeau de l&rsquo;Ap\u00f4tre<\/a> \u2013 Apprendre \u00e0 se conna\u00eetre \u2013 D\u00e9paysement \u2013 \u200b\u200bCulture \u2013 Gastronomie \u2013 Sport \u2013 Rencontrer \u2013 Sortir de la routine \u2013 Se faire des amis. De plus en plus de p\u00e8lerins d&rsquo;apr\u00e8s ces statistiques embauchent le&nbsp;<a href=\"https:\/\/www.mundiplus.com\/fr\/\" target=\"_blank\" rel=\"noopener\">Camino de Santiago avec des voyages organis\u00e9s<\/a> par l&rsquo;interm\u00e9diaire d&rsquo;entreprises sp\u00e9cialis\u00e9es, telles que Viajes Mundiplus, qui proposent des services d&rsquo;assistance, un service t\u00e9l\u00e9phonique, des r\u00e9servations dans des h\u00e9bergements de charme, la r\u00e9cup\u00e9ration des bagages, etc.<\/p>\n<h2><span style=\"color: #00ccff;\">EXP\u00c9RIENCE PERSONNELLE<\/span><\/h2>\n<p>Il ne s&rsquo;agit pas seulement d&rsquo;un circuit touristique au sens strict, car s&rsquo;y expriment un nombre infini d&rsquo;expressions \u00e0 caract\u00e8re religieux qui constituent l&rsquo;essence religieuse de la foi chr\u00e9tienne et qui, quelle que soit la motivation personnelle, se traduit g\u00e9n\u00e9ralement par une forte exp\u00e9rience personnelle enrichissante. , tr\u00e8s diff\u00e9rente des autres.<\/p>\n<p>Il est tr\u00e8s probable que vous connaissiez tous quelqu&rsquo;un qui l&rsquo;a d\u00e9j\u00e0 fait et qui vous a fait part de ses exp\u00e9riences, de ses impressions et que vous en ayez d\u00e9j\u00e0 une certaine connaissance, ou qu&rsquo;\u00e0 un moment donn\u00e9 vous ayez pens\u00e9 \u00e0 le faire et c&rsquo;est quelque chose que vous avez\u00a0\u00bb en attendant\u00a0\u00bb. Vous devez en faire l&rsquo;exp\u00e9rience \u00e0 la premi\u00e8re personne, car la r\u00e9alit\u00e9 d\u00e9passe de loin la l\u00e9gende du Camino.<\/p>\n<p class=\"gt-block\">De m\u00eame, peut-\u00eatre nous sommes-nous rencontr\u00e9s dans une ville, alors que vous \u00e9tiez en visite, avec un p\u00e8lerin et vous vous \u00eates peut-\u00eatre demand\u00e9, en les voyant fatigu\u00e9s ou en sueur <strong>pourquoi le feront-ils, si cela en vaut la peine et si je peux le faire moi-m\u00eame&nbsp;?<\/strong> et il n&rsquo;y a qu&rsquo;une seule r\u00e9ponse possible, OUI !! \u2026. c&rsquo;est \u00e0 vous de le d\u00e9couvrir.<\/p>\n<p>Des millions de personnes, tout au long de son histoire, l&rsquo;ont fait et, chacun avec son \u00ab\u00a0sac \u00e0 dos\u00a0\u00bb de probl\u00e8mes, de doutes, de manques, ou autres raisons et, comme tout le monde, ont termin\u00e9 leur \u00ab\u00a0petite aventure\u00a0\u00bb, chacun avec plus ou moins l&rsquo;effort et les \u00e9gratignures ou cloques occasionnelles.<\/p>\n<p>Nous conseillons de ne pas \u00eatre press\u00e9 de terminer les \u00e9tapes afin d&rsquo;en atteindre la fin tr\u00e8s bient\u00f4t, car il faudra se rappeler que l&rsquo;essence du Camino est en soi, et non dans l&rsquo;atteinte de la fin.<\/p>\n<p><img decoding=\"async\" class=\"alignnone wp-image-21063 size-full lazyload\" src=\"https:\/\/www.mundiplus.com\/wp-content\/uploads\/2024\/04\/Camino-de-Santiago-desde-Finisterre-scaled-1.jpg\" alt=\"Camino de Santiago desde Finisterre\" width=\"100%\"   \/><\/p>\n<h3><span style=\"color: #00ccff;\">FAIS TON PROPRE CHEMIN<\/span><\/h3>\n<p class=\"gt-block\">Nous pensons qu&rsquo;il est conseill\u00e9 que chaque personne, m\u00eame si elle part avec un grand groupe de personnes, fasse son \u00ab\u00a0propre Camino\u00a0\u00bb, \u00e0 son rythme, pas \u00e0 celui des autres. d&rsquo;autres personnes d\u00e9cident <a href=\"https:\/\/www.mundiplus.com\/fr\/blog\/hacer-el-camino-de-santiago-solo\" target=\"_blank\" rel=\"noopener noreferrer\">faire le Camino de Santiago seul<\/a>&nbsp;par leur propre d\u00e9cision ou par manque de connaissances qui correspondent aux m\u00eames dates du voyage. Ce ne serait pas un probl\u00e8me puisqu&rsquo;ils rejoignent alors les p\u00e8lerins en route, ou dans leur propre logement ; puisqu&rsquo;il s&rsquo;agit pr\u00e9cis\u00e9ment du Camino de Santiago, partagez l&rsquo;exp\u00e9rience avec des personnes du monde entier.<\/p>\n<p>Bien que chacun d\u00e9cide, \u00e0 tout moment, comment il veut affronter son Camino, cela vous donnera l&rsquo;impression d&rsquo;\u00eatre impliqu\u00e9 dans un environnement \u00ab\u00a0sp\u00e9cial\u00a0\u00bb, dans lequel vous \u00eates entour\u00e9 d&rsquo;un grand groupe de personnes, de toutes parts. du monde. , avec des pr\u00e9occupations, des buts, des objectifs identiques ou similaires et avec des besoins similaires, ainsi un climat est cr\u00e9\u00e9 qui favorise l&rsquo;altruisme, la camaraderie, une attitude ouverte et g\u00e9n\u00e9reuse envers vos compagnons de voyage, m\u00eame si vous ne les connaissez pas \u00e0 le moment&#8230; mais que vous co\u00efnciderez avec beaucoup d&rsquo;entre eux le long de votre Chemin.<\/p>\n<p>Probablement, une fois que vous avez march\u00e9 pendant quelques jours, vous avez d\u00e9couvert ces petits d\u00e9tails qui vous rendent heureux ou que vous vous sentez bien dans ce que vous faites, sans manquer ces choses quotidiennes auxquelles vous accordiez auparavant une importance excessive, comme \u00ab\u00a0Je n&rsquo;ai pas de couverture mobile\u00a0\u00bb.<\/p>\n<p class=\"gt-block\">Ce qui avant, pour beaucoup, pouvait \u00eatre comme une \u00ab\u00a0excursion\u00a0\u00bb, peut maintenant \u00eatre un voyage en soi, dans lequel l&rsquo;important est le quotidien ou \u00ab\u00a0Carpe Diem\u00a0\u00bb, comme dirait le po\u00e8te Horacio, qui se traduirait par : <strong>\u00ab Saisir aujourd&rsquo;hui ; faire le moins confiance possible \u00e0 demain \u00bb<\/strong>. Vous aurez le temps d&rsquo;\u00e9couter le silence, d&rsquo;entendre le ruissellement de l&rsquo;eau des ruisseaux, des choses simples auxquelles nous ne serons pas tr\u00e8s habitu\u00e9s dans notre travail quotidien.<\/p>\n<p>\u00c0 mon avis, cela ne signifie pas que le Camino change nos convictions personnelles, mais il se peut que nous les ratifiions ou, au contraire, simplement, comme nous l&rsquo;avons soulign\u00e9 dans les paragraphes pr\u00e9c\u00e9dents, j&rsquo;ai senti que pendant que je faisais le Camino , \u00ab\u00a0J&rsquo;ai trouv\u00e9 heureux\u00a0\u00bb, et avec cette \u00ab\u00a0mission accomplie\u00a0\u00bb, aussi simple que cela.<\/p>\n<p><img decoding=\"async\" class=\"alignnone wp-image-21055 size-full lazyload\" src=\"https:\/\/www.mundiplus.com\/wp-content\/uploads\/2024\/04\/Camino-desde-Sarria-scaled-1.jpg\" alt=\"Camino de santiago desde sarria\" width=\"100%\"   \/><\/p>\n<h3><span style=\"color: #00ccff;\">BONNES SENTIMENTS ET \u00c9NERGIES POSITIVES (\u00ab PURA VIDA \u00bb)<\/span><\/h3>\n<div class=\"article-content\">\n<p class=\"gt-block\"><strong>Faire le Camino de Santiago concerne les exp\u00e9riences v\u00e9cues<\/strong>, ce ne sont pas seulement les photographies dont nous nous souviendrons, mais les bons moments en compagnie d&rsquo;autres p\u00e8lerins de cultures et de pays diff\u00e9rents, l&rsquo;aide et l&rsquo;accueil re\u00e7us, le traitement humain et proche de ses habitants, le contact avec la nature, la rencontre vous-m\u00eame et ressentez la paix int\u00e9rieure. Tout cela vous laissera l&rsquo;esprit libre et fera ressortir le meilleur de vous-m\u00eame.<\/p>\n<p>Le Camino est entour\u00e9 de ces sensations et des \u00e9nergies positives de tant de p\u00e8lerins qui l&rsquo;ont parcouru pendant des si\u00e8cles. Celui qui commence l&rsquo;un des itin\u00e9raires du Camino le fait charg\u00e9 d&rsquo;illusions, d&rsquo;espoirs, de bonne \u00e9nergie, etc. C&rsquo;est pr\u00e9cis\u00e9ment ce que le p\u00e8lerin ressent et en est impr\u00e9gn\u00e9. Le Camino est \u00ab\u00a0pura vida\u00a0\u00bb qui va de ses rivi\u00e8res, les pentes de ses montagnes, les feuilles des arbres, ses pierres, etc.<\/p>\n<div class=\"mp-box mp-box--check\">\n<p class=\"gt-block\"><strong>R\u00c9FLEXIONS DE P\u00c8LERIN<\/strong><\/p>\n<p>La valeur du Chemin et de la Vie, n&rsquo;est pas dans ce que vous marchez, dans ce que vous d\u00e9couvrez, ou dans ce qui vous est donn\u00e9 ; la valeur de la Voie r\u00e9side dans l&rsquo;amour que vous offrez au cours de votre voyage.<\/p>\n<p>Le Camino de Santiago est une recherche et une fascination pour l&rsquo;univers des sens.<\/p>\n<p>Le Camino nous offre du temps et du temps pour tout ce que nous recherchons, du temps pour rencontrer des \u00ab\u00a0compagnons du Camino\u00a0\u00bb, r\u00e9fl\u00e9chir, prendre des photos, visiter des monuments int\u00e9ressants le long du parcours, partager des exp\u00e9riences et des exp\u00e9riences, etc.<\/p>\n<\/div>\n<p>Mais ne vous y trompez pas, p\u00e8lerins, l&rsquo;arriv\u00e9e \u00e0 Saint-Jacques-de-Compostelle n&rsquo;est pas la fin, mais la fin d&rsquo;un voyage qui commence le Vrai Chemin.<\/p>\n<p class=\"gt-block\">Si vous voulez vivre votre vrai Camino de Santiago et obtenir la Compostelle, nous pouvons organiser votre <a href=\"https:\/\/www.mundiplus.com\/fr\/caminos\/a-pie\/camino-frances\/camino-de-santiago-desde-sarria\" target=\"_blank\" rel=\"noopener\">Camino de Santiago de Sarria organis\u00e9<\/a>!<\/p>\n<\/div>\n","protected":false},"excerpt":{"rendered":"<p>La question de savoir pourquoi le Camino de Santiago a \u00e9t\u00e9 interrog\u00e9e et r\u00e9pondue en m\u00eame temps tout au long des quelque 1200 ans de histoire du Camino de Santiago. Des millions de personnes du monde entier ont parcouru l&rsquo;infini de Itin\u00e9raires du Camino de Santiago qui convergent \u00e0 Saint-Jacques-de-Compostelle, s&rsquo;affirmant comme un ph\u00e9nom\u00e8ne sociologique [&hellip;]<\/p>\n","protected":false},"author":1,"featured_media":82325,"comment_status":"open","ping_status":"open","sticky":false,"template":"","format":"standard","meta":{"footnotes":""},"categories":[571],"tags":[],"class_list":["post-108918","post","type-post","status-publish","format-standard","has-post-thumbnail","hentry","category-blog-du-chemin"],"_links":{"self":[{"href":"https:\/\/www.mundiplus.com\/fr\/wp-json\/wp\/v2\/posts\/108918","targetHints":{"allow":["GET"]}}],"collection":[{"href":"https:\/\/www.mundiplus.com\/fr\/wp-json\/wp\/v2\/posts"}],"about":[{"href":"https:\/\/www.mundiplus.com\/fr\/wp-json\/wp\/v2\/types\/post"}],"author":[{"embeddable":true,"href":"https:\/\/www.mundiplus.com\/fr\/wp-json\/wp\/v2\/users\/1"}],"replies":[{"embeddable":true,"href":"https:\/\/www.mundiplus.com\/fr\/wp-json\/wp\/v2\/comments?post=108918"}],"version-history":[{"count":0,"href":"https:\/\/www.mundiplus.com\/fr\/wp-json\/wp\/v2\/posts\/108918\/revisions"}],"wp:featuredmedia":[{"embeddable":true,"href":"https:\/\/www.mundiplus.com\/fr\/wp-json\/wp\/v2\/media\/82325"}],"wp:attachment":[{"href":"https:\/\/www.mundiplus.com\/fr\/wp-json\/wp\/v2\/media?parent=108918"}],"wp:term":[{"taxonomy":"category","embeddable":true,"href":"https:\/\/www.mundiplus.com\/fr\/wp-json\/wp\/v2\/categories?post=108918"},{"taxonomy":"post_tag","embeddable":true,"href":"https:\/\/www.mundiplus.com\/fr\/wp-json\/wp\/v2\/tags?post=108918"}],"curies":[{"name":"wp","href":"https:\/\/api.w.org\/{rel}","templated":true}]}}