{"id":108925,"date":"2020-05-15T10:58:07","date_gmt":"2020-05-15T10:58:07","guid":{"rendered":"https:\/\/www.mundiplus.com\/ferrol-arsenal-et-chateaux\/"},"modified":"2024-09-05T18:11:06","modified_gmt":"2024-09-05T18:11:06","slug":"ferrol-arsenal-et-chateaux","status":"publish","type":"post","link":"https:\/\/www.mundiplus.com\/fr\/blog\/ferrol-arsenal-y-castillos\/","title":{"rendered":"Ferrol. Arsenal et ch\u00e2teaux."},"content":{"rendered":"<p class=\"gt-block p1\"><span class=\"s1\">Ferrol, une ville galicienne situ\u00e9e dans la province de La Corogne, est le point de d\u00e9part du <a href=\"https:\/\/www.mundiplus.com\/fr\/caminos\/a-pie\/camino-ingles\/ferrol-santiago\" target=\"_blank\" rel=\"noopener noreferrer\">Camino de Santiago Anglais de Ferrol<\/a>. Le patronyme \u00ab\u00a0English\u00a0\u00bb est d\u00fb au fait que c&rsquo;\u00e9tait le lieu, avec, dans une moindre mesure, La Corogne, o\u00f9 les p\u00e8lerins scandinaves, d&rsquo;Europe centrale et anglais arrivaient par la mer pour faire leur p\u00e8lerinage \u00e0 Saint-Jacques-de-Compostelle au Moyen \u00c2ge. M\u00e9dias, du XIIe si\u00e8cle. On pense que le premier p\u00e8lerinage sur ce Camino a eu lieu en 1147.<\/span><\/p>\n<p class=\"gt-block p1\"><span class=\"s1\">Une ville \u00e9minemment li\u00e9e, depuis sa fondation, aux activit\u00e9s li\u00e9es \u00e0 la mer, qui a d\u00e9termin\u00e9 son mode de vie, l&rsquo;art, la culture, la vie sociale, l&rsquo;urbanisme et l&rsquo;industrie. Il vaut la peine de se promener tranquillement dans ses rues \u00e9troites et irr\u00e9guli\u00e8res au trac\u00e9 m\u00e9di\u00e9val.<\/span><\/p>\n<p class=\"gt-block p1\"><span class=\"s1\">A ses d\u00e9buts, l&rsquo;activit\u00e9 principale de la ville \u00e9tait l&rsquo;industrie de la p\u00eache. C&rsquo;est \u00e0 partir du XVIe si\u00e8cle (ann\u00e9e 1557), sous le r\u00e8gne de Felipe II, que la croissance de la ville a commenc\u00e9, \u00e0 partir de la construction d&rsquo;installations militaires pour la protection de la ville, en raison des futures attaques orchestr\u00e9es principalement depuis l&rsquo;Angleterre et la France. , qui \u00e9taient Les puissances europ\u00e9ennes rivales de l&rsquo;Espagne.<\/span><\/p>\n<p class=\"gt-block p3\"><span class=\"s1\">En cons\u00e9quence, trois ch\u00e2teaux ont \u00e9t\u00e9 construits \u00e0 l&rsquo;entr\u00e9e de l&rsquo;estuaire &#8211; San Felipe, (le plus important, un site d&rsquo;int\u00e9r\u00eat culturel), La Palma et San Mart\u00edn, qui formaient un triangle de feu d\u00e9fensif, infranchissable par la mer. Au cours des si\u00e8cles, ils ont subi plusieurs r\u00e9novations, qui se sont termin\u00e9es au XVIIIe si\u00e8cle (ann\u00e9e 1775). Aujourd&rsquo;hui, il est parfaitement conserv\u00e9. <a href=\"https:\/\/visitferrol.com\/castillo-de-san-felipe\/\" target=\"_blank\" rel=\"nofollow noopener\">Castillo de San Felipe<\/a> et le Castillo de la Palma, mais pas le Castillo de San Mart\u00edn.<\/span><\/p>\n<p><img decoding=\"async\" class=\"aligncenter wp-image-15584 size-full ls-is-cached lazyloaded\" src=\"https:\/\/www.mundiplus.com\/wp-content\/uploads\/2024\/04\/ria-ferrol.jpg\"  alt=\"ria-ferrol-camino-anglais\" width=\"100%\"><img decoding=\"async\" class=\"aligncenter wp-image-15584 size-full lazyload\" src=\"https:\/\/www.mundiplus.com\/wp-content\/uploads\/2024\/04\/ria-ferrol.jpg\" alt=\"ria-ferrol-camino-ingles\" width=\"100%\"   \/><\/p>\n<p class=\"gt-block p1\"><span class=\"s1\">En raison de l&rsquo;importante pr\u00e9sence navale et militaire \u00e0 Ferrol, l&rsquo;activit\u00e9 li\u00e9e \u00e0 la construction et \u00e0 l&rsquo;entretien de navires militaires et civils s&rsquo;est consolid\u00e9e, c&rsquo;est pourquoi elle dispose d\u00e9sormais d&rsquo;importants chantiers navals.<\/span><\/p>\n<p class=\"gt-block p1\"><span class=\"s1\">La ville se d\u00e9veloppait de la mer vers l&rsquo;int\u00e9rieur. Au d\u00e9part, avec d&rsquo;humbles maisons de p\u00eacheurs et de marins, avec toutes les infrastructures subsidiaires. Comme exemple principal, le Barrio de Esteiro a \u00e9t\u00e9 construit, le premier quartier ouvrier de Galice, cr\u00e9\u00e9 pour les ouvriers qui ont construit l&rsquo;Arsenal, o\u00f9 survivent la Casa del Pat\u00edn et l&rsquo;ancien h\u00f4pital de la Marina, comme exemples de cela.<\/span><\/p>\n<p class=\"gt-block p1\"><span class=\"s1\">D&rsquo;une importance particuli\u00e8re pour la ville, il faut mentionner le marquis d&rsquo;Ensenada, qui \u00e9tait secr\u00e9taire de la Marine au XVIIIe si\u00e8cle et sous le mandat duquel l&rsquo;Arsenal de la Marina a \u00e9t\u00e9 construit, ce qui a entra\u00een\u00e9 une croissance \u00e0 tous les niveaux de Ferrol.&nbsp;<\/span><\/p>\n<p class=\"gt-block p1\"><span class=\"s1\">Une autre figure d&rsquo;une importance particuli\u00e8re pour la ville \u00e9tait Jorge Juan y Santacilia, qui a con\u00e7u l&rsquo;Arsenal, o\u00f9 se distingue la salle d&rsquo;armes, et la planification du quartier de la Magdalena.<\/span><\/p>\n<p><img decoding=\"async\" class=\"aligncenter wp-image-15580 size-large lazyload\" src=\"https:\/\/www.mundiplus.com\/wp-content\/uploads\/2020\/05\/TEATRO-JOFRE-FERROL-1024x577.jpg\" alt=\"teatro-jofre-ferrol\" width=\"100%\"   \/><\/p>\n<p class=\"gt-block p1\"><span class=\"s1\">Comme \u00e9l\u00e9ments culturels et ornementaux les plus pertinents de la ville, on peut \u00e9galement citer :<\/span><\/p>\n<p class=\"gt-block p1\"><span class=\"s1\">La fontaine de San Roque : situ\u00e9e \u00e0 l&rsquo;arri\u00e8re de l&rsquo;\u00e9glise de San Francisco, date de 1784, \u00e9tant l&rsquo;un des embl\u00e8mes de la ville, o\u00f9 figurent les anciennes armoiries de Ferrol.<\/span><\/p>\n<p class=\"gt-block p1\"><span class=\"s1\">Teatro Jofre : Inaugur\u00e9 en 1892, c&rsquo;est un lieu embl\u00e9matique de la culture ferrolane.<\/span><\/p>\n<p class=\"gt-block\"><span class=\"s1\">\u00c9glise de San Julian d\u00e9di\u00e9e au saint patron de la ville et datant de 1765 (Ensemble historico-artistique)<\/span><\/p>\n<p class=\"gt-block\">si nous faisons cela <a href=\"https:\/\/www.mundiplus.com\/fr\/\" target=\"_blank\" rel=\"noopener\">Camino de Santiago avec voyage organis\u00e9<\/a>&nbsp;<span class=\"s1\">nous trouverons des endroits comme Neda, Puentedeume, Betanzos, Bruma, Sigueiro, entre autres. UN<\/span>&nbsp;notre arriv\u00e9e \u00e0 Santiago nous donnera \u00ab\u00a0la fameuse Compostelle\u00a0\u00bb qui accr\u00e9dite avoir parcouru au moins les 100 derniers kilom\u00e8tres du Camino de Santiago, qui dans le cas d&rsquo;un d\u00e9part de la ville de Ferrol serait de 121 kilom\u00e8tres. Les autres alternatives d&rsquo;itin\u00e9raires tr\u00e8s populaires pour se rendre \u00e0 La Compostelle sont principalement : <a href=\"https:\/\/www.mundiplus.com\/fr\/caminos\/a-pie\/camino-frances\/camino-de-santiago-desde-sarria\" target=\"_blank\" rel=\"noopener\">Camino de Santiago de Sarria<\/a>&nbsp;el <a href=\"https:\/\/www.mundiplus.com\/fr\/caminos\/a-pie\/camino-portugues\/tui-santiago\" target=\"_blank\" rel=\"noopener noreferrer\">Camino de Santiago Portugais de Tui<\/a>.<\/p>\n","protected":false},"excerpt":{"rendered":"<p>Ferrol, une ville galicienne situ\u00e9e dans la province de La Corogne, est le point de d\u00e9part du Camino de Santiago Anglais de Ferrol. Le patronyme \u00ab\u00a0English\u00a0\u00bb est d\u00fb au fait que c&rsquo;\u00e9tait le lieu, avec, dans une moindre mesure, La Corogne, o\u00f9 les p\u00e8lerins scandinaves, d&rsquo;Europe centrale et anglais arrivaient par la mer pour faire [&hellip;]<\/p>\n","protected":false},"author":1,"featured_media":82451,"comment_status":"open","ping_status":"open","sticky":false,"template":"","format":"standard","meta":{"footnotes":""},"categories":[571,599],"tags":[],"class_list":["post-108925","post","type-post","status-publish","format-standard","has-post-thumbnail","hentry","category-blog-du-chemin","category-villages-et-regions"],"_links":{"self":[{"href":"https:\/\/www.mundiplus.com\/fr\/wp-json\/wp\/v2\/posts\/108925","targetHints":{"allow":["GET"]}}],"collection":[{"href":"https:\/\/www.mundiplus.com\/fr\/wp-json\/wp\/v2\/posts"}],"about":[{"href":"https:\/\/www.mundiplus.com\/fr\/wp-json\/wp\/v2\/types\/post"}],"author":[{"embeddable":true,"href":"https:\/\/www.mundiplus.com\/fr\/wp-json\/wp\/v2\/users\/1"}],"replies":[{"embeddable":true,"href":"https:\/\/www.mundiplus.com\/fr\/wp-json\/wp\/v2\/comments?post=108925"}],"version-history":[{"count":0,"href":"https:\/\/www.mundiplus.com\/fr\/wp-json\/wp\/v2\/posts\/108925\/revisions"}],"wp:featuredmedia":[{"embeddable":true,"href":"https:\/\/www.mundiplus.com\/fr\/wp-json\/wp\/v2\/media\/82451"}],"wp:attachment":[{"href":"https:\/\/www.mundiplus.com\/fr\/wp-json\/wp\/v2\/media?parent=108925"}],"wp:term":[{"taxonomy":"category","embeddable":true,"href":"https:\/\/www.mundiplus.com\/fr\/wp-json\/wp\/v2\/categories?post=108925"},{"taxonomy":"post_tag","embeddable":true,"href":"https:\/\/www.mundiplus.com\/fr\/wp-json\/wp\/v2\/tags?post=108925"}],"curies":[{"name":"wp","href":"https:\/\/api.w.org\/{rel}","templated":true}]}}