{"id":108936,"date":"2019-02-26T14:16:35","date_gmt":"2019-02-26T14:16:35","guid":{"rendered":"https:\/\/www.mundiplus.com\/haut-de-pardon\/"},"modified":"2024-09-05T16:27:59","modified_gmt":"2024-09-05T16:27:59","slug":"haut-de-pardon","status":"publish","type":"post","link":"https:\/\/www.mundiplus.com\/fr\/blog\/alto-del-perdon\/","title":{"rendered":"haut de pardon"},"content":{"rendered":"<p class=\"gt-block p1\"><span class=\"s1\">El<strong> Haut de Pardon<\/strong> o Puerto del Perd\u00f3n est situ\u00e9 \u00e0 770 m\u00e8tres. altitude et fait partie de la Sierra del Perd\u00f3n, ou Reniega\/Erreniega, en basque, est situ\u00e9 dans la Communaut\u00e9 autonome de Navarre <\/span><span class=\"s1\">et situ\u00e9 \u00e0 environ 13 km de Pampelune. Nous pourrons voir, le long de cette cha\u00eene de montagnes, le premier parc \u00e9olien construit en Navarre, jalonn\u00e9 de 40 \u00ab\u00a0moulins \u00e0 vent\u00a0\u00bb<\/span><\/p>\n<p class=\"gt-block p1\"><span class=\"s1\">Selon de nombreux <a href=\"https:\/\/www.mundiplus.com\/fr\/\" target=\"_blank\" rel=\"noopener\">entreprises organisatrices du Camino de Santiago<\/a>&nbsp;C&rsquo;est l&rsquo;un des points les plus repr\u00e9sentatifs du Chemin fran\u00e7ais, une \u00e9tape obligatoire qui se trouve entre l&rsquo;\u00e9tape qui relie Pampelune \u00e0 Puente la Reina, <\/span><span class=\"s1\">qui est celui effectu\u00e9 par la plupart des p\u00e8lerins qui font le <a href=\"https:\/\/www.mundiplus.com\/fr\/caminos\/a-pie\/camino-frances\/roncesvalles-logrono\" target=\"_blank\" rel=\"noopener noreferrer\">Camino de Santiago de Roncevaux.<\/a><\/span><\/p>\n<h2><strong><span style=\"color: #00ccff;\">SIGNIFICATION DE L&rsquo;ARR\u00caT DU PARDON<\/span><\/strong><\/h2>\n<p class=\"gt-block p1\"><span class=\"s1\">Apparemment, le nom \u00ab\u00a0Pardon\u00a0\u00bb vient de l&rsquo;ancienne route qui, au XVIe si\u00e8cle, montait vers l&rsquo;Alto, depuis la ville d&rsquo;Astrain, et \u00e9tait connue sous le nom de \u00ab\u00a0Pardon bidea\u00a0\u00bb (<strong>je marche vers lui <\/strong><\/span><span class=\"s1\"><strong>Pardon<\/strong>), qui consistait \u00e0 achever le Camino de Santiago, recevant le nom sous lequel il est connu aujourd&rsquo;hui.<\/span><\/p>\n<h2><span style=\"color: #00ccff;\">MONUMENT AU P\u00c8LERIN<\/span><\/h2>\n<p class=\"gt-block p1\"><span class=\"s1\">De ce belv\u00e9d\u00e8re, vous pourrez admirer de magnifiques vues sur les Pyr\u00e9n\u00e9es navarraises et les terres agricoles en direction d&rsquo;Estella. \u00c9rig\u00e9 en elle, nous avons un groupe sculptural qui est l&rsquo;un des&nbsp;<\/span><span class=\"s1\">le plus photographi\u00e9 de tous <a href=\"https:\/\/www.mundiplus.com\/fr\/caminos\/a-pie\/camino-frances\" target=\"_blank\" rel=\"noopener noreferrer\">itin\u00e9raire complet du Camino Frances<\/a>. Il s&rsquo;agit d&rsquo;un <strong>\u00ab\u00a0<\/strong>Monument au Chemin \u00bb construit, en t\u00f4le, en 1996 par le sculpteur Vicente Galbete. <\/span><\/p>\n<p class=\"gt-block p1\"><span class=\"s1\">repr\u00e9sente une <strong>caravane de p\u00e8lerins<\/strong>, du&nbsp;<\/span><span class=\"s1\">tous les temps, ainsi que certains animaux qui les accompagnent \u00e0 Santiago guid\u00e9s par la Voie lact\u00e9e, o\u00f9 se lit le texte suivant&nbsp;: <strong>\u00ab\u00a0L\u00e0 o\u00f9 le chemin du vent rencontre celui des \u00e9toiles\u00a0\u00bb<\/strong>,&nbsp;<\/span><span class=\"s1\">r\u00e9f\u00e9rence faite au lieu privil\u00e9gi\u00e9 o\u00f9 p\u00e8lerins et vent se rencontrent.<\/span><\/p>\n<p><img decoding=\"async\" class=\"aligncenter wp-image-15756 size-full ls-is-cached lazyloaded\" src=\"https:\/\/www.mundiplus.com\/wp-content\/uploads\/2024\/04\/Fuente-de-reniega.jpg\"  alt=\"source-de-ren\u00e9gats\" width=\"100%\"><img decoding=\"async\" class=\"aligncenter wp-image-15756 size-full lazyload\" src=\"https:\/\/www.mundiplus.com\/wp-content\/uploads\/2024\/04\/Fuente-de-reniega.jpg\" alt=\"Fuente-de-reniega\" width=\"100%\"   \/><\/p>\n<h3><span style=\"color: #00ccff;\">LA L\u00c9GENDE DE LA FONTAINE RENIEGA SUR LA MONT\u00c9E VERS LE HAUT<\/span><\/h3>\n<p class=\"gt-block p4\"><span class=\"s1\">Avant d&rsquo;arriver \u00e0 Alto del Perd\u00f3n et apr\u00e8s avoir travers\u00e9 la ville de Zaraquiegui, nous trouvons l&rsquo;une des nombreuses l\u00e9gendes que nous pouvons trouver le long du Camino de Santiago, <\/span><span class=\"s1\">celui qui a eu lieu au lieu-dit \u00ab Fuente de Reniega \u00bb, \u00e9galement appel\u00e9 Gambellacos. <\/span><\/p>\n<p class=\"gt-block p4\"><span class=\"s1\">Cette l\u00e9gende nous raconte la tentation subie par un p\u00e8lerin assoiff\u00e9 et \u00e9puis\u00e9 lors de son ascension vers l&rsquo;Alto del Perd\u00f3n, par <\/span><span class=\"s1\">du Diable, afin qu&rsquo;il renonce \u00e0 sa foi chr\u00e9tienne, ainsi que de Dieu, la Vierge Marie et l&rsquo;Ap\u00f4tre Saint-Jacques, lui offrant \u00e0 boire de l&rsquo;eau d&rsquo;un ruisseau voisin, auquel, apr\u00e8s de nombreuses tentatives, le p\u00e8lerin&nbsp;<\/span><span class=\"s1\">refus\u00e9.&nbsp;<\/span><\/p>\n<p class=\"gt-block p5\"><span class=\"s1\">Imm\u00e9diatement, le jeune homme se pr\u00e9pare \u00e0 prier le ciel en implorant de l&rsquo;aide et c&rsquo;est alors que le diable, sous un nuage de soufre, dispara\u00eet et \u00e0 sa place appara\u00eet l&rsquo;ap\u00f4tre Santiago habill\u00e9 en p\u00e8lerin et le guide.&nbsp;<\/span><span class=\"s1\">\u00e0 la source de cristal cach\u00e9e et vous donne un verre d&rsquo;eau dans votre propre coquille Saint-Jacques.<\/span><\/p>\n<p class=\"gt-block p4\"><span class=\"s1\">Dans les environs de ce monument embl\u00e9matique, sur le chemin de Puente la Reina dans la ville de Muruz\u00e1bal, nous ne pouvons que d\u00e9vier de l&rsquo;itin\u00e9raire pour visiter l&rsquo;un des plus <\/span><span class=\"s1\">belle et \u00e9sot\u00e9rique du Camino Frances de Santiago comme l&rsquo;est l&rsquo;\u00e9glise de Santa Maria de Eunate.<\/span><\/p>\n","protected":false},"excerpt":{"rendered":"<p>El Haut de Pardon o Puerto del Perd\u00f3n est situ\u00e9 \u00e0 770 m\u00e8tres. altitude et fait partie de la Sierra del Perd\u00f3n, ou Reniega\/Erreniega, en basque, est situ\u00e9 dans la Communaut\u00e9 autonome de Navarre et situ\u00e9 \u00e0 environ 13 km de Pampelune. Nous pourrons voir, le long de cette cha\u00eene de montagnes, le premier parc [&hellip;]<\/p>\n","protected":false},"author":1,"featured_media":82521,"comment_status":"open","ping_status":"open","sticky":false,"template":"","format":"standard","meta":{"footnotes":""},"categories":[571],"tags":[],"class_list":["post-108936","post","type-post","status-publish","format-standard","has-post-thumbnail","hentry","category-blog-du-chemin"],"_links":{"self":[{"href":"https:\/\/www.mundiplus.com\/fr\/wp-json\/wp\/v2\/posts\/108936","targetHints":{"allow":["GET"]}}],"collection":[{"href":"https:\/\/www.mundiplus.com\/fr\/wp-json\/wp\/v2\/posts"}],"about":[{"href":"https:\/\/www.mundiplus.com\/fr\/wp-json\/wp\/v2\/types\/post"}],"author":[{"embeddable":true,"href":"https:\/\/www.mundiplus.com\/fr\/wp-json\/wp\/v2\/users\/1"}],"replies":[{"embeddable":true,"href":"https:\/\/www.mundiplus.com\/fr\/wp-json\/wp\/v2\/comments?post=108936"}],"version-history":[{"count":0,"href":"https:\/\/www.mundiplus.com\/fr\/wp-json\/wp\/v2\/posts\/108936\/revisions"}],"wp:featuredmedia":[{"embeddable":true,"href":"https:\/\/www.mundiplus.com\/fr\/wp-json\/wp\/v2\/media\/82521"}],"wp:attachment":[{"href":"https:\/\/www.mundiplus.com\/fr\/wp-json\/wp\/v2\/media?parent=108936"}],"wp:term":[{"taxonomy":"category","embeddable":true,"href":"https:\/\/www.mundiplus.com\/fr\/wp-json\/wp\/v2\/categories?post=108936"},{"taxonomy":"post_tag","embeddable":true,"href":"https:\/\/www.mundiplus.com\/fr\/wp-json\/wp\/v2\/tags?post=108936"}],"curies":[{"name":"wp","href":"https:\/\/api.w.org\/{rel}","templated":true}]}}