{"id":108940,"date":"2020-04-27T08:01:36","date_gmt":"2020-04-27T08:01:36","guid":{"rendered":"https:\/\/www.mundiplus.com\/lugo-et-ses-remparts\/"},"modified":"2024-09-05T16:28:01","modified_gmt":"2024-09-05T16:28:01","slug":"lugo-et-ses-remparts","status":"publish","type":"post","link":"https:\/\/www.mundiplus.com\/fr\/blog\/lugo-y-sus-murallas\/","title":{"rendered":"Lugo et ses remparts"},"content":{"rendered":"<p class=\"gt-block\">Lugo, avec Oviedo, est l&rsquo;une des principales villes monumentales du <a href=\"https:\/\/www.mundiplus.com\/fr\/caminos\/a-pie\/camino-primitivo\" target=\"_blank\" rel=\"noopener noreferrer\">Chemin Primitivo de Santiago<\/a>.<\/p>\n<h2><span style=\"color: #00ccff;\">ROUTE PRIMITIVE \u2013 PATRIMOINE MONDIAL<\/span><\/h2>\n<p class=\"gt-block\">Ce Camino a \u00e9t\u00e9 d\u00e9clar\u00e9 site du patrimoine mondial en 2015. C&rsquo;\u00e9tait le premier Camino de Santiago, parcouru par des p\u00e8lerins, promu par le roi Alfonso XII le Chaste, qui l&rsquo;a fait, en personne, en l&rsquo;an 834 depuis Oviedo. Au fil des si\u00e8cles jusqu&rsquo;\u00e0 nos jours, de nombreux p\u00e8lerins effectuent <a href=\"https:\/\/www.mundiplus.com\/fr\/\" target=\"_blank\" rel=\"noopener\">Voyages organis\u00e9s au Camino de Santiago<\/a> suivre les traces du roi Alfonso sur le Camino Primitivo, ou celle de nombreux autres p\u00e8lerins qui parcourent le Camino dans l&rsquo;une des variantes qui traversent l&rsquo;Espagne.<\/p>\n<p>Lugo, une ville monumentale, trouve ses origines sur une colline surplombant le fleuve Mi\u00f1o et sur laquelle, au XIIIe si\u00e8cle avant JC, les Romains ont construit leur Lucus Augusti (for\u00eat sacr\u00e9e), \u00e0 \u200b\u200bl&rsquo;\u00e9poque de l&#8217;empereur Auguste.<\/p>\n<h2><span style=\"color: #00ccff;\">MUR ROMAIN DE LUGO \u2013 LE SEUL MUR COMPLET AU MONDE<\/span><\/h2>\n<p>Vers le milieu du IIIe si\u00e8cle av. J.-C., les travaux de son impressionnante muraille ont d\u00fb commencer, comme protection contre les peuples barbares, qui entoure tout le centre historique de la ville et est le seul au monde qui soit conserv\u00e9 dans son int\u00e9gralit\u00e9, pour lequel il a \u00e9t\u00e9 d\u00e9clar\u00e9 par l&rsquo;Unesco, en l&rsquo;an 2000, site du patrimoine mondial, auparavant il avait \u00e9galement \u00e9t\u00e9 d\u00e9clar\u00e9 monument national en 1921.<\/p>\n<p><img decoding=\"async\" class=\"aligncenter wp-image-13730 size-full ls-is-cached lazyloaded\" src=\"https:\/\/www.mundiplus.com\/wp-content\/uploads\/2024\/04\/muralla-lugo.jpg\"  alt=\"mur-lugo\" width=\"100%\"><img decoding=\"async\" class=\"aligncenter wp-image-13730 size-full lazyload\" src=\"https:\/\/www.mundiplus.com\/wp-content\/uploads\/2024\/04\/muralla-lugo.jpg\" alt=\"muralla-lugo\" width=\"100%\"   \/><\/p>\n<h3><span style=\"color: #00ccff;\">TOURS ET PORTES DU MUR<\/span><\/h3>\n<p>Avec une forme presque quadrangulaire et une construction en granit et avec des dalles d&rsquo;ardoise, il a une \u00e9paisseur qui, dans certaines parties, atteint 7 m\u00e8tres. Il se compose de 86 tours, dont 71 sont d&rsquo;origine, et mesure environ 2250 6 m\u00e8tres de long, \u00e0 travers lesquels vous pouvez vous promener dans une rue (chemin de ronde ou chemin de ronde), situ\u00e9e dans la partie sup\u00e9rieure du mur. Autrefois, l&rsquo;acc\u00e8s \u00e0 la partie haute de la ville \u00e9tait facilit\u00e9 par des escaliers construits et situ\u00e9s \u00e0 l&rsquo;int\u00e9rieur des tours, bien qu&rsquo;actuellement on y acc\u00e8de par XNUMX escaliers \u00e0 l&rsquo;ext\u00e9rieur des murs.<\/p>\n<p>Dans le prolongement des mesures d\u00e9fensives, en plus du mur, une aire de camping a \u00e9t\u00e9 construite pour les troupes, pour les garnisons, situ\u00e9e entre les magasins ou les casernes et le mur, qui a ensuite \u00e9t\u00e9 enlev\u00e9 pour construire des maisons et d&rsquo;autres b\u00e2timents.<\/p>\n<p>Initialement, il y avait 5 portes d&rsquo;acc\u00e8s \u00e0 la ville (Puerta Falsa, Puerta de San Pedro, Puerta de Santiago, Porta Mi\u00f1a et Puerta Nueva), bien que plus tard, pour faciliter la mobilit\u00e9 et en raison de l&rsquo;expansion de la ville, 5 autres portes, de l&rsquo;ann\u00e9e 1853 (Puerta de San Fernando, Puerta de la Estaci\u00f3n, Puerta del Obispo gauche, Puerta del Obispo Aguirre et Puerta del Obispo Odario)<\/p>\n<p><img decoding=\"async\" class=\"aligncenter wp-image-13731 size-full lazyload\" src=\"https:\/\/www.mundiplus.com\/wp-content\/uploads\/2024\/04\/puente-lugo.jpg\" alt=\"puente-lugo\" width=\"100%\"   \/><\/p>\n<h2><span style=\"color: #00ccff;\">MONUMENTS DU CENTRE HISTORIQUE DE LA VILLE DE LUCENSE<\/span><\/h2>\n<h3><b>CATH\u00c9DRALE DE SANTA MAR\u00cdA<\/b><\/h3>\n<p>\u00c9difice romano-gothique, commenc\u00e9 au XIIe si\u00e8cle et achev\u00e9 au XIVe si\u00e8cle. A l&rsquo;int\u00e9rieur se trouve la sainte patronne de Lugo, la soi-disant \u00ab\u00a0Virgen de los Ojos Grandes\u00a0\u00bb, une belle image, dont la date exacte de sa construction n&rsquo;est pas connue.<\/p>\n<h3><strong>TERMES ROMAINS<\/strong><\/h3>\n<p>Elles datent de la m\u00eame \u00e9poque que la ville a \u00e9t\u00e9 fond\u00e9e en l&rsquo;an XIII avant J.-C., puisque ces eaux ont \u00e9t\u00e9 d\u00e9couvertes et dont les Romains \u00e9taient si friands. Ceux qui se visitent actuellement datent probablement de l&rsquo;An 2 (AC), bien qu&rsquo;ils soient en d\u00e9su\u00e9tude.<\/p>\n<h3><b>PONT ROMAIN<\/b><\/h3>\n<p>Il date de la premi\u00e8re moiti\u00e9 du Ier si\u00e8cle de notre \u00e8re. Il mesure 104 m\u00e8tres de long et nous permet de traverser facilement le fleuve Mi\u00f1o.<\/p>\n<p class=\"gt-block\">Il ne faut pas oublier sa c\u00e9l\u00e8bre f\u00eate de <a href=\"http:\/\/www.ardelucus.com\/\" target=\"_blank\" rel=\"nofollow noopener\"><strong>Lucus br\u00fble<\/strong><\/a>, d\u00e9clar\u00e9e d&rsquo;Int\u00e9r\u00eat Touristique National, <span class=\"ILfuVd\"><span class=\"e24Kjd\">Il est c\u00e9l\u00e9br\u00e9 \u00e0 Lugo \u00e0 la mi-juin qui fait revivre le pass\u00e9 romain de la ville fortifi\u00e9e, et dont l&rsquo;origine festive remonte \u00e0 2001 pour comm\u00e9morer la fondation de la ville. Des festivit\u00e9s de 3 jours o\u00f9 les habitants v\u00eatus de v\u00eatements d&rsquo;\u00e9poque installent des camps militaires, des cirques romains, des march\u00e9s d&rsquo;artisanat, des mariages celtiques et le c\u00e9l\u00e8bre \u00ab\u00a0incendie du mur\u00a0\u00bb dans un si\u00e8ge simul\u00e9 d&rsquo;une ville romaine de l&rsquo;\u00e9poque. Aux dates d&rsquo;Arde Lucus, l&rsquo;occupation est tr\u00e8s \u00e9lev\u00e9e, m\u00eame avec des r\u00e9servations faites un an \u00e0 l&rsquo;avance.Si vous voulez faire le Camino et voir ce c\u00e9l\u00e8bre festival au moins une fois dans votre vie, au lieu de commencer \u00e0 marcher depuis Lugo, vous nous feriez recommander le <a href=\"https:\/\/www.mundiplus.com\/fr\/caminos\/a-pie\/camino-frances\/camino-de-santiago-desde-sarria\" target=\"_blank\" rel=\"noopener\">Camino de Santiago de Sarria organis\u00e9<\/a>, Sarria est situ\u00e9e \u00e0 une demi-heure en voiture, nous pouvons donc organiser un transport aller-retour pour voir le \u00ab\u00a0Si\u00e8ge de Lugo\u00a0\u00bb en direct et en direct.<\/span><\/span><\/p>\n","protected":false},"excerpt":{"rendered":"<p>Lugo, avec Oviedo, est l&rsquo;une des principales villes monumentales du Chemin Primitivo de Santiago. ROUTE PRIMITIVE \u2013 PATRIMOINE MONDIAL Ce Camino a \u00e9t\u00e9 d\u00e9clar\u00e9 site du patrimoine mondial en 2015. C&rsquo;\u00e9tait le premier Camino de Santiago, parcouru par des p\u00e8lerins, promu par le roi Alfonso XII le Chaste, qui l&rsquo;a fait, en personne, en l&rsquo;an [&hellip;]<\/p>\n","protected":false},"author":1,"featured_media":82561,"comment_status":"open","ping_status":"open","sticky":false,"template":"","format":"standard","meta":{"footnotes":""},"categories":[571],"tags":[],"class_list":["post-108940","post","type-post","status-publish","format-standard","has-post-thumbnail","hentry","category-blog-du-chemin"],"_links":{"self":[{"href":"https:\/\/www.mundiplus.com\/fr\/wp-json\/wp\/v2\/posts\/108940","targetHints":{"allow":["GET"]}}],"collection":[{"href":"https:\/\/www.mundiplus.com\/fr\/wp-json\/wp\/v2\/posts"}],"about":[{"href":"https:\/\/www.mundiplus.com\/fr\/wp-json\/wp\/v2\/types\/post"}],"author":[{"embeddable":true,"href":"https:\/\/www.mundiplus.com\/fr\/wp-json\/wp\/v2\/users\/1"}],"replies":[{"embeddable":true,"href":"https:\/\/www.mundiplus.com\/fr\/wp-json\/wp\/v2\/comments?post=108940"}],"version-history":[{"count":0,"href":"https:\/\/www.mundiplus.com\/fr\/wp-json\/wp\/v2\/posts\/108940\/revisions"}],"wp:featuredmedia":[{"embeddable":true,"href":"https:\/\/www.mundiplus.com\/fr\/wp-json\/wp\/v2\/media\/82561"}],"wp:attachment":[{"href":"https:\/\/www.mundiplus.com\/fr\/wp-json\/wp\/v2\/media?parent=108940"}],"wp:term":[{"taxonomy":"category","embeddable":true,"href":"https:\/\/www.mundiplus.com\/fr\/wp-json\/wp\/v2\/categories?post=108940"},{"taxonomy":"post_tag","embeddable":true,"href":"https:\/\/www.mundiplus.com\/fr\/wp-json\/wp\/v2\/tags?post=108940"}],"curies":[{"name":"wp","href":"https:\/\/api.w.org\/{rel}","templated":true}]}}