{"id":108946,"date":"2020-03-26T13:23:03","date_gmt":"2020-03-26T13:23:03","guid":{"rendered":"https:\/\/www.mundiplus.com\/portique-de-la-gloire\/"},"modified":"2024-09-05T16:28:09","modified_gmt":"2024-09-05T16:28:09","slug":"portique-de-la-gloire","status":"publish","type":"post","link":"https:\/\/www.mundiplus.com\/fr\/blog\/portico-de-la-gloria\/","title":{"rendered":"Portique de la gloire"},"content":{"rendered":"<div>\n<p class=\"gt-block\">Le Portique de la Gloire <a href=\"https:\/\/www.mundiplus.com\/fr\/blog\/lavado-de-cara-en-la-catedral-de-santiago-de-compostela-y-su-portico-de-la-gloria\" target=\"_blank\" rel=\"noopener noreferrer\">Catedral de Santiago de Compostela<\/a> C&rsquo;est la plus haute expression de l&rsquo;art roman en Espagne et dans le monde, construite en marbre et en granit.<\/p>\n<h2><span style=\"color: #00ccff;\">QU&rsquo;EST-CE QUE LE PORTIQUE DE LA GLOIRE ?<\/span><\/h2>\n<p>Laissez-vous impressionner ! Ce n&rsquo;est pas seulement un ornement d\u00e9coratif (bien que les photos que vous prendrez en rendront bien compte), mais c&rsquo;est aussi un documentaire visuel de toute la Bible. C&rsquo;est une repr\u00e9sentation de l&rsquo;Histoire du Salut, c&rsquo;est pourquoi les principaux passages de l&rsquo;Ancien et du Nouveau Testament sont sculpt\u00e9s. Le sommet est en J\u00e9sus-Christ, situ\u00e9 au centre, le seul m\u00e9diateur entre nous et le P\u00e8re, qui c\u00e8de la place aux justes pour faire partie de la Gloire c\u00e9leste. Sous le Seigneur se trouve l&rsquo;ap\u00f4tre Santiago, indiquant ainsi qu&rsquo;il est le r\u00e9cepteur des enseignements du Messie et qu&rsquo;il est \u00e9galement l&rsquo;\u00e9metteur de son message.<\/p>\n<p class=\"gt-block\">Il a \u00e9t\u00e9 con\u00e7u par son auteur pour que le p\u00e8lerin comprenne, \u00e0 la fin de son voyage, le sens de son p\u00e8lerinage et de sa vie. Croyant ou non, nous vous invitons \u00e0 parcourir chaque statue en d\u00e9m\u00ealant sa signification. Ce ne sera pas une perte de temps mais l&rsquo;aboutissement des kilom\u00e8tres parcourus, quel que soit l&rsquo;itin\u00e9raire emprunt\u00e9 : <a href=\"https:\/\/www.mundiplus.com\/fr\/caminos\/a-pie\/camino-frances\" target=\"_blank\" rel=\"noopener noreferrer\"><strong>Fa\u00e7on fran\u00e7aise<\/strong><\/a>, <a href=\"https:\/\/www.mundiplus.com\/fr\/caminos\/a-pie\/camino-portugues\" target=\"_blank\" rel=\"noopener noreferrer\"><strong>Chemin Portugais<\/strong><\/a>, <a href=\"https:\/\/www.mundiplus.com\/fr\/caminos\/a-pie\/camino-ingles\" target=\"_blank\" rel=\"noopener noreferrer\"><strong>Fa\u00e7on anglaise<\/strong><\/a><strong>,<\/strong>&nbsp;<a href=\"https:\/\/www.mundiplus.com\/fr\/caminos\/a-pie\/camino-norte\" target=\"_blank\" rel=\"noopener noreferrer\"><strong>route du nord<\/strong><\/a>, <strong><a href=\"https:\/\/www.mundiplus.com\/fr\/caminos\/a-pie\/camino-portugues-costa\">Route c\u00f4ti\u00e8re portugaise<\/a><\/strong> y&nbsp;<strong><a href=\"https:\/\/www.mundiplus.com\/fr\/caminos\/a-pie\/camino-primitivo\">Voie primitive.<\/a><\/strong><\/p>\n<div class=\"mp-box mp-box--check\"><b>Tous les chemins m\u00e8nent \u00e0 Rome, mais ils m\u00e8nent aussi \u00e0 Saint Jacques de Compostelle, il est temps de profiter de la capitale galicienne et de son imposante Cath\u00e9drale !<\/b><\/div>\n<h3><span style=\"color: #00ccff;\">\u0152UVRE SOMMET DE LA SCULPTURE ROMAN<\/span><\/h3>\n<p class=\"gt-block\">Le Moyen \u00c2ge a r\u00e9p\u00e9t\u00e9 l&rsquo;animation des personnages dans la ville de Santiago. La symbolique m\u00e9di\u00e9vale se mat\u00e9rialise ici \u00e0 travers un ensemble sculptural dans lequel les personnages parlent, chantent et constituent une v\u00e9ritable atmosph\u00e8re mystique et religieuse. Son auteur est <strong>Ma\u00eetre Mateo<\/strong>, architecte de Fernando ll de Le\u00f3n, qui a su capturer dans la pierre un message th\u00e9ologique dense. Travail \u00e9troitement li\u00e9 \u00e0 <a href=\"https:\/\/www.mundiplus.com\/fr\/blog\/historia-del-camino-de-santiago\" target=\"_blank\" rel=\"noopener noreferrer\">histoire du Camino de Santiago<\/a>.<\/p>\n<p><img decoding=\"async\" class=\"alignnone wp-image-13597 size-full lazyload\" src=\"https:\/\/www.mundiplus.com\/wp-content\/uploads\/2024\/04\/Portico-de-la-gloria-catedra-santiago.jpg\" alt=\"Portico de la gloria\" width=\"100%\"   \/><\/p>\n<h3><span style=\"color: #00ccff;\">O\u00d9 SE TROUVE LE PORTICO DE LA GLORIA ET QUI L&rsquo;A FAIT&nbsp;?<\/span><\/h3>\n<p>Il est situ\u00e9 \u00e0 l&rsquo;entr\u00e9e ouest, qui est l&rsquo;entr\u00e9e principale de la cath\u00e9drale de Santiago.<\/p>\n<p class=\"gt-block\">Travail effectu\u00e9 par le <strong>Ma\u00eetre Mateo<\/strong> et ses disciples \u00e0 la fin du XIIe si\u00e8cle, on pense que de 1168 \u00e0 1188. Il se compose de trois arcs, le central \u00e9tant le principal, qui est divis\u00e9 par un meneau et repr\u00e9sente le <strong>arbre de jess\u00e9<\/strong> (arbre g\u00e9n\u00e9alogique de J\u00e9sus-Christ)<\/p>\n<h3><span style=\"color: #00ccff;\">\u00c9L\u00c9MENTS QUI COMPOSENT LE PORTIQUE<\/span><\/h3>\n<p>Comme \u00e9l\u00e9ments principaux de ce meneau se d\u00e9tachent, dans sa partie avant, le chapiteau repr\u00e9sentant la Trinit\u00e9, la figure de l&rsquo;ap\u00f4tre Santiago, dans une attitude assise et un autre chapiteau, repr\u00e9sentant les tentations du Christ.<\/p>\n<p class=\"gt-block\">Au fond de \u00e7a <strong>meneau<\/strong>, est la figure agenouill\u00e9e qui, apparemment, repr\u00e9sente le <a href=\"http:\/\/catedraldesantiago.es\/portico-de-la-gloria\/\" target=\"_blank\" rel=\"nofollow noopener\">Ma\u00eetre Mateo<\/a>, regardant \u00e0 l&rsquo;int\u00e9rieur du temple, dans une attitude de soumission et d&rsquo;humilit\u00e9. La l\u00e9gende raconte que ce personnage se trouvait dans la partie avant du portique, mais \u00e0 la col\u00e8re de l&rsquo;archev\u00eaque, il l&rsquo;obligea \u00e0 le d\u00e9placer \u00e0 son emplacement actuel ; d&rsquo;autres versions pensent que c&rsquo;est Ma\u00eetre Mateo lui-m\u00eame qui appara\u00eet dans une position telle que l&rsquo;action de gr\u00e2ces.<\/p>\n<div>\n<p class=\"gt-block\">Dans le <strong>Tympan de l&rsquo;arc principal<\/strong>, dans la partie centrale, figure un \u00ab\u00a0Christ en majest\u00e9\u00a0\u00bb (les bras ouverts et les palmes devant). Des deux c\u00f4t\u00e9s, il y a les 4 \u00e9vang\u00e9listes (San Marcos, San Mateo, San Lucas et San Juan), accompagn\u00e9s de leur repr\u00e9sentation symbolique (Lion, Tax Box, Bull et Eagle, respectivement). Avec les \u00e9vang\u00e9listes, il y a, dans la partie sup\u00e9rieure gauche, le peuple d&rsquo;Isra\u00ebl et dans la partie droite, le peuple non p\u00e9cheur.<\/p>\n<p class=\"gt-block\">Sur <strong>vo\u00fbte<\/strong> du Porche de la Gloire, sont les 24 Anciens de l&rsquo;Apocalypse, avec leurs instruments de musique.<\/p>\n<p class=\"gt-block\">Dans le <strong>c\u00f4t\u00e9 gauche de l&rsquo;arc<\/strong>, en tant que repr\u00e9sentation de l&rsquo;Ancien Testament sont les proph\u00e8tes (Daniel, J\u00e9r\u00e9mie, Isa\u00efe, Mo\u00efse) et sur le c\u00f4t\u00e9 droit, en tant que repr\u00e9sentation du Nouveau Testament, sont les ap\u00f4tres Saint Pierre, Saint Jacques, Saint Jean et Saint Paul.<\/p>\n<p class=\"gt-block\">Respect <strong>les deux autres arcs<\/strong>, qui n&rsquo;ont pas de tympan, dans le groupe sculptural du Portique de la Gloire, dans l&rsquo;Arc lat\u00e9ral gauche, il y a des sc\u00e8nes du Paradis terrestre et dans celui de droite il y a des sc\u00e8nes du Jugement dernier.<\/p>\n<h3 class=\"p1\"><span class=\"s1\" style=\"color: #00ccff;\"><b>PORTIQUE DE LA GLOIRE ACTUELLE<\/b><\/span><\/h3>\n<p class=\"gt-block p2\"><span class=\"s1\">L&rsquo;actuel P\u00f3rtico de la Gloria n&rsquo;est pas enti\u00e8rement l&rsquo;original, puisque certaines de ses figures originales ont \u00e9t\u00e9 supprim\u00e9es lors de la construction de la fa\u00e7ade actuelle de l&rsquo;Obradoiro, et peut \u00eatre visit\u00e9 \u00e0 <a href=\"http:\/\/catedraldesantiago.es\/cultura\/#museo\" target=\"_blank\" rel=\"nofollow noopener\"><span class=\"s2\">Mus\u00e9e de la cath\u00e9drale<\/span><\/a>. <\/span><\/p>\n<p class=\"gt-block p2\"><span class=\"s1\">Le portique d&rsquo;origine \u00e9tait enti\u00e8rement polychrom\u00e9, jusqu&rsquo;en 2020 il ne restait que des restes de la peinture \u00e0 certains endroits, mais une grande restauration de la cath\u00e9drale et de son portique a rendu la nature spectaculaire d&rsquo;autres temps.<\/span><\/p>\n<p><img decoding=\"async\" class=\"alignnone wp-image-21040 size-full lazyload\" src=\"https:\/\/www.mundiplus.com\/wp-content\/uploads\/2024\/04\/santo-dos-croques.jpg\" alt=\"santo dos croques\" width=\"100%\"   \/><\/p>\n<h3 class=\"p1\"><span class=\"s1\" style=\"color: #00ccff;\"><b>TRADITION INTERDITE \u00c0 L&rsquo;ARRIV\u00c9E AU P\u00d3RTICO DE LA GLORIA ?<\/b><\/span><\/h3>\n<p class=\"gt-block p2\"><span class=\"s1\">Traditionnellement les p\u00e8lerins <a href=\"https:\/\/www.mundiplus.com\/fr\/caminos\/a-pie\/camino-frances\/camino-de-santiago-desde-sarria\" target=\"_blank\" rel=\"noopener\">apr\u00e8s avoir fait le Camino de Santiago depuis Sarria<\/a> et \u00e0 leur arriv\u00e9e \u00e0 Saint-Jacques-de-Compostelle et en entrant par El P\u00f3rtico, ils ont plac\u00e9 leur main dans une cavit\u00e9 d\u00e9j\u00e0 d\u00e9form\u00e9e par tant de p\u00e8lerins \u00e0 travers l&rsquo;histoire. Ce geste symbolisait que vous vouliez faire partie des disciples de J\u00e9sus. Actuellement un tel geste ne peut \u00eatre effectu\u00e9 pour des raisons de conservation.<\/span><\/p>\n<p class=\"gt-block p2\"><span class=\"s1\">Derri\u00e8re le meneau se trouve la figure du <strong>Saint deux croques<\/strong> (Saint des coups), la tradition dit qu&rsquo;il s&rsquo;agit du m\u00eame ma\u00eetre mateo, architecte de la basilique et sculpteur du portique. Les habitants de Saint-Jacques et surtout les \u00e9tudiants de Compostelle donnent trois coups de t\u00eate pour demander sagesse et compr\u00e9hension. Cette coutume s&rsquo;est poursuivie jusqu&rsquo;en 2007, puisque l&rsquo;ensemble de l&rsquo;ensemble sculptural a \u00e9t\u00e9 prot\u00e9g\u00e9 afin d&rsquo;\u00e9viter la d\u00e9t\u00e9rioration de l&rsquo;ensemble de l&rsquo;\u0153uvre.<\/span><\/p>\n<p class=\"gt-block p2\"><span class=\"s1\">De m\u00eame, parmi les p\u00e8lerins, il y avait une tradition de toucher le meneau avec la main dans une partie sp\u00e9cifique de la colonne, un fait qui provoquait une usure s\u00e9rieuse sur la colonne, observant clairement le creux et la figure d&rsquo;une main.<\/span><\/p>\n<p class=\"gt-block p2\"><span class=\"s1\">R\u00e9cemment, en 2018, l&rsquo;ouverture du&nbsp;<span class=\"s2\">Porche de gloire<\/span>, apr\u00e8s avoir \u00e9t\u00e9 ferm\u00e9e au public pendant 10 ans, en raison d&rsquo;une profonde restauration compl\u00e8te de l&rsquo;ensemble du complexe architectural de la cath\u00e9drale de Santiago, ayant rendu \u00e0 cette merveille universelle toute la polychromie d&rsquo;une autre \u00e9poque. Tous les moments ont toujours \u00e9t\u00e9 bons pour faire le <a href=\"https:\/\/www.mundiplus.com\/fr\/\" target=\"_blank\" rel=\"noopener\">Camino de Santiago organis\u00e9<\/a>, mais depuis la restauration du Portique et le lifting de la fa\u00e7ade de la Cath\u00e9drale et de son int\u00e9rieur, plus aucune excuse pour faire un p\u00e8lerinage en terre sainte.<\/span><\/p>\n<\/div>\n<\/div>\n","protected":false},"excerpt":{"rendered":"<p>Le Portique de la Gloire Catedral de Santiago de Compostela C&rsquo;est la plus haute expression de l&rsquo;art roman en Espagne et dans le monde, construite en marbre et en granit. QU&rsquo;EST-CE QUE LE PORTIQUE DE LA GLOIRE ? Laissez-vous impressionner ! Ce n&rsquo;est pas seulement un ornement d\u00e9coratif (bien que les photos que vous prendrez [&hellip;]<\/p>\n","protected":false},"author":1,"featured_media":81615,"comment_status":"open","ping_status":"open","sticky":false,"template":"","format":"standard","meta":{"footnotes":""},"categories":[571],"tags":[],"class_list":["post-108946","post","type-post","status-publish","format-standard","has-post-thumbnail","hentry","category-blog-du-chemin"],"_links":{"self":[{"href":"https:\/\/www.mundiplus.com\/fr\/wp-json\/wp\/v2\/posts\/108946","targetHints":{"allow":["GET"]}}],"collection":[{"href":"https:\/\/www.mundiplus.com\/fr\/wp-json\/wp\/v2\/posts"}],"about":[{"href":"https:\/\/www.mundiplus.com\/fr\/wp-json\/wp\/v2\/types\/post"}],"author":[{"embeddable":true,"href":"https:\/\/www.mundiplus.com\/fr\/wp-json\/wp\/v2\/users\/1"}],"replies":[{"embeddable":true,"href":"https:\/\/www.mundiplus.com\/fr\/wp-json\/wp\/v2\/comments?post=108946"}],"version-history":[{"count":0,"href":"https:\/\/www.mundiplus.com\/fr\/wp-json\/wp\/v2\/posts\/108946\/revisions"}],"wp:featuredmedia":[{"embeddable":true,"href":"https:\/\/www.mundiplus.com\/fr\/wp-json\/wp\/v2\/media\/81615"}],"wp:attachment":[{"href":"https:\/\/www.mundiplus.com\/fr\/wp-json\/wp\/v2\/media?parent=108946"}],"wp:term":[{"taxonomy":"category","embeddable":true,"href":"https:\/\/www.mundiplus.com\/fr\/wp-json\/wp\/v2\/categories?post=108946"},{"taxonomy":"post_tag","embeddable":true,"href":"https:\/\/www.mundiplus.com\/fr\/wp-json\/wp\/v2\/tags?post=108946"}],"curies":[{"name":"wp","href":"https:\/\/api.w.org\/{rel}","templated":true}]}}