{"id":108978,"date":"2012-07-31T16:14:48","date_gmt":"2012-07-31T16:14:48","guid":{"rendered":"https:\/\/www.mundiplus.com\/faire-le-camino-de-santiago-seul\/"},"modified":"2024-09-05T16:29:13","modified_gmt":"2024-09-05T16:29:13","slug":"faire-le-camino-de-santiago-seul","status":"publish","type":"post","link":"https:\/\/www.mundiplus.com\/fr\/blog\/hacer-el-camino-de-santiago-solo\/","title":{"rendered":"Faire le Camino de Santiago seul"},"content":{"rendered":"<div><strong>Faire le Camino de Santiago seul<\/strong> au d\u00e9part, il ne suppose aucun probl\u00e8me pour avoir une exp\u00e9rience personnelle enrichissante dans l&rsquo;un des <a href=\"https:\/\/www.mundiplus.com\/fr\/\" target=\"_blank\" rel=\"noopener\">voyages organis\u00e9s au Camino de Santiago<\/a><\/div>\n<div><\/div>\n<div>Combien de fois vous \u00eates-vous pos\u00e9 cette question qui suscite tant d&rsquo;incertitudes et qui d\u00e9termine s&rsquo;il faut ou non faire seul le Camino de Santiago puisque ni famille ni amis ne peuvent m&rsquo;accompagner sur cet ancien chemin de p\u00e8lerinage. S&rsquo;ils ne m&rsquo;accompagnent pas, je n&rsquo;irai pas et je laisserai \u00e7a pour une autre fois !En plus, avec la difficult\u00e9 qui consiste toujours \u00e0 se mettre d&rsquo;accord sur des dates pour partir en voyage. Nous essaierons de vous aider dans cette importante d\u00e9cision.<\/div>\n<p class=\"gt-block\">En premier lieu, il faut partir du principe que faire le Camino de Santiago uniquement au printemps-\u00e9t\u00e9 et surtout l&rsquo;itin\u00e9raire du <a href=\"https:\/\/www.mundiplus.com\/fr\/caminos\/a-pie\/camino-frances\/ultimos-100-km\" target=\"_blank\" rel=\"noopener noreferrer\">Fa\u00e7on fran\u00e7aise<\/a> C&rsquo;est un itin\u00e9raire tr\u00e8s s\u00fbr parcouru par des p\u00e8lerins du monde entier, nous ne serons donc jamais seuls et nous ne nous sentirons pas sans protection.<\/p>\n<p class=\"gt-block\">D&rsquo;autre part, nous sommes \u00e9galement assaillis par des doutes quant \u00e0 savoir si nous allons nous perdre ou non, car le fait d&rsquo;aller avec d&rsquo;autres nous donne une certaine tranquillit\u00e9 d&rsquo;esprit. Eh bien, les sections les plus fr\u00e9quent\u00e9es par les p\u00e8lerins sont tr\u00e8s bien signal\u00e9es. La <a href=\"https:\/\/www.mundiplus.com\/fr\/blog\/senalizacion-del-camino-de-santiago\" target=\"_blank\" rel=\"noopener noreferrer\">signalisation du Camino de Santiago<\/a> est vari\u00e9e et abondante : il y a des fl\u00e8ches jaunes partout, sur les lampadaires, les poteaux, les pierres, etc., surtout dans la section du <a href=\"https:\/\/www.mundiplus.com\/fr\/caminos\/a-pie\/camino-frances\/camino-de-santiago-desde-sarria\" target=\"_blank\" rel=\"noopener\">Camino de Santiago de Sarria organis\u00e9<\/a> \u00e9galement connu sous le nom de \u00ab\u00a0Les 100 derniers kilom\u00e8tres du Chemin fran\u00e7ais\u00a0\u00bb, qui est l&rsquo;un des itin\u00e9raires les plus populaires et les plus fr\u00e9quent\u00e9s de tout le Camino de Santiago. Nous n&rsquo;avons pas besoin de carte pour atteindre notre destination, les panneaux, les habitants et autres p\u00e8lerins se feront un plaisir de nous aider et de nous indiquer, si n\u00e9cessaire, si vous faites le Camino de Santiago \u00e0 pied ou le <a href=\"https:\/\/www.mundiplus.com\/fr\/caminos\/en-bicicleta\" target=\"_blank\" rel=\"noopener noreferrer\">Camino de Santiago \u00e0 v\u00e9lo<\/a>. M\u00eame \u00e0 certaines dates, il suit simplement d&rsquo;autres p\u00e8lerins qui parcourent le m\u00eame chemin.<\/p>\n<p>Sachant cela, ce qui est certain, c&rsquo;est que la personne qui marche seule est par d\u00e9cision personnelle, car beaucoup recherchent une retraite spirituelle, la m\u00e9ditation, la relaxation&#8230; Comme nous l&rsquo;avons mentionn\u00e9 en cours de route, nous rencontrerons d&rsquo;autres p\u00e8lerins qui font aussi le Camino Santiago seul ou en \u00ab\u00a0mini groupes\u00a0\u00bb d&rsquo;amis ou de familles, qui seront toujours pr\u00eats \u00e0 parcourir des kilom\u00e8tres en bonne compagnie et \u00e0 raconter des histoires. C&rsquo;est pr\u00e9cis\u00e9ment l&rsquo;une des attractions du Camino et cela marquera certainement un avant et un apr\u00e8s du vrai sens de l&rsquo;itin\u00e9raire et de l&rsquo;enrichissement personnel.<\/p>\n<p><img decoding=\"async\" class=\"img-thumbnail aligncenter ls-is-cached lazyloaded\" src=\"https:\/\/www.mundiplus.com\/wp-content\/uploads\/2024\/04\/camino-frances-solitario.jpg\" ><img decoding=\"async\" class=\"img-thumbnail aligncenter lazyload\" src=\"https:\/\/www.mundiplus.com\/wp-content\/uploads\/2024\/04\/camino-frances-solitario.jpg\" \/><\/p>\n<p>Faire seul le Camino de Santiago nous donne l&rsquo;occasion de rencontrer et de marcher avec les personnes que nous rencontrons sur le parcours et avec qui nous avons envie de parler, nous pouvons d\u00e9finir notre propre rythme de marche et non celui d&rsquo;un groupe, sans horaires, nous obtiendrons pour nous conna\u00eetre un peu plus nous-m\u00eames, nous profiterons de moments de paix et d&rsquo;harmonie en harmonie avec la nature&#8230; Rien ne presse, p\u00e8lerin, laisse-toi aller, ce n&rsquo;est pas une comp\u00e9tition, l&rsquo;essentiel est de profiter du Camino.<\/p>\n<p>Quant au d\u00e9part de l&rsquo;h\u00e9bergement, il est fort probable que vous commenciez d\u00e9j\u00e0 le parcours accompagn\u00e9, puisque vous vous serez pr\u00e9alablement li\u00e9 d&rsquo;amiti\u00e9 avec d&rsquo;autres p\u00e8lerins qui s\u00e9journent dans le m\u00eame \u00e9tablissement h\u00f4telier que vous. Ils ont s\u00fbrement h\u00e2te de partager l&rsquo;exp\u00e9rience !<\/p>\n<p>Nous sommes convaincus que le Camino sera une exp\u00e9rience de vie unique, vous vivrez des moments inoubliables et ce sera l&rsquo;occasion d&rsquo;apprendre de votre entourage et de l&rsquo;environnement. L&rsquo;important n&rsquo;est pas la destination, mais le voyage ! Le Camino a Tierra Santa a un halo de mysticisme qui le rend diff\u00e9rent des autres itin\u00e9raires de randonn\u00e9e typiques et qui \u00e9voque votre forum int\u00e9rieur.<\/p>\n<p><img decoding=\"async\" class=\"size-medium wp-image-20620 aligncenter lazyload\" src=\"https:\/\/www.mundiplus.com\/wp-content\/uploads\/2019\/01\/Camino-de-Santiago-desde-Burgos-300x200.jpg\" alt=\"Camino de Santiago desde Burgos\" width=\"100%\"   \/><\/p>\n<p class=\"p1\">Oubliez votre peur de l&rsquo;inconnu et aventurez-vous sans h\u00e9siter, car l&rsquo;\u00e9quipe de voyage de Mundiplus vous apportera toujours un soutien et une attention permanente dans tout ce dont vous avez besoin.<\/p>\n<p>Comme vous pouvez le constater, il n&rsquo;est pas n\u00e9cessaire de sortir en groupe puisqu&rsquo;au final vous ferez partie d&rsquo;un seul dans lequel vous d\u00e9ciderez qui sont vos compagnons de voyage, par affinit\u00e9, \u00e2ge ou rythme de marche&#8230;<\/p>\n<p class=\"gt-block\">Et si ce que vous voulez, c&rsquo;est faire le Camino de Santiago \u00e0 un moment d&rsquo;une grande pertinence et avec le plus de sens possible, le <a href=\"https:\/\/www.mundiplus.com\/fr\/blog\/ano-santo-2021\" target=\"_blank\" rel=\"noopener noreferrer\">Ann\u00e9e Sainte 2021<\/a> C&rsquo;est votre opportunit\u00e9 la plus proche.<\/p>\n<div class=\"mp-box mp-box--excl\">\n<p style=\"text-align: center;\" class=\"gt-block\"><span class=\"s1\"><b>VOUS D\u00c9CIDEZ VOS COMPAGNONS DE VOYAGE<\/b><\/span><\/p>\n<p style=\"text-align: center;\">\u2026 Parce que toute grande marche commence par un petit pas, osez faire le v\u00f4tre sur la \u00ab\u00a0Grande Rue de l&rsquo;Europe\u00a0\u00bb<\/p>\n<h3 style=\"text-align: center;\"><b>Good Way et Carpediem!<\/b><\/h3>\n<\/div>\n","protected":false},"excerpt":{"rendered":"<p>Faire le Camino de Santiago seul au d\u00e9part, il ne suppose aucun probl\u00e8me pour avoir une exp\u00e9rience personnelle enrichissante dans l&rsquo;un des voyages organis\u00e9s au Camino de Santiago Combien de fois vous \u00eates-vous pos\u00e9 cette question qui suscite tant d&rsquo;incertitudes et qui d\u00e9termine s&rsquo;il faut ou non faire seul le Camino de Santiago puisque ni [&hellip;]<\/p>\n","protected":false},"author":1,"featured_media":82820,"comment_status":"open","ping_status":"open","sticky":false,"template":"","format":"standard","meta":{"footnotes":""},"categories":[571,575,579],"tags":[],"class_list":["post-108978","post","type-post","status-publish","format-standard","has-post-thumbnail","hentry","category-blog-du-chemin","category-chemin-a-pied","category-chemin-a-velo"],"_links":{"self":[{"href":"https:\/\/www.mundiplus.com\/fr\/wp-json\/wp\/v2\/posts\/108978","targetHints":{"allow":["GET"]}}],"collection":[{"href":"https:\/\/www.mundiplus.com\/fr\/wp-json\/wp\/v2\/posts"}],"about":[{"href":"https:\/\/www.mundiplus.com\/fr\/wp-json\/wp\/v2\/types\/post"}],"author":[{"embeddable":true,"href":"https:\/\/www.mundiplus.com\/fr\/wp-json\/wp\/v2\/users\/1"}],"replies":[{"embeddable":true,"href":"https:\/\/www.mundiplus.com\/fr\/wp-json\/wp\/v2\/comments?post=108978"}],"version-history":[{"count":0,"href":"https:\/\/www.mundiplus.com\/fr\/wp-json\/wp\/v2\/posts\/108978\/revisions"}],"wp:featuredmedia":[{"embeddable":true,"href":"https:\/\/www.mundiplus.com\/fr\/wp-json\/wp\/v2\/media\/82820"}],"wp:attachment":[{"href":"https:\/\/www.mundiplus.com\/fr\/wp-json\/wp\/v2\/media?parent=108978"}],"wp:term":[{"taxonomy":"category","embeddable":true,"href":"https:\/\/www.mundiplus.com\/fr\/wp-json\/wp\/v2\/categories?post=108978"},{"taxonomy":"post_tag","embeddable":true,"href":"https:\/\/www.mundiplus.com\/fr\/wp-json\/wp\/v2\/tags?post=108978"}],"curies":[{"name":"wp","href":"https:\/\/api.w.org\/{rel}","templated":true}]}}