{"id":109005,"date":"2023-02-24T13:20:03","date_gmt":"2023-02-24T13:20:03","guid":{"rendered":"https:\/\/www.mundiplus.com\/les-10-monuments-les-plus-importants-du-camino-a-finisterre\/"},"modified":"2024-09-05T16:29:48","modified_gmt":"2024-09-05T16:29:48","slug":"les-10-monuments-les-plus-importants-du-camino-a-finisterre","status":"publish","type":"post","link":"https:\/\/www.mundiplus.com\/fr\/blog\/los-10-monumentos-mas-importantes-del-camino-a-finisterre\/","title":{"rendered":"Les 10 monuments les plus importants du Camino a Finisterre"},"content":{"rendered":"<p class=\"gt-block\">Inclus parmi les routes jacobines, le chemin du Finisterre b\u00e9n\u00e9ficie d&rsquo;une particularit\u00e9 unique dans le&nbsp;<a href=\"https:\/\/www.mundiplus.com\/fr\/\" target=\"_blank\" rel=\"noopener\">voyages au camino de santiago organis\u00e9s<\/a>. Et c&rsquo;est que, contrairement au reste, <strong>le point de d\u00e9part ici est pr\u00e9cis\u00e9ment la ville de Saint Jacques de Compostelle<\/strong>, se terminant au Cap Finisterre.<\/p>\n<p class=\"gt-block\">Ce que peu savent de cet itin\u00e9raire, c&rsquo;est qu&rsquo;\u00e0 la fin du Moyen \u00c2ge <strong>c&rsquo;\u00e9tait la derni\u00e8re \u00e9tendue de terre explor\u00e9e<\/strong> de sorte que <strong>\u00e9tait connu comme <\/strong><strong><em>la fin du monde (fini terre)<\/em><\/strong><em>, <\/em>lieu par lequel les \u00e2mes montaient au ciel.<\/p>\n<h2><strong>Ce sont les monuments les plus importants sur le chemin du Finisterre qu&rsquo;il ne faut pas manquer<\/strong><\/h2>\n<p class=\"gt-block\">Bien que Compostelle soit le but que tous les p\u00e8lerins essaient d&rsquo;atteindre au cours de leur voyage, lorsqu&rsquo;ils font, par exemple, le populaire&nbsp;<a href=\"https:\/\/www.mundiplus.com\/fr\/caminos\/a-pie\/camino-frances\/camino-de-santiago-desde-sarria\" target=\"_blank\" rel=\"noopener\">camino de santiago de sarria \u00e0 santiago<\/a>, continuer avec la section de Fisterra et Mux\u00eda est de plus en plus fr\u00e9quente parmi les randonneurs. De plus, se sentir attir\u00e9 par la l\u00e9gende du <em>la fin du monde, <\/em><strong>les paysages ont aussi un grand poids.<\/strong><\/p>\n<p class=\"gt-block\">Parmi les monuments les plus importants de la <a href=\"https:\/\/www.mundiplus.com\/fr\/caminos\/a-pie\/camino-finisterre\/camino-de-santiago-a-finisterre\" target=\"_blank\" rel=\"noopener\">Route vers Finisterre<\/a> que personne ne peut manquer sont les suivants :<\/p>\n<h3><strong>Pont romain \u00e0 Aguapesada<\/strong><\/h3>\n<p class=\"gt-block\">\u00c9lev\u00e9 sur la rivi\u00e8re Aguapesada, il est \u00e9galement connu sous le nom de <em>Je fais deux pas. <\/em>Selon les historiens,<strong> la structure actuelle doit avoir \u00e9t\u00e9 construite entre les XNUMXe et XNUMXe si\u00e8cles.<\/strong> Cependant, en raison de l&rsquo;importance de cette population, il pourrait y avoir eu une pr\u00e9c\u00e9dente.<\/p>\n<p class=\"gt-block\">Il s&rsquo;agit d&rsquo;un pont en pierre, de deux d\u00e9versoirs et d&rsquo;un arc en plein cintre surbaiss\u00e9. <strong>Il a une all\u00e9e faite de grandes dalles de pierre<\/strong>.<\/p>\n<h3><strong>\u00c9glise San Juan de Mazaricos<\/strong><\/h3>\n<p class=\"gt-block\">Situ\u00e9 \u00e0 Mazaricos, cela pourrait passer pour une structure catholique commune. Tout pr\u00e8s de la rivi\u00e8re du m\u00eame nom, <strong>Elle poss\u00e8de une chapelle principale ogivale et une tour baroque assez \u00e9lanc\u00e9e.<\/strong><\/p>\n<p class=\"gt-block\">En 2009, alors que des travaux de r\u00e9habilitation \u00e9taient en cours sur l&rsquo;ouvrage, les ouvriers ont constat\u00e9 <strong>vestiges de ce qui \u00e9tait l&rsquo;ancien temple, dont la construction date du IXe si\u00e8cle. <\/strong>Parmi les vestiges se trouvent des murs qui, selon les experts, faisaient partie du plan de la basilique.<\/p>\n<h3><strong>\u00c9glise de Pereiri\u00f1a, \u00e0 Cee<\/strong><\/h3>\n<p class=\"gt-block\">Il se distingue par sa belle tour lat\u00e9rale, construite dans le style baroque. Ce temple est <strong>l&rsquo;un des \u00e9difices les plus importants du Camino de Finisterre<\/strong>.<\/p>\n<p class=\"gt-block\">Il dispose d&rsquo;un <strong>fa\u00e7ade simple mais extr\u00eamement \u00e9l\u00e9gante et pr\u00e9cieuse<\/strong>. De plus, vous verrez une lanterne qui la distingue par son style baroque marqu\u00e9.<\/p>\n<h3><strong>Ch\u00e2teau du Cardinal, \u00e0 Corcubion<\/strong><\/h3>\n<p class=\"gt-block\">Cette pr\u00e9cieuse forteresse d\u00e9fensive est consid\u00e9r\u00e9e comme l&rsquo;un des monuments les plus importants du Camino de Finisterre. <strong>Il a \u00e9t\u00e9 construit au milieu du XNUMX\u00e8me si\u00e8cle pour faire face aux attaques continues<\/strong> entre la marine britannique et les Bourbons.<\/p>\n<p class=\"gt-block\">L&rsquo;objectif principal \u00e9tait de prot\u00e9ger l&rsquo;entr\u00e9e de l&rsquo;estuaire, donc il <strong>Le ch\u00e2teau du Prince a \u00e9t\u00e9 construit, juste en face.<\/strong><\/p>\n<h3><strong>\u00c9glise de San Xo\u00e1n de Sardi\u00f1eiro<\/strong><\/h3>\n<p class=\"gt-block\">Un bel immeuble qui a \u00e9t\u00e9<strong> construit entre le XVIIIe et le XXe si\u00e8cle,<\/strong> sous le style baroque alli\u00e9 au n\u00e9oclassique. Elle pr\u00e9sente un plan en hall, des murs \u00e9pais et une nef unique avec trois portes d&rsquo;acc\u00e8s.<\/p>\n<p class=\"gt-block\">Malgr\u00e9 le fait que la fa\u00e7ade actuelle, due \u00e0 diff\u00e9rentes r\u00e9formes, soit de style n\u00e9oclassique, elle conserve encore le style baroque des moulures des fen\u00eatres. Contrairement \u00e0 d&rsquo;autres temples de l&rsquo;\u00e9poque, celui-ci<strong> Il manque de retables, car ils ont \u00e9t\u00e9 \u00e9limin\u00e9s lors des diff\u00e9rentes r\u00e9habilitations effectu\u00e9es.<\/strong><\/p>\n<h3><strong>Ch\u00e2teau de San Carlos Finisterre<\/strong><\/h3>\n<p class=\"gt-block\">L&rsquo;un des points d&rsquo;int\u00e9r\u00eat du Camino de Finisterre est sans aucun doute le <strong>Ch\u00e2teau de San Carlos<\/strong>. Ce b\u00e2timent se distingue par sa forme irr\u00e9guli\u00e8re,<strong> Il a \u00e9t\u00e9 construit sur un sol rocheux et ils ont d\u00fb l&rsquo;adapter.<\/strong><\/p>\n<p>Il a \u00e9t\u00e9 construit vers 1.757 dans le cadre de ce qui serait le plan d\u00e9fensif de l&rsquo;estuaire de Corcubi\u00f3n, \u00e0 c\u00f4t\u00e9 du ch\u00e2teau Cardenal \u00e0 Corcubi\u00f3n et du ch\u00e2teau Pr\u00edncipe \u00e0 Cee.<\/p>\n<p class=\"gt-block\">Malgr\u00e9 le fait que le travail a commenc\u00e9 avec beaucoup d&rsquo;enthousiasme, <strong>Il a fallu environ 10 ans pour l&rsquo;achever, lorsque le roi Carlos III a ordonn\u00e9 qu&rsquo;il soit achev\u00e9.<\/strong><\/p>\n<p>Pendant la Guerre d&rsquo;Ind\u00e9pendance, Finisterre est prise d&rsquo;assaut par les Fran\u00e7ais. Le ch\u00e2teau de San Carlos a \u00e9t\u00e9 presque enti\u00e8rement d\u00e9truit puis incendi\u00e9. Apr\u00e8s cela, il a \u00e9t\u00e9 restaur\u00e9 presque dans son int\u00e9gralit\u00e9, lui redonnant l&rsquo;\u00e9clat de son \u00e2ge d&rsquo;or.<\/p>\n<p><img decoding=\"async\" class=\"alignnone size-medium wp-image-27636 lazyload\" src=\"https:\/\/www.mundiplus.com\/wp-content\/uploads\/2024\/04\/Organizar-Camino-de-Santiago-1-scaled-1.jpg\" alt=\" width=\"100%\"   \/><\/p>\n<h3><strong>Phare du Finisterre<\/strong><\/h3>\n<p class=\"gt-block\">C&rsquo;est le phare qui se trouve plus \u00e0 l&rsquo;ouest dans toute l&rsquo;Europe et l&rsquo;un des b\u00e2timents les plus importants du Camino de Finisterre, <strong>Il a \u00e9t\u00e9 construit en 1853. <\/strong>En plus de la maison du gardien du phare, il a une petite place qui sert d&rsquo;hommage au g\u00e9n\u00e9ral San Mart\u00edn.<\/p>\n<p class=\"gt-block\">La tour a une base octogonale et des pierres apparentes, elle mesure 17 m\u00e8tres de haut. <strong>La lumi\u00e8re est situ\u00e9e \u00e0 environ 143 m\u00e8tres d&rsquo;altitude,<\/strong> atteignant plus de 23 milles nautiques. Cependant, le fort brouillard hivernal a conduit \u00e0 l&rsquo;ajout d&rsquo;une lanterne en 1888.<\/p>\n<p class=\"gt-block\">Malgr\u00e9 les signes <strong>la zone a \u00e9t\u00e9 le protagoniste de nombreux naufrages,<\/strong> l&rsquo;une des plus c\u00e9l\u00e8bres \u00e9tant celle de 1870, quand 482 personnes \u00e0 bord du <em>Capitaine moniteur <\/em>d\u00e9c\u00e9d\u00e9. Pour certains, c&rsquo;est le phare le plus visit\u00e9 de tout le continent, en plus d&rsquo;\u00eatre le plus proche de l&rsquo;Am\u00e9rique.<\/p>\n<h2><strong>Autres points d&rsquo;int\u00e9r\u00eat \u00e0 proximit\u00e9<\/strong><\/h2>\n<p>Hormis les points d&rsquo;int\u00e9r\u00eat sur le Camino a Finisterre, la liste n&rsquo;est pas encore termin\u00e9e. Il y a quelques monuments importants qui ne se trouvent pas sur le Camino de Finisterre, mais qui sont proches de la route elle-m\u00eame.<\/p>\n<h3><strong>Dolmen de Pedra da Arca<\/strong><\/h3>\n<p class=\"gt-block\">Consid\u00e9r\u00e9 comme l&rsquo;un des plus grands dolmens de toute la province, <strong>origine entre 3.500 2.700 et XNUMX XNUMX av. J.-C.,<\/strong> pour certains l&rsquo;\u00e9poque de la plus grande splendeur de la culture m\u00e9galithique. \u00c0 l&rsquo;heure actuelle, il est possible d&rsquo;appr\u00e9cier une partie de la terre qui la recouvrait, o\u00f9 se trouvent \u00e9galement les restes d&rsquo;une coquille en pierre.<\/p>\n<p class=\"gt-block\">Il est compos\u00e9 d&rsquo;un <strong>pierre de couverture fendue en deux et six bords verticaux<\/strong> qui servent de support.<\/p>\n<p>Selon la l\u00e9gende, c&rsquo;est une femme mauresque qui l&rsquo;a construit, portant les rochers sur sa t\u00eate tout en allaitant un enfant tout en filant.<\/p>\n<h3><strong>\u00c9glise de Santiago de Olveiroa<\/strong><\/h3>\n<p class=\"gt-block\">Situ\u00e9 dans la ville de Dumbr\u00eda, \u00e0 La Corogne, il a \u00e9t\u00e9 construit<strong> fin du XNUMX\u00e8me si\u00e8cle, bien que quelques d\u00e9tails aient \u00e9t\u00e9 ajout\u00e9s aux XNUMX\u00e8me et XNUMX\u00e8me si\u00e8cles. <\/strong>Elle est de petite taille, avec une seule nef, un toit \u00e0 pignon. Le retable de la chapelle principale est de style n\u00e9oclassique, \u00e0 l&rsquo;effigie de l&rsquo;ap\u00f4tre Saint-Jacques-de-Compostelle.<\/p>\n","protected":false},"excerpt":{"rendered":"<p>Inclus parmi les routes jacobines, le chemin du Finisterre b\u00e9n\u00e9ficie d&rsquo;une particularit\u00e9 unique dans le&nbsp;voyages au camino de santiago organis\u00e9s. Et c&rsquo;est que, contrairement au reste, le point de d\u00e9part ici est pr\u00e9cis\u00e9ment la ville de Saint Jacques de Compostelle, se terminant au Cap Finisterre. Ce que peu savent de cet itin\u00e9raire, c&rsquo;est qu&rsquo;\u00e0 la [&hellip;]<\/p>\n","protected":false},"author":1,"featured_media":83026,"comment_status":"open","ping_status":"open","sticky":false,"template":"","format":"standard","meta":{"footnotes":""},"categories":[571],"tags":[],"class_list":["post-109005","post","type-post","status-publish","format-standard","has-post-thumbnail","hentry","category-blog-du-chemin"],"_links":{"self":[{"href":"https:\/\/www.mundiplus.com\/fr\/wp-json\/wp\/v2\/posts\/109005","targetHints":{"allow":["GET"]}}],"collection":[{"href":"https:\/\/www.mundiplus.com\/fr\/wp-json\/wp\/v2\/posts"}],"about":[{"href":"https:\/\/www.mundiplus.com\/fr\/wp-json\/wp\/v2\/types\/post"}],"author":[{"embeddable":true,"href":"https:\/\/www.mundiplus.com\/fr\/wp-json\/wp\/v2\/users\/1"}],"replies":[{"embeddable":true,"href":"https:\/\/www.mundiplus.com\/fr\/wp-json\/wp\/v2\/comments?post=109005"}],"version-history":[{"count":0,"href":"https:\/\/www.mundiplus.com\/fr\/wp-json\/wp\/v2\/posts\/109005\/revisions"}],"wp:featuredmedia":[{"embeddable":true,"href":"https:\/\/www.mundiplus.com\/fr\/wp-json\/wp\/v2\/media\/83026"}],"wp:attachment":[{"href":"https:\/\/www.mundiplus.com\/fr\/wp-json\/wp\/v2\/media?parent=109005"}],"wp:term":[{"taxonomy":"category","embeddable":true,"href":"https:\/\/www.mundiplus.com\/fr\/wp-json\/wp\/v2\/categories?post=109005"},{"taxonomy":"post_tag","embeddable":true,"href":"https:\/\/www.mundiplus.com\/fr\/wp-json\/wp\/v2\/tags?post=109005"}],"curies":[{"name":"wp","href":"https:\/\/api.w.org\/{rel}","templated":true}]}}