{"id":109021,"date":"2019-02-25T10:48:43","date_gmt":"2019-02-25T10:48:43","guid":{"rendered":"https:\/\/www.mundiplus.com\/monastere-de-samos\/"},"modified":"2024-09-05T16:30:19","modified_gmt":"2024-09-05T16:30:19","slug":"monastere-de-samos","status":"publish","type":"post","link":"https:\/\/www.mundiplus.com\/fr\/blog\/monasterio-de-samos\/","title":{"rendered":"Monast\u00e8re de Samos"},"content":{"rendered":"<p class=\"gt-block\">Le monast\u00e8re b\u00e9n\u00e9dictin de Saint Julian et Basilisa (populairement connu sous le nom de monast\u00e8re de Samos) est situ\u00e9 dans le <a href=\"https:\/\/www.mundiplus.com\/fr\/caminos\/a-pie\/camino-frances\" target=\"_blank\" rel=\"noopener noreferrer\">Fa\u00e7on fran\u00e7aise<\/a>, pr\u00e8s du mythique O Cebreiro dans la province de Lugo et enferm\u00e9 dans une belle vall\u00e9e, situ\u00e9 dans la ville de Samos.<\/p>\n<p>\u00c0 notre humble avis, le monast\u00e8re de Samos est probablement, apr\u00e8s la cath\u00e9drale de Santiago et avec l&rsquo;\u00e9glise de Santa Maria la Blanca \u00e0 Villalc\u00e1zar de Sirga, l&rsquo;un des meilleurs et des plus importants temples religieux du Camino Frances de Santiago.<\/p>\n<p>Jusqu&rsquo;\u00e0 ce que vous atteigniez physiquement le pied de celui-ci, vous ne pouvez pas imaginer sa grandeur, en raison de l&rsquo;endroit o\u00f9 il se trouve, au pied de la rivi\u00e8re Sarria ou Oribio et de la petite population qui l&rsquo;entoure.<\/p>\n<p class=\"gt-block\">Il est consid\u00e9r\u00e9 comme un monument national et un bien d&rsquo;int\u00e9r\u00eat culturel. A l&rsquo;int\u00e9rieur, il abrite, entre autres pi\u00e8ces, une c\u00e9l\u00e8bre auberge de p\u00e8lerins pour ceux qui font la <a href=\"https:\/\/www.mundiplus.com\/fr\/\" target=\"_blank\" rel=\"noopener\">Voyage organis\u00e9 au Camino de Santiago<\/a>.<\/p>\n<p>C&rsquo;est le plus ancien monast\u00e8re habit\u00e9 d&rsquo;Espagne et l&rsquo;un des trois trouv\u00e9s en Galice, avec ces caract\u00e9ristiques.<\/p>\n<p>Son histoire remonte au VIe si\u00e8cle, selon une pierre tombale wisigothe qui en atteste, fond\u00e9e par San Marti\u00f1o de Dumio, puis agrandie au fil des si\u00e8cles.<\/p>\n<p class=\"gt-block\">Il a subi diverses vicissitudes, entre autres, en raison de l&rsquo;invasion musulmane, pour laquelle il a \u00e9t\u00e9 temporairement abandonn\u00e9 et a \u00e9galement servi de refuge, dans son enfance, \u00e0 ce qui serait Alphonse II le Chaste, roi des Asturies, un fait d\u00e9cisif pour expansion \u00e9conomique, patrimoine artistique et culturel dudit monast\u00e8re et, par cons\u00e9quent, du Camino de Santiago, puisque c&rsquo;est sous le r\u00e8gne du roi Alphonse II que le <a href=\"https:\/\/www.mundiplus.com\/fr\/blog\/la-tumba-del-apostol-santiago-y-sus-origenes\" target=\"_blank\" rel=\"noopener noreferrer\">tombeau de l&rsquo;ap\u00f4tre Santiago<\/a>.<\/p>\n<p><img decoding=\"async\" class=\"aligncenter wp-image-14050 size-large ls-is-cached lazyloaded\" src=\"https:\/\/www.mundiplus.com\/wp-content\/uploads\/2024\/04\/UNADJUSTEDNONRAW_thumb_1223.jpg\"  alt=\"Clo\u00eetre-monast\u00e8re-de-samos\" width=\"100%\"><img decoding=\"async\" class=\"aligncenter wp-image-14050 size-large lazyload\" src=\"https:\/\/www.mundiplus.com\/wp-content\/uploads\/2024\/04\/UNADJUSTEDNONRAW_thumb_1223.jpg\" alt=\"Claustro-monasterio-de-samos\" width=\"100%\"   \/><\/p>\n<p>Apr\u00e8s quelques vicissitudes, concernant les Ordres monastiques qui l&rsquo;habitaient, c&rsquo;est au XIIe si\u00e8cle, avec la R\u00e9forme de l&rsquo;Ordre de Cluny, qu&rsquo;elle prit une grande importance.<\/p>\n<p>Comme dans le reste de l&rsquo;Espagne, elle a subi le \u00abD\u00e9sengagement de Mendiz\u00e1bal\u00bb en 1836, pour lequel la communaut\u00e9 b\u00e9n\u00e9dictine qui y s\u00e9journait a d\u00fb quitter le monast\u00e8re jusqu&rsquo;en 1880, date \u00e0 laquelle ils ont pu revenir.<\/p>\n<p>Depuis le X\u00e8me si\u00e8cle, l&rsquo;Ordre B\u00e9n\u00e9dictin, propri\u00e9taire du Monast\u00e8re, est r\u00e9gi par la R\u00e8gle de Saint Beno\u00eet.<\/p>\n<p class=\"gt-block\">La construction de <a href=\"https:\/\/www.abadiadesamos.com\/\" target=\"_blank\" rel=\"nofollow noopener\">Monast\u00e8re de Samos<\/a> Elle se d\u00e9veloppe, principalement, entre les XVIe et XVIIIe si\u00e8cles (style Renaissance et baroque)<\/p>\n<p>Nous soulignons l&rsquo;\u00e9glise, un b\u00e2timent n\u00e9oclassique au plan rectangulaire, \u00e0 trois nefs, ainsi que son retable principal et l&rsquo;escalier, tr\u00e8s similaire \u00e0 celui de la cath\u00e9drale de Santiago \u00e0 son entr\u00e9e par la Plaza del Obradoiro, ainsi que son sacristie et la fabuleuse biblioth\u00e8que qui contient des \u00ab\u00a0incunables\u00a0\u00bb et des collections telles que \u00ab\u00a0La Patolog\u00eda Griega\u00a0\u00bb et \u00ab\u00a0Latina\u00a0\u00bb, ainsi que \u00ab\u00a0Sacrorum Conciliorum nova et amplissima\u00a0\u00bb<\/p>\n<p><img decoding=\"async\" class=\"aligncenter wp-image-14046 size-full lazyload\" src=\"https:\/\/www.mundiplus.com\/wp-content\/uploads\/2024\/04\/UNADJUSTEDNONRAW_thumb_1223.jpg\" alt=\"monasterio-de-samos-capilla-cipres\" width=\"100%\"   \/><\/p>\n<p>Le monast\u00e8re a deux clo\u00eetres : \u00ab\u00a0Le plus grand clo\u00eetre d&rsquo;Espagne ou Padre Feijo\u00f3\u00a0\u00bb, du XVIIIe si\u00e8cle, dans lequel se trouve la statue du moine b\u00e9n\u00e9dictin, qui a pris les habitudes dans le monast\u00e8re susmentionn\u00e9 et \u00ab\u00a0Le clo\u00eetre des N\u00e9r\u00e9ides \u00ab\u00a0, de le XNUMX\u00e8me si\u00e8cle.<\/p>\n<p>Il convient de mentionner, \u00e0 proximit\u00e9 du monast\u00e8re, la Capilla del Cipr\u00e9s, une \u0153uvre du IXe si\u00e8cle, de style mozarabe (avec des portes en arc outrepass\u00e9), qui aurait pu servir d&rsquo;auberge pour les p\u00e8lerins ou de cellule monastique.<\/p>\n<p>A c\u00f4t\u00e9 de cette chapelle, on trouve un impressionnant cypr\u00e8s, qui lui donne son nom, vieux d&rsquo;environ un mill\u00e9naire.<\/p>\n<p class=\"gt-block\">En conclusion, nous pourrions dire que le monast\u00e8re de Samos vaut bien une halte dans notre <a href=\"https:\/\/www.mundiplus.com\/fr\/caminos\/a-pie\/camino-frances\/o-cebreiro-santiago\" target=\"_blank\" rel=\"noopener noreferrer\">Camino de Santiago depuis O Cebreiro<\/a>, avant d&rsquo;atteindre la ville de Sarria. Pour le visiter en profondeur il vous faudra passer la nuit \u00e0 Samos afin d&rsquo;avoir suffisamment de temps pour visiter sereinement son int\u00e9rieur par la main des moines b\u00e9n\u00e9dictins qui seront des guides exceptionnels de ce qui est \u00ab\u00a0sa maison\u00a0\u00bb. Une autre option si vous voulez le visiter et que vous n&rsquo;avez pas 9 jours pour commencer l&rsquo;itin\u00e9raire depuis le sommet d&rsquo;O Cebreiro, est de louer le&nbsp;<a href=\"https:\/\/www.mundiplus.com\/fr\/caminos\/a-pie\/camino-frances\/camino-de-santiago-desde-sarria\" target=\"_blank\" rel=\"noopener\">Camino de Santiago organis\u00e9 depuis Sarria<\/a>. Dans ce cas, vous n&rsquo;auriez besoin que de 7 jours de voyage, et vous devriez passer une nuit suppl\u00e9mentaire \u00e0 Sarria et de l\u00e0, nous pouvons vous emmener faire un aller-retour pour visiter l&rsquo;Abadia de Samos.<\/p>\n","protected":false},"excerpt":{"rendered":"<p>Le monast\u00e8re b\u00e9n\u00e9dictin de Saint Julian et Basilisa (populairement connu sous le nom de monast\u00e8re de Samos) est situ\u00e9 dans le Fa\u00e7on fran\u00e7aise, pr\u00e8s du mythique O Cebreiro dans la province de Lugo et enferm\u00e9 dans une belle vall\u00e9e, situ\u00e9 dans la ville de Samos. \u00c0 notre humble avis, le monast\u00e8re de Samos est probablement, [&hellip;]<\/p>\n","protected":false},"author":1,"featured_media":83146,"comment_status":"open","ping_status":"open","sticky":false,"template":"","format":"standard","meta":{"footnotes":""},"categories":[571],"tags":[],"class_list":["post-109021","post","type-post","status-publish","format-standard","has-post-thumbnail","hentry","category-blog-du-chemin"],"_links":{"self":[{"href":"https:\/\/www.mundiplus.com\/fr\/wp-json\/wp\/v2\/posts\/109021","targetHints":{"allow":["GET"]}}],"collection":[{"href":"https:\/\/www.mundiplus.com\/fr\/wp-json\/wp\/v2\/posts"}],"about":[{"href":"https:\/\/www.mundiplus.com\/fr\/wp-json\/wp\/v2\/types\/post"}],"author":[{"embeddable":true,"href":"https:\/\/www.mundiplus.com\/fr\/wp-json\/wp\/v2\/users\/1"}],"replies":[{"embeddable":true,"href":"https:\/\/www.mundiplus.com\/fr\/wp-json\/wp\/v2\/comments?post=109021"}],"version-history":[{"count":0,"href":"https:\/\/www.mundiplus.com\/fr\/wp-json\/wp\/v2\/posts\/109021\/revisions"}],"wp:featuredmedia":[{"embeddable":true,"href":"https:\/\/www.mundiplus.com\/fr\/wp-json\/wp\/v2\/media\/83146"}],"wp:attachment":[{"href":"https:\/\/www.mundiplus.com\/fr\/wp-json\/wp\/v2\/media?parent=109021"}],"wp:term":[{"taxonomy":"category","embeddable":true,"href":"https:\/\/www.mundiplus.com\/fr\/wp-json\/wp\/v2\/categories?post=109021"},{"taxonomy":"post_tag","embeddable":true,"href":"https:\/\/www.mundiplus.com\/fr\/wp-json\/wp\/v2\/tags?post=109021"}],"curies":[{"name":"wp","href":"https:\/\/api.w.org\/{rel}","templated":true}]}}