{"id":109032,"date":"2019-02-13T13:42:20","date_gmt":"2019-02-13T13:42:20","guid":{"rendered":"https:\/\/www.mundiplus.com\/chateau-de-ponferrada\/"},"modified":"2024-09-05T16:30:57","modified_gmt":"2024-09-05T16:30:57","slug":"chateau-de-ponferrada","status":"publish","type":"post","link":"https:\/\/www.mundiplus.com\/fr\/blog\/castillo-de-ponferrada\/","title":{"rendered":"Ch\u00e2teau de Ponferrada"},"content":{"rendered":"<p class=\"gt-block p1\"><span class=\"s1\">Les origines de <strong>Ch\u00e2teau de Ponferrada<\/strong> Ils datent d&rsquo;un ancien fort pr\u00e9-romain, probablement celtique. Au fil des ans, en plus de ces constructions initiales, ils ont laiss\u00e9 <\/span><span class=\"s2\">en faisant de nombreuses modifications et extensions, pouvant contempler, aujourd&rsquo;hui, l&rsquo;une des meilleures fortifications conserv\u00e9es en Espagne, d\u00e9clar\u00e9e monument historique et artistique national en 1924.<\/span><\/p>\n<p class=\"gt-block p1\"><span class=\"s2\">Son emplacement privil\u00e9gi\u00e9, sur un haut promontoire au confluent des rivi\u00e8res Boceza et Sil, lui conf\u00e8re une position strat\u00e9gique pour la d\u00e9fense de Ponferrada ainsi que de sa r\u00e9gion et de ses terres en Galice.<\/span><\/p>\n<p class=\"gt-block p1\"><span class=\"s2\">Il convient de noter que la ville de Ponferrada (Pons Ferrata) tire son nom du pont renforc\u00e9 de fer, que l&rsquo;\u00e9v\u00eaque Osmundo a ordonn\u00e9 de construire au XIe si\u00e8cle, pour faciliter le passage de la rivi\u00e8re Sil aux p\u00e8lerins en route vers Santiago. de Compostelle par le chemin du p\u00e8lerinage du <a href=\"https:\/\/www.mundiplus.com\/fr\/caminos\/a-pie\/camino-frances\" target=\"_blank\" rel=\"noopener noreferrer\">Fa\u00e7on fran\u00e7aise<\/a>.<\/span><\/p>\n<p class=\"gt-block p1\"><span class=\"s2\">L&rsquo;une des raisons les plus int\u00e9ressantes et passionn\u00e9es de ce ch\u00e2teau de Ponferrada est qu&rsquo;en 1178, il a \u00e9t\u00e9 confi\u00e9 au <a href=\"https:\/\/www.mundiplus.com\/fr\/blog\/templarios-en-el-camino-de-santiago\" target=\"_blank\" rel=\"nofollow noopener\">Ordre du Temple (Templiers)<\/a> qui ont effectu\u00e9 les r\u00e9formes n\u00e9cessaires pour en faire une authentique forteresse, alors qu&rsquo;ils en \u00e9taient \u00ab\u00a0propri\u00e9taires\u00a0\u00bb.&nbsp;<\/span><\/p>\n<h2><span style=\"color: #00ccff;\">MISSION DES TEMPLIERS<\/span><\/h2>\n<p class=\"gt-block p1\"><span class=\"s2\">L&rsquo;une des principales missions confi\u00e9es aux Templiers \u00e9tait la protection des p\u00e8lerins sur le Camino de Santiago, ainsi que le service des rois qui leur avaient propos\u00e9 une telle t\u00e2che.<\/span><\/p>\n<p class=\"gt-block p1\"><span class=\"s2\">L&rsquo;Ordre du Temple a continu\u00e9 \u00e0 Ponferrada pendant environ 150 ans, jusqu&rsquo;\u00e0 ce que le pape Cl\u00e9ment V, induit par le roi fran\u00e7ais Philippe IV de France, ordonne la dissolution de l&rsquo;Ordre en 1312 et la confiscation de tous ses biens et possessions dans les pays dans lequel l&rsquo;Ordre a \u00e9t\u00e9 install\u00e9.<\/span><\/p>\n<p>&nbsp;<img decoding=\"async\" class=\"alignnone wp-image-16016 size-large ls-is-cached lazyloaded\" title=\"ch\u00e2teau de ponferrada\" src=\"https:\/\/www.mundiplus.com\/wp-content\/uploads\/2020\/05\/IMG_0543-1024x768.jpg\"  alt=\"ch\u00e2teau de ponferrada\" width=\"100%\"><img decoding=\"async\" class=\"alignnone wp-image-16016 size-large lazyload\" title=\"castillo-de-ponferrada\" src=\"https:\/\/www.mundiplus.com\/wp-content\/uploads\/2020\/05\/IMG_0543-1024x768.jpg\" alt=\"castillo-de-ponferrada\" width=\"100%\"   \/><\/p>\n<p class=\"gt-block p1\"><span class=\"s2\">L&rsquo;Ordre religieux et militaire du Temple, aussi appel\u00e9 \u00ab Pauvres Compagnons du Temple du Christ du Roi Salomon \u00bb, a \u00e9t\u00e9 fond\u00e9 en France en 1119 jusqu&rsquo;\u00e0 sa dissolution en 1312. Il comptait environ 20000 10 hommes, dont XNUMX % \u00e9taient des Chevaliers, \u00e9tant son fondateur. Huho de Panys. Elle est n\u00e9e avec pour mission principale de prot\u00e9ger les p\u00e8lerins d&rsquo;Europe en route vers J\u00e9rusalem, en Terre Sainte.<\/span><\/p>\n<p class=\"gt-block p1\"><span class=\"s2\">Ils avaient comme signe distinctif un manteau blanc avec la croix rouge de Patada et leur devise :&nbsp;<i>nonnobis, <\/i>Ma\u00eetre, non nobis. Sed Nomini Tuo Da Gloriam (\u00ab\u00a0Pas \u00e0 nous, Seigneur, pas \u00e0 nous. Mais \u00e0 ton nom soit la gloire\u00a0\u00bb)<\/span><\/p>\n<p class=\"gt-block p1\"><span class=\"s2\">Comme curiosit\u00e9, pendant le s\u00e9jour des Templiers \u00e0 Ponferrada, apparemment, l&rsquo;image d&rsquo;une Vierge connue depuis lors sous le nom de Virgen de la Encina, qui est aujourd&rsquo;hui la sainte patronne de la ville, a \u00e9t\u00e9 d\u00e9couverte \u00e0 l&rsquo;int\u00e9rieur d&rsquo;un ch\u00eane et du Bierzo r\u00e9gion et qui est expos\u00e9e dans la Basilique de Nuestra Se\u00f1ora de la Encina, tr\u00e8s proche du Ch\u00e2teau.<\/span><\/p>\n<h2><span style=\"color: #00ccff;\">ORIGINES ET \u00c9VOLUTION DU CH\u00c2TEAU DE PONFERRADA<\/span><\/h2>\n<p class=\"gt-block p1\"><span class=\"s3\">En 1340 commence la construction du Vieux Ch\u00e2teau, \u00e0 l&rsquo;int\u00e9rieur de la zone fortifi\u00e9e, promue par Don Pedro Fern\u00e1ndez <\/span><span class=\"s4\">De Castro, seigneur de Ponferrada, dans le<\/span><span class=\"s1\">qui se trouvent, comme \u00e9l\u00e9ments principaux, 4 tours, qui ont \u00e9t\u00e9 construites tout au long des XIVe au XVIe si\u00e8cles (De l&rsquo;Ancien Hommage, Duc d&rsquo;Arjona ou Vieux Cube, Nouvel Hommage ou Nouveau Cube et Rois Catholiques)<\/span><\/p>\n<p class=\"gt-block p1\"><span class=\"s1\">Au XVe si\u00e8cle, de nouveaux et tr\u00e8s importants travaux de fortification ont \u00e9t\u00e9 r\u00e9alis\u00e9s, promus par Don Pedro Alvarez Osorio, premier comte de Lemos, parmi lesquels: Les cinq tours actuelles, construites sur le p\u00e9rim\u00e8tre du mur, sont: Moclin, Caracoles , Malpica, Cabrera et Malvecino, Construction du Nouveau Palais, Entr\u00e9e Principale, Donjon de l&rsquo;Ancien Ch\u00e2teau et les ronds-points du Mur, de la Mine et de la Cueva de la Mora.<\/span><\/p>\n<p><img decoding=\"async\" class=\"alignnone wp-image-16020 size-large lazyload\" title=\"castillo-templario-ponferrada\" src=\"https:\/\/www.mundiplus.com\/wp-content\/uploads\/2020\/05\/IMG_0558-1024x768.jpg\" alt=\"castillo-templario-ponferrada\" width=\"100%\"   \/><\/p>\n<p class=\"gt-block p1\"><span class=\"s1\">Nous soulignons de ces \u00e9l\u00e9ments, l&rsquo;entr\u00e9e du ch\u00e2teau, form\u00e9e de deux splendides tours dans lesquelles, dans la Torre de los Caracoles, on peut lire l&rsquo;inscription en latin : <i>Nisi Dominus custodierit civitatem frustrat vigilat qui custodit eam<\/i><\/span><span class=\"s5\">\u00bb (\u00ab Si le Seigneur ne prot\u00e8ge pas la ville, en vain il regarde qui la garde \u00bb)<\/span><\/p>\n<h2><span style=\"color: #00ccff;\">D\u00c9CLIN ET R\u00c9SURGENCE DU CH\u00c2TEAU DE PONFERRADA<\/span><\/h2>\n<p class=\"gt-block p1\"><span class=\"s1\">Le ch\u00e2teau de Ponferrada est rest\u00e9 plus ou moins habitable jusqu&rsquo;au milieu du XIXe si\u00e8cle, lorsque sa construction a commenc\u00e9.&nbsp;<\/span><span class=\"s2\">p\u00e9riode de d\u00e9clin<\/span><span class=\"s1\">. Apr\u00e8s d&rsquo;importants travaux de restauration, depuis 1997, il a \u00e9t\u00e9 rouvert au public en 2010.<\/span><\/p>\n<p class=\"gt-block p1\"><span class=\"s1\">L&rsquo;int\u00e9rieur du Nouveau Palais du Ch\u00e2teau de Ponferrada, sert de salle d&rsquo;exposition avec une vaste exposition de codex, manuscrits de th\u00e8mes religieux. Dans la nouvelle Sala Rica, vous pouvez voir l&rsquo;exposition permanente \u00ab\u00a0Templum <\/span><span class=\"s2\">Libri \u00bb, inaugur\u00e9 en 2010, parmi lesquels on retrouve le \u00ab Livre de Kells \u00bb (IXe si\u00e8cle), une collection des \u00ab Bienheureux \u00bb, d&rsquo;une vingtaine de volumes et le \u00ab Livre d&rsquo;heures \u00bb, de Visconti (XVe si\u00e8cle).<\/span><\/p>\n<p class=\"gt-block p1\"><span class=\"s2\">Dans d&rsquo;autres d\u00e9pendances du Palais, il existe actuellement une importante biblioth\u00e8que templi\u00e8re et un centre d&rsquo;\u00e9tudes historiques.<\/span><\/p>\n<p class=\"gt-block p3\"><span class=\"s2\">dans ton <a href=\"https:\/\/www.mundiplus.com\/fr\/caminos\/a-pie\/camino-frances\/leon-o-cebreiro\" target=\"_blank\" rel=\"nofollow noopener\">Camino de Santiago de Le\u00f3n<\/a>, en passant par la ville de Ponferrada, vous ne pouvez pas vous arr\u00eater <a href=\"https:\/\/castillodelostemplarios.com\/consultas\/horarios-y-tarifas\/\" target=\"_blank\" rel=\"nofollow noopener\">visitez ce magnifique ch\u00e2teau templier<\/a>, ainsi que la belle ville de Ponferrada, capitale d&rsquo;El Bierzo ; et sa riche gastronomie.<\/span><\/p>\n<p class=\"gt-block\">Si vous n&rsquo;avez pas assez de jours pour parcourir Ponferrada, nous vous recommandons un chemin plus court mais tr\u00e8s populaire, qui serait <a href=\"https:\/\/www.mundiplus.com\/fr\/caminos\/a-pie\/camino-frances\/camino-de-santiago-desde-sarria\" target=\"_blank\" rel=\"noopener\">Camino de Santiago organis\u00e9 depuis Sarria<\/a>.<\/p>\n","protected":false},"excerpt":{"rendered":"<p>Les origines de Ch\u00e2teau de Ponferrada Ils datent d&rsquo;un ancien fort pr\u00e9-romain, probablement celtique. Au fil des ans, en plus de ces constructions initiales, ils ont laiss\u00e9 en faisant de nombreuses modifications et extensions, pouvant contempler, aujourd&rsquo;hui, l&rsquo;une des meilleures fortifications conserv\u00e9es en Espagne, d\u00e9clar\u00e9e monument historique et artistique national en 1924. Son emplacement privil\u00e9gi\u00e9, [&hellip;]<\/p>\n","protected":false},"author":1,"featured_media":83290,"comment_status":"open","ping_status":"open","sticky":false,"template":"","format":"standard","meta":{"footnotes":""},"categories":[571],"tags":[],"class_list":["post-109032","post","type-post","status-publish","format-standard","has-post-thumbnail","hentry","category-blog-du-chemin"],"_links":{"self":[{"href":"https:\/\/www.mundiplus.com\/fr\/wp-json\/wp\/v2\/posts\/109032","targetHints":{"allow":["GET"]}}],"collection":[{"href":"https:\/\/www.mundiplus.com\/fr\/wp-json\/wp\/v2\/posts"}],"about":[{"href":"https:\/\/www.mundiplus.com\/fr\/wp-json\/wp\/v2\/types\/post"}],"author":[{"embeddable":true,"href":"https:\/\/www.mundiplus.com\/fr\/wp-json\/wp\/v2\/users\/1"}],"replies":[{"embeddable":true,"href":"https:\/\/www.mundiplus.com\/fr\/wp-json\/wp\/v2\/comments?post=109032"}],"version-history":[{"count":0,"href":"https:\/\/www.mundiplus.com\/fr\/wp-json\/wp\/v2\/posts\/109032\/revisions"}],"wp:featuredmedia":[{"embeddable":true,"href":"https:\/\/www.mundiplus.com\/fr\/wp-json\/wp\/v2\/media\/83290"}],"wp:attachment":[{"href":"https:\/\/www.mundiplus.com\/fr\/wp-json\/wp\/v2\/media?parent=109032"}],"wp:term":[{"taxonomy":"category","embeddable":true,"href":"https:\/\/www.mundiplus.com\/fr\/wp-json\/wp\/v2\/categories?post=109032"},{"taxonomy":"post_tag","embeddable":true,"href":"https:\/\/www.mundiplus.com\/fr\/wp-json\/wp\/v2\/tags?post=109032"}],"curies":[{"name":"wp","href":"https:\/\/api.w.org\/{rel}","templated":true}]}}