{"id":109034,"date":"2020-03-03T10:56:52","date_gmt":"2020-03-03T10:56:52","guid":{"rendered":"https:\/\/www.mundiplus.com\/annee-de-la-misericorde-2016\/"},"modified":"2024-09-05T16:30:57","modified_gmt":"2024-09-05T16:30:57","slug":"annee-de-la-misericorde-2016","status":"publish","type":"post","link":"https:\/\/www.mundiplus.com\/fr\/blog\/ano-de-la-misericordia-2016\/","title":{"rendered":"Ann\u00e9e de la Mis\u00e9ricorde 2016"},"content":{"rendered":"<p class=\"gt-block\">L&rsquo;Ann\u00e9e de la Mis\u00e9ricorde a lieu apr\u00e8s la r\u00e9cente <a href=\"https:\/\/www.mundiplus.com\/fr\/blog\/ano-franciscano-2014\" target=\"_blank\" rel=\"nofollow noopener\">Ann\u00e9e franciscaine 2014<\/a>, le Pape Fran\u00e7ois a proclam\u00e9 un Jubil\u00e9 extraordinaire, \u00e0 travers la bulle papale appel\u00e9e \u00ab\u00a0Mercy Vultus\u00a0\u00bb ayant comme axe fondamental la mis\u00e9ricorde de Dieu. Nous sommes donc face \u00e0 une Ann\u00e9e Sainte de la Mis\u00e9ricorde. Son d\u00e9but officiel sera le 8 d\u00e9cembre de l&rsquo;ann\u00e9e en cours, jour de l&rsquo;Immacul\u00e9e Conception, et il se terminera le 20 novembre 2016, solennit\u00e9 du Christ Roi de l&rsquo;Univers.<\/p>\n<p class=\"gt-block\">Ce Jubil\u00e9 commencera par la<span style=\"font-family: Helvetica;\"><a href=\"https:\/\/es.catholic.net\/op\/articulos\/58439\/cat\/1135\/como-es-el-rito-de-apertura-de-la-puerta-santa.html\" target=\"_blank\" rel=\"nofollow noopener\"> ouverture de la porte sainte de la basilique Saint-Pierre<\/a>, dans la ville de Rome, et le dimanche suivant, le reste des Portes Saintes sera ouvert dans toutes les \u00c9glises du Monde, y compris les Sanctuaires.<\/span><\/p>\n<p>La Porte Sainte ne s&rsquo;ouvre que pendant les Ann\u00e9es Saintes, restant ferm\u00e9e le reste du temps, donc cette ouverture, dans l&rsquo;Ann\u00e9e de la Mis\u00e9ricorde, est d&rsquo;un int\u00e9r\u00eat particulier pour tous ceux qui envisagent de suivre un itin\u00e9raire Camino, se terminant \u00e0 Santiago de Compose it; ou avez pr\u00e9vu de visiter cette ville.<\/p>\n<p>Pendant le temps que la Porte Sainte reste ouverte, un \u00ab chemin vers le salut des fid\u00e8les \u00bb est offert de mani\u00e8re symbolique ; et pour les non-croyants la possibilit\u00e9 de franchir les portes d&rsquo;une grande tradition historique.<\/p>\n<p>Les racines du Jubil\u00e9 viennent de la religion du juda\u00efsme. Gr\u00e2ce \u00e0 la figure du Jubil\u00e9, tout le peuple d&rsquo;Isra\u00ebl serait dans les m\u00eames conditions d&rsquo;\u00e9galit\u00e9, quelle que soit sa situation actuelle. Ce serait un nouveau d\u00e9part.<\/p>\n<p><img decoding=\"async\" class=\"img-circle aligncenter ls-is-cached lazyloaded\" title=\"porte-sainte-cathedrale-saint-saint-compostelle\" src=\"https:\/\/www.mundiplus.com\/wp-content\/uploads\/2024\/04\/puerta-santa-1.jpg\"  alt=\"Ann\u00e9e-de-la-mis\u00e9ricorde-2016-porte-sainte\" width=\"100%\"><img decoding=\"async\" class=\"img-circle aligncenter lazyload\" title=\"puerta-santa-catedral-santiago-de-compostela\" src=\"https:\/\/www.mundiplus.com\/wp-content\/uploads\/2024\/04\/puerta-santa-1.jpg\" alt=\"Ano-de-la-misericordia-2016-puerta-santa\" width=\"100%\" \/><\/p>\n<p>La tradition de l&rsquo;Ann\u00e9e Sainte a commenc\u00e9 en l&rsquo;an 1300 avec le pape Boniface VIII, se d\u00e9roulant une fois par si\u00e8cle.<\/p>\n<p class=\"gt-block\">A l&rsquo;occasion de cette ouverture extraordinaire de la Porte Sainte dans la Cath\u00e9drale de Santiago, il sera possible d&rsquo;obtenir le Jubil\u00e9<span style=\"font-family: Helvetica;\">, avant <a href=\"https:\/\/www.mundiplus.com\/fr\/blog\/ano-santo-2021\" target=\"_blank\" rel=\"nofollow noopener\">Ann\u00e9e Sainte 2021<\/a>, qui serait la prochaine ann\u00e9e sainte.<\/span><\/p>\n<h3 style=\"text-align: center;\"><b>Et rappelez-vous Pilgrim : L&rsquo;important n&rsquo;est pas le but, mais la Voie elle-m\u00eame !!<\/b><\/h3>\n<div class=\"alert alert-info\">\n<p style=\"text-align: center;\" class=\"gt-block\">&nbsp;<span style=\"color: #323333; font-family: Helvetica;\">Nombre total de p\u00e8lerins<\/span> qui a atteint la cath\u00e9drale de Santiago: <span style=\"color: #323333; font-family: Helvetica;\">278.041<\/span><\/p>\n<p style=\"text-align: center;\" class=\"gt-block\">El <a href=\"https:\/\/www.mundiplus.com\/fr\/caminos\/a-pie\/camino-frances\" target=\"_blank\" rel=\"noopener\"><b>Fa\u00e7on fran\u00e7aise<\/b><\/a> avec 60% du total, c&rsquo;est l&rsquo;itin\u00e9raire le plus long de tous les Caminos de Santiago. et dans ce Chemin <a href=\"https:\/\/www.mundiplus.com\/fr\/caminos\/a-pie\/camino-frances\/camino-de-santiago-desde-sarria\" target=\"_blank\" rel=\"noopener\">faire le Camino de Santiago depuis Sarria<\/a> \u00e9tait le choix majoritaire.<\/p>\n<p style=\"text-align: center;\" class=\"gt-block\">Elle est suivie d&rsquo;une voie \u00e9mergente et tr\u00e8s attractive telle que la <a href=\"https:\/\/www.mundiplus.com\/fr\/caminos\/a-pie\/camino-portugues\" target=\"_blank\" rel=\"nofollow noopener\"><b>Fa\u00e7on portugaise<\/b><\/a> avec 18%.<\/p>\n<\/div>\n","protected":false},"excerpt":{"rendered":"<p>L&rsquo;Ann\u00e9e de la Mis\u00e9ricorde a lieu apr\u00e8s la r\u00e9cente Ann\u00e9e franciscaine 2014, le Pape Fran\u00e7ois a proclam\u00e9 un Jubil\u00e9 extraordinaire, \u00e0 travers la bulle papale appel\u00e9e \u00ab\u00a0Mercy Vultus\u00a0\u00bb ayant comme axe fondamental la mis\u00e9ricorde de Dieu. Nous sommes donc face \u00e0 une Ann\u00e9e Sainte de la Mis\u00e9ricorde. Son d\u00e9but officiel sera le 8 d\u00e9cembre de [&hellip;]<\/p>\n","protected":false},"author":1,"featured_media":83298,"comment_status":"open","ping_status":"open","sticky":false,"template":"","format":"standard","meta":{"footnotes":""},"categories":[571],"tags":[],"class_list":["post-109034","post","type-post","status-publish","format-standard","has-post-thumbnail","hentry","category-blog-du-chemin"],"_links":{"self":[{"href":"https:\/\/www.mundiplus.com\/fr\/wp-json\/wp\/v2\/posts\/109034","targetHints":{"allow":["GET"]}}],"collection":[{"href":"https:\/\/www.mundiplus.com\/fr\/wp-json\/wp\/v2\/posts"}],"about":[{"href":"https:\/\/www.mundiplus.com\/fr\/wp-json\/wp\/v2\/types\/post"}],"author":[{"embeddable":true,"href":"https:\/\/www.mundiplus.com\/fr\/wp-json\/wp\/v2\/users\/1"}],"replies":[{"embeddable":true,"href":"https:\/\/www.mundiplus.com\/fr\/wp-json\/wp\/v2\/comments?post=109034"}],"version-history":[{"count":0,"href":"https:\/\/www.mundiplus.com\/fr\/wp-json\/wp\/v2\/posts\/109034\/revisions"}],"wp:featuredmedia":[{"embeddable":true,"href":"https:\/\/www.mundiplus.com\/fr\/wp-json\/wp\/v2\/media\/83298"}],"wp:attachment":[{"href":"https:\/\/www.mundiplus.com\/fr\/wp-json\/wp\/v2\/media?parent=109034"}],"wp:term":[{"taxonomy":"category","embeddable":true,"href":"https:\/\/www.mundiplus.com\/fr\/wp-json\/wp\/v2\/categories?post=109034"},{"taxonomy":"post_tag","embeddable":true,"href":"https:\/\/www.mundiplus.com\/fr\/wp-json\/wp\/v2\/tags?post=109034"}],"curies":[{"name":"wp","href":"https:\/\/api.w.org\/{rel}","templated":true}]}}