{"id":109268,"date":"2024-09-07T11:56:43","date_gmt":"2024-09-07T11:56:43","guid":{"rendered":"https:\/\/www.mundiplus.com\/que-voir-a-pola-de-allande\/"},"modified":"2024-09-07T12:04:56","modified_gmt":"2024-09-07T12:04:56","slug":"que-voir-a-pola-de-allande","status":"publish","type":"post","link":"https:\/\/www.mundiplus.com\/fr\/blog\/que-ver-en-pola-de-allande\/","title":{"rendered":"Que voir \u00e0 Pola de Allande"},"content":{"rendered":"<p><img fetchpriority=\"high\" decoding=\"async\" class=\"alignnone wp-image-108613 size-full\" src=\"https:\/\/www.mundiplus.com\/fr\/wp-content\/uploads\/2024\/09\/Pola-de-Allande-Mundiplus.jpg\" alt=\"\" width=\"1024\" height=\"768\" srcset=\"https:\/\/www.mundiplus.com\/wp-content\/uploads\/2024\/09\/Pola-de-Allande-Mundiplus.jpg 1024w, https:\/\/www.mundiplus.com\/wp-content\/uploads\/2024\/09\/Pola-de-Allande-Mundiplus-300x225.jpg 300w, https:\/\/www.mundiplus.com\/wp-content\/uploads\/2024\/09\/Pola-de-Allande-Mundiplus-768x576.jpg 768w, https:\/\/www.mundiplus.com\/wp-content\/uploads\/2024\/09\/Pola-de-Allande-Mundiplus-600x450.jpg 600w\" sizes=\"(max-width: 1024px) 100vw, 1024px\" \/><b>Pola de Allande<\/b><span style=\"font-weight: 400;\"> est un charmant village situ\u00e9 dans la partie occidentale des Asturies, que l&rsquo;on rencontre en empruntant le <\/span><b>Chemin Primitif<\/b><span style=\"font-weight: 400;\">. Ce lieu, entour\u00e9 de montagnes et de paysages verdoyants, est r\u00e9put\u00e9 pour sa beaut\u00e9 naturelle et son riche patrimoine historique et culturel.<\/span><\/p>\n<p><span style=\"font-weight: 400;\">En tant que capitale de la commune d&rsquo;Allande, elle est depuis des si\u00e8cles <\/span><b>un point de r\u00e9f\u00e9rence pour la r\u00e9gion<\/b><span style=\"font-weight: 400;\">. On y trouve une <\/span><b>architecture traditionnelle asturienne<\/b><span style=\"font-weight: 400;\"> ainsi que des monuments historiques, que nous aborderons ci-apr\u00e8s.<\/span><\/p>\n<p><span style=\"font-weight: 400;\">Cette <\/span><b>combinaison de patrimoine, de nature et de spiritualit\u00e9<\/b><span style=\"font-weight: 400;\"> fait de Pola de Allande un lieu captivant pour tous les p\u00e8lerins. Voulez-vous en savoir plus ? Profitez de la visite!<\/span><\/p>\n<p>&nbsp;<\/p>\n<h2><b>Pola de Allande et le Chemin de Saint-Jacques<\/b><\/h2>\n<p><span style=\"font-weight: 400;\">C&rsquo;est une halte essentielle sur le Chemin Primitif, consid\u00e9r\u00e9 comme la plus ancienne route vers Saint-Jacques-de-Compostelle. Pour mieux la d\u00e9couvrir, nous vous sugg\u00e9rons de vous appuyer sur une <\/span><a href=\"https:\/\/www.mundiplus.com\/fr\/\"><b>agence sp\u00e9cialis\u00e9e dans les voyages pour le Chemin de Saint-Jacques<\/b><\/a><span style=\"font-weight: 400;\">.<\/span><\/p>\n<p><span style=\"font-weight: 400;\">Cette \u00e9tape est l&rsquo;une des plus embl\u00e9matiques, non seulement pour sa beaut\u00e9 naturelle, mais aussi pour son riche pass\u00e9 historique.<\/span><\/p>\n<p><span style=\"font-weight: 400;\">Cet itin\u00e9raire, qui traverse des <\/span><b>montagnes et des paysages pr\u00e9serv\u00e9s<\/b><span style=\"font-weight: 400;\">, est c\u00e9l\u00e8bre pour son authenticit\u00e9. Ce village se situe \u00e0 une \u00e9tape pr\u00e9c\u00e9dant l&rsquo;ascension du <\/span><b>Alto del Palo<\/b><span style=\"font-weight: 400;\">, l&rsquo;un des d\u00e9fis majeurs de cette route.<\/span><\/p>\n<p><span style=\"font-weight: 400;\">De plus, il offre une <\/span><b>exp\u00e9rience plus introspective et moins commerciale<\/b><span style=\"font-weight: 400;\"> que d&rsquo;autres routes, telles que le <\/span><a href=\"https:\/\/www.mundiplus.com\/fr\/caminos\/a-pie\/camino-portugues-costa\/\"><b>Chemin Portugais par la c\u00f4te<\/b><\/a><span style=\"font-weight: 400;\">, le <\/span><a href=\"https:\/\/www.mundiplus.com\/fr\/caminos\/a-pie\/camino-portugues-costa\/\"><b>Chemin de Saint-Jacques depuis Baiona<\/b><\/a><span style=\"font-weight: 400;\"> ou le <\/span><a href=\"https:\/\/www.mundiplus.com\/fr\/caminos\/a-pie\/camino-ingles\/camino-de-santiago-desde-ferrol\/\"><b>Chemin de Saint-Jacques depuis Ferrol<\/b><\/a><span style=\"font-weight: 400;\">.<\/span><\/p>\n<p><span style=\"font-weight: 400;\">L&rsquo;influence du Chemin Primitif sur Pola de Allande est palpable. Le village s&rsquo;est non seulement d\u00e9velopp\u00e9 autour de cet ancien itin\u00e9raire, mais a \u00e9galement mis en place une <\/span><b>infrastructure pour accueillir les p\u00e8lerins<\/b><span style=\"font-weight: 400;\">.<\/span><\/p>\n<p><span style=\"font-weight: 400;\">Le soutien local se refl\u00e8te dans l&rsquo;hospitalit\u00e9 des habitants et la disponibilit\u00e9 d&rsquo;informations utiles sur diverses routes, telles que le <\/span><a href=\"https:\/\/www.mundiplus.com\/fr\/caminos\/a-pie\/camino-frances\/camino-de-santiago-desde-roncesvalles\/\"><b>Chemin de Saint-Jacques depuis Roncesvalles<\/b><\/a><span style=\"font-weight: 400;\"> ou le <\/span><a href=\"https:\/\/www.mundiplus.com\/fr\/caminos\/a-pie\/camino-portugues-costa\/\"><b>Chemin Portugais par la c\u00f4te<\/b><\/a><span style=\"font-weight: 400;\">. Oui, ces options sont \u00e9galement populaires parmi les p\u00e8lerins souhaitant explorer diff\u00e9rentes parties du r\u00e9seau de chemins.<\/span><\/p>\n<p>&nbsp;<\/p>\n<h2><b>Centre historique de Pola de Allande<\/b><\/h2>\n<p><span style=\"font-weight: 400;\">Le centre historique de Pola de Allande est un charmant reflet de l&rsquo;architecture et du mode de vie traditionnel asturien.<\/span><\/p>\n<p><span style=\"font-weight: 400;\">Se promener dans ses rues pav\u00e9es, c&rsquo;est comme voyager dans le temps, o\u00f9 l&rsquo;on peut admirer la conservation soign\u00e9e des b\u00e2timents historiques et l&rsquo;organisation urbaine qui a conserv\u00e9 son essence depuis des si\u00e8cles. Les <\/span><b>maisons en pierre, avec leurs balcons en bois et leurs toits en ardoise<\/b><span style=\"font-weight: 400;\">, sont caract\u00e9ristiques de l&rsquo;architecture locale et s&rsquo;alignent le long de ruelles \u00e9troites qui invitent \u00e0 les explorer \u00e0 pied.<\/span><\/p>\n<p><span style=\"font-weight: 400;\">Parmi les lieux les plus remarquables figurent\u00a0:<\/span><\/p>\n<ul>\n<li style=\"font-weight: 400;\" aria-level=\"1\"><span style=\"font-weight: 400;\">L&rsquo; <\/span><b>H\u00f4tel de Ville<\/b><span style=\"font-weight: 400;\">, un \u00e9difice de <\/span><b>style classique<\/b><span style=\"font-weight: 400;\"> qui repr\u00e9sente le c\u0153ur administratif et social du village.<\/span><\/li>\n<li style=\"font-weight: 400;\" aria-level=\"1\"><span style=\"font-weight: 400;\">Un autre point d&rsquo;int\u00e9r\u00eat est l&rsquo; <\/span><b>\u00c9glise de San Andr\u00e9s<\/b><span style=\"font-weight: 400;\">, un \u00e9difice de <\/span><b>style gothique<\/b><span style=\"font-weight: 400;\"> qui a \u00e9t\u00e9 restaur\u00e9 au fil des ans. Il conserve \u00e9galement des \u00e9l\u00e9ments romans, offrant une fen\u00eatre sur l&rsquo;histoire religieuse de la r\u00e9gion.<\/span><\/li>\n<li style=\"font-weight: 400;\" aria-level=\"1\"><span style=\"font-weight: 400;\">Enfin, les <\/span><b>maisons seigneuriales<\/b><span style=\"font-weight: 400;\"> qui pars\u00e8ment le centre montrent l&rsquo;importance qu&rsquo;avait cette ville en tant que <\/span><b>centre de pouvoir et de richesse dans les temps anciens<\/b><span style=\"font-weight: 400;\">.<\/span><\/li>\n<\/ul>\n<p><span style=\"font-weight: 400;\">De plus, l&rsquo;atmosph\u00e8re locale est chaleureuse et accueillante, refl\u00e9tant le caract\u00e8re hospitalier de ses habitants. De petites boutiques proposent des produits locaux, des fromages et charcuteries aux artisanats traditionnels, en passant par des caf\u00e9s et bars o\u00f9 l&rsquo;on peut d\u00e9guster un caf\u00e9 ou un cidre dans une ambiance d\u00e9tendue.<\/span><\/p>\n<p>&nbsp;<\/p>\n<h2><b>Nature et randonn\u00e9es autour de Pola de Allande<\/b><\/h2>\n<p><span style=\"font-weight: 400;\">Cette r\u00e9gion offre un cadre parfait pour ceux qui souhaitent se reconnecter avec la nature et profiter de paysages d&rsquo;une grande beaut\u00e9. Les <\/span><b>for\u00eats de ch\u00eanes et de ch\u00e2taigniers<\/b><span style=\"font-weight: 400;\">, ainsi que les p\u00e2turages et collines, cr\u00e9ent une mosa\u00efque de couleurs qui change avec chaque saison, offrant une exp\u00e9rience sans cesse renouvel\u00e9e aux visiteurs.<\/span><\/p>\n<p><span style=\"font-weight: 400;\">Pour les passionn\u00e9s de randonn\u00e9e, Pola de Allande propose plusieurs itin\u00e9raires recommand\u00e9s qui permettent d&rsquo;explorer ces paysages naturels dans toute leur splendeur.<\/span><\/p>\n<ul>\n<li style=\"font-weight: 400;\" aria-level=\"1\"><span style=\"font-weight: 400;\">L&rsquo;un des itin\u00e9raires les plus populaires est la <\/span><b>Route des Palais<\/b><span style=\"font-weight: 400;\">, qui traverse certaines des demeures seigneuriales les plus remarquables de la r\u00e9gion, combinant histoire et nature dans un m\u00eame parcours.<\/span><\/li>\n<li style=\"font-weight: 400;\" aria-level=\"1\"><span style=\"font-weight: 400;\">Une autre option incontournable est la <\/span><b>Route de Montefurado<\/b><span style=\"font-weight: 400;\">, un chemin qui m\u00e8ne \u00e0 d&rsquo;anciens ouvrages romains li\u00e9s \u00e0 l&rsquo;exploitation mini\u00e8re de l&rsquo;or. Ce parcours offre des vues panoramiques exceptionnelles sur les montagnes environnantes.<\/span><\/li>\n<\/ul>\n<p><span style=\"font-weight: 400;\">Ces deux routes permettent de d\u00e9couvrir en profondeur l&rsquo;histoire et la nature de cette r\u00e9gion asturienne. Que vous soyez p\u00e8lerin sur le Chemin Primitif ou simple visiteur, Pola de Allande est une destination incontournable, o\u00f9 pass\u00e9 et pr\u00e9sent se rejoignent dans une harmonie parfaite.<\/span><\/p>\n","protected":false},"excerpt":{"rendered":"<p>Pola de Allande est un charmant village situ\u00e9 dans la partie occidentale des Asturies, que l&rsquo;on rencontre en empruntant le Chemin Primitif. Ce lieu, entour\u00e9 de montagnes et de paysages verdoyants, est r\u00e9put\u00e9 pour sa beaut\u00e9 naturelle et son riche patrimoine historique et culturel. En tant que capitale de la commune d&rsquo;Allande, elle est depuis [&hellip;]<\/p>\n","protected":false},"author":1,"featured_media":108615,"comment_status":"open","ping_status":"open","sticky":false,"template":"","format":"standard","meta":{"footnotes":""},"categories":[571,575,599],"tags":[],"class_list":["post-109268","post","type-post","status-publish","format-standard","has-post-thumbnail","hentry","category-blog-du-chemin","category-chemin-a-pied","category-villages-et-regions"],"_links":{"self":[{"href":"https:\/\/www.mundiplus.com\/fr\/wp-json\/wp\/v2\/posts\/109268","targetHints":{"allow":["GET"]}}],"collection":[{"href":"https:\/\/www.mundiplus.com\/fr\/wp-json\/wp\/v2\/posts"}],"about":[{"href":"https:\/\/www.mundiplus.com\/fr\/wp-json\/wp\/v2\/types\/post"}],"author":[{"embeddable":true,"href":"https:\/\/www.mundiplus.com\/fr\/wp-json\/wp\/v2\/users\/1"}],"replies":[{"embeddable":true,"href":"https:\/\/www.mundiplus.com\/fr\/wp-json\/wp\/v2\/comments?post=109268"}],"version-history":[{"count":0,"href":"https:\/\/www.mundiplus.com\/fr\/wp-json\/wp\/v2\/posts\/109268\/revisions"}],"wp:featuredmedia":[{"embeddable":true,"href":"https:\/\/www.mundiplus.com\/fr\/wp-json\/wp\/v2\/media\/108615"}],"wp:attachment":[{"href":"https:\/\/www.mundiplus.com\/fr\/wp-json\/wp\/v2\/media?parent=109268"}],"wp:term":[{"taxonomy":"category","embeddable":true,"href":"https:\/\/www.mundiplus.com\/fr\/wp-json\/wp\/v2\/categories?post=109268"},{"taxonomy":"post_tag","embeddable":true,"href":"https:\/\/www.mundiplus.com\/fr\/wp-json\/wp\/v2\/tags?post=109268"}],"curies":[{"name":"wp","href":"https:\/\/api.w.org\/{rel}","templated":true}]}}