{"id":110715,"date":"2024-09-20T19:06:21","date_gmt":"2024-09-20T19:06:21","guid":{"rendered":"https:\/\/www.mundiplus.com\/?p=110715"},"modified":"2024-09-20T19:11:24","modified_gmt":"2024-09-20T19:11:24","slug":"quest-ce-que-le-saint-suaire-et-quel-est-son-rapport-avec-le-chemin","status":"publish","type":"post","link":"https:\/\/www.mundiplus.com\/fr\/la-sudaire-holyte-et-la-relation-avec-le-chemin\/","title":{"rendered":"Qu&rsquo;est-ce que le Saint Suaire et quel est son rapport avec le Chemin ?"},"content":{"rendered":"<p><img fetchpriority=\"high\" decoding=\"async\" class=\"alignnone wp-image-110584 size-full\" src=\"https:\/\/www.mundiplus.com\/fr\/wp-content\/uploads\/2024\/09\/Santo-sudario-Mundiplus.jpg\" alt=\"\" width=\"1024\" height=\"576\" srcset=\"https:\/\/www.mundiplus.com\/wp-content\/uploads\/2024\/09\/Santo-sudario-Mundiplus.jpg 1024w, https:\/\/www.mundiplus.com\/wp-content\/uploads\/2024\/09\/Santo-sudario-Mundiplus-300x169.jpg 300w, https:\/\/www.mundiplus.com\/wp-content\/uploads\/2024\/09\/Santo-sudario-Mundiplus-768x432.jpg 768w, https:\/\/www.mundiplus.com\/wp-content\/uploads\/2024\/09\/Santo-sudario-Mundiplus-600x338.jpg 600w\" sizes=\"(max-width: 1024px) 100vw, 1024px\" \/><b>Avez-vous entendu parler du Saint Suaire ?<\/b><span style=\"font-weight: 400;\"> Cette relique \u00e9nigmatique, gard\u00e9e dans la <\/span><b>Cath\u00e9drale d\u2019Oviedo<\/b><span style=\"font-weight: 400;\">, fascine p\u00e8lerins et croyants depuis des si\u00e8cles. Mais qu&rsquo;est-ce que c&rsquo;est exactement, et comment est-elle li\u00e9e au Chemin de Saint-Jacques ?<\/span><\/p>\n<p><span style=\"font-weight: 400;\">Accompagnez-nous dans un voyage \u00e0 travers l&rsquo;histoire et la spiritualit\u00e9 de cette relique unique. D\u00e9couvrons son origine, son impact sur la d\u00e9votion chr\u00e9tienne et son lien avec l\u2019un des plus importants chemins de p\u00e8lerinage au monde.<\/span><\/p>\n<p>&nbsp;<\/p>\n<h2><b>Le Chemin de Saint-Jacques: un voyage spirituel et culturel<\/b><\/h2>\n<p><span style=\"font-weight: 400;\">Le Chemin de Saint-Jacques est l&rsquo;une des routes de p\u00e8lerinage les plus anciennes et c\u00e9l\u00e8bres du monde. Chaque ann\u00e9e, des milliers de personnes entreprennent ce voyage pour diverses raisons : <\/span><b>spirituelles, culturelles ou personnelles<\/b><span style=\"font-weight: 400;\">. Cet itin\u00e9raire offre une occasion de r\u00e9flexion, de croissance personnelle et de rencontre avec d&rsquo;autres p\u00e8lerins du monde entier.<\/span><\/p>\n<p><span style=\"font-weight: 400;\">\u00c0 l&rsquo;origine, il \u00e9tait emprunt\u00e9 par des d\u00e9vots qui cherchaient \u00e0 atteindre la tombe de l&rsquo;ap\u00f4tre Saint Jacques \u00e0 Saint-Jacques-de-Compostelle. Aujourd&rsquo;hui, il attire des visiteurs du monde entier.<\/span><\/p>\n<p><span style=\"font-weight: 400;\">Les voyageurs peuvent d\u00e9sormais choisir entre plusieurs itin\u00e9raires. Par exemple, le c\u00e9l\u00e8bre <\/span><a href=\"https:\/\/www.mundiplus.com\/fr\/caminos\/a-pie\/camino-portugues-costa\/\"><b>Chemin portugais le long de la c\u00f4te<\/b><\/a><span style=\"font-weight: 400;\"> ou vivre l&rsquo;exp\u00e9rience du <\/span><a href=\"https:\/\/www.mundiplus.com\/fr\/caminos\/a-pie\/camino-frances\/camino-de-santiago-desde-roncesvalles\/\"><b>Chemin depuis Roncevaux<\/b><\/a><span style=\"font-weight: 400;\">, chacun offrant sa propre perspective et beaut\u00e9.<\/span><\/p>\n<p><span style=\"font-weight: 400;\">L&rsquo;impact de ce p\u00e9riple sur la vie des p\u00e8lerins est profond et transformateur. Beaucoup trouvent dans cette travers\u00e9e un espace pour la r\u00e9flexion personnelle et la croissance spirituelle. Sachez que les <\/span><a href=\"https:\/\/www.mundiplus.com\/fr\/\"><b>voyages organis\u00e9s sur le Chemin de Saint-Jacques<\/b><\/a><span style=\"font-weight: 400;\"> permettent de r\u00e9aliser ce parcours de mani\u00e8re structur\u00e9e et sans complications.<\/span><\/p>\n<p><span style=\"font-weight: 400;\">N\u2019oubliez pas que vous avez l&rsquo;opportunit\u00e9 de d\u00e9couvrir la magie de ce chemin fascinant avec un <\/span><a href=\"https:\/\/www.mundiplus.com\/fr\/caminos\/a-pie\/camino-portugues-costa\/\"><b>voyage organis\u00e9 sur le chemin portugais le long de la c\u00f4te<\/b><\/a><span style=\"font-weight: 400;\"> ou de vivre une exp\u00e9rience inoubliable en suivant le <\/span><a href=\"https:\/\/www.mundiplus.com\/fr\/caminos\/a-pie\/camino-ingles\/camino-de-santiago-desde-ferrol\/\"><b>Chemin depuis Ferrol<\/b><\/a><span style=\"font-weight: 400;\">. Chaque pas vous m\u00e8nera \u00e0 des paysages \u00e9poustouflants et \u00e0 des moments de profonde r\u00e9flexion dans un cadre incomparable.<\/span><\/p>\n<p><span style=\"font-weight: 400;\">Disposer du <\/span><a href=\"https:\/\/www.mundiplus.com\/fr\/caminos\/a-pie\/camino-portugues-costa\/camino-de-santiago-desde-baiona\/\"><b>guide du Chemin depuis Baiona<\/b><\/a><span style=\"font-weight: 400;\"> peut \u00e9galement \u00eatre tr\u00e8s avantageux si vous pr\u00e9f\u00e9rez une planification plus d\u00e9taill\u00e9e. En v\u00e9rit\u00e9, chaque parcours laisse une marque durable dans le c\u0153ur de ceux qui l&rsquo;entreprennent.<\/span><\/p>\n<p>&nbsp;<\/p>\n<h2><b>Le Saint Suaire : histoire et signification<\/b><img decoding=\"async\" class=\"alignnone wp-image-110590 size-full\" src=\"https:\/\/www.mundiplus.com\/fr\/wp-content\/uploads\/2024\/09\/Sabana-Santa-Mundiplus.jpg\" alt=\"\" width=\"1024\" height=\"773\" srcset=\"https:\/\/www.mundiplus.com\/wp-content\/uploads\/2024\/09\/Sabana-Santa-Mundiplus.jpg 1024w, https:\/\/www.mundiplus.com\/wp-content\/uploads\/2024\/09\/Sabana-Santa-Mundiplus-300x226.jpg 300w, https:\/\/www.mundiplus.com\/wp-content\/uploads\/2024\/09\/Sabana-Santa-Mundiplus-768x580.jpg 768w, https:\/\/www.mundiplus.com\/wp-content\/uploads\/2024\/09\/Sabana-Santa-Mundiplus-600x453.jpg 600w\" sizes=\"(max-width: 1024px) 100vw, 1024px\" \/><\/h2>\n<p><span style=\"font-weight: 400;\">Le <\/span><b>Saint Suaire<\/b><span style=\"font-weight: 400;\"> est une relique de l&rsquo;\u00c9glise catholique conserv\u00e9e dans la Chambre Sainte de la Cath\u00e9drale San Salvador d&rsquo;Oviedo, en Asturies, Espagne. Il s&rsquo;agit d&rsquo;un <\/span><b>linge de lin avec plusieurs taches<\/b><span style=\"font-weight: 400;\">, de forme rectangulaire, mesurant 85,5 \u00d7 52,6 centim\u00e8tres.<\/span><\/p>\n<p><span style=\"font-weight: 400;\">Selon la tradition chr\u00e9tienne, le Saint Suaire est le linge qui <\/span><b>a recouvert le visage de J\u00e9sus-Christ apr\u00e8s sa crucifixion<\/b><span style=\"font-weight: 400;\">, juste avant qu&rsquo;il ne soit envelopp\u00e9 dans le Saint Suaire de Turin. Le tissu aurait recueilli le sang et la sueur du visage du Christ, devenant ainsi une relique de grande valeur spirituelle.<\/span><\/p>\n<p><span style=\"font-weight: 400;\">D&rsquo;un point de vue historique et arch\u00e9ologique, c&rsquo;est un objet fascinant. Les analyses ont r\u00e9v\u00e9l\u00e9 que les taches sont du sang humain de groupe sanguin AB, et que le tissu de lin date de l&rsquo;\u00e9poque romaine. De plus, les taches correspondent \u00e0 la mort par crucifixion, ce qui sugg\u00e8re un <\/span><b>lien avec la Passion du Christ<\/b><span style=\"font-weight: 400;\">.<\/span><\/p>\n<p><span style=\"font-weight: 400;\">Son importance dans la tradition chr\u00e9tienne r\u00e9side dans son <\/span><b>lien direct avec J\u00e9sus-Christ<\/b><span style=\"font-weight: 400;\">. En tant que relique de la Passion, elle repr\u00e9sente un t\u00e9moignage tangible de la mort et de la r\u00e9surrection du Christ, et est v\u00e9n\u00e9r\u00e9e par des millions de fid\u00e8les \u00e0 travers le monde.<\/span><\/p>\n<p>&nbsp;<\/p>\n<h2><b>Le Saint Suaire dans la religion et la culture<\/b><\/h2>\n<p><span style=\"font-weight: 400;\">Le Saint Suaire a eu une profonde influence sur la religion, l&rsquo;art, la litt\u00e9rature et la culture populaire au fil des si\u00e8cles. En tant que relique de la Passion, il a <\/span><b>inspir\u00e9 de nombreuses \u0153uvres d&rsquo;art<\/b><span style=\"font-weight: 400;\">. Il est pr\u00e9sent dans des peintures, des sculptures, de la musique et des \u0153uvres litt\u00e9raires.<\/span><\/p>\n<p><span style=\"font-weight: 400;\">Dans le contexte chr\u00e9tien, il a \u00e9t\u00e9 v\u00e9n\u00e9r\u00e9 comme une relique sacr\u00e9e qui <\/span><b>relie les fid\u00e8les \u00e0 l&rsquo;histoire du salut<\/b><span style=\"font-weight: 400;\">. Chaque ann\u00e9e, des milliers de p\u00e8lerins visitent la Cath\u00e9drale d&rsquo;Oviedo pour prier devant le Suaire et participer aux c\u00e9l\u00e9brations et rituels associ\u00e9s \u00e0 cette relique.<\/span><\/p>\n<p><span style=\"font-weight: 400;\">Un des moments les plus importants de l&rsquo;ann\u00e9e est la b\u00e9n\u00e9diction avec le Saint Suaire, qui a lieu \u00e0 l&rsquo;int\u00e9rieur de la Cath\u00e9drale le <\/span><b>Vendredi Saint, le 14 septembre<\/b><span style=\"font-weight: 400;\"> (Jour de l&rsquo;Exaltation de la Sainte Croix) et le <\/span><b>21 septembre<\/b><span style=\"font-weight: 400;\"> (F\u00eate de Saint Matthieu l&rsquo;Ap\u00f4tre). Lors de ces c\u00e9l\u00e9brations, l&rsquo;objet sacr\u00e9 est expos\u00e9 au public et les fid\u00e8les peuvent s&rsquo;en approcher pour le v\u00e9n\u00e9rer.<\/span><\/p>\n<p><span style=\"font-weight: 400;\">En plus de sa signification religieuse, le Saint Suaire a \u00e9galement laiss\u00e9 son empreinte dans la <\/span><b>culture populaire<\/b><span style=\"font-weight: 400;\">. La relique a inspir\u00e9 de nombreuses l\u00e9gendes, mythes et th\u00e9ories du complot au fil des si\u00e8cles, alimentant l&rsquo;int\u00e9r\u00eat et la fascination de beaucoup.<\/span><\/p>\n<p>&nbsp;<\/p>\n<h2><b>La connexion entre le Saint Suaire et le Chemin<\/b><\/h2>\n<p><span style=\"font-weight: 400;\">La relation entre le Saint Suaire et le Chemin de Saint-Jacques remonte au Moyen \u00c2ge. \u00c0 cette \u00e9poque, de nombreux p\u00e8lerins qui empruntaient la route fran\u00e7aise faisaient un d\u00e9tour pour visiter la Cath\u00e9drale d&rsquo;Oviedo et <\/span><b>v\u00e9n\u00e9rer cette pr\u00e9cieuse relique<\/b><span style=\"font-weight: 400;\">.<\/span><\/p>\n<p><span style=\"font-weight: 400;\">Cette tradition est rest\u00e9e vivante jusqu&rsquo;\u00e0 nos jours, et chaque ann\u00e9e, des milliers de p\u00e8lerins visitent Oviedo pour prier devant le Saint Suaire. Il existe d&rsquo;ailleurs une route qui traverse le nord de l&rsquo;Espagne et passe par la Cath\u00e9drale San Salvador, connue sous le nom de <\/span><b>Chemin du Sauveur<\/b><span style=\"font-weight: 400;\">. Comme le dit un c\u00e9l\u00e8bre dicton : <\/span><i><span style=\"font-weight: 400;\">\u00ab\u00a0Qui va \u00e0 Saint-Jacques et non au Sauveur, visite le serviteur et non le Seigneur\u00a0\u00bb.<\/span><\/i><\/p>\n<p><span style=\"font-weight: 400;\">Pour de nombreux p\u00e8lerins, la visite de ce lieu est un moment fort de leur exp\u00e9rience. La relique repr\u00e9sente un <\/span><b>lien tangible<\/b><span style=\"font-weight: 400;\"> avec l&rsquo;histoire du <\/span><b>salut et avec la Passion du Christ<\/b><span style=\"font-weight: 400;\">. En priant devant elle, les p\u00e8lerins s&rsquo;inscrivent dans une longue tradition de foi et de d\u00e9votion, trouvant un sens et un objectif \u00e0 leur cheminement spirituel.<\/span><\/p>\n<p>&nbsp;<\/p>\n<h2><b>Le Suaire et la spiritualit\u00e9 du Chemin<\/b><\/h2>\n<p><span style=\"font-weight: 400;\">Le Chemin de Saint-Jacques est plus qu&rsquo;une route physique : c&rsquo;est un <\/span><b>voyage spirituel qui transforme des vies<\/b><span style=\"font-weight: 400;\">. En parcourant les diff\u00e9rents itin\u00e9raires, les visiteurs sont confront\u00e9s \u00e0 des d\u00e9fis physiques et \u00e9motionnels qui les obligent \u00e0 r\u00e9fl\u00e9chir sur leur vie, leurs croyances et leurs priorit\u00e9s.<\/span><\/p>\n<p><span style=\"font-weight: 400;\">En ce sens, la relique repr\u00e9sente un <\/span><b>puissant symbole de foi et d&rsquo;espoir<\/b><span style=\"font-weight: 400;\">. La contempler permet de se connecter \u00e0 l&rsquo;histoire du salut, \u00e0 la souffrance et \u00e0 la r\u00e9surrection du Christ. Cette connexion spirituelle aide \u00e0 trouver force et sens tout au long du voyage, inspirant \u00e0 mener une vie plus authentique et compatissante.<\/span><\/p>\n","protected":false},"excerpt":{"rendered":"<p>Avez-vous entendu parler du Saint Suaire ? Cette relique \u00e9nigmatique, gard\u00e9e dans la Cath\u00e9drale d\u2019Oviedo, fascine p\u00e8lerins et croyants depuis des si\u00e8cles. Mais qu&rsquo;est-ce que c&rsquo;est exactement, et comment est-elle li\u00e9e au Chemin de Saint-Jacques ? Accompagnez-nous dans un voyage \u00e0 travers l&rsquo;histoire et la spiritualit\u00e9 de cette relique unique. D\u00e9couvrons son origine, son impact [&hellip;]<\/p>\n","protected":false},"author":1,"featured_media":110586,"comment_status":"open","ping_status":"open","sticky":false,"template":"","format":"standard","meta":{"footnotes":""},"categories":[571,575,583],"tags":[],"class_list":["post-110715","post","type-post","status-publish","format-standard","has-post-thumbnail","hentry","category-blog-du-chemin","category-chemin-a-pied","category-histoire"],"_links":{"self":[{"href":"https:\/\/www.mundiplus.com\/fr\/wp-json\/wp\/v2\/posts\/110715","targetHints":{"allow":["GET"]}}],"collection":[{"href":"https:\/\/www.mundiplus.com\/fr\/wp-json\/wp\/v2\/posts"}],"about":[{"href":"https:\/\/www.mundiplus.com\/fr\/wp-json\/wp\/v2\/types\/post"}],"author":[{"embeddable":true,"href":"https:\/\/www.mundiplus.com\/fr\/wp-json\/wp\/v2\/users\/1"}],"replies":[{"embeddable":true,"href":"https:\/\/www.mundiplus.com\/fr\/wp-json\/wp\/v2\/comments?post=110715"}],"version-history":[{"count":0,"href":"https:\/\/www.mundiplus.com\/fr\/wp-json\/wp\/v2\/posts\/110715\/revisions"}],"wp:featuredmedia":[{"embeddable":true,"href":"https:\/\/www.mundiplus.com\/fr\/wp-json\/wp\/v2\/media\/110586"}],"wp:attachment":[{"href":"https:\/\/www.mundiplus.com\/fr\/wp-json\/wp\/v2\/media?parent=110715"}],"wp:term":[{"taxonomy":"category","embeddable":true,"href":"https:\/\/www.mundiplus.com\/fr\/wp-json\/wp\/v2\/categories?post=110715"},{"taxonomy":"post_tag","embeddable":true,"href":"https:\/\/www.mundiplus.com\/fr\/wp-json\/wp\/v2\/tags?post=110715"}],"curies":[{"name":"wp","href":"https:\/\/api.w.org\/{rel}","templated":true}]}}