{"id":111067,"date":"2024-12-04T15:22:13","date_gmt":"2024-12-04T15:22:13","guid":{"rendered":"https:\/\/www.mundiplus.com\/?p=111067"},"modified":"2025-02-07T15:36:03","modified_gmt":"2025-02-07T15:36:03","slug":"camino-de-levante-origines-et-evolution","status":"publish","type":"post","link":"https:\/\/www.mundiplus.com\/fr\/blog\/camino-de-levante-origines-et-evolution\/","title":{"rendered":"Camino de Levante : origines et \u00e9volution"},"content":{"rendered":"<p><img fetchpriority=\"high\" decoding=\"async\" class=\"alignnone wp-image-110997 size-full\" src=\"https:\/\/www.mundiplus.com\/wp-content\/uploads\/2024\/09\/Valencia-Mundiplus.jpg\" alt=\"\" width=\"1023\" height=\"765\" srcset=\"https:\/\/www.mundiplus.com\/wp-content\/uploads\/2024\/09\/Valencia-Mundiplus.jpg 1023w, https:\/\/www.mundiplus.com\/wp-content\/uploads\/2024\/09\/Valencia-Mundiplus-300x224.jpg 300w, https:\/\/www.mundiplus.com\/wp-content\/uploads\/2024\/09\/Valencia-Mundiplus-768x574.jpg 768w, https:\/\/www.mundiplus.com\/wp-content\/uploads\/2024\/09\/Valencia-Mundiplus-600x449.jpg 600w\" sizes=\"(max-width: 1023px) 100vw, 1023px\" \/><\/p>\n<p><span style=\"font-weight: 400;\">Le <\/span><b>Chemin de Levante<\/b><span style=\"font-weight: 400;\"> est l&rsquo;un des chemins les moins connus du Chemin de Saint-Jacques, mais il conserve une richesse historique et culturelle importante. Avec des origines profond\u00e9ment ancr\u00e9es dans l&rsquo;histoire de l&rsquo;Espagne, ce chemin <\/span><b>relie l&rsquo;est de la p\u00e9ninsule \u00e0 Saint-Jacques-de-Compostelle<\/b><span style=\"font-weight: 400;\">, traversant des paysages vari\u00e9s, des villes historiques et des chemins peu fr\u00e9quent\u00e9s.<\/span><\/p>\n<p><span style=\"font-weight: 400;\">Bien que moins fr\u00e9quent\u00e9 que d&rsquo;autres itin\u00e9raires, le Chemin de Levante offre une exp\u00e9rience unique, <\/span><b>charg\u00e9e de tradition, de nature et de spiritualit\u00e9<\/b><span style=\"font-weight: 400;\">. Restez avec nous et d\u00e9couvrez les origines, l&rsquo;\u00e9volution et les caract\u00e9ristiques de cet itin\u00e9raire, mettant en lumi\u00e8re son importance dans la p\u00e8lerinage vers Saint-Jacques. <\/span><\/p>\n<p><span style=\"font-weight: 400;\"> Comme l&rsquo;une des <b><a href=\"https:\/\/www.mundiplus.com\/fr\/\">entreprises de voyages pour le Chemin de Saint-Jacques-de-Compostelle <\/a><\/b>les plus r\u00e9put\u00e9es, nous vous parlerons de cet itin\u00e9raire. Toutefois, avant de continuer, nous vous avertissons que cet article est uniquement informatif et que cet itin\u00e9raire ne fait pas partie de nos services. <\/span><\/p>\n<p>&nbsp;<\/p>\n<h2><b>Origines du Chemin de Levante<\/b><\/h2>\n<p><span style=\"font-weight: 400;\">Le Chemin de Levante trouve ses origines au <\/span><b>moyen \u00e2ge<\/b><span style=\"font-weight: 400;\">, lorsque les p\u00e8lerins provenant des zones c\u00f4ti\u00e8res de la M\u00e9diterran\u00e9e commen\u00e7aient leur travers\u00e9e vers Saint-Jacques-de-Compostelle. <\/span><\/p>\n<p><b>Valence<\/b><span style=\"font-weight: 400;\">, une ville cl\u00e9 de cet itin\u00e9raire, \u00e9tait un point de d\u00e9part important pour les p\u00e8lerins souhaitant atteindre le tombeau de l&rsquo;Ap\u00f4tre. En r\u00e9alit\u00e9, le chemin<\/span><b> suivait d&rsquo;anciennes routes romaines et des voies commerciales<\/b><span style=\"font-weight: 400;\">, qui reliaient d\u00e9j\u00e0 Levante \u00e0 l&rsquo;int\u00e9rieur de la p\u00e9ninsule.<\/span><\/p>\n<p><span style=\"font-weight: 400;\">Au cours des si\u00e8cles m\u00e9di\u00e9vaux, il \u00e9tait <\/span><b>utilis\u00e9 \u00e0 la fois par les p\u00e8lerins et les commer\u00e7ants<\/b><span style=\"font-weight: 400;\">, qui voyaient dans cet itin\u00e9raire une route s\u00fbre pour voyager \u00e0 travers l&rsquo;Espagne centrale.<\/span><\/p>\n<p><span style=\"font-weight: 400;\">Au fil des ann\u00e9es, le chemin a gagn\u00e9 en popularit\u00e9, notamment parmi les habitants de la c\u00f4te est, qui cherchaient une alternative aux routes plus fr\u00e9quent\u00e9es du nord. Cependant, l&rsquo;itin\u00e9raire a rencontr\u00e9 des d\u00e9fis, comme le manque d&rsquo;infrastructures et la concurrence d&rsquo;autres voies plus \u00e9tablies.<\/span><\/p>\n<p>&nbsp;<\/p>\n<h2><b>L&rsquo;\u00e9volution du Chemin de Levante<\/b><\/h2>\n<p><img decoding=\"async\" class=\"alignnone wp-image-110985 size-full\" src=\"https:\/\/www.mundiplus.com\/wp-content\/uploads\/2024\/09\/Toledo-Mundiplus.jpg\" alt=\"\" width=\"1024\" height=\"683\" srcset=\"https:\/\/www.mundiplus.com\/wp-content\/uploads\/2024\/09\/Toledo-Mundiplus.jpg 1024w, https:\/\/www.mundiplus.com\/wp-content\/uploads\/2024\/09\/Toledo-Mundiplus-300x200.jpg 300w, https:\/\/www.mundiplus.com\/wp-content\/uploads\/2024\/09\/Toledo-Mundiplus-768x512.jpg 768w, https:\/\/www.mundiplus.com\/wp-content\/uploads\/2024\/09\/Toledo-Mundiplus-600x400.jpg 600w\" sizes=\"(max-width: 1024px) 100vw, 1024px\" \/><\/p>\n<p><span style=\"font-weight: 400;\">Au fil des si\u00e8cles, cet itin\u00e9raire a connu une \u00e9volution significative, <\/span><b>tant dans son trac\u00e9 que dans ses infrastructures<\/b><span style=\"font-weight: 400;\">. Bien que la route ait perdu en popularit\u00e9 pendant l&rsquo;\u00e9poque moderne, ces derni\u00e8res d\u00e9cennies ont vu des efforts de revitalisation, promouvant son utilisation parmi les p\u00e8lerins contemporains.<\/span><\/p>\n<p><span style=\"font-weight: 400;\">Aujourd&rsquo;hui, c&rsquo;est une option de plus en plus choisie par ceux qui recherchent une <\/span><b>exp\u00e9rience plus intime et moins encombr\u00e9e<\/b><span style=\"font-weight: 400;\"> par rapport \u00e0 d&rsquo;autres itin\u00e9raires plus connus. Le trac\u00e9 moderne passe par des villes telles que <\/span><b>Albacete, Tol\u00e8de et \u00c1vila<\/b><span style=\"font-weight: 400;\"> (\u00e0 partir desquelles vous pouvez bien s\u00fbr commencer), et offre l&rsquo;occasion de d\u00e9couvrir une <\/span><b>Espagne rurale et authentique<\/b><span style=\"font-weight: 400;\">, loin des circuits touristiques habituels.<\/span><\/p>\n<p>&nbsp;<\/p>\n<h2><b>Le Chemin de Levante aujourd&rsquo;hui<\/b><\/h2>\n<p><span style=\"font-weight: 400;\">Bien qu&rsquo;il ne soit pas l&rsquo;un des itin\u00e9raires les plus populaires, ce trajet offre une <\/span><b>exp\u00e9rience authentique et enrichissante<\/b><span style=\"font-weight: 400;\">. Les p\u00e8lerins qui choisissent cet itin\u00e9raire peuvent profiter de paysages uniques : des fertiles jardins valencians aux plaines de Castille-La Manche et aux imposantes montagnes de Castille et Le\u00f3n. Cette diversit\u00e9 paysag\u00e8re est l&rsquo;un des principaux attraits de l&rsquo;itin\u00e9raire.<\/span><\/p>\n<p><span style=\"font-weight: 400;\">Une autre caract\u00e9ristique remarquable est la <\/span><b>richesse historique des villes qu&rsquo;il traverse<\/b><span style=\"font-weight: 400;\">. Des endroits comme Tol\u00e8de, avec son impressionnant patrimoine culturel et son histoire de coexistence entre les cultures, ou \u00c1vila, avec ses c\u00e9l\u00e8bres murailles m\u00e9di\u00e9vales, offrent aux p\u00e8lerins une immersion dans l&rsquo;histoire de l&rsquo;Espagne.<\/span><\/p>\n<p><span style=\"font-weight: 400;\">Le Chemin de Levante est, sans aucun doute, une alternative fascinante pour ceux qui cherchent \u00e0 vivre l&rsquo;exp\u00e9rience du Chemin de Saint-Jacques <\/span><b>d&rsquo;une mani\u00e8re diff\u00e9rente<\/b><span style=\"font-weight: 400;\">. <\/span><\/p>\n<ul>\n<li style=\"font-weight: 400;\" aria-level=\"1\"><span style=\"font-weight: 400;\">Si vous voulez d\u00e9couvrir le <\/span><a href=\"https:\/\/www.mundiplus.com\/fr\/caminos\/a-pie\/camino-primitivo\/\"><b>Chemin Primitif de Saint-Jacques et ses \u00e9tapes<\/b><\/a><span style=\"font-weight: 400;\">, sachez que cette variante est connue pour ses \u00e9tapes difficiles et sa connexion profonde avec les origines du p\u00e8lerinage. Comme le Chemin de Levante, il offre un parcours plus calme et moins fr\u00e9quent\u00e9. <\/span><\/li>\n<li style=\"font-weight: 400;\" aria-level=\"1\"><span style=\"font-weight: 400;\">De plus, compl\u00e9ter cet itin\u00e9raire peut \u00e9galement \u00eatre une excellente fa\u00e7on de se connecter \u00e0 d&rsquo;autres chemins historiques du Chemin de Saint-Jacques, et d&rsquo;\u00e9tendre l&rsquo;exp\u00e9rience jusqu&rsquo;au <\/span><a href=\"https:\/\/www.mundiplus.com\/fr\/caminos\/a-pie\/camino-finisterre\/camino-de-santiago-a-finisterre\/\"><b>fin du Chemin de Saint-Jacques \u00e0 Finisterre<\/b><\/a><span style=\"font-weight: 400;\">. Ce lieu est une destination embl\u00e9matique marquant la fin symbolique du p\u00e8lerinage vers la mer.<\/span><\/li>\n<li style=\"font-weight: 400;\" aria-level=\"1\"><span style=\"font-weight: 400;\">Une autre option remarquable est le<\/span><a href=\"https:\/\/www.mundiplus.com\/fr\/caminos\/a-pie\/camino-ingles\/\"> <b>Chemin Anglais de Ferrol \u00e0 pied<\/b><\/a><span style=\"font-weight: 400;\">, un itin\u00e9raire court qui allie histoire et magnifiques paysages c\u00f4tiers. Il est id\u00e9al pour ceux qui souhaitent vivre un p\u00e8lerinage complet en moins de temps.<\/span><\/li>\n<li style=\"font-weight: 400;\" aria-level=\"1\"><span style=\"font-weight: 400;\">Enfin, n&rsquo;oublions pas les<\/span><a href=\"https:\/\/www.mundiplus.com\/fr\/caminos\/a-pie\/camino-frances\/\"> <b>\u00e9tapes du Chemin Fran\u00e7ais d&rsquo;O Cebreiro \u00e0 pied<\/b><\/a><span style=\"font-weight: 400;\">, l&rsquo;une des sections les plus embl\u00e9matiques et populaires du Chemin de Saint-Jacques. Cette partie du Chemin, avec ses vues spectaculaires et son ambiance chaleureuse, est parfaite pour les p\u00e8lerins qui cherchent \u00e0 s&rsquo;immerger dans la tradition jacob\u00e9enne.<\/span><\/li>\n<\/ul>\n<p>&nbsp;<\/p>\n<h2><b>Itin\u00e9raire du Chemin de Levante<\/b><\/h2>\n<p><img decoding=\"async\" class=\"alignnone wp-image-110991 size-full\" src=\"https:\/\/www.mundiplus.com\/wp-content\/uploads\/2024\/09\/Avila-Mundiplus.jpg\" alt=\"\" width=\"1024\" height=\"678\" srcset=\"https:\/\/www.mundiplus.com\/wp-content\/uploads\/2024\/09\/Avila-Mundiplus.jpg 1024w, https:\/\/www.mundiplus.com\/wp-content\/uploads\/2024\/09\/Avila-Mundiplus-300x199.jpg 300w, https:\/\/www.mundiplus.com\/wp-content\/uploads\/2024\/09\/Avila-Mundiplus-768x509.jpg 768w, https:\/\/www.mundiplus.com\/wp-content\/uploads\/2024\/09\/Avila-Mundiplus-600x397.jpg 600w\" sizes=\"(max-width: 1024px) 100vw, 1024px\" \/><\/p>\n<ul>\n<li style=\"font-weight: 400;\" aria-level=\"1\"><b>Valence &#8211; Alzira<\/b><span style=\"font-weight: 400;\"> (38 km) : commence \u00e0 Valence, traversant des jardins et des paysages m\u00e9diterran\u00e9ens jusqu&rsquo;\u00e0 Alzira, une ville avec un patrimoine historique remarquable.<\/span><\/li>\n<li style=\"font-weight: 400;\" aria-level=\"1\"><b>Alzira &#8211; X\u00e0tiva<\/b><span style=\"font-weight: 400;\"> (31 km) : cette \u00e9tape continue vers l&rsquo;int\u00e9rieur, avec un parcours m\u00ealant chemins ruraux et anciennes voies romaines jusqu&rsquo;\u00e0 la ville historique de X\u00e0tiva.<\/span><\/li>\n<li style=\"font-weight: 400;\" aria-level=\"1\"><b>X\u00e0tiva &#8211; La Font de la Figuera<\/b><span style=\"font-weight: 400;\"> (37 km) : les p\u00e8lerins s&rsquo;enfoncent dans une zone montagneuse avec des vues spectaculaires, traversant de petites localit\u00e9s avant d&rsquo;arriver \u00e0 La Font de la Figuera.<\/span><\/li>\n<li style=\"font-weight: 400;\" aria-level=\"1\"><b>La Font de la Figuera &#8211; Almansa<\/b><span style=\"font-weight: 400;\"> (29 km) : on traverse la fronti\u00e8re vers Castilla-La Mancha, avec Almansa comme destination, c\u00e9l\u00e8bre pour son ch\u00e2teau et son histoire m\u00e9di\u00e9vale.<\/span><\/li>\n<li style=\"font-weight: 400;\" aria-level=\"1\"><b>Almansa &#8211; Higueruela<\/b><span style=\"font-weight: 400;\"> (38 km) : cette \u00e9tape traverse les plaines de La Mancha, une r\u00e9gion de vastes \u00e9tendues agricoles et de paysages ouverts.<\/span><\/li>\n<li style=\"font-weight: 400;\" aria-level=\"1\"><b>Higueruela &#8211; Albacete<\/b><span style=\"font-weight: 400;\"> (36 km) : un tron\u00e7on plus court qui m\u00e8ne \u00e0 Albacete, l&rsquo;une des principales villes de la r\u00e9gion, avec des services et des h\u00e9bergements pour les p\u00e8lerins.<\/span><\/li>\n<li style=\"font-weight: 400;\" aria-level=\"1\"><b>Albacete &#8211; La Roda<\/b><span style=\"font-weight: 400;\"> (36 km) : les p\u00e8lerins parcourent un m\u00e9lange de chemins ruraux et de petites routes, traversant des champs cultiv\u00e9s jusqu&rsquo;\u00e0 La Roda.<\/span><\/li>\n<li style=\"font-weight: 400;\" aria-level=\"1\"><b>La Roda &#8211; San Clemente<\/b><span style=\"font-weight: 400;\"> (46 km) : une \u00e9tape longue qui traverse des champs et de petits villages, avec San Clemente comme une halte historique pleine de charme.<\/span><\/li>\n<li style=\"font-weight: 400;\" aria-level=\"1\"><b>San Clemente &#8211; Las Pedro\u00f1eras<\/b><span style=\"font-weight: 400;\"> (33 km) : le trajet continue \u00e0 travers des terres agricoles et des villages de La Manche, c\u00e9l\u00e8bres pour la production d&rsquo;ail et de vin.<\/span><\/li>\n<li style=\"font-weight: 400;\" aria-level=\"1\"><b>Las Pedro\u00f1eras &#8211; El Toboso<\/b><span style=\"font-weight: 400;\"> (32 km) : on arrive \u00e0 El Toboso, un village connu pour sa connexion avec Don Quichotte et sa riche tradition litt\u00e9raire.<\/span><\/li>\n<li style=\"font-weight: 400;\" aria-level=\"1\"><b>El Toboso &#8211; La Puebla de Almoradiel<\/b><span style=\"font-weight: 400;\"> (18 km) : une \u00e9tape plus courte et tranquille qui continue \u00e0 travers la r\u00e9gion de La Mancha.<\/span><\/li>\n<li style=\"font-weight: 400;\" aria-level=\"1\"><b>La Puebla de Almoradiel &#8211; Quintanar de la Orden<\/b><span style=\"font-weight: 400;\"> (25 km) : un parcours qui conserve le charme rural et l&rsquo;atmosph\u00e8re tranquille caract\u00e9ristique de l&rsquo;itin\u00e9raire.<\/span><\/li>\n<li style=\"font-weight: 400;\" aria-level=\"1\"><b>Quintanar de la Orden &#8211; Toledo<\/b><span style=\"font-weight: 400;\"> (47 km) : l&rsquo;une des \u00e9tapes les plus longues qui se termine \u00e0 Toledo, une ville monumentale avec un patrimoine impressionnant.<\/span><\/li>\n<li style=\"font-weight: 400;\" aria-level=\"1\"><b>Toledo &#8211; Escalona<\/b><span style=\"font-weight: 400;\"> (35 km) : les p\u00e8lerins quittent Toledo et se dirigent vers Escalona, traversant des paysages fluviaux du Tage.<\/span><\/li>\n<li style=\"font-weight: 400;\" aria-level=\"1\"><b>Escalona &#8211; \u00c1vila<\/b><span style=\"font-weight: 400;\"> (71 km en plusieurs sous-\u00e9tapes) : le trajet arrive \u00e0 \u00c1vila, c\u00e9l\u00e8bre pour ses murailles m\u00e9di\u00e9vales et son importance dans l&rsquo;histoire religieuse.<\/span><\/li>\n<li style=\"font-weight: 400;\" aria-level=\"1\"><b>\u00c1vila &#8211; Gotarrendura<\/b><span style=\"font-weight: 400;\"> (22 km) : on continue vers Gotarrendura, un petit village plein d&rsquo;histoire et de charme rural.<\/span><\/li>\n<li style=\"font-weight: 400;\" aria-level=\"1\"><b>Gotarrendura &#8211; Ar\u00e9valo<\/b><span style=\"font-weight: 400;\"> (26 km) : le trajet passe par des champs et des chemins ruraux jusqu&rsquo;\u00e0 Ar\u00e9valo, avec son architecture mud\u00e9jare.<\/span><\/li>\n<li style=\"font-weight: 400;\" aria-level=\"1\"><b>Ar\u00e9valo &#8211; Medina del Campo<\/b><span style=\"font-weight: 400;\"> (27 km) : Les p\u00e8lerins se dirigent vers Medina del Campo, connue pour son histoire commerciale et ses monuments.<\/span><\/li>\n<li style=\"font-weight: 400;\" aria-level=\"1\"><b>Medina del Campo &#8211; Tordesillas<\/b><span style=\"font-weight: 400;\"> (36 km) : une \u00e9tape qui relie Tordesillas, une ville riche en histoire, c\u00e9l\u00e8bre pour le Trait\u00e9 de Tordesillas.<\/span><\/li>\n<li style=\"font-weight: 400;\" aria-level=\"1\"><b>Tordesillas &#8211; Toro<\/b><span style=\"font-weight: 400;\"> (33 km) : le chemin continue vers Toro, une localit\u00e9 connue pour ses vins et sa spectaculaire Coll\u00e9giale.<\/span><\/li>\n<li style=\"font-weight: 400;\" aria-level=\"1\"><b>Toro &#8211; Zamora<\/b><span style=\"font-weight: 400;\"> (34 km) : Enfin, les p\u00e8lerins arrivent \u00e0 Zamora, une ville pleine d&rsquo;\u00e9glises romanes et de monuments historiques. Ici, le p\u00e8lerin prendra la V\u00eda de la Plata.<\/span><\/li>\n<\/ul>\n<p>&nbsp;<\/p>\n<h2><b>Les d\u00e9fis du trajet<\/b><\/h2>\n<p><span style=\"font-weight: 400;\">Malgr\u00e9 ses attraits, le Chemin de Levante pr\u00e9sente certains d\u00e9fis pour les p\u00e8lerins. <\/span><\/p>\n<p><span style=\"font-weight: 400;\">Compar\u00e9 \u00e0 d&rsquo;autres chemins, l&rsquo;<\/span><b>infrastructure des auberges et des services est plus limit\u00e9e<\/b><span style=\"font-weight: 400;\">, ce qui peut poser une difficult\u00e9 pour ceux qui pr\u00e9f\u00e8rent une exp\u00e9rience plus structur\u00e9e. De plus, traverser certaines zones, comme les plaines de Castille-La Manche, peut \u00eatre \u00e9prouvant en raison de la <\/span><b>manque d&rsquo;ombre et des longues distances entre les localit\u00e9s<\/b><span style=\"font-weight: 400;\">.<\/span><\/p>\n<p><span style=\"font-weight: 400;\">Cependant, de nombreux p\u00e8lerins estiment que ces d\u00e9fis sont pr\u00e9cis\u00e9ment ce qui fait du Chemin de Levante une exp\u00e9rience unique. La solitude et le calme des \u00e9tapes permettent <\/span><b>une connexion plus profonde avec la nature et soi-m\u00eame<\/b><span style=\"font-weight: 400;\">. C&rsquo;est pourquoi cet itin\u00e9raire est une option id\u00e9ale pour ceux qui recherchent une exp\u00e9rience d&rsquo;introspection et de recueillement spirituel.<\/span><\/p>\n<p>&nbsp;<\/p>\n","protected":false},"excerpt":{"rendered":"<p>Le Chemin de Levante est l&rsquo;un des chemins les moins connus du Chemin de Saint-Jacques, mais il conserve une richesse historique et culturelle importante. Avec des origines profond\u00e9ment ancr\u00e9es dans l&rsquo;histoire de l&rsquo;Espagne, ce chemin relie l&rsquo;est de la p\u00e9ninsule \u00e0 Saint-Jacques-de-Compostelle, traversant des paysages vari\u00e9s, des villes historiques et des chemins peu fr\u00e9quent\u00e9s. Bien [&hellip;]<\/p>\n","protected":false},"author":1,"featured_media":110999,"comment_status":"open","ping_status":"open","sticky":false,"template":"","format":"standard","meta":{"footnotes":""},"categories":[571,575,583],"tags":[],"class_list":["post-111067","post","type-post","status-publish","format-standard","has-post-thumbnail","hentry","category-blog-du-chemin","category-chemin-a-pied","category-histoire"],"_links":{"self":[{"href":"https:\/\/www.mundiplus.com\/fr\/wp-json\/wp\/v2\/posts\/111067","targetHints":{"allow":["GET"]}}],"collection":[{"href":"https:\/\/www.mundiplus.com\/fr\/wp-json\/wp\/v2\/posts"}],"about":[{"href":"https:\/\/www.mundiplus.com\/fr\/wp-json\/wp\/v2\/types\/post"}],"author":[{"embeddable":true,"href":"https:\/\/www.mundiplus.com\/fr\/wp-json\/wp\/v2\/users\/1"}],"replies":[{"embeddable":true,"href":"https:\/\/www.mundiplus.com\/fr\/wp-json\/wp\/v2\/comments?post=111067"}],"version-history":[{"count":0,"href":"https:\/\/www.mundiplus.com\/fr\/wp-json\/wp\/v2\/posts\/111067\/revisions"}],"wp:featuredmedia":[{"embeddable":true,"href":"https:\/\/www.mundiplus.com\/fr\/wp-json\/wp\/v2\/media\/110999"}],"wp:attachment":[{"href":"https:\/\/www.mundiplus.com\/fr\/wp-json\/wp\/v2\/media?parent=111067"}],"wp:term":[{"taxonomy":"category","embeddable":true,"href":"https:\/\/www.mundiplus.com\/fr\/wp-json\/wp\/v2\/categories?post=111067"},{"taxonomy":"post_tag","embeddable":true,"href":"https:\/\/www.mundiplus.com\/fr\/wp-json\/wp\/v2\/tags?post=111067"}],"curies":[{"name":"wp","href":"https:\/\/api.w.org\/{rel}","templated":true}]}}