{"id":111425,"date":"2024-10-15T09:31:44","date_gmt":"2024-10-15T09:31:44","guid":{"rendered":"https:\/\/www.mundiplus.com\/que-voir-a-berducedo\/"},"modified":"2024-10-15T09:31:44","modified_gmt":"2024-10-15T09:31:44","slug":"que-voir-a-berducedo","status":"publish","type":"post","link":"https:\/\/www.mundiplus.com\/fr\/blog\/que-voir-a-berducedo\/","title":{"rendered":"Que voir \u00e0 Berducedo"},"content":{"rendered":"<p><img fetchpriority=\"high\" decoding=\"async\" class=\"alignnone wp-image-108699 size-full\" src=\"https:\/\/www.mundiplus.com\/fr\/wp-content\/uploads\/2024\/09\/Berducedo-Mundiplus.jpg\" alt=\"\" width=\"1024\" height=\"765\" srcset=\"https:\/\/www.mundiplus.com\/wp-content\/uploads\/2024\/09\/Berducedo-Mundiplus.jpg 1024w, https:\/\/www.mundiplus.com\/wp-content\/uploads\/2024\/09\/Berducedo-Mundiplus-300x224.jpg 300w, https:\/\/www.mundiplus.com\/wp-content\/uploads\/2024\/09\/Berducedo-Mundiplus-768x574.jpg 768w, https:\/\/www.mundiplus.com\/wp-content\/uploads\/2024\/09\/Berducedo-Mundiplus-600x448.jpg 600w\" sizes=\"(max-width: 1024px) 100vw, 1024px\" \/><\/p>\n<p><span style=\"font-weight: 400;\">Au milieu du <\/span><b>Chemin Primitif<\/b><span style=\"font-weight: 400;\">, <\/span><b>Berducedo<\/b><span style=\"font-weight: 400;\"> se pr\u00e9sente comme un petit tr\u00e9sor rempli d&rsquo;histoire et de beaut\u00e9 naturelle. Ce pittoresque village asturien, souvent n\u00e9glig\u00e9, offre aux p\u00e8lerins une pause tranquille durant leur voyage.<\/span><\/p>\n<p><span style=\"font-weight: 400;\">Chaque recoin de ce village renferme une histoire, de son \u00e9glise centenaire \u00e0 ses paysages impressionnants. Ici, la nature et la tradition se rejoignent pour cr\u00e9er un <\/span><b>environnement unique invitant \u00e0 la r\u00e9flexion et au repos<\/b><span style=\"font-weight: 400;\">. Que ce soit en profitant de ses vues panoramiques ou en explorant son patrimoine, Berducedo vous surprendra par son charme discret et son authenticit\u00e9.<\/span><\/p>\n<h2><b>Le Chemin de Saint-Jacques et sa relation avec Berducedo<\/b><\/h2>\n<p><img decoding=\"async\" class=\"alignnone wp-image-108693 size-large\" src=\"https:\/\/www.mundiplus.com\/fr\/wp-content\/uploads\/2024\/09\/Berducedo-Camino-de-Santiago-Mundiplus-768x1024.jpg\" alt=\"\" width=\"768\" height=\"1024\" srcset=\"https:\/\/www.mundiplus.com\/wp-content\/uploads\/2024\/09\/Berducedo-Camino-de-Santiago-Mundiplus-768x1024.jpg 768w, https:\/\/www.mundiplus.com\/wp-content\/uploads\/2024\/09\/Berducedo-Camino-de-Santiago-Mundiplus-225x300.jpg 225w, https:\/\/www.mundiplus.com\/wp-content\/uploads\/2024\/09\/Berducedo-Camino-de-Santiago-Mundiplus-600x800.jpg 600w, https:\/\/www.mundiplus.com\/wp-content\/uploads\/2024\/09\/Berducedo-Camino-de-Santiago-Mundiplus.jpg 1024w\" sizes=\"(max-width: 768px) 100vw, 768px\" \/><\/p>\n<p><span style=\"font-weight: 400;\">Si vous avez opt\u00e9 pour un <\/span><a href=\"https:\/\/www.mundiplus.com\/fr\/\"><b>Chemin de Saint-Jacques organis\u00e9<\/b><\/a><span style=\"font-weight: 400;\">, Berducedo vous offre la possibilit\u00e9 de profiter d&rsquo;une pause planifi\u00e9e dans un cadre authentique. De plus, depuis ce lieu, vous pouvez vous d\u00e9lecter de vues panoramiques sur les montagnes et les vall\u00e9es environnantes.<\/span><\/p>\n<p><span style=\"font-weight: 400;\">Berducedo est l&rsquo;une de ces \u00e9tapes embl\u00e9matiques qui marquent l&rsquo;exp\u00e9rience du Chemin de Saint-Jacques. Bien qu&rsquo;il ne se situe pas sur les tron\u00e7ons les plus connus, comme le <\/span><a href=\"https:\/\/www.mundiplus.com\/fr\/caminos\/a-pie\/camino-portugues-costa\/\"><b>voyage du chemin portugais par la c\u00f4te<\/b><\/a><span style=\"font-weight: 400;\"> ou le <\/span><a href=\"https:\/\/www.mundiplus.com\/fr\/caminos\/a-pie\/camino-portugues-costa\/camino-de-santiago-desde-baiona\/\"><b>voyage du chemin depuis Baiona<\/b><\/a><span style=\"font-weight: 400;\">, ce petit village a un lien profond avec l&rsquo;histoire et la spiritualit\u00e9 du Chemin. En passant par ici, on sent comment les pas des p\u00e8lerins ont fa\u00e7onn\u00e9 la culture et la vie locale.<\/span><\/p>\n<p><span style=\"font-weight: 400;\">Bien que Berducedo ne soit pas un point cl\u00e9 des routes populaires comme le <\/span><a href=\"https:\/\/www.mundiplus.com\/fr\/caminos\/a-pie\/camino-ingles\/camino-de-santiago-desde-ferrol\/\"><b>voyage du chemin anglais depuis Ferrol<\/b><\/a><span style=\"font-weight: 400;\"> ou le <\/span><a href=\"https:\/\/www.mundiplus.com\/fr\/caminos\/a-pie\/camino-frances\/camino-de-santiago-desde-roncesvalles\/\"><b>voyage du chemin fran\u00e7ais depuis Roncevaux<\/b><\/a><span style=\"font-weight: 400;\">, sa pr\u00e9sence sur le Chemin Primitif lui conf\u00e8re un charme unique. Ici, <\/span><b>l&rsquo;ambiance est plus calme et rurale<\/b><span style=\"font-weight: 400;\">, contrastant avec les \u00e9tapes plus fr\u00e9quent\u00e9es des autres itin\u00e9raires. Cela fait de Berducedo un lieu id\u00e9al pour ceux qui pr\u00e9f\u00e8rent une exp\u00e9rience de p\u00e8lerinage plus sereine et moins fr\u00e9quent\u00e9e.<\/span><\/p>\n<p><span style=\"font-weight: 400;\">De plus, Berducedo est un endroit strat\u00e9gique pour se reposer et se connecter avec d&rsquo;autres p\u00e8lerins. Bien qu&rsquo;il ne fasse pas partie d&rsquo;un <\/span><a href=\"https:\/\/www.mundiplus.com\/fr\/caminos\/a-pie\/camino-portugues-costa\/camino-de-santiago-desde-baiona\/\"><b>voyage du chemin portugais par la c\u00f4te<\/b><\/a><span style=\"font-weight: 400;\">, il vous offre l&rsquo;opportunit\u00e9 de d\u00e9couvrir une facette diff\u00e9rente du Chemin, o\u00f9 la simplicit\u00e9 et le paysage se combinent pour offrir une exp\u00e9rience inoubliable.<\/span><\/p>\n<h2><b>L&rsquo;\u00e9glise de Santa Mar\u00eda<\/b><\/h2>\n<p><span style=\"font-weight: 400;\">L&rsquo;<\/span><b>\u00c9glise de Santa Mar\u00eda \u00e0 Berducedo<\/b><span style=\"font-weight: 400;\"> est un arr\u00eat obligatoire pour les p\u00e8lerins cherchant un moment de r\u00e9flexion sur leur chemin. Ce <\/span><b>temple gothique<\/b><span style=\"font-weight: 400;\">, construit au <\/span><b>XIVe si\u00e8cle<\/b><span style=\"font-weight: 400;\">, simple dans sa construction mais charg\u00e9 d&rsquo;histoire, est un parfait exemple de l&rsquo;architecture religieuse de la r\u00e9gion.<\/span><\/p>\n<p><span style=\"font-weight: 400;\">L&rsquo;int\u00e9rieur de l&rsquo;\u00e9glise se distingue par son autel, d\u00e9cor\u00e9 d&rsquo;images de saints v\u00e9n\u00e9r\u00e9s depuis des g\u00e9n\u00e9rations. Bien que petite, elle offre un espace accueillant o\u00f9 vous pouvez vous reposer, tant physiquement que spirituellement, avant de poursuivre votre p\u00e9riple.<\/span><\/p>\n<p><span style=\"font-weight: 400;\">De plus, l&#8217;emplacement de l&rsquo;\u00e9glise vous offre des <\/span><b>vues impressionnantes sur les environs<\/b><span style=\"font-weight: 400;\">. De l\u00e0, vous pouvez contempler le paysage montagneux qui entoure la localit\u00e9. Vous y trouverez \u00e9galement un if ayant plusieurs d\u00e9cennies d&rsquo;histoire.<\/span><\/p>\n<h2><b>Vues panoramiques depuis l&rsquo;Alto de la Marta<\/b><\/h2>\n<p><span style=\"font-weight: 400;\">Les vues panoramiques depuis l&rsquo;<\/span><b>Alto de la Marta<\/b><span style=\"font-weight: 400;\"> sont, sans aucun doute, l&rsquo;un des attraits les plus impressionnants que vous rencontrerez en traversant le Chemin \u00e0 Berducedo. Ce point offre une perspective in\u00e9gal\u00e9e sur les vall\u00e9es et les montagnes qui s&rsquo;\u00e9tendent \u00e0 perte de vue, offrant un spectacle naturel \u00e0 ne pas manquer.<\/span><\/p>\n<p><span style=\"font-weight: 400;\">Apr\u00e8s des jours de marche, atteindre ce point de vue vous permet <\/span><b>d&rsquo;appr\u00e9cier l&rsquo;immensit\u00e9 du territoire que vous avez parcouru<\/b><span style=\"font-weight: 400;\"> et celui qui vous reste encore \u00e0 d\u00e9couvrir.<\/span><\/p>\n<p><span style=\"font-weight: 400;\">Cet endroit est parfait pour faire une pause et reprendre des forces, tout en profitant de l&rsquo;air frais et pur qui caract\u00e9rise cette r\u00e9gion. En outre, depuis ce point, vous pouvez facilement planifier les prochaines \u00e9tapes de votre parcours en rep\u00e9rant les villages et chemins qui s&rsquo;\u00e9tendent \u00e0 l&rsquo;horizon.<\/span><\/p>\n<h2><b>Le barrage de Salime<\/b><\/h2>\n<p><span style=\"font-weight: 400;\">Il n&rsquo;est pas situ\u00e9 \u00e0 Berducedo, mais tout pr\u00e8s. Le <\/span><b>Barrage de Salime<\/b><span style=\"font-weight: 400;\"> est un arr\u00eat incontournable si vous parcourez le Chemin de Saint-Jacques via le Chemin Primitif. Situ\u00e9 dans un cadre naturel spectaculaire, ce barrage n&rsquo;a pas seulement une valeur fonctionnelle, mais aussi une signification historique et culturelle.<\/span><\/p>\n<p><span style=\"font-weight: 400;\">\u00c0 votre arriv\u00e9e, vous d\u00e9couvrirez un paysage impressionnant, o\u00f9 l&rsquo;eau se m\u00eale aux montagnes, cr\u00e9ant un panorama qui vous invite \u00e0 vous arr\u00eater et \u00e0 profiter du moment.<\/span><\/p>\n<p><span style=\"font-weight: 400;\">Ce barrage, construit au milieu du XXe si\u00e8cle, fut l&rsquo;une des grandes \u0153uvres d&rsquo;ing\u00e9nierie de son temps. En marchant sur les sentiers qui l&rsquo;entourent, vous pouvez observer la majest\u00e9 de la structure et r\u00e9fl\u00e9chir \u00e0 son impact sur la r\u00e9gion. En outre, la zone est parsem\u00e9e de<\/span><b> petits belv\u00e9d\u00e8res <\/b><span style=\"font-weight: 400;\">d&rsquo;o\u00f9 vous pouvez admirer les eaux cristallines et le paysage environnant.<\/span><\/p>\n<h3><b>F\u00eates et traditions \u00e0 Berducedo<\/b><\/h3>\n<p><img decoding=\"async\" class=\"alignnone wp-image-108705 size-full\" src=\"https:\/\/www.mundiplus.com\/fr\/wp-content\/uploads\/2024\/09\/Berducedo-Tradiciones-Mundiplus.jpg\" alt=\"\" width=\"1024\" height=\"683\" srcset=\"https:\/\/www.mundiplus.com\/wp-content\/uploads\/2024\/09\/Berducedo-Tradiciones-Mundiplus.jpg 1024w, https:\/\/www.mundiplus.com\/wp-content\/uploads\/2024\/09\/Berducedo-Tradiciones-Mundiplus-300x200.jpg 300w, https:\/\/www.mundiplus.com\/wp-content\/uploads\/2024\/09\/Berducedo-Tradiciones-Mundiplus-768x512.jpg 768w, https:\/\/www.mundiplus.com\/wp-content\/uploads\/2024\/09\/Berducedo-Tradiciones-Mundiplus-600x400.jpg 600w\" sizes=\"(max-width: 1024px) 100vw, 1024px\" \/><\/p>\n<ul>\n<li style=\"font-weight: 400;\" aria-level=\"1\"><b>F\u00eates de Sainte Isabelle :<\/b><span style=\"font-weight: 400;\"> Berducedo c\u00e9l\u00e8bre les <\/span><b>F\u00eates de Sainte Isabelle<\/b><span style=\"font-weight: 400;\"> au d\u00e9but du mois de juillet, un \u00e9v\u00e9nement qui r\u00e9unit habitants et visiteurs autour de nombreuses activit\u00e9s traditionnelles. Ces f\u00eates incluent des bals populaires, des concours et des jeux populaires.<\/span><\/li>\n<li style=\"font-weight: 400;\" aria-level=\"1\"><b>F\u00eates de Saint Pierre :<\/b><span style=\"font-weight: 400;\"> une autre c\u00e9l\u00e9bration importante \u00e0 Berducedo sont les <\/span><b>F\u00eates de Saint Pierre<\/b><span style=\"font-weight: 400;\">, qui ont lieu fin juin, g\u00e9n\u00e9ralement la derni\u00e8re semaine. Ces f\u00eates incluent des messes, des processions ainsi que des activit\u00e9s ludiques et culturelles, telles que des concerts, des danses traditionnelles et des foires gastronomiques o\u00f9 l&rsquo;on peut d\u00e9guster des plats typiques de la r\u00e9gion.<\/span><\/li>\n<\/ul>\n<p><b>Romer\u00eda de Santa Mar\u00eda de Bedram\u00f3n :<\/b><span style=\"font-weight: 400;\"> une tradition locale qui se d\u00e9roule dans la chapelle du m\u00eame nom, situ\u00e9e \u00e0 quelques kilom\u00e8tres de Berducedo. C&rsquo;est une c\u00e9l\u00e9bration religieuse qui comprend une procession et une messe en l&rsquo;honneur de la Vierge, suivies d&rsquo;un repas champ\u00eatre o\u00f9 sont partag\u00e9s des plats typiques et une journ\u00e9e de convivialit\u00e9.<\/span><\/p>\n","protected":false},"excerpt":{"rendered":"<p>Au milieu du Chemin Primitif, Berducedo se pr\u00e9sente comme un petit tr\u00e9sor rempli d&rsquo;histoire et de beaut\u00e9 naturelle. Ce pittoresque village asturien, souvent n\u00e9glig\u00e9, offre aux p\u00e8lerins une pause tranquille durant leur voyage. Chaque recoin de ce village renferme une histoire, de son \u00e9glise centenaire \u00e0 ses paysages impressionnants. Ici, la nature et la tradition [&hellip;]<\/p>\n","protected":false},"author":1,"featured_media":108701,"comment_status":"open","ping_status":"open","sticky":false,"template":"","format":"standard","meta":{"footnotes":""},"categories":[571,575,599],"tags":[],"class_list":["post-111425","post","type-post","status-publish","format-standard","has-post-thumbnail","hentry","category-blog-du-chemin","category-chemin-a-pied","category-villages-et-regions"],"_links":{"self":[{"href":"https:\/\/www.mundiplus.com\/fr\/wp-json\/wp\/v2\/posts\/111425","targetHints":{"allow":["GET"]}}],"collection":[{"href":"https:\/\/www.mundiplus.com\/fr\/wp-json\/wp\/v2\/posts"}],"about":[{"href":"https:\/\/www.mundiplus.com\/fr\/wp-json\/wp\/v2\/types\/post"}],"author":[{"embeddable":true,"href":"https:\/\/www.mundiplus.com\/fr\/wp-json\/wp\/v2\/users\/1"}],"replies":[{"embeddable":true,"href":"https:\/\/www.mundiplus.com\/fr\/wp-json\/wp\/v2\/comments?post=111425"}],"version-history":[{"count":0,"href":"https:\/\/www.mundiplus.com\/fr\/wp-json\/wp\/v2\/posts\/111425\/revisions"}],"wp:featuredmedia":[{"embeddable":true,"href":"https:\/\/www.mundiplus.com\/fr\/wp-json\/wp\/v2\/media\/108701"}],"wp:attachment":[{"href":"https:\/\/www.mundiplus.com\/fr\/wp-json\/wp\/v2\/media?parent=111425"}],"wp:term":[{"taxonomy":"category","embeddable":true,"href":"https:\/\/www.mundiplus.com\/fr\/wp-json\/wp\/v2\/categories?post=111425"},{"taxonomy":"post_tag","embeddable":true,"href":"https:\/\/www.mundiplus.com\/fr\/wp-json\/wp\/v2\/tags?post=111425"}],"curies":[{"name":"wp","href":"https:\/\/api.w.org\/{rel}","templated":true}]}}