{"id":112462,"date":"2024-07-21T19:12:26","date_gmt":"2024-07-21T19:12:26","guid":{"rendered":"https:\/\/www.mundiplus.com\/que-voir-a-vigo\/"},"modified":"2024-11-07T19:36:34","modified_gmt":"2024-11-07T19:36:34","slug":"que-voir-a-vigo","status":"publish","type":"post","link":"https:\/\/www.mundiplus.com\/fr\/blog\/que-voir-a-vigo\/","title":{"rendered":"Que voir \u00e0 Vigo ?"},"content":{"rendered":"<p><img fetchpriority=\"high\" decoding=\"async\" class=\"alignnone wp-image-106785 size-full\" src=\"https:\/\/www.mundiplus.com\/wp-content\/uploads\/2024\/07\/Islas-Cies-Vigo-Mundiplus.jpeg\" alt=\"\" width=\"1024\" height=\"557\" srcset=\"https:\/\/www.mundiplus.com\/wp-content\/uploads\/2024\/07\/Islas-Cies-Vigo-Mundiplus.jpeg 1024w, https:\/\/www.mundiplus.com\/wp-content\/uploads\/2024\/07\/Islas-Cies-Vigo-Mundiplus-300x163.jpeg 300w, https:\/\/www.mundiplus.com\/wp-content\/uploads\/2024\/07\/Islas-Cies-Vigo-Mundiplus-768x418.jpeg 768w, https:\/\/www.mundiplus.com\/wp-content\/uploads\/2024\/07\/Islas-Cies-Vigo-Mundiplus-600x326.jpeg 600w\" sizes=\"(max-width: 1024px) 100vw, 1024px\" \/><\/p>\n<p><span style=\"font-weight: 400;\">Vigo, la plus grande ville de Galice, <\/span><b>est un joyau urbain<\/b><span style=\"font-weight: 400;\"> qui s&rsquo;\u00e9tend sur les rives de la ria qui porte son nom. Cette ville est connue pour \u00eatre un <\/span><b>port de p\u00eache et commercial important<\/b><span style=\"font-weight: 400;\"> et constitue le c\u0153ur de la r\u00e9gion, jouant un r\u00f4le essentiel dans l&rsquo;\u00e9conomie locale et nationale. <\/span><\/p>\n<p><span style=\"font-weight: 400;\">La ville est \u00e9galement reconnue comme un centre n\u00e9vralgique de l&rsquo;industrie et de la technologie, ce qui en fait un lieu dynamique et en constante \u00e9volution.<\/span><\/p>\n<p><span style=\"font-weight: 400;\">Son histoire est profond\u00e9ment marqu\u00e9e par sa relation avec la mer, \u00e9tant le t\u00e9moin de nombreux \u00e9v\u00e9nements au fil des si\u00e8cles, <\/span><b>des invasions vikings aux batailles navales<\/b><span style=\"font-weight: 400;\">. Cette riche histoire maritime se m\u00eale \u00e0 une culture contemporaine qui se manifeste \u00e0 travers ses festivals, sa musique et son art.<\/span><\/p>\n<p><span style=\"font-weight: 400;\">Bien s\u00fbr, c&rsquo;est une ville fortement li\u00e9e ferau <a href=\"https:\/\/www.mundiplus.com\/fr\/\"><b>Camino de Santiago<\/b><\/a>, \u00e9tant un point de passage sur le <b>Camino Portugu\u00e9s par la c\u00f4te<\/b><span style=\"font-weight: 400;\">. Bien que nous soyons sp\u00e9cialis\u00e9s dans les diff\u00e9rentes <\/span><a href=\"https:\/\/www.mundiplus.com\/fr\/caminos\/a-pie\/camino-frances\/camino-de-santiago-desde-roncesvalles\/\"><b>\u00e9tapes du Camino depuis Roncesvalles<\/b><\/a><span style=\"font-weight: 400;\">, ce guide vous parlera de tout ce qu&rsquo;il ne faut pas manquer \u00e0 Vigo.<\/span><\/p>\n<p>&nbsp;<\/p>\n<h2><b>Histoire et culture<\/b><\/h2>\n<p><span style=\"font-weight: 400;\">L&rsquo;histoire de cette ville est un fascinant voyage \u00e0 travers le temps, marqu\u00e9 par des \u00e9v\u00e9nements qui ont d\u00e9fini son caract\u00e8re et sa structure actuelle. Depuis ses origines en tant qu&rsquo;\u00e9tablissement romain, elle a \u00e9t\u00e9 t\u00e9moin des invasions vikings au XIe si\u00e8cle et des attaques de pirates normands. <\/span><\/p>\n<p><span style=\"font-weight: 400;\">L&rsquo;un de ses moments les plus embl\u00e9matiques a eu lieu lors de la <\/span><b>Bataille de Rande en 1702<\/b><span style=\"font-weight: 400;\">. Pendant cet \u00e9v\u00e9nement, les eaux de la ria de Vigo ont \u00e9t\u00e9 le th\u00e9\u00e2tre d&rsquo;un affrontement naval pendant la Guerre de Succession d&rsquo;Espagne. Cet \u00e9v\u00e9nement a m\u00eame inspir\u00e9 des l\u00e9gendes sur des tr\u00e9sors engloutis qui continuent de captiver les habitants et les visiteurs. <\/span><\/p>\n<p><span style=\"font-weight: 400;\">Au XIXe si\u00e8cle, la ville a connu un important <\/span><b>essor industriel et maritime<\/b><span style=\"font-weight: 400;\">, consolidant son r\u00f4le en tant que port atlantique vital et point de connexion avec l&rsquo;Am\u00e9rique et le reste de l&rsquo;Europe.<\/span><\/p>\n<p><span style=\"font-weight: 400;\">Vigo est un centre d&rsquo;activit\u00e9 culturelle qui c\u00e9l\u00e8bre son h\u00e9ritage avec <\/span><b>de nombreux festivals et \u00e9v\u00e9nements<\/b><span style=\"font-weight: 400;\"> tout au long de l&rsquo;ann\u00e9e. La musique traditionnelle galicienne se m\u00eale \u00e0 des propositions modernes lors d&rsquo;\u00e9v\u00e9nements comme le <\/span><b>Festival de Jazz de Vigo et le Festival Sinsal<\/b><span style=\"font-weight: 400;\">. Les danses traditionnelles comme la \u00ab\u00a0mui\u00f1eira\u00a0\u00bb sont pratiqu\u00e9es lors des festivit\u00e9s et des c\u00e9l\u00e9brations, pr\u00e9servant la tradition dans la communaut\u00e9.<\/span><\/p>\n<p><span style=\"font-weight: 400;\">De plus, c&rsquo;est un point de rencontre pour les p\u00e8lerins effectuant le <\/span><b>Camino Portugu\u00e9s par la c\u00f4te<\/b><span style=\"font-weight: 400;\"> en direction de Saint-Jacques-de-Compostelle. Par exemple, <\/span><a href=\"https:\/\/www.mundiplus.com\/fr\/\"><b>Mundiplus : sp\u00e9cialistes du Camino de Santiago<\/b><\/a><span style=\"font-weight: 400;\"> propose aux touristes un <\/span><a href=\"https:\/\/www.mundiplus.com\/fr\/caminos\/a-pie\/camino-portugues-costa\/\"><b>plan du Camino Portugu\u00e9s par la c\u00f4te<\/b><\/a><span style=\"font-weight: 400;\"> et des guides pour ceux qui souhaitent entreprendre cette route mill\u00e9naire.<\/span><\/p>\n<p>&nbsp;<\/p>\n<h2><b>Principales attractions<\/b><\/h2>\n<p><span style=\"font-weight: 400;\">Le <\/span><b>Casco Vello<\/b><span style=\"font-weight: 400;\">, ou vieux quartier de Vigo, est un quartier pittoresque qui t\u00e9moigne du pass\u00e9 m\u00e9di\u00e9val de la ville. Ses ruelles \u00e9troites pav\u00e9es et ses places anim\u00e9es sont bord\u00e9es de b\u00e2timents \u00e0 l&rsquo;architecture traditionnelle galicienne, avec des fa\u00e7ades en pierre et des balcons en fer forg\u00e9. <\/span><\/p>\n<p><span style=\"font-weight: 400;\">Un lieu embl\u00e9matique du Casco Vello est la <\/span><b>Concath\u00e9drale de Santa Mar\u00eda<\/b><span style=\"font-weight: 400;\">, un magnifique exemple d&rsquo;architecture religieuse avec <\/span><b>des influences baroques et n\u00e9oclassiques<\/b><span style=\"font-weight: 400;\">. Le quartier abrite \u00e9galement divers mus\u00e9es et galeries d&rsquo;art offrant un aper\u00e7u approfondi de l&rsquo;histoire et de l&rsquo;art local.<\/span><\/p>\n<p>&nbsp;<\/p>\n<h3><b>Les \u00celes C\u00edes<\/b><\/h3>\n<p><span style=\"font-weight: 400;\">Les \u00celes C\u00edes font partie du <\/span><b>Parc National Maritime-Terrestre des \u00celes Atlantiques de Galice<\/b><span style=\"font-weight: 400;\"> et constituent l&rsquo;un des tr\u00e9sors naturels les plus impressionnants de cette ville. Pour les visiter, il est n\u00e9cessaire d&rsquo;obtenir un permis en raison de leurs politiques strictes de conservation, visant \u00e0 prot\u00e9ger leur \u00e9cosyst\u00e8me d\u00e9licat.<\/span><\/p>\n<p><span style=\"font-weight: 400;\">Les visiteurs peuvent profiter de <\/span><b>sentiers naturels<\/b><span style=\"font-weight: 400;\"> offrant des vues spectaculaires, des plages de sable blanc et des eaux cristallines, id\u00e9ales pour la baignade et le snorkeling. L&rsquo;importance \u00e9cologique des \u00celes C\u00edes est immense, servant d&rsquo;habitat \u00e0 de nombreuses esp\u00e8ces d&rsquo;oiseaux et de flore end\u00e9mique.<\/span><\/p>\n<p>&nbsp;<\/p>\n<h3><b>Le Port de Vigo<\/b><\/h3>\n<p><img decoding=\"async\" class=\"alignnone wp-image-106789 size-full\" src=\"https:\/\/www.mundiplus.com\/wp-content\/uploads\/2024\/07\/Puerto-de-Vigo-Mundiplus.jpg\" alt=\"\" width=\"1024\" height=\"683\" srcset=\"https:\/\/www.mundiplus.com\/wp-content\/uploads\/2024\/07\/Puerto-de-Vigo-Mundiplus.jpg 1024w, https:\/\/www.mundiplus.com\/wp-content\/uploads\/2024\/07\/Puerto-de-Vigo-Mundiplus-300x200.jpg 300w, https:\/\/www.mundiplus.com\/wp-content\/uploads\/2024\/07\/Puerto-de-Vigo-Mundiplus-768x512.jpg 768w, https:\/\/www.mundiplus.com\/wp-content\/uploads\/2024\/07\/Puerto-de-Vigo-Mundiplus-600x400.jpg 600w\" sizes=\"(max-width: 1024px) 100vw, 1024px\" \/><\/p>\n<p><span style=\"font-weight: 400;\">Le Port de Vigo est vital pour l&rsquo;\u00e9conomie locale, \u00e9tant l&rsquo;un des <\/span><b>principaux ports de p\u00eache d&rsquo;Europe<\/b><span style=\"font-weight: 400;\"> et un centre commercial et de transport cl\u00e9. En plus de son importance \u00e9conomique, il offre diverses activit\u00e9s r\u00e9cr\u00e9atives, comme des promenades en bateau permettant aux visiteurs de profiter de la vue panoramique sur la ria. <\/span><\/p>\n<p>&nbsp;<\/p>\n<h3><b>Nature et espaces verts<\/b><\/h3>\n<p><span style=\"font-weight: 400;\">Le <\/span><b>Monte do Castro<\/b><span style=\"font-weight: 400;\"> est non seulement l&rsquo;un des poumons verts les plus importants de Vigo, mais aussi un site d&rsquo;une grande valeur historique et culturelle. Depuis son sommet, il offre des vues panoramiques sur la ville et la ria, et est un lieu privil\u00e9gi\u00e9 tant pour les habitants que pour les visiteurs. Le site abrite des vestiges arch\u00e9ologiques datant de l&rsquo;occupation romaine et des castros celtes.<\/span><\/p>\n<p>&nbsp;<\/p>\n<h3><b>Plages urbaines<\/b><\/h3>\n<p><img decoding=\"async\" class=\"alignnone wp-image-106787 size-full\" src=\"https:\/\/www.mundiplus.com\/wp-content\/uploads\/2024\/07\/Playa-de-Samil-Vigo-Mundiplus.jpg\" alt=\"\" width=\"1023\" height=\"682\" srcset=\"https:\/\/www.mundiplus.com\/wp-content\/uploads\/2024\/07\/Playa-de-Samil-Vigo-Mundiplus.jpg 1023w, https:\/\/www.mundiplus.com\/wp-content\/uploads\/2024\/07\/Playa-de-Samil-Vigo-Mundiplus-300x200.jpg 300w, https:\/\/www.mundiplus.com\/wp-content\/uploads\/2024\/07\/Playa-de-Samil-Vigo-Mundiplus-768x512.jpg 768w, https:\/\/www.mundiplus.com\/wp-content\/uploads\/2024\/07\/Playa-de-Samil-Vigo-Mundiplus-600x400.jpg 600w\" sizes=\"(max-width: 1023px) 100vw, 1023px\" \/><\/p>\n<p><span style=\"font-weight: 400;\">Cette ville est privil\u00e9gi\u00e9e de poss\u00e9der certaines des plus belles plages urbaines de Galice, parmi lesquelles se distinguent la <\/span><b>Plage de Samil<\/b><span style=\"font-weight: 400;\"> et la <\/span><b>Plage de Rodas<\/b><span style=\"font-weight: 400;\">. <\/span><\/p>\n<p><span style=\"font-weight: 400;\">Samil, avec sa large promenade, ses aires de jeux et ses caf\u00e9s, est parfaite pour les familles et les jeunes cherchant \u00e0 se divertir et se d\u00e9tendre au bord de l&rsquo;eau. D&rsquo;autre part, la Plage de Rodas, situ\u00e9e sur les \u00celes C\u00edes et souvent acclam\u00e9e comme l&rsquo;une des plus belles plages du monde, offre une escapade paradisiaque avec ses eaux cristallines et son sable fin. <\/span><\/p>\n<p>&nbsp;<\/p>\n<h2><b>Gastronomie<\/b><\/h2>\n<p><span style=\"font-weight: 400;\">Vigo, gr\u00e2ce \u00e0 sa situation privil\u00e9gi\u00e9e sur la c\u00f4te galicienne, est un v\u00e9ritable paradis pour les amateurs de fruits de mer et de produits marins. Le r\u00e9gime alimentaire local b\u00e9n\u00e9ficie grandement de la fra\u00eecheur et de l&rsquo;<\/span><b>abondance de poissons et fruits de mer<\/b><span style=\"font-weight: 400;\">, captur\u00e9s dans les r\u00edas environnantes et servis dans les restaurants \u00e0 travers la ville. <\/span><\/p>\n<p><span style=\"font-weight: 400;\">Les plats typiques, aussi bien du <\/span><a href=\"https:\/\/www.mundiplus.com\/fr\/caminos\/a-pie\/camino-ingles\/camino-de-santiago-desde-ferrol\/\"><b>Camino de Santiago Ingl\u00e9s<\/b><\/a><span style=\"font-weight: 400;\"> que du Camino Portugu\u00e9s par la c\u00f4te, comme <\/span><b>le poulpe \u00e0 la galicienne, les p\u00e9toncles et les coquilles Saint-Jacques<\/b><span style=\"font-weight: 400;\">, sont incontournables dans tout \u00e9tablissement digne de ce nom. Les palourdes \u00e0 la marinera et la tourte aux fruits de mer sont d&rsquo;autres exemples de la mani\u00e8re dont les ingr\u00e9dients locaux se transforment en d\u00e9lices qui refl\u00e8tent le go\u00fbt authentique de la Galice.<\/span><\/p>\n<p>&nbsp;<\/p>\n<h3><b>O\u00f9 manger<\/b><\/h3>\n<p><span style=\"font-weight: 400;\">Pour les visiteurs souhaitant s&rsquo;immerger dans l&rsquo;exp\u00e9rience culinaire de la ville, de nombreuses options permettent de d\u00e9guster ces plats traditionnels :<\/span><\/p>\n<ul>\n<li style=\"font-weight: 400;\" aria-level=\"1\"><b>Casa Marco<\/b><span style=\"font-weight: 400;\"> : Ce restaurant est bien connu pour ses plats de fruits de mer frais et sa localisation centrale, id\u00e9ale pour un d\u00e9jeuner \u00e9l\u00e9gant apr\u00e8s avoir explor\u00e9 le Casco Vello.<\/span><\/li>\n<li style=\"font-weight: 400;\" aria-level=\"1\"><b>Marisquer\u00eda R\u00edas Baixas<\/b><span style=\"font-weight: 400;\"> : Situ\u00e9 pr\u00e8s du port, ce restaurant propose une exp\u00e9rience galicienne authentique avec vue sur la mer et une s\u00e9lection exceptionnelle de fruits de mer.<\/span><\/li>\n<li style=\"font-weight: 400;\" aria-level=\"1\"><b>O Port\u00f3n<\/b><span style=\"font-weight: 400;\"> : Situ\u00e9 \u00e0 l&rsquo;ext\u00e9rieur de la ville, ce lieu est r\u00e9put\u00e9 pour ses risottos et fruits de mer, pr\u00e9par\u00e9s avec une technique perfectionn\u00e9e au fil des g\u00e9n\u00e9rations.<\/span><\/li>\n<li style=\"font-weight: 400;\" aria-level=\"1\"><b>Taper\u00eda La Granera<\/b><span style=\"font-weight: 400;\"> : Pour ceux qui pr\u00e9f\u00e8rent une ambiance plus d\u00e9contract\u00e9e, ce bar \u00e0 tapas au c\u0153ur de Vigo est l&rsquo;endroit id\u00e9al pour go\u00fbter une vari\u00e9t\u00e9 de tapas de fruits de mer accompagn\u00e9es d&rsquo;un vin blanc galicien.<\/span><\/li>\n<\/ul>\n<p>&nbsp;<\/p>\n<h2><b>\u00c9v\u00e9nements et festivals<\/b><\/h2>\n<p><span style=\"font-weight: 400;\">Vigo s&rsquo;anime de couleurs et d&rsquo;\u00e9nergie lors de ses nombreux festivals et \u00e9v\u00e9nements annuels, qui font partie int\u00e9grante de la vie culturelle de la ville :<\/span><\/p>\n<ul>\n<li style=\"font-weight: 400;\" aria-level=\"1\"><b>La reconquista de Vigo<\/b><span style=\"font-weight: 400;\"> : C&rsquo;est l&rsquo;un des \u00e9v\u00e9nements les plus significatifs, c\u00e9l\u00e9br\u00e9 chaque ann\u00e9e en mars. La f\u00eate comm\u00e9more l&rsquo;expulsion des troupes fran\u00e7aises en 1809 et transforme les rues du Casco Vello en un d\u00e9cor du XIXe si\u00e8cle avec des march\u00e9s, des artisans et des acteurs v\u00eatus de costumes d&rsquo;\u00e9poque.<\/span><\/li>\n<li style=\"font-weight: 400;\" aria-level=\"1\"><b>Vigo en fiestas<\/b><span style=\"font-weight: 400;\"> : En \u00e9t\u00e9, la ville accueille une s\u00e9rie de concerts, spectacles et \u00e9v\u00e9nements culturels dans diverses places et espaces ouverts. Il y en a pour tous les \u00e2ges et tous les go\u00fbts.<\/span><\/li>\n<li style=\"font-weight: 400;\" aria-level=\"1\"><b>Vigo SeaFest<\/b><span style=\"font-weight: 400;\"> : Ce festival gastronomique et musical c\u00e9l\u00e8bre la richesse maritime de Vigo, avec des activit\u00e9s li\u00e9es \u00e0 la mer, des concerts et, bien s\u00fbr, des plats exquis \u00e0 base de fruits de mer pr\u00e9par\u00e9s par les meilleurs chefs de la r\u00e9gion.<\/span><\/li>\n<\/ul>\n<p><span style=\"font-weight: 400;\">Ces lieux et \u00e9v\u00e9nements rendent la vie nocturne et l&rsquo;animation \u00e0 Vigo exceptionnelles, offrant aux habitants comme aux visiteurs une exp\u00e9rience m\u00e9morable remplie de musique, de culture et de divertissement.<\/span><\/p>\n","protected":false},"excerpt":{"rendered":"<p>Vigo, la plus grande ville de Galice, est un joyau urbain qui s&rsquo;\u00e9tend sur les rives de la ria qui porte son nom. Cette ville est connue pour \u00eatre un port de p\u00eache et commercial important et constitue le c\u0153ur de la r\u00e9gion, jouant un r\u00f4le essentiel dans l&rsquo;\u00e9conomie locale et nationale. La ville est [&hellip;]<\/p>\n","protected":false},"author":1,"featured_media":112463,"comment_status":"open","ping_status":"open","sticky":false,"template":"","format":"standard","meta":{"footnotes":""},"categories":[571,575,599],"tags":[],"class_list":["post-112462","post","type-post","status-publish","format-standard","has-post-thumbnail","hentry","category-blog-du-chemin","category-chemin-a-pied","category-villages-et-regions"],"_links":{"self":[{"href":"https:\/\/www.mundiplus.com\/fr\/wp-json\/wp\/v2\/posts\/112462","targetHints":{"allow":["GET"]}}],"collection":[{"href":"https:\/\/www.mundiplus.com\/fr\/wp-json\/wp\/v2\/posts"}],"about":[{"href":"https:\/\/www.mundiplus.com\/fr\/wp-json\/wp\/v2\/types\/post"}],"author":[{"embeddable":true,"href":"https:\/\/www.mundiplus.com\/fr\/wp-json\/wp\/v2\/users\/1"}],"replies":[{"embeddable":true,"href":"https:\/\/www.mundiplus.com\/fr\/wp-json\/wp\/v2\/comments?post=112462"}],"version-history":[{"count":0,"href":"https:\/\/www.mundiplus.com\/fr\/wp-json\/wp\/v2\/posts\/112462\/revisions"}],"wp:featuredmedia":[{"embeddable":true,"href":"https:\/\/www.mundiplus.com\/fr\/wp-json\/wp\/v2\/media\/112463"}],"wp:attachment":[{"href":"https:\/\/www.mundiplus.com\/fr\/wp-json\/wp\/v2\/media?parent=112462"}],"wp:term":[{"taxonomy":"category","embeddable":true,"href":"https:\/\/www.mundiplus.com\/fr\/wp-json\/wp\/v2\/categories?post=112462"},{"taxonomy":"post_tag","embeddable":true,"href":"https:\/\/www.mundiplus.com\/fr\/wp-json\/wp\/v2\/tags?post=112462"}],"curies":[{"name":"wp","href":"https:\/\/api.w.org\/{rel}","templated":true}]}}