{"id":112730,"date":"2024-07-08T14:29:27","date_gmt":"2024-07-08T14:29:27","guid":{"rendered":"https:\/\/www.mundiplus.com\/le-chemin-de-saint-jacques-pour-les-personnes-a-mobilite-reduite\/"},"modified":"2024-11-11T15:33:16","modified_gmt":"2024-11-11T15:33:16","slug":"le-chemin-de-saint-jacques-pour-les-personnes-a-mobilite-reduite","status":"publish","type":"post","link":"https:\/\/www.mundiplus.com\/fr\/blog\/le-chemin-pour-les-personnes-a-mobilite-reduite\/","title":{"rendered":"Le chemin de Saint-Jacques pour les personnes \u00e0 mobilit\u00e9 r\u00e9duite"},"content":{"rendered":"<p><img fetchpriority=\"high\" decoding=\"async\" class=\"alignnone wp-image-105985 size-full\" src=\"https:\/\/www.mundiplus.com\/wp-content\/uploads\/2024\/07\/camino-de-santiago-movilidad-reducida-mundiplus.jpeg\" alt=\"\" width=\"1200\" height=\"800\" srcset=\"https:\/\/www.mundiplus.com\/wp-content\/uploads\/2024\/07\/camino-de-santiago-movilidad-reducida-mundiplus.jpeg 1200w, https:\/\/www.mundiplus.com\/wp-content\/uploads\/2024\/07\/camino-de-santiago-movilidad-reducida-mundiplus-300x200.jpeg 300w, https:\/\/www.mundiplus.com\/wp-content\/uploads\/2024\/07\/camino-de-santiago-movilidad-reducida-mundiplus-1024x683.jpeg 1024w, https:\/\/www.mundiplus.com\/wp-content\/uploads\/2024\/07\/camino-de-santiago-movilidad-reducida-mundiplus-768x512.jpeg 768w, https:\/\/www.mundiplus.com\/wp-content\/uploads\/2024\/07\/camino-de-santiago-movilidad-reducida-mundiplus-600x400.jpeg 600w\" sizes=\"(max-width: 1200px) 100vw, 1200px\" \/><\/p>\n<p><span style=\"font-weight: 400;\">Au fil des ann\u00e9es, le <\/span><a href=\"https:\/\/www.mundiplus.com\/fr\/\"><b>Camino de Santiago organis\u00e9<\/b><\/a><span style=\"font-weight: 400;\"> est devenu une r\u00e9alit\u00e9. Aujourd&rsquo;hui, il permet, entre autres, de le rendre <\/span><b>beaucoup plus accessible \u00e0 tous les types de p\u00e8lerins<\/b><span style=\"font-weight: 400;\">. En particulier, pour ceux qui ont un handicap ou des probl\u00e8mes de mobilit\u00e9.<\/span><\/p>\n<p><span style=\"font-weight: 400;\">Cela n\u2019est pas une t\u00e2che facile, car au-del\u00e0 de la pr\u00e9paration physique, cela d\u00e9pend aussi en partie des <\/span><b>conditions du terrain<\/b><span style=\"font-weight: 400;\">. Par exemple, en fonction de l&rsquo;itin\u00e9raire choisi, comme le <\/span><a href=\"https:\/\/www.mundiplus.com\/fr\/caminos\/a-pie\/camino-portugues\"><b>Camino Portugu\u00e9s<\/b><\/a><span style=\"font-weight: 400;\">, le chemin peut parfois devenir compl\u00e8tement inaccessible ou, \u00e0 l&rsquo;inverse, inadapt\u00e9.<\/span><\/p>\n<p><span style=\"font-weight: 400;\">Pour ces situations sp\u00e9cifiques, des <\/span><b>itin\u00e9raires alternatifs<\/b><span style=\"font-weight: 400;\"> ont \u00e9t\u00e9 \u00e9tablis. Ainsi, il est possible de venir en aide aux p\u00e8lerins ayant des probl\u00e8mes de mobilit\u00e9, comme ceux en fauteuil roulant.<\/span><\/p>\n<p>&nbsp;<\/p>\n<h2><b>Le Camino de Santiago et les p\u00e8lerins handicap\u00e9s<\/b><\/h2>\n<p><img decoding=\"async\" class=\"alignnone wp-image-105987 size-full\" src=\"https:\/\/www.mundiplus.com\/wp-content\/uploads\/2024\/07\/Camino-de-Santiago-personas-movilidad-reducida-1.jpg\" alt=\"\" width=\"1024\" height=\"458\" srcset=\"https:\/\/www.mundiplus.com\/wp-content\/uploads\/2024\/07\/Camino-de-Santiago-personas-movilidad-reducida-1.jpg 1024w, https:\/\/www.mundiplus.com\/wp-content\/uploads\/2024\/07\/Camino-de-Santiago-personas-movilidad-reducida-1-300x134.jpg 300w, https:\/\/www.mundiplus.com\/wp-content\/uploads\/2024\/07\/Camino-de-Santiago-personas-movilidad-reducida-1-768x344.jpg 768w, https:\/\/www.mundiplus.com\/wp-content\/uploads\/2024\/07\/Camino-de-Santiago-personas-movilidad-reducida-1-600x268.jpg 600w\" sizes=\"(max-width: 1024px) 100vw, 1024px\" \/><\/p>\n<p><span style=\"font-weight: 400;\">Le <\/span><a href=\"https:\/\/www.mundiplus.com\/fr\/caminos\/a-pie\/camino-frances\/camino-de-santiago-desde-sarria\"><b>Camino de Sarria \u00e0 Santiago de Compostela organis\u00e9<\/b><\/a><span style=\"font-weight: 400;\"> poss\u00e8de une longue histoire de plusieurs si\u00e8cles. En fait, <\/span><span style=\"font-weight: 400;\">au Moyen \u00c2ge d\u00e9j\u00e0, de nombreuses personnes handicap\u00e9es ou ayant des probl\u00e8mes de mobilit\u00e9 entreprenaient ce p\u00e8lerinage <\/span><b>en qu\u00eate d&rsquo;un miracle ou d&rsquo;une gu\u00e9rison<\/b><span style=\"font-weight: 400;\"> en arrivant \u00e0 la tombe de l&rsquo;Ap\u00f4tre.<\/span><\/p>\n<p><span style=\"font-weight: 400;\">Malgr\u00e9 les efforts, il reste encore beaucoup \u00e0 faire, car les d\u00e9fis pour les personnes \u00e0 mobilit\u00e9 r\u00e9duite sont nombreux. C&rsquo;est pourquoi, <\/span><b>une bonne pr\u00e9paration physique<\/b><span style=\"font-weight: 400;\"> avant de commencer le <\/span><a href=\"https:\/\/www.mundiplus.com\/fr\/caminos\/a-pie\/camino-frances\"><b>Camino Fran\u00e7ais<\/b><\/a><span style=\"font-weight: 400;\"> reste toujours la meilleure recommandation.<\/span><\/p>\n<p>&nbsp;<\/p>\n<h3><b>Entra\u00eenement pr\u00e9alable<\/b><\/h3>\n<p><span style=\"font-weight: 400;\">Peu importe l&rsquo;itin\u00e9raire choisi, comme par exemple le <\/span><a href=\"https:\/\/www.mundiplus.com\/fr\/caminos\/a-pie\/camino-portugues\/camino-de-santiago-desde-tui\"><b>Camino Portugu\u00e9s depuis Tui<\/b><\/a><span style=\"font-weight: 400;\">, un entra\u00eenement pr\u00e9alable est essentiel pour tout p\u00e8lerin. Et en particulier pour ceux ayant un handicap.<\/span><\/p>\n<p><span style=\"font-weight: 400;\">En plus de renforcer leur condition physique, cela leur permettra \u00e9galement de d\u00e9terminer le nombre d&rsquo;<\/span><a href=\"https:\/\/www.mundiplus.com\/fr\/caminos\/a-pie\/camino-norte\"><b>\u00e9tapes du Camino del Norte<\/b><\/a><span style=\"font-weight: 400;\"> qu&rsquo;ils peuvent r\u00e9aliser et la distance \u00e0 parcourir.<\/span><\/p>\n<p><b>Am\u00e9liorer sa r\u00e9sistance physique<\/b><span style=\"font-weight: 400;\"> est essentiel pour tout p\u00e8lerin, afin de diviser chaque \u00e9tape en sections r\u00e9alisables.<\/span><\/p>\n<p>&nbsp;<\/p>\n<h3><b>Fauteuils roulants adapt\u00e9s<\/b><\/h3>\n<p><span style=\"font-weight: 400;\">Il existe ici deux principales options : <\/span><b>adapter son fauteuil roulant habituel<\/b><span style=\"font-weight: 400;\"> ou, \u00e0 l&rsquo;inverse, <\/span><b>utiliser une handbike<\/b><span style=\"font-weight: 400;\">. Il s&rsquo;agit d&rsquo;un fauteuil roulant con\u00e7u pour le cyclisme, <\/span><b>avec seulement trois roues<\/b><span style=\"font-weight: 400;\">.<\/span><\/p>\n<p><span style=\"font-weight: 400;\">Cette derni\u00e8re option est particuli\u00e8rement adapt\u00e9e pour ceux qui sont en bonne forme physique. Elle permet notamment d&rsquo;<\/span><b>acc\u00e9der \u00e0 des zones plus escarp\u00e9es<\/b><span style=\"font-weight: 400;\">, tout en restant stable.<\/span><\/p>\n<p>&nbsp;<\/p>\n<h3><b>L&rsquo;itin\u00e9raire recommand\u00e9<\/b><\/h3>\n<p><span style=\"font-weight: 400;\">Il existe plusieurs options pour atteindre Santiago de Compostela, mais <\/span><span style=\"font-weight: 400;\">sans aucun doute, <\/span><b>le Camino Fran\u00e7ais est le plus recommand\u00e9<\/b><span style=\"font-weight: 400;\">. C&rsquo;est celui qui est le plus adapt\u00e9 aux personnes handicap\u00e9es, et ce, pour une raison simple : c&rsquo;est <\/span><b>le plus fr\u00e9quent\u00e9<\/b><span style=\"font-weight: 400;\">.<\/span><\/p>\n<p><span style=\"font-weight: 400;\">Comme pour tout voyage, il est pr\u00e9f\u00e9rable de <\/span><b>tout organiser \u00e0 l&rsquo;avance<\/b><span style=\"font-weight: 400;\"> : le nombre d&rsquo;\u00e9tapes, les arr\u00eats, et surtout les h\u00e9bergements. Bien que la plupart soient accessibles, mieux vaut \u00e9viter les mauvaises surprises.<\/span><\/p>\n<p>&nbsp;<\/p>\n<h3><b>Le facteur climatique<\/b><\/h3>\n<p><span style=\"font-weight: 400;\">Une autre recommandation \u00e0 prendre en compte est la <\/span><b>saison de l&rsquo;ann\u00e9e<\/b><span style=\"font-weight: 400;\">, car le temps peut affecter directement le parcours. N&rsquo;oubliez pas qu&rsquo;en p\u00e9riode de pluie, la plupart des chemins deviennent inaccessibles, \u00e9tant presque inond\u00e9s.<\/span><\/p>\n<p><span style=\"font-weight: 400;\">L&rsquo;\u00e9t\u00e9 est g\u00e9n\u00e9ralement la saison o\u00f9 le nombre de p\u00e8lerins augmente car elle co\u00efncide avec les vacances de la majorit\u00e9. Cependant, pour les personnes \u00e0 mobilit\u00e9 r\u00e9duite, nous recommandons des p\u00e9riodes moins fr\u00e9quent\u00e9es,<\/span><b> comme le printemps.<\/b><\/p>\n<p><span style=\"font-weight: 400;\">Il faut toujours garder en t\u00eate que le Camino de Santiago n&rsquo;est pas une comp\u00e9tition. Si vous ne vous sentez pas capable de r\u00e9aliser l&rsquo;itin\u00e9raire d&rsquo;une seule traite,<\/span> <span style=\"font-weight: 400;\">vous pouvez toujours diviser le trajet en diff\u00e9rentes \u00e9tapes \u00e0 diff\u00e9rentes p\u00e9riodes de l&rsquo;ann\u00e9e.<\/span><\/p>\n<p>&nbsp;<\/p>\n<h2><b>Recommandations finales<\/b><\/h2>\n<p><img decoding=\"async\" class=\"alignnone wp-image-105983 size-full\" src=\"https:\/\/www.mundiplus.com\/wp-content\/uploads\/2024\/07\/Camino-de-Santiago-personas-silla-de-ruedas-1.jpg\" alt=\"\" width=\"1024\" height=\"641\" srcset=\"https:\/\/www.mundiplus.com\/wp-content\/uploads\/2024\/07\/Camino-de-Santiago-personas-silla-de-ruedas-1.jpg 1024w, https:\/\/www.mundiplus.com\/wp-content\/uploads\/2024\/07\/Camino-de-Santiago-personas-silla-de-ruedas-1-300x188.jpg 300w, https:\/\/www.mundiplus.com\/wp-content\/uploads\/2024\/07\/Camino-de-Santiago-personas-silla-de-ruedas-1-768x481.jpg 768w, https:\/\/www.mundiplus.com\/wp-content\/uploads\/2024\/07\/Camino-de-Santiago-personas-silla-de-ruedas-1-600x376.jpg 600w\" sizes=\"(max-width: 1024px) 100vw, 1024px\" \/><\/p>\n<p><span style=\"font-weight: 400;\">Bien que les limitations varient consid\u00e9rablement en fonction du type de handicap du p\u00e8lerin, voici quelques recommandations g\u00e9n\u00e9rales qui s&rsquo;appliquent \u00e0 tous les cas :<\/span><\/p>\n<ul>\n<li style=\"font-weight: 400;\" aria-level=\"1\"><b>Essayez de voyager toujours accompagn\u00e9 ou en groupe<\/b><span style=\"font-weight: 400;\">, car cela facilitera grandement la gestion de toute difficult\u00e9. Si vous avez besoin d&rsquo;aide, il sera plus facile de trouver une \u00e2me charitable.<\/span><\/li>\n<li style=\"font-weight: 400;\" aria-level=\"1\"><b>Essayez de voyager l\u00e9ger<\/b><span style=\"font-weight: 400;\">, car un sac trop lourd pourrait devenir un probl\u00e8me lors des longues \u00e9tapes.<\/span><\/li>\n<li style=\"font-weight: 400;\" aria-level=\"1\"><span style=\"font-weight: 400;\">L&rsquo;<\/span><b>hydratation<\/b><span style=\"font-weight: 400;\"> doit \u00eatre une priorit\u00e9, surtout si vous entreprenez le voyage en p\u00e9riode de chaleur. Vous pouvez<\/span> <span style=\"font-weight: 400;\">emporter une gourde et la remplir tout au long du parcours.<\/span><\/li>\n<li style=\"font-weight: 400;\" aria-level=\"1\"><span style=\"font-weight: 400;\">Les <\/span><b>v\u00eatements<\/b><span style=\"font-weight: 400;\">, comme dans tout autre voyage, sont essentiels. Plus les tissus sont l\u00e9gers, plus vous serez \u00e0 l&rsquo;aise. N&rsquo;oubliez pas d&rsquo;inclure un chapeau ou une casquette.<\/span><\/li>\n<li style=\"font-weight: 400;\" aria-level=\"1\"><span style=\"font-weight: 400;\">Enfin, mais non des moindres, n&rsquo;oubliez pas de toujours avoir votre <\/span><b>cr\u00e8me solaire<\/b><span style=\"font-weight: 400;\"> avec vous.<\/span><\/li>\n<\/ul>\n<p>&nbsp;<\/p>\n","protected":false},"excerpt":{"rendered":"<p>Au fil des ann\u00e9es, le Camino de Santiago organis\u00e9 est devenu une r\u00e9alit\u00e9. Aujourd&rsquo;hui, il permet, entre autres, de le rendre beaucoup plus accessible \u00e0 tous les types de p\u00e8lerins. En particulier, pour ceux qui ont un handicap ou des probl\u00e8mes de mobilit\u00e9. Cela n\u2019est pas une t\u00e2che facile, car au-del\u00e0 de la pr\u00e9paration physique, [&hellip;]<\/p>\n","protected":false},"author":1,"featured_media":112732,"comment_status":"open","ping_status":"open","sticky":false,"template":"","format":"standard","meta":{"footnotes":""},"categories":[571,575,567,595],"tags":[],"class_list":["post-112730","post","type-post","status-publish","format-standard","has-post-thumbnail","hentry","category-blog-du-chemin","category-chemin-a-pied","category-conditionnement-physique","category-preparatifs-pour-le-voyage"],"_links":{"self":[{"href":"https:\/\/www.mundiplus.com\/fr\/wp-json\/wp\/v2\/posts\/112730","targetHints":{"allow":["GET"]}}],"collection":[{"href":"https:\/\/www.mundiplus.com\/fr\/wp-json\/wp\/v2\/posts"}],"about":[{"href":"https:\/\/www.mundiplus.com\/fr\/wp-json\/wp\/v2\/types\/post"}],"author":[{"embeddable":true,"href":"https:\/\/www.mundiplus.com\/fr\/wp-json\/wp\/v2\/users\/1"}],"replies":[{"embeddable":true,"href":"https:\/\/www.mundiplus.com\/fr\/wp-json\/wp\/v2\/comments?post=112730"}],"version-history":[{"count":0,"href":"https:\/\/www.mundiplus.com\/fr\/wp-json\/wp\/v2\/posts\/112730\/revisions"}],"wp:featuredmedia":[{"embeddable":true,"href":"https:\/\/www.mundiplus.com\/fr\/wp-json\/wp\/v2\/media\/112732"}],"wp:attachment":[{"href":"https:\/\/www.mundiplus.com\/fr\/wp-json\/wp\/v2\/media?parent=112730"}],"wp:term":[{"taxonomy":"category","embeddable":true,"href":"https:\/\/www.mundiplus.com\/fr\/wp-json\/wp\/v2\/categories?post=112730"},{"taxonomy":"post_tag","embeddable":true,"href":"https:\/\/www.mundiplus.com\/fr\/wp-json\/wp\/v2\/tags?post=112730"}],"curies":[{"name":"wp","href":"https:\/\/api.w.org\/{rel}","templated":true}]}}