{"id":112751,"date":"2024-07-06T08:58:57","date_gmt":"2024-07-06T08:58:57","guid":{"rendered":"https:\/\/www.mundiplus.com\/fetes-locales-sur-le-camino\/"},"modified":"2024-11-11T16:10:40","modified_gmt":"2024-11-11T16:10:40","slug":"fetes-locales-sur-le-camino","status":"publish","type":"post","link":"https:\/\/www.mundiplus.com\/fr\/blog\/fetes-locales-sur-le-camino\/","title":{"rendered":"F\u00eates locales sur le Camino"},"content":{"rendered":"<p><img fetchpriority=\"high\" decoding=\"async\" class=\"alignnone wp-image-106074 size-full\" src=\"https:\/\/www.mundiplus.com\/wp-content\/uploads\/2024\/07\/San-Fermines-Mundiplus.jpg\" alt=\"\" width=\"1024\" height=\"576\" srcset=\"https:\/\/www.mundiplus.com\/wp-content\/uploads\/2024\/07\/San-Fermines-Mundiplus.jpg 1024w, https:\/\/www.mundiplus.com\/wp-content\/uploads\/2024\/07\/San-Fermines-Mundiplus-300x169.jpg 300w, https:\/\/www.mundiplus.com\/wp-content\/uploads\/2024\/07\/San-Fermines-Mundiplus-768x432.jpg 768w, https:\/\/www.mundiplus.com\/wp-content\/uploads\/2024\/07\/San-Fermines-Mundiplus-600x338.jpg 600w\" sizes=\"(max-width: 1024px) 100vw, 1024px\" \/><\/p>\n<p><span style=\"font-weight: 400;\">Entreprendre le Camino de Santiago est une exp\u00e9rience unique qui d\u00e9passe le cadre religieux. C&rsquo;est un voyage de d\u00e9couverte de soi, immerg\u00e9 dans des paysages \u00e9blouissants, l&rsquo;histoire et la culture. Mais au-del\u00e0 de la grandeur du Camino Fran\u00e7ais ou de la beaut\u00e9 de la Route du Camino Portugais, il existe un r\u00e9seau de <\/span><b>festivals locaux<\/b> <b>sur le Camino<\/b><span style=\"font-weight: 400;\"> qui enrichissent encore davantage le parcours.\u00a0<\/span><\/p>\n<p><span style=\"font-weight: 400;\">Ces c\u00e9l\u00e9brations traditionnelles nous permettent de d\u00e9couvrir les coutumes et le folklore des villages travers\u00e9s par le Camino, cr\u00e9ant des moments inoubliables qui ajoutent \u00e0 la mystique de la p\u00e8lerinage.<\/span><\/p>\n<p>&nbsp;<\/p>\n<h2><b>Immergez-vous dans la culture du Camino de Santiago \u00e0 travers ses festivals<\/b><\/h2>\n<p><span style=\"font-weight: 400;\">Si vous planifiez votre aventure sur le Camino de Santiago, nous vous encourageons \u00e0 prendre en compte les dates de certains de ces <\/span><b>festivals locaux<\/b><span style=\"font-weight: 400;\">. Vous pouvez toujours trouver des <\/span><a href=\"https:\/\/www.mundiplus.com\/fr\/\"><b>agences pour faire le chemin de Santiago de Compostelle<\/b><\/a><span style=\"font-weight: 400;\"> qui vous aideront \u00e0 organiser votre voyage \u00e0 ces dates sp\u00e9ciales.<\/span><\/p>\n<p><span style=\"font-weight: 400;\">Non seulement vous vous amuserez, mais vous aurez \u00e9galement l&rsquo;occasion d&rsquo;interagir avec les habitants et de vous plonger dans l&rsquo;essence de l&rsquo;aventure. Pour vous aider \u00e0 organiser cela, nous avons compil\u00e9 quelques-uns des festivals les plus remarquables le long des routes les plus populaires :<\/span><\/p>\n<p>&nbsp;<\/p>\n<h2><b>Camino Fran\u00e7ais<\/b><\/h2>\n<p><span style=\"font-weight: 400;\">Le <\/span><a href=\"https:\/\/www.mundiplus.com\/fr\/caminos\/a-pie\/camino-frances\"><b>Camino Fran\u00e7ais<\/b><\/a><span style=\"font-weight: 400;\">, le parcours jacob\u00e9en par excellence, abrite une multitude de <\/span><b>festivals locaux<\/b><span style=\"font-weight: 400;\"> qui animent les villages qu&rsquo;il traverse. Voici quelques-uns des plus repr\u00e9sentatifs :<\/span><\/p>\n<ul>\n<li style=\"list-style-type: none;\">\n<ul>\n<li style=\"font-weight: 400;\" aria-level=\"1\"><b>F\u00eates de San Ferm\u00edn \u00e0 Pampelune (6-14 juillet) :<\/b><span style=\"font-weight: 400;\"> mondialement c\u00e9l\u00e8bre pour l&rsquo;encierro, cette f\u00eate attire des visiteurs du monde entier. Les p\u00e8lerins pr\u00e9sents pendant ces dates peuvent vivre l&rsquo;atmosph\u00e8re de Pampelune, avec ses rues pleines de gens v\u00eatus du traditionnel blanc et rouge.<\/span><\/li>\n<li style=\"font-weight: 400;\" aria-level=\"1\"><b>La Bataille du Vin \u00e0 Haro, La Rioja (29 juin) :<\/b><span style=\"font-weight: 400;\"> une c\u00e9l\u00e9bration unique o\u00f9 les participants se jettent du vin rouge les uns sur les autres \u00e0 partir de seaux, bouteilles et pistolets \u00e0 eau. C&rsquo;est une exp\u00e9rience amusante et rafra\u00eechissante qui co\u00efncide avec la f\u00eate de Saint-Pierre.<\/span><\/li>\n<li style=\"font-weight: 400;\" aria-level=\"1\"><b>F\u00eate de Saint-Jean \u00e0 Burgos (24 juin) :<\/b><span style=\"font-weight: 400;\"> cette f\u00eate marque le d\u00e9but de l&rsquo;\u00e9t\u00e9 avec des feux de joie, des feux d&rsquo;artifice, de la musique et de la danse. C&rsquo;est une occasion pour les p\u00e8lerins de s&rsquo;immerger dans les traditions locales et de profiter de l&rsquo;hospitalit\u00e9 des Burgiens.<\/span><\/li>\n<\/ul>\n<\/li>\n<\/ul>\n<ul>\n<li aria-level=\"1\"><b>F\u00eates de l&rsquo;Ap\u00f4tre Jacques (du 15 au 25 juillet) :<\/b><span style=\"font-weight: 400;\"> Le point culminant des <\/span><b>festivals locaux<\/b><span style=\"font-weight: 400;\"> du Camino Fran\u00e7ais est sans aucun doute la f\u00eate de l&rsquo;Ap\u00f4tre Jacques, c\u00e9l\u00e9br\u00e9e dans la capitale galicienne du 15 au 25 juillet. La ville se pare de f\u00eates avec des bals, des concerts, des feux d&rsquo;artifice et des messes solennelles \u00e0 la cath\u00e9drale de Saint-Jacques-de-Compostelle.<\/span><\/li>\n<\/ul>\n<p><span style=\"font-weight: 400;\">Pour cela, vous pouvez faire le <\/span><a href=\"https:\/\/www.mundiplus.com\/fr\/caminos\/a-pie\/camino-frances\/camino-de-santiago-desde-sarria\"><b>Camino de Santiago fran\u00e7ais depuis Sarria organis\u00e9<\/b><\/a><span style=\"font-weight: 400;\"> par la meilleure agence qui vous aidera \u00e0 organiser votre voyage pendant ces festivit\u00e9s embl\u00e9matiques.<\/span><\/p>\n<p>&nbsp;<\/p>\n<h2><b>Camino Portugais<\/b><\/h2>\n<p><img decoding=\"async\" class=\"alignnone wp-image-106072 size-full\" src=\"https:\/\/www.mundiplus.com\/wp-content\/uploads\/2024\/07\/San-Telmo-Mundiplus.jpg\" alt=\"\" width=\"1023\" height=\"682\" srcset=\"https:\/\/www.mundiplus.com\/wp-content\/uploads\/2024\/07\/San-Telmo-Mundiplus.jpg 1023w, https:\/\/www.mundiplus.com\/wp-content\/uploads\/2024\/07\/San-Telmo-Mundiplus-300x200.jpg 300w, https:\/\/www.mundiplus.com\/wp-content\/uploads\/2024\/07\/San-Telmo-Mundiplus-768x512.jpg 768w, https:\/\/www.mundiplus.com\/wp-content\/uploads\/2024\/07\/San-Telmo-Mundiplus-600x400.jpg 600w\" sizes=\"(max-width: 1023px) 100vw, 1023px\" \/><\/p>\n<p><a href=\"https:\/\/www.mundiplus.com\/fr\/caminos\/a-pie\/camino-portugues\"><b>Le voyage sur le Camino Portugais<\/b><\/a><span style=\"font-weight: 400;\"> abrite \u00e9galement des festivals locaux d&rsquo;un grand int\u00e9r\u00eat. Voici quelques-uns d&rsquo;entre eux :<\/span><\/p>\n<ul>\n<li style=\"font-weight: 400;\" aria-level=\"1\"><b>F\u00eate de S\u00e3o Jo\u00e3o (24 juin) \u00e0 Porto :<\/b><span style=\"font-weight: 400;\"> l&rsquo;une des festivit\u00e9s les plus anim\u00e9es du Portugal, caract\u00e9ris\u00e9e par une ambiance festive avec de la musique, des danses, des feux d&rsquo;artifice et des lanternes. Les participants ont aussi l&rsquo;habitude de se frapper doucement les uns les autres avec des marteaux en plastique dans le cadre de la tradition.<\/span><\/li>\n<li style=\"font-weight: 400;\" aria-level=\"1\"><b>Festa da Senhora da Agonia (19-22 ao\u00fbt) \u00e0 Viana do Castelo :<\/b><span style=\"font-weight: 400;\"> cette f\u00eate se concentre sur les c\u00e9l\u00e9brations en l&rsquo;honneur de la Vierge de l&rsquo;Agonie. Elle comprend des processions religieuses, des d\u00e9fil\u00e9s folkloriques et des spectacles de feux d&rsquo;artifice. Elle est c\u00e9l\u00e8bre pour exposer les traditions maritimes et les costumes r\u00e9gionaux portugais.<\/span><\/li>\n<li style=\"font-weight: 400;\" aria-level=\"1\"><b>F\u00eate de San Telmo (premi\u00e8re semaine d&rsquo;avril) \u00e0 Tui :<\/b><span style=\"font-weight: 400;\"> avant de parcourir les <\/span><a href=\"https:\/\/www.mundiplus.com\/fr\/caminos\/a-pie\/camino-portugues\/camino-de-santiago-desde-tui\"><span style=\"font-weight: 400;\">\u00e9tapes du Camino de Santiago depuis Tui<\/span><\/a><span style=\"font-weight: 400;\">, nous vous invitons \u00e0 d\u00e9couvrir sa f\u00eate locale. On y rend hommage \u00e0 San Telmo, patron des marins et des navigateurs. Elle se caract\u00e9rise par ses processions, activit\u00e9s culturelles et liturgiques, devenant un \u00e9v\u00e9nement de grande importance pour la communaut\u00e9 locale et les p\u00e8lerins.<\/span><\/li>\n<\/ul>\n<p>&nbsp;<\/p>\n<h2><b>Camino du Nord<\/b><\/h2>\n<p><img decoding=\"async\" class=\"alignnone wp-image-106070 size-full\" src=\"https:\/\/www.mundiplus.com\/wp-content\/uploads\/2024\/07\/San-Juan-Mundiplus.jpg\" alt=\"\" width=\"1024\" height=\"696\" srcset=\"https:\/\/www.mundiplus.com\/wp-content\/uploads\/2024\/07\/San-Juan-Mundiplus.jpg 1024w, https:\/\/www.mundiplus.com\/wp-content\/uploads\/2024\/07\/San-Juan-Mundiplus-300x204.jpg 300w, https:\/\/www.mundiplus.com\/wp-content\/uploads\/2024\/07\/San-Juan-Mundiplus-768x522.jpg 768w, https:\/\/www.mundiplus.com\/wp-content\/uploads\/2024\/07\/San-Juan-Mundiplus-600x408.jpg 600w\" sizes=\"(max-width: 1024px) 100vw, 1024px\" \/><\/p>\n<p><span style=\"font-weight: 400;\">Les <\/span><a href=\"https:\/\/www.mundiplus.com\/fr\/caminos\/a-pie\/camino-norte\"><span style=\"font-weight: 400;\">\u00e9tapes du Camino du Nord vers Santiago<\/span><\/a><span style=\"font-weight: 400;\">, un parcours moins fr\u00e9quent\u00e9 que le Camino Fran\u00e7ais ou Portugais, offrent \u00e9galement une riche vari\u00e9t\u00e9 de <\/span><b>festivals locaux<\/b><span style=\"font-weight: 400;\">. Voici quelques-uns d&rsquo;entre eux :<\/span><\/p>\n<ul>\n<li style=\"font-weight: 400;\" aria-level=\"1\"><b>F\u00eate de San Juan (23-24 juin) dans plusieurs lieux :<\/b><span style=\"font-weight: 400;\"> Marquant le d\u00e9but de l&rsquo;\u00e9t\u00e9, cette f\u00eate est c\u00e9l\u00e9br\u00e9e avec des feux de joie, de la musique et des danses. C&rsquo;est une occasion sp\u00e9ciale pour se purifier et accueillir la nouvelle saison.<\/span><\/li>\n<li style=\"font-weight: 400;\" aria-level=\"1\"><b>Semana Grande\/Aste Nagusia (ao\u00fbt) \u00e0 Bilbao :<\/b><span style=\"font-weight: 400;\"> Une semaine pleine de concerts, d&rsquo;\u00e9v\u00e9nements culturels, de feux d&rsquo;artifice et du traditionnel lancement du txupinazo. La ville se remplit de joie et c&rsquo;est un excellent moment pour profiter de l&rsquo;hospitalit\u00e9 basque.<\/span><\/li>\n<li style=\"font-weight: 400;\" aria-level=\"1\"><b>F\u00eate du Saint-Christ de la Mis\u00e9ricorde (14-15 septembre) \u00e0 Ribadeo :<\/b><span style=\"font-weight: 400;\"> Avec des processions, des actes religieux et des c\u00e9l\u00e9brations populaires, cette f\u00eate se distingue par sa d\u00e9votion et sa capacit\u00e9 \u00e0 r\u00e9unir la communaut\u00e9 et les visiteurs dans une atmosph\u00e8re de foi et de festivit\u00e9.<\/span><\/li>\n<\/ul>\n<p>&nbsp;<\/p>\n<h2><b>Conseils pour profiter des festivals locaux sur le Camino de Santiago<\/b><\/h2>\n<ul>\n<li style=\"font-weight: 400;\" aria-level=\"1\"><b>Planifiez votre voyage \u00e0 l&rsquo;avance :<\/b><span style=\"font-weight: 400;\"> renseignez-vous sur les dates des festivals locaux qui vous int\u00e9ressent et organisez votre itin\u00e9raire en fonction de ceux-ci.<\/span><\/li>\n<li style=\"font-weight: 400;\" aria-level=\"1\"><b>R\u00e9servez votre h\u00e9bergement \u00e0 l&rsquo;avance :<\/b><span style=\"font-weight: 400;\"> l&rsquo;afflux de personnes pendant les festivals peut \u00eatre \u00e9lev\u00e9, surtout dans les villes les plus populaires. R\u00e9servez votre h\u00e9bergement \u00e0 l&rsquo;avance pour vous assurer une place o\u00f9 loger.<\/span><\/li>\n<li style=\"font-weight: 400;\" aria-level=\"1\"><b>Pr\u00e9parez-vous \u00e0 l&rsquo;agitation :<\/b><span style=\"font-weight: 400;\"> les festivals locaux sont souvent des \u00e9v\u00e9nements tr\u00e8s anim\u00e9s et fr\u00e9quent\u00e9s. Si vous recherchez la tranquillit\u00e9, il se peut que vous pr\u00e9f\u00e9riez \u00e9viter ces dates.<\/span><\/li>\n<li style=\"font-weight: 400;\" aria-level=\"1\"><b>Respectez les traditions locales :<\/b><span style=\"font-weight: 400;\"> chaque festival a ses propres traditions et coutumes. Renseignez-vous \u00e0 leur sujet et soyez respectueux de la culture locale.<\/span><\/li>\n<li style=\"font-weight: 400;\" aria-level=\"1\"><b>Profitez de l&rsquo;exp\u00e9rience :<\/b><span style=\"font-weight: 400;\"> les festivals locaux sont une occasion unique de d\u00e9couvrir de pr\u00e8s la culture et les traditions du Camino de Santiago. Laissez-vous emporter par la musique, la gastronomie et l&rsquo;ambiance festive.<\/span><\/li>\n<\/ul>\n<p>&nbsp;<\/p>\n<p><span style=\"font-weight: 400;\">Lancez-vous dans votre voyage vers le Camino de Santiago avec l&rsquo;esprit ouvert et le c\u0153ur pr\u00eat \u00e0 d\u00e9couvrir de nouvelles exp\u00e9riences. Les festivals locaux vous attendent pour enrichir votre parcours de moments inoubliables.<\/span><\/p>\n<p>&nbsp;<\/p>\n","protected":false},"excerpt":{"rendered":"<p>Entreprendre le Camino de Santiago est une exp\u00e9rience unique qui d\u00e9passe le cadre religieux. C&rsquo;est un voyage de d\u00e9couverte de soi, immerg\u00e9 dans des paysages \u00e9blouissants, l&rsquo;histoire et la culture. Mais au-del\u00e0 de la grandeur du Camino Fran\u00e7ais ou de la beaut\u00e9 de la Route du Camino Portugais, il existe un r\u00e9seau de festivals locaux [&hellip;]<\/p>\n","protected":false},"author":1,"featured_media":112754,"comment_status":"open","ping_status":"open","sticky":false,"template":"","format":"standard","meta":{"footnotes":""},"categories":[571,575,603],"tags":[],"class_list":["post-112751","post","type-post","status-publish","format-standard","has-post-thumbnail","hentry","category-blog-du-chemin","category-chemin-a-pied","category-sites-emblematiques"],"_links":{"self":[{"href":"https:\/\/www.mundiplus.com\/fr\/wp-json\/wp\/v2\/posts\/112751","targetHints":{"allow":["GET"]}}],"collection":[{"href":"https:\/\/www.mundiplus.com\/fr\/wp-json\/wp\/v2\/posts"}],"about":[{"href":"https:\/\/www.mundiplus.com\/fr\/wp-json\/wp\/v2\/types\/post"}],"author":[{"embeddable":true,"href":"https:\/\/www.mundiplus.com\/fr\/wp-json\/wp\/v2\/users\/1"}],"replies":[{"embeddable":true,"href":"https:\/\/www.mundiplus.com\/fr\/wp-json\/wp\/v2\/comments?post=112751"}],"version-history":[{"count":0,"href":"https:\/\/www.mundiplus.com\/fr\/wp-json\/wp\/v2\/posts\/112751\/revisions"}],"wp:featuredmedia":[{"embeddable":true,"href":"https:\/\/www.mundiplus.com\/fr\/wp-json\/wp\/v2\/media\/112754"}],"wp:attachment":[{"href":"https:\/\/www.mundiplus.com\/fr\/wp-json\/wp\/v2\/media?parent=112751"}],"wp:term":[{"taxonomy":"category","embeddable":true,"href":"https:\/\/www.mundiplus.com\/fr\/wp-json\/wp\/v2\/categories?post=112751"},{"taxonomy":"post_tag","embeddable":true,"href":"https:\/\/www.mundiplus.com\/fr\/wp-json\/wp\/v2\/tags?post=112751"}],"curies":[{"name":"wp","href":"https:\/\/api.w.org\/{rel}","templated":true}]}}