{"id":112918,"date":"2024-12-26T15:56:41","date_gmt":"2024-12-26T15:56:41","guid":{"rendered":"https:\/\/www.mundiplus.com\/?p=112918"},"modified":"2024-12-26T16:41:08","modified_gmt":"2024-12-26T16:41:08","slug":"a-voir-a-cea","status":"publish","type":"post","link":"https:\/\/www.mundiplus.com\/fr\/a-voir-a-cea\/","title":{"rendered":"A voir \u00e0 Cea"},"content":{"rendered":"<p><img fetchpriority=\"high\" decoding=\"async\" class=\"alignnone wp-image-112842 size-full\" src=\"https:\/\/www.mundiplus.com\/wp-content\/uploads\/2024\/11\/Pan-de-Cea-Mundiplus.jpg\" alt=\"\" width=\"1024\" height=\"768\" srcset=\"https:\/\/www.mundiplus.com\/wp-content\/uploads\/2024\/11\/Pan-de-Cea-Mundiplus.jpg 1024w, https:\/\/www.mundiplus.com\/wp-content\/uploads\/2024\/11\/Pan-de-Cea-Mundiplus-300x225.jpg 300w, https:\/\/www.mundiplus.com\/wp-content\/uploads\/2024\/11\/Pan-de-Cea-Mundiplus-768x576.jpg 768w, https:\/\/www.mundiplus.com\/wp-content\/uploads\/2024\/11\/Pan-de-Cea-Mundiplus-600x450.jpg 600w\" sizes=\"(max-width: 1024px) 100vw, 1024px\" \/><\/p>\n<p><b>Aimeriez-vous d\u00e9couvrir les secrets cach\u00e9s d&rsquo;un petit village de Galice ?<\/b> <b>Cea<\/b><span style=\"font-weight: 400;\">, un endroit qui semble fig\u00e9 dans le temps, invite les voyageurs \u00e0 d\u00e9couvrir son histoire riche, sa culture vari\u00e9e et ses traditions culinaires uniques.<\/span><\/p>\n<p><span style=\"font-weight: 400;\">Mais, <\/span><b>que voir \u00e0 Cea ?<\/b><span style=\"font-weight: 400;\"> Dans cet article, nous \u00e9voquerons les points d&rsquo;int\u00e9r\u00eat majeurs de la localit\u00e9 et pourquoi il est un lieu incontournable lors de votre parcours sur le Camino de Santiago, plus pr\u00e9cis\u00e9ment sur le <\/span><b>Camino de la Plata<\/b><span style=\"font-weight: 400;\">.<\/span><\/p>\n<p>&nbsp;<\/p>\n<h2><b>Pourquoi emprunter la V\u00eda de la Plata?<\/b><\/h2>\n<p><span style=\"font-weight: 400;\">Avant de parler de Cea, nous souhaitons vous donner quelques raisons pour lesquelles vous devriez choisir la V\u00eda de la Plata pour votre p\u00e8lerinage sur le Camino de Santiago. Ce chemin est <\/span><b>le plus long du Camino de Santiago<\/b><span style=\"font-weight: 400;\">, avec environ 960 kilom\u00e8tres qui relient S\u00e9ville \u00e0 Saint-Jacques-de-Compostelle.<\/span><\/p>\n<p><span style=\"font-weight: 400;\">Pour une meilleure <\/span><a href=\"https:\/\/www.mundiplus.com\/fr\/\"><b>exp\u00e9rience du Camino de Santiago<\/b><\/a><span style=\"font-weight: 400;\">, voici quelques raisons de choisir cette route, accompagn\u00e9es d&rsquo;une comparaison avec d&rsquo;autres options populaires.<\/span><\/p>\n<p>&nbsp;<\/p>\n<h3><b>Diversit\u00e9 des paysages et richesse culturelle<\/b><\/h3>\n<p><span style=\"font-weight: 400;\">La V\u00eda de la Plata traverse <\/span><b>quatre communaut\u00e9s autonomes<\/b><span style=\"font-weight: 400;\"> : l&rsquo;Andalousie, l&rsquo;Extr\u00e9madure, la Castille-et-Le\u00f3n et la Galice. Ce parcours vous permettra de d\u00e9couvrir une <\/span><b>grande vari\u00e9t\u00e9 de paysages<\/b><span style=\"font-weight: 400;\">, allant des d\u00e9serts andalous aux montagnes galiciennes, en passant par des villes historiques comme M\u00e9rida, C\u00e1ceres, Salamanque et Zamora.<\/span><\/p>\n<p><span style=\"font-weight: 400;\">Chaque r\u00e9gion offre une <\/span><b>richesse culturelle unique<\/b><span style=\"font-weight: 400;\">, avec des monuments inscrits au patrimoine mondial de l&rsquo;UNESCO et une gastronomie diverse qui enrichit l&rsquo;exp\u00e9rience des p\u00e8lerins.<\/span><\/p>\n<p>&nbsp;<\/p>\n<h3><b>Moins de p\u00e8lerins<\/b><\/h3>\n<p><span style=\"font-weight: 400;\">Contrairement au Camino Fran\u00e7ais, la V\u00eda de la Plata <\/span><b>est moins fr\u00e9quent\u00e9e<\/b><span style=\"font-weight: 400;\">, ce qui permet une exp\u00e9rience plus intime et calme. Cette moindre affluence favorise une meilleure connexion avec la nature et facilite la r\u00e9flexion personnelle, des aspects que de nombreux p\u00e8lerins appr\u00e9cient lors de leur voyage spirituel.<\/span><\/p>\n<p>&nbsp;<\/p>\n<h3><b>D\u00e9fi physique et pr\u00e9paration<\/b><\/h3>\n<p><span style=\"font-weight: 400;\">La longueur et les \u00e9tapes de la V\u00eda de la Plata repr\u00e9sentent un d\u00e9fi physique consid\u00e9rable. Une <\/span><b>bonne pr\u00e9paration physique<\/b><span style=\"font-weight: 400;\"> est recommand\u00e9e pour affronter les \u00e9tapes, qui varient entre 16 et 38 kilom\u00e8tres. Ce d\u00e9fi peut s\u00e9duire ceux qui recherchent une exp\u00e9rience plus exigeante et gratifiante.<\/span><\/p>\n<p><span style=\"font-weight: 400;\">Comparaison avec d&rsquo;autres routes<\/span><\/p>\n<ul>\n<li style=\"font-weight: 400;\" aria-level=\"1\"><span style=\"font-weight: 400;\">Le <\/span><b>Camino Fran\u00e7ais<\/b><span style=\"font-weight: 400;\"> est connu pour ses <\/span><b>paysages montagneux et son importance historique<\/b><span style=\"font-weight: 400;\">. Cependant, il est souvent plus fr\u00e9quent\u00e9 et les <\/span><b>\u00e9tapes sont plus courtes<\/b><span style=\"font-weight: 400;\"> par rapport \u00e0 la V\u00eda de la Plata. Si vous cherchez une exp\u00e9rience plus courte, nous vous recommandons de faire la <\/span><a href=\"https:\/\/www.mundiplus.com\/fr\/caminos\/a-pie\/camino-frances\/camino-de-santiago-desde-o-cebreiro\/\"><b>route de O Cebreiro \u00e0 Santiago<\/b><\/a><span style=\"font-weight: 400;\">.<\/span><\/li>\n<li style=\"font-weight: 400;\" aria-level=\"1\"><span style=\"font-weight: 400;\">Les diff\u00e9rentes <\/span><a href=\"https:\/\/www.mundiplus.com\/fr\/caminos\/a-pie\/camino-ingles\/camino-de-santiago-desde-ferrol\/\"><b>\u00e9tapes du Camino Ingl\u00e9s<\/b><\/a><span style=\"font-weight: 400;\"> totalisent environ 120 kilom\u00e8tres depuis Ferrol ou 75 kilom\u00e8tres depuis La Corogne, ce qui en fait <\/span><b>l&rsquo;une des routes les plus courtes<\/b><span style=\"font-weight: 400;\">. Elle est id\u00e9ale pour ceux qui ont moins de temps, mais elle ne propose ni la diversit\u00e9 des paysages ni la richesse culturelle de la V\u00eda de la Plata.<\/span><\/li>\n<li style=\"font-weight: 400;\" aria-level=\"1\"><span style=\"font-weight: 400;\">Les <\/span><a href=\"https:\/\/www.mundiplus.com\/fr\/caminos\/a-pie\/camino-primitivo\/\"><b>\u00e9tapes du Camino Primitivo<\/b><\/a><span style=\"font-weight: 400;\">, 321 kilom\u00e8tres entre Oviedo et Santiago, sont connues pour leur difficult\u00e9 en raison du <\/span><b>terrain montagneux<\/b><span style=\"font-weight: 400;\">, mais aussi pour leurs paysages spectaculaires. Bien qu&rsquo;elles offrent une exp\u00e9rience plus solitaire, elles ne rivalisent pas avec la longueur ni la diversit\u00e9 culturelle de la V\u00eda de la Plata.<\/span><\/li>\n<li style=\"font-weight: 400;\" aria-level=\"1\"><b>A Finisterre et Mux\u00eda<\/b><span style=\"font-weight: 400;\">: la principale diff\u00e9rence avec ce parcours est qu&rsquo;il s&rsquo;agit d&rsquo;une extension du Camino de Santiago qui m\u00e8ne les p\u00e8lerins jusqu&rsquo;\u00e0 la c\u00f4te atlantique. Bien que les <\/span><a href=\"https:\/\/www.mundiplus.com\/fr\/caminos\/a-pie\/camino-finisterre\/camino-de-santiago-a-finisterre\/\"><b>\u00e9tapes de Santiago \u00e0 Mux\u00eda<\/b><\/a><span style=\"font-weight: 400;\"> offrent des vues c\u00f4ti\u00e8res uniques, c&rsquo;est une route plus courte et moins vari\u00e9e en termes de paysages et de culture.<\/span><\/li>\n<\/ul>\n<p>&nbsp;<\/p>\n<h2><b>Le pain de Cea, une tradition galicienne pleine de saveurs<\/b><\/h2>\n<p><span style=\"font-weight: 400;\">Le <\/span><b>pain de Cea<\/b><span style=\"font-weight: 400;\"> est un v\u00e9ritable tr\u00e9sor gastronomique reconnu dans toute la Galice et m\u00eame en Espagne. Son histoire remonte \u00e0 plusieurs si\u00e8cles, lorsque les habitants de la r\u00e9gion ont commenc\u00e9 \u00e0 le pr\u00e9parer en utilisant des techniques traditionnelles.<\/span><\/p>\n<p><span style=\"font-weight: 400;\">Le pain se distingue par sa <\/span><b>cro\u00fbte croustillante et sa mie a\u00e9r\u00e9e<\/b><span style=\"font-weight: 400;\">, r\u00e9sultat de l&rsquo;utilisation exclusive de bl\u00e9 galicien et d&rsquo;eau pure. <\/span><\/p>\n<p><span style=\"font-weight: 400;\">Le processus de fabrication de ce pain est minutieux. Il utilise des ingr\u00e9dients <\/span><b>simples mais de haute qualit\u00e9<\/b><span style=\"font-weight: 400;\"> : farine, eau, sel et levure naturelle. Il est p\u00e9tri \u00e0 la main et laiss\u00e9 \u00e0 fermenter pendant plusieurs heures pour d\u00e9velopper sa saveur caract\u00e9ristique. Ensuite, il est cuit dans des fours \u00e0 bois, ce qui lui donne un parfum unique et un go\u00fbt incomparable.<\/span><\/p>\n<p><span style=\"font-weight: 400;\">Il accompagne les repas locaux et est devenu un symbole culturel pour les habitants de Cea. La tradition du pain de Cea s&rsquo;est transmise de g\u00e9n\u00e9ration en g\u00e9n\u00e9ration et est devenue un \u00e9l\u00e9ment essentiel lors des <\/span><b>f\u00eates et c\u00e9l\u00e9brations locales<\/b><span style=\"font-weight: 400;\">. Les visiteurs peuvent trouver cette sp\u00e9cialit\u00e9 dans les boulangeries locales et la d\u00e9guster avec des plats typiques galiciens.<\/span><\/p>\n<p>&nbsp;<\/p>\n<h2><b>Un symbole embl\u00e9matique: la Tour de l&rsquo;Horloge<\/b><\/h2>\n<p><img decoding=\"async\" class=\"alignnone wp-image-112854 size-full\" src=\"https:\/\/www.mundiplus.com\/wp-content\/uploads\/2024\/11\/Torre-del-Reloj-Cea-Mundiplus.jpg\" alt=\"\" width=\"1024\" height=\"1365\" srcset=\"https:\/\/www.mundiplus.com\/wp-content\/uploads\/2024\/11\/Torre-del-Reloj-Cea-Mundiplus.jpg 1024w, https:\/\/www.mundiplus.com\/wp-content\/uploads\/2024\/11\/Torre-del-Reloj-Cea-Mundiplus-225x300.jpg 225w, https:\/\/www.mundiplus.com\/wp-content\/uploads\/2024\/11\/Torre-del-Reloj-Cea-Mundiplus-768x1024.jpg 768w, https:\/\/www.mundiplus.com\/wp-content\/uploads\/2024\/11\/Torre-del-Reloj-Cea-Mundiplus-600x800.jpg 600w\" sizes=\"(max-width: 1024px) 100vw, 1024px\" \/><\/p>\n<p><span style=\"font-weight: 400;\">La <\/span><b>Tour de l&rsquo;Horloge<\/b><span style=\"font-weight: 400;\"> est l&rsquo;un des symboles les plus embl\u00e9matiques de la localit\u00e9. Ce monument historique t\u00e9moigne du pass\u00e9 m\u00e9di\u00e9val du village. Sa construction remonte au <\/span><b>XVIIIe si\u00e8cle<\/b><span style=\"font-weight: 400;\"> et pr\u00e9sente une architecture caract\u00e9ristique avec des <\/span><b>\u00e9l\u00e9ments baroques<\/b><span style=\"font-weight: 400;\"> qui attirent l&rsquo;attention des habitants et des touristes.<\/span><\/p>\n<p><span style=\"font-weight: 400;\">Outre sa fonction d&rsquo;horloge, elle rev\u00eat \u00e9galement une signification culturelle profonde pour la communaut\u00e9 locale. Elle a \u00e9t\u00e9 t\u00e9moin de nombreux \u00e9v\u00e9nements historiques et sociaux au fil des ans. Aux alentours, des festivit\u00e9s importantes sont c\u00e9l\u00e9br\u00e9es, comme la <\/span><b>f\u00eate patronale en l&rsquo;honneur de Saint-Christophe<\/b><span style=\"font-weight: 400;\">, durant laquelle les habitants se r\u00e9unissent pour rendre hommage \u00e0 leur saint protecteur.<\/span><\/p>\n<p>&nbsp;<\/p>\n<h2><b>L&rsquo;\u00e9glise paroissiale, un rep\u00e8re historique et religieux<\/b><\/h2>\n<p><span style=\"font-weight: 400;\">L&rsquo;<\/span><b>\u00e9glise paroissiale<\/b><span style=\"font-weight: 400;\"> est un point d&rsquo;int\u00e9r\u00eat majeur dans cette localit\u00e9 galicienne. Consacr\u00e9e \u00e0 la <\/span><b>Vierge du Rosaire et \u00e0 Saint-Christophe<\/b><span style=\"font-weight: 400;\">, sa construction actuelle date du <\/span><b> XVIe si\u00e8cle<\/b><span style=\"font-weight: 400;\">, bien qu&rsquo;elle ait remplac\u00e9 un temple plus ancien.<\/span><\/p>\n<p><span style=\"font-weight: 400;\">L&rsquo;\u00e9glise pr\u00e9sente un <\/span><b>m\u00e9lange de styles architecturaux<\/b><span style=\"font-weight: 400;\">, principalement gothique et baroque, qui refl\u00e8tent son \u00e9volution au fil des si\u00e8cles. \u00c0 l&rsquo;int\u00e9rieur, les visiteurs peuvent admirer de belles sculptures et fresques repr\u00e9sentant des sc\u00e8nes bibliques et des saints v\u00e9n\u00e9r\u00e9s par la communaut\u00e9.<\/span><\/p>\n<p><span style=\"font-weight: 400;\">C&rsquo;est un lieu de culte et un symbole de l&rsquo;identit\u00e9 culturelle de Cea. Sa position strat\u00e9gique en fait un point de rencontre pour les p\u00e8lerins qui parcourent le Camino de Santiago.<\/span><\/p>\n<p>&nbsp;<\/p>\n<h2><b>Monast\u00e8re d&rsquo;Oseira: un tr\u00e9sor spirituel galicien<\/b><\/h2>\n<p><img decoding=\"async\" class=\"alignnone wp-image-112848 size-full\" src=\"https:\/\/www.mundiplus.com\/wp-content\/uploads\/2024\/11\/Monasterio-de-Oseira-Mundiplus.jpg\" alt=\"\" width=\"1024\" height=\"655\" srcset=\"https:\/\/www.mundiplus.com\/wp-content\/uploads\/2024\/11\/Monasterio-de-Oseira-Mundiplus.jpg 1024w, https:\/\/www.mundiplus.com\/wp-content\/uploads\/2024\/11\/Monasterio-de-Oseira-Mundiplus-300x192.jpg 300w, https:\/\/www.mundiplus.com\/wp-content\/uploads\/2024\/11\/Monasterio-de-Oseira-Mundiplus-768x491.jpg 768w, https:\/\/www.mundiplus.com\/wp-content\/uploads\/2024\/11\/Monasterio-de-Oseira-Mundiplus-600x384.jpg 600w\" sizes=\"(max-width: 1024px) 100vw, 1024px\" \/><\/p>\n<p><span style=\"font-weight: 400;\">Le <\/span><b>Monast\u00e8re d&rsquo;Oseira<\/b><span style=\"font-weight: 400;\"> est un lieu touristique et culturel de grande importance. Fond\u00e9 au <\/span><b> XIIe si\u00e8cle<\/b><span style=\"font-weight: 400;\"> par des moines cisterciens, il est connu sous le nom de \u00ab\u00a0<\/span><b>l&rsquo;Escorial galicien<\/b><span style=\"font-weight: 400;\">\u00a0\u00bb en raison de son architecture imposante. Son \u00e9glise est un chef-d&rsquo;\u0153uvre du <\/span><b>style roman<\/b><span style=\"font-weight: 400;\">, caract\u00e9ris\u00e9 par ses arcs pointus et son design \u00e9l\u00e9gant.<\/span><\/p>\n<p><span style=\"font-weight: 400;\">Le monast\u00e8re dispose de trois clo\u00eetres, chacun ayant des caract\u00e9ristiques uniques, et d&rsquo;une salle capitulaire du XVe si\u00e8cle qui impressionne par sa beaut\u00e9. Au fil des ans, des travaux de restauration ont permis de pr\u00e9server son \u00e9clat d&rsquo;origine.<\/span><\/p>\n<p><span style=\"font-weight: 400;\">Aujourd&rsquo;hui, des <\/span><b>visites guid\u00e9es<\/b><span style=\"font-weight: 400;\"> sont propos\u00e9es, permettant aux p\u00e8lerins de d\u00e9couvrir son histoire riche et son art religieux. De plus, le monast\u00e8re abrite un mus\u00e9e avec une collection d&rsquo;objets historiques.<\/span><\/p>\n<p>&nbsp;<\/p>\n<h2><b>Explorez les attractions naturelles<\/b><\/h2>\n<p><span style=\"font-weight: 400;\">Cea se distingue par son cadre naturel impressionnant qui invite \u00e0 l&rsquo;exploration. La r\u00e9gion est parsem\u00e9e de for\u00eats denses et de montagnes escarp\u00e9es, cr\u00e9ant un paysage diversifi\u00e9 et attrayant pour les amoureux de la nature.<\/span><\/p>\n<p><span style=\"font-weight: 400;\">Les visiteurs peuvent profiter de vues panoramiques depuis plusieurs points \u00e9lev\u00e9s, offrant une perspective unique du paysage galicien. De plus, la zone compte des rivi\u00e8res et des lagunes qui ajoutent un charme particulier \u00e0 sa beaut\u00e9 naturelle. Tout cela offre des espaces id\u00e9aux pour la d\u00e9tente et la contemplation.<\/span><\/p>\n<p><span style=\"font-weight: 400;\">La flore et la faune locales sont abondantes, ce qui permet aux randonneurs d&rsquo;observer diverses esp\u00e8ces dans leur habitat naturel.<\/span><\/p>\n<p><span style=\"font-weight: 400;\">La meilleure p\u00e9riode pour visiter Cea est au <\/span><b>printemps et en automne<\/b><span style=\"font-weight: 400;\">, lorsque le climat est plus doux et agr\u00e9able. \u00c9quipez-vous correctement avec des chaussures confortables et suffisamment d&rsquo;eau pour profiter pleinement des activit\u00e9s en plein air dans ce cadre idyllique.<\/span><\/p>\n","protected":false},"excerpt":{"rendered":"<p>Aimeriez-vous d\u00e9couvrir les secrets cach\u00e9s d&rsquo;un petit village de Galice ? Cea, un endroit qui semble fig\u00e9 dans le temps, invite les voyageurs \u00e0 d\u00e9couvrir son histoire riche, sa culture vari\u00e9e et ses traditions culinaires uniques. Mais, que voir \u00e0 Cea ? Dans cet article, nous \u00e9voquerons les points d&rsquo;int\u00e9r\u00eat majeurs de la localit\u00e9 et [&hellip;]<\/p>\n","protected":false},"author":1,"featured_media":112844,"comment_status":"open","ping_status":"open","sticky":false,"template":"","format":"standard","meta":{"footnotes":""},"categories":[571,575,599],"tags":[],"class_list":["post-112918","post","type-post","status-publish","format-standard","has-post-thumbnail","hentry","category-blog-du-chemin","category-chemin-a-pied","category-villages-et-regions"],"_links":{"self":[{"href":"https:\/\/www.mundiplus.com\/fr\/wp-json\/wp\/v2\/posts\/112918","targetHints":{"allow":["GET"]}}],"collection":[{"href":"https:\/\/www.mundiplus.com\/fr\/wp-json\/wp\/v2\/posts"}],"about":[{"href":"https:\/\/www.mundiplus.com\/fr\/wp-json\/wp\/v2\/types\/post"}],"author":[{"embeddable":true,"href":"https:\/\/www.mundiplus.com\/fr\/wp-json\/wp\/v2\/users\/1"}],"replies":[{"embeddable":true,"href":"https:\/\/www.mundiplus.com\/fr\/wp-json\/wp\/v2\/comments?post=112918"}],"version-history":[{"count":0,"href":"https:\/\/www.mundiplus.com\/fr\/wp-json\/wp\/v2\/posts\/112918\/revisions"}],"wp:featuredmedia":[{"embeddable":true,"href":"https:\/\/www.mundiplus.com\/fr\/wp-json\/wp\/v2\/media\/112844"}],"wp:attachment":[{"href":"https:\/\/www.mundiplus.com\/fr\/wp-json\/wp\/v2\/media?parent=112918"}],"wp:term":[{"taxonomy":"category","embeddable":true,"href":"https:\/\/www.mundiplus.com\/fr\/wp-json\/wp\/v2\/categories?post=112918"},{"taxonomy":"post_tag","embeddable":true,"href":"https:\/\/www.mundiplus.com\/fr\/wp-json\/wp\/v2\/tags?post=112918"}],"curies":[{"name":"wp","href":"https:\/\/api.w.org\/{rel}","templated":true}]}}