{"id":113078,"date":"2024-06-20T14:34:13","date_gmt":"2024-06-20T14:34:13","guid":{"rendered":"https:\/\/www.mundiplus.com\/pourquoi-faire-le-camino-en-annee-jacobine\/"},"modified":"2024-06-20T14:34:13","modified_gmt":"2024-06-20T14:34:13","slug":"pourquoi-faire-le-camino-en-annee-jacobine","status":"publish","type":"post","link":"https:\/\/www.mundiplus.com\/fr\/blog\/pourquoi-faire-les-marches-dans-les-annees-jacobines\/","title":{"rendered":"Pourquoi faire le Camino en ann\u00e9e jacobine ?"},"content":{"rendered":"<p><img fetchpriority=\"high\" decoding=\"async\" class=\"alignnone wp-image-105705 size-full\" src=\"https:\/\/www.mundiplus.com\/wp-content\/uploads\/2024\/06\/camino-santiago-jacobeo-scaled-e1718893293378.jpg\" alt=\"\" width=\"1200\" height=\"800\" \/><\/p>\n<p><span style=\"font-weight: 400;\">Le <\/span><b>Camino de Santiago<\/b><span style=\"font-weight: 400;\">, l&rsquo;un des p\u00e8lerinages les plus anciens et c\u00e9l\u00e8bres au monde, attire chaque ann\u00e9e des milliers de marcheurs en qu\u00eate d&rsquo;aventure, de spiritualit\u00e9 et de connexion avec l&rsquo;histoire.<\/span><\/p>\n<p><span style=\"font-weight: 400;\">Cependant, il y a quelque chose de sp\u00e9cial \u00e0 entreprendre ce voyage pendant une ann\u00e9e jacob\u00e9enne, lorsque la f\u00eate de <\/span><b>Saint Jacques tombe un dimanche<\/b><span style=\"font-weight: 400;\">, ce qui se produit environ <\/span><b>tous les 5-6-11 ans<\/b><span style=\"font-weight: 400;\">. Qu&rsquo;est-ce qui rend cette exp\u00e9rience encore plus m\u00e9morable ? D\u00e9couvrez-le dans l&rsquo;article suivant et commencez votre <\/span><a href=\"https:\/\/www.mundiplus.com\/fr\/\"><b>voyage organis\u00e9 du Camino de Santiago de Compostela<\/b><\/a><span style=\"font-weight: 400;\">.<\/span><\/p>\n<p>&nbsp;<\/p>\n<h2><b>Histoire et signification de l&rsquo;ann\u00e9e jacob\u00e9enne<\/b><\/h2>\n<p><span style=\"font-weight: 400;\">Le terme \u00ab\u00a0ann\u00e9e jacob\u00e9enne\u00a0\u00bb remonte \u00e0 plusieurs si\u00e8cles, lorsque l&rsquo;on a \u00e9tabli que <\/span><b>si le 25 juillet<\/b><span style=\"font-weight: 400;\">, jour de la f\u00eate de Saint Jacques Ap\u00f4tre, <\/span><b>tombe un dimanche<\/b><span style=\"font-weight: 400;\">, l&rsquo;ann\u00e9e est d\u00e9clar\u00e9e sainte ou jacob\u00e9enne. Cette tradition <\/span><b>a commenc\u00e9 au XIIe si\u00e8cle<\/b><span style=\"font-weight: 400;\"> et depuis lors, elle est devenue un moment sp\u00e9cial pour les p\u00e8lerins qui parcourent les diff\u00e9rents chemins convergeant vers Saint-Jacques-de-Compostelle.<\/span><\/p>\n<p><span style=\"font-weight: 400;\">Pendant les ann\u00e9es jacob\u00e9ennes, le p\u00e8lerinage est rempli d&rsquo;une <\/span><b>\u00e9nergie unique<\/b><span style=\"font-weight: 400;\">, avec des festivals, des \u00e9v\u00e9nements culturels et une atmosph\u00e8re de c\u00e9l\u00e9bration qui enveloppe les p\u00e8lerins et les visiteurs. C&rsquo;est un moment o\u00f9 <\/span><b>l&rsquo;essence de l&rsquo;aventure est magnifi\u00e9e<\/b><span style=\"font-weight: 400;\">, et chaque pas devient une partie d&rsquo;une exp\u00e9rience collective et enrichissante.<\/span><\/p>\n<p>&nbsp;<\/p>\n<h2><b>Partager des histoires, des rires et des moments de r\u00e9flexion<\/b><\/h2>\n<p><span style=\"font-weight: 400;\">Pendant une ann\u00e9e jacob\u00e9enne, le Camino prend vie d&rsquo;une mani\u00e8re sp\u00e9ciale. Les rues accueillent encore plus <\/span><b>de p\u00e8lerins venus du monde entier<\/b><span style=\"font-weight: 400;\">, partageant des histoires, des rires et des moments de r\u00e9flexion. Le sentiment de camaraderie et de soutien mutuel est palpable, ce qui rend l&rsquo;exp\u00e9rience encore <\/span><b>plus enrichissante sur le plan spirituel<\/b><span style=\"font-weight: 400;\">.<\/span><\/p>\n<p><span style=\"font-weight: 400;\">De plus, avec l&rsquo;augmentation du nombre de p\u00e8lerins pendant les ann\u00e9es jacob\u00e9ennes, <\/span><b>les services sont g\u00e9n\u00e9ralement mieux pr\u00e9par\u00e9s<\/b><span style=\"font-weight: 400;\"> pour accueillir les p\u00e8lerins. Peu importe si vous faites le <\/span><a href=\"https:\/\/www.mundiplus.com\/fr\/caminos\/a-pie\/camino-frances\/camino-de-santiago-desde-sarria\"><b>voyage du Camino de Santiago de Compostela depuis Sarria<\/b><\/a><span style=\"font-weight: 400;\"> ou si vous optez pour l&rsquo;aventure compl\u00e8te en parcourant tout le <\/span><a href=\"https:\/\/www.mundiplus.com\/fr\/caminos\/a-pie\/camino-frances\"><b>Camino Fran\u00e7ais<\/b><\/a><span style=\"font-weight: 400;\">.<\/span><\/p>\n<p><span style=\"font-weight: 400;\">Des auberges aux restaurants et magasins, tout est pr\u00eat pour r\u00e9pondre aux besoins des marcheurs, ce qui rend la travers\u00e9e plus confortable et accessible.<\/span><\/p>\n<p>&nbsp;<\/p>\n<h2><b>\u00c9v\u00e9nements et c\u00e9l\u00e9brations sp\u00e9ciales<\/b><\/h2>\n<p><span style=\"font-weight: 400;\">Pendant une ann\u00e9e jacob\u00e9enne, Saint-Jacques-de-Compostelle et les localit\u00e9s le long des diff\u00e9rents chemins, comme le <\/span><a href=\"https:\/\/www.mundiplus.com\/fr\/caminos\/a-pie\/camino-portugues\"><b>Camino Portugais<\/b><\/a><span style=\"font-weight: 400;\"> ou le <\/span><a href=\"https:\/\/www.mundiplus.com\/fr\/caminos\/a-pie\/camino-norte\"><b>Camino du Nord<\/b><\/a><span style=\"font-weight: 400;\">, se remplissent de vie. Il y a plus d&rsquo;\u00e9v\u00e9nements et de c\u00e9l\u00e9brations qui enrichissent l&rsquo;exp\u00e9rience des p\u00e8lerins.<\/span><\/p>\n<p>&nbsp;<\/p>\n<h3><b>C\u00e9r\u00e9monies religieuses<\/b><\/h3>\n<p><span style=\"font-weight: 400;\">Au c\u0153ur de Saint-Jacques-de-Compostelle, la majestueuse cath\u00e9drale accueille des c\u00e9r\u00e9monies religieuses sp\u00e9ciales en l&rsquo;honneur de Saint Jacques Ap\u00f4tre. La <\/span><b>messe des p\u00e8lerins<\/b><span style=\"font-weight: 400;\">, c\u00e9l\u00e9br\u00e9e chaque jour, <\/span><b>prend un sens particulier pendant les ann\u00e9es jacob\u00e9ennes<\/b><span style=\"font-weight: 400;\">, avec la pr\u00e9sence d&rsquo;un plus grand nombre de fid\u00e8les et de p\u00e8lerins qui se rejoignent en pri\u00e8re et en remerciement pour avoir accompli leur p\u00e8lerinage.<\/span><\/p>\n<p>&nbsp;<\/p>\n<h3><b>Ouverture de la Porte Sainte<\/b><\/h3>\n<p><img decoding=\"async\" class=\"alignnone wp-image-105701 size-full\" src=\"https:\/\/www.mundiplus.com\/wp-content\/uploads\/2024\/06\/puerta-santa-catedral-santiago-e1718893362528.jpg\" alt=\"\" width=\"800\" height=\"1067\" \/><\/p>\n<p><span style=\"font-weight: 400;\">Ce n&rsquo;est que pendant l&rsquo;ann\u00e9e jacob\u00e9enne que la <\/span><b>Porte Sainte de la Cath\u00e9drale de Saint-Jacques-de-Compostelle<\/b><span style=\"font-weight: 400;\"> est ouverte. Cette tradition symbolise un portail vers le pardon et le renouveau spirituel. La franchir est consid\u00e9r\u00e9e comme un acte de grande signification religieuse et spirituelle, offrant aux p\u00e8lerins l&rsquo;indulgence pl\u00e9ni\u00e8re.<\/span><\/p>\n<p>&nbsp;<\/p>\n<h3><b>Concerts et spectacles<\/b><\/h3>\n<p><span style=\"font-weight: 400;\">Tout au long de l&rsquo;ann\u00e9e jacob\u00e9enne, une vari\u00e9t\u00e9 de concerts et de spectacles sont organis\u00e9s sur les places et les rues de Saint-Jacques-de-Compostelle, <\/span><b>ainsi que dans d&rsquo;autres localit\u00e9s le long du Camino<\/b><span style=\"font-weight: 400;\">. De la musique traditionnelle galicienne aux performances d&rsquo;artistes internationaux, il y en a pour tous les go\u00fbts et tous les \u00e2ges, cr\u00e9ant une atmosph\u00e8re festive et vibrante.<\/span><\/p>\n<p>&nbsp;<\/p>\n<h3><b>Expositions culturelles<\/b><\/h3>\n<p><span style=\"font-weight: 400;\">Les mus\u00e9es et centres culturels de Saint-Jacques-de-Compostelle organisent souvent des expositions temporaires li\u00e9es au Camino de Santiago pendant les ann\u00e9es jacob\u00e9ennes. Ces expositions offrent une occasion unique de <\/span><b>mieux comprendre l&rsquo;histoire, l&rsquo;art et la culture<\/b><span style=\"font-weight: 400;\"> entourant ce p\u00e8lerinage embl\u00e9matique, enrichissant ainsi l&rsquo;exp\u00e9rience du voyageur.<\/span><\/p>\n<p>&nbsp;<\/p>\n<h3><b>Festivals gastronomiques<\/b><\/h3>\n<p><span style=\"font-weight: 400;\">Des d\u00e9gustations de fruits de mer frais aux d\u00e9gustations de vins locaux, ces \u00e9v\u00e9nements permettent aux p\u00e8lerins<\/span><b> de savourer les saveurs authentiques de la Galice <\/b><span style=\"font-weight: 400;\">et de partager des exp\u00e9riences culinaires avec d&rsquo;autres voyageurs.<\/span><\/p>\n<p>&nbsp;<\/p>\n<h3><b>C\u00e9l\u00e9brations locales<\/b><\/h3>\n<p><span style=\"font-weight: 400;\">Vous trouverez des <\/span><b>processions religieuses, des foires artisanales et des march\u00e9s m\u00e9di\u00e9vaux<\/b><span style=\"font-weight: 400;\">. Ces festivit\u00e9s locales offrent un aper\u00e7u unique de la culture et des traditions de chaque r\u00e9gion, ajoutant vari\u00e9t\u00e9 et couleur au voyage du p\u00e8lerin.<\/span><\/p>\n<p>&nbsp;<\/p>\n<h2><b>Recommandations pour profiter au maximum de votre chemin en ann\u00e9e jacob\u00e9enne<\/b><\/h2>\n<p><img decoding=\"async\" class=\"alignnone wp-image-105703 size-full\" src=\"https:\/\/www.mundiplus.com\/wp-content\/uploads\/2024\/06\/catedral-santiago-jubileo-scaled-e1718893404961.jpg\" alt=\"\" width=\"1200\" height=\"800\" \/><\/p>\n<p><span style=\"font-weight: 400;\">Il existe diff\u00e9rentes fa\u00e7ons de vivre cette magnifique travers\u00e9e. Vous pouvez ainsi faire le <\/span><a href=\"https:\/\/www.mundiplus.com\/fr\/caminos\/a-pie\/camino-portugues\/camino-de-santiago-desde-tui\"><b>Camino de Santiago depuis Tui et ses \u00e9tapes<\/b><\/a><span style=\"font-weight: 400;\">, ou choisir l&rsquo;itin\u00e9raire qui correspond le mieux \u00e0 vos pr\u00e9f\u00e9rences et besoins. Voici quelques recommandations :<\/span><\/p>\n<ul>\n<li style=\"font-weight: 400;\" aria-level=\"1\"><span style=\"font-weight: 400;\">R\u00e9servez votre h\u00e9bergement et vos services \u00e0 l&rsquo;avance pour vous assurer de<\/span><b> tout avoir en ordre pendant votre voyage<\/b><span style=\"font-weight: 400;\">.<\/span><\/li>\n<li style=\"font-weight: 400;\" aria-level=\"1\"><span style=\"font-weight: 400;\">Bien qu&rsquo;il soit important d&rsquo;avoir un plan, il est \u00e9galement essentiel de <\/span><b>rester ouvert aux surprises<\/b><span style=\"font-weight: 400;\"> et aux rencontres impr\u00e9vues que le Camino a pr\u00e9par\u00e9es pour vous.<\/span><\/li>\n<li style=\"font-weight: 400;\" aria-level=\"1\"><span style=\"font-weight: 400;\">Pour garantir une exp\u00e9rience sans tracas, envisagez de b\u00e9n\u00e9ficier des <\/span><b>conseils de professionnels pour la planification de votre voyage<\/b><span style=\"font-weight: 400;\">. Ils peuvent vous aider \u00e0 concevoir un itin\u00e9raire adapt\u00e9 \u00e0 vos besoins et pr\u00e9f\u00e9rences, vous assurant ainsi une exp\u00e9rience inoubliable sur le Camino.<\/span><\/li>\n<\/ul>\n<p><span style=\"font-weight: 400;\">En effet, la planification d&rsquo;un voyage comme le Camino de Santiago peut \u00eatre un d\u00e9fi, en particulier pendant les ann\u00e9es jacob\u00e9ennes, lorsque la demande pour les services et h\u00e9bergements est plus forte. Avoir l&rsquo;aide d&rsquo;experts en voyages peut faire la diff\u00e9rence entre <\/span><b>une exp\u00e9rience m\u00e9morable et une pleine d&rsquo;impr\u00e9vus<\/b><span style=\"font-weight: 400;\">.<\/span><\/p>\n<p><b>Faire le Camino lors d&rsquo;une ann\u00e9e jacob\u00e9enne<\/b><span style=\"font-weight: 400;\"> est une occasion unique de s&rsquo;immerger dans l&rsquo;essence de ce p\u00e8lerinage mill\u00e9naire et de vivre des moments inoubliables.<\/span><\/p>\n<p><span style=\"font-weight: 400;\">Avec une bonne planification et l&rsquo;aide de professionnels, cette aventure deviendra un voyage inoubliable, riche en sens et en connexion avec l&rsquo;histoire et la tradition du Camino de Santiago. <\/span><b>\u00a1Buen Camino!<\/b><\/p>\n<p><b>Quand sont les prochaines ann\u00e9es jacob\u00e9ennes ?<\/b><span style=\"font-weight: 400;\"> En 2027, 2032, 2038 et 2049.<\/span><\/p>\n","protected":false},"excerpt":{"rendered":"<p>Le Camino de Santiago, l&rsquo;un des p\u00e8lerinages les plus anciens et c\u00e9l\u00e8bres au monde, attire chaque ann\u00e9e des milliers de marcheurs en qu\u00eate d&rsquo;aventure, de spiritualit\u00e9 et de connexion avec l&rsquo;histoire. Cependant, il y a quelque chose de sp\u00e9cial \u00e0 entreprendre ce voyage pendant une ann\u00e9e jacob\u00e9enne, lorsque la f\u00eate de Saint Jacques tombe un [&hellip;]<\/p>\n","protected":false},"author":1,"featured_media":113081,"comment_status":"open","ping_status":"open","sticky":false,"template":"","format":"standard","meta":{"footnotes":""},"categories":[571,575,583],"tags":[],"class_list":["post-113078","post","type-post","status-publish","format-standard","has-post-thumbnail","hentry","category-blog-du-chemin","category-chemin-a-pied","category-histoire"],"_links":{"self":[{"href":"https:\/\/www.mundiplus.com\/fr\/wp-json\/wp\/v2\/posts\/113078","targetHints":{"allow":["GET"]}}],"collection":[{"href":"https:\/\/www.mundiplus.com\/fr\/wp-json\/wp\/v2\/posts"}],"about":[{"href":"https:\/\/www.mundiplus.com\/fr\/wp-json\/wp\/v2\/types\/post"}],"author":[{"embeddable":true,"href":"https:\/\/www.mundiplus.com\/fr\/wp-json\/wp\/v2\/users\/1"}],"replies":[{"embeddable":true,"href":"https:\/\/www.mundiplus.com\/fr\/wp-json\/wp\/v2\/comments?post=113078"}],"version-history":[{"count":0,"href":"https:\/\/www.mundiplus.com\/fr\/wp-json\/wp\/v2\/posts\/113078\/revisions"}],"wp:featuredmedia":[{"embeddable":true,"href":"https:\/\/www.mundiplus.com\/fr\/wp-json\/wp\/v2\/media\/113081"}],"wp:attachment":[{"href":"https:\/\/www.mundiplus.com\/fr\/wp-json\/wp\/v2\/media?parent=113078"}],"wp:term":[{"taxonomy":"category","embeddable":true,"href":"https:\/\/www.mundiplus.com\/fr\/wp-json\/wp\/v2\/categories?post=113078"},{"taxonomy":"post_tag","embeddable":true,"href":"https:\/\/www.mundiplus.com\/fr\/wp-json\/wp\/v2\/tags?post=113078"}],"curies":[{"name":"wp","href":"https:\/\/api.w.org\/{rel}","templated":true}]}}