{"id":113140,"date":"2024-04-12T19:21:01","date_gmt":"2024-04-12T19:21:01","guid":{"rendered":"https:\/\/www.mundiplus.com\/que-voir-a-los-arcos\/"},"modified":"2024-04-12T19:21:01","modified_gmt":"2024-04-12T19:21:01","slug":"que-voir-a-los-arcos","status":"publish","type":"post","link":"https:\/\/www.mundiplus.com\/fr\/blog\/que-voir-dans-los-arcos\/","title":{"rendered":"Que voir \u00e0 Los Arcos"},"content":{"rendered":"<p><span style=\"font-weight: 400;\">La ville historique de Los Arcos, situ\u00e9e strat\u00e9giquement <\/span><b>entre Estella et Viana<\/b><span style=\"font-weight: 400;\"> (Navarre), est un arr\u00eat incontournable sur le c\u00e9l\u00e8bre Chemin de Saint-Jacques. Ce charmant village, travers\u00e9 par la rivi\u00e8re Odr\u00f3n, allie parfaitement histoire, art, folklore et gastronomie.<\/span><\/p>\n<h2><span >Los Arcos et le Chemin de Saint-Jacques<\/span><\/h2>\n<p><b>Los Arcos<\/b><span style=\"font-weight: 400;\">, \u00e0 l&rsquo;instar d&rsquo;autres localit\u00e9s comme Puente La Reina, Estella et Viana, a connu un d\u00e9veloppement notable gr\u00e2ce aux <\/span><b>p\u00e8lerinages \u00e0 Saint-Jacques-de-Compostelle<\/b><span style=\"font-weight: 400;\">. Pendant le Moyen \u00c2ge, ce village-chemin accueillait les p\u00e8lerins, g\u00e9n\u00e9rant un commerce florissant et un <\/span><b>\u00e9change culturel<\/b><span style=\"font-weight: 400;\">, surtout influenc\u00e9 par l&rsquo;arriv\u00e9e de visiteurs venus de France.<\/span><\/p>\n<p><span style=\"font-weight: 400;\">Aujourd&rsquo;hui, Los Arcos se distingue comme un jalon et une \u00e9tape finale de l&rsquo;une des <a href=\"https:\/\/www.mundiplus.com\/fr\/caminos\/a-pie\/camino-frances\">\u00e9tapes du Chemin de Saint-Jacques Fran\u00e7ais<\/a>. H\u00e9ritage <\/span><span style=\"font-weight: 400;\">d&rsquo;anciennes auberges, d&rsquo;h\u00f4pitaux pour p\u00e8lerins et de maisons de commer\u00e7ants qui refl\u00e8tent encore la riche histoire de la r\u00e9gion, tout p\u00e8lerin empruntant le <\/span><span style=\"text-decoration: underline;\"><strong><a href=\"https:\/\/www.mundiplus.com\/fr\/caminos\/a-pie\/camino-frances\/camino-de-santiago-desde-sarria\">chemin de Sarria \u00e0 Saint-Jacques-de-Compostelle organis\u00e9<\/a><\/strong><\/span><span style=\"font-weight: 400;\"> passera par cette ville et en sera \u00e9merveill\u00e9.<\/span><\/p>\n<p><img fetchpriority=\"high\" decoding=\"async\" class=\"size-full wp-image-30371 aligncenter\" src=\"https:\/\/www.mundiplus.com\/wp-content\/uploads\/2024\/04\/Los-Arcos-calle.jpg\" alt=\"Petite rue \u00e0 Los Arcos\" width=\"1000\" height=\"667\" \/><\/p>\n<h2><span ><b>H\u00e9bergement pour P\u00e8lerins<\/b><\/span><\/h2>\n<p><span style=\"font-weight: 400;\">Les p\u00e8lerins qui choisissent Los Arcos comme point de repos trouveront diverses options d&rsquo;h\u00e9bergement. Parmi les meilleures options, on trouve des lieux comme <\/span><b>l&rsquo;Auberge de P\u00e8lerins Isaac Santiago<\/b><span style=\"font-weight: 400;\">, avec 70 places disponibles \u00e0 un tarif de 8\u20ac d&rsquo;avril \u00e0 octobre, et <\/span><b>La Casa de la Abuela<\/b><span style=\"font-weight: 400;\">, qui propose 20 lits superpos\u00e9s et 4 chambres, avec des prix variant entre 15\u20ac et 48\u20ac de mars \u00e0 octobre.<\/span><\/p>\n<h2><span >Autres Routes Jacquaires<\/span><\/h2>\n<p>Peut-\u00eatre serez-vous \u00e9galement int\u00e9ress\u00e9 par d&rsquo;autres routes de p\u00e8lerinage vers Compostelle, comme le <a href=\"https:\/\/www.mundiplus.com\/fr\/caminos\/a-pie\/camino-norte\">Chemin du Nord<\/a>, qui longe la c\u00f4te cantabrique sur environ 35 \u00e9tapes. Il est l&rsquo;un des plus exigeants et n&rsquo;est pas le plus recommand\u00e9 pour l&rsquo;hiver, car le climat y est souvent tr\u00e8s hostile.<\/p>\n<p>Sur la c\u00f4te atlantique, le <a href=\"https:\/\/www.mundiplus.com\/fr\/caminos\/a-pie\/camino-portugues\">Chemin Portugais<\/a>, qui part de Porto et passe par Viana do Castelo et Vigo, se fait en environ deux semaines. De nombreux p\u00e8lerins qui choisissent cette route commencent \u00e0 Viana do Castelo, la rendant ainsi environ 75 km plus courte.<\/p>\n<p>Enfin, le <a href=\"https:\/\/www.mundiplus.com\/fr\/caminos\/a-pie\/camino-portugues\/camino-de-santiago-desde-tui\">Chemin Portugais depuis Tui en 5 \u00e9tapes<\/a>, qui bien qu&rsquo;il d\u00e9bute \u00e0 Lisbonne, est souvent emprunt\u00e9 depuis la ville fronti\u00e8re de Tui (Pontevedra), en environ 8 jours.<\/p>\n<h2><span ><b>Comment se rendre \u00e0 Los Arcos<\/b><\/span><\/h2>\n<p><span style=\"font-weight: 400;\">Lors de la planification du voyage, il est conseill\u00e9 de prendre en compte l&rsquo;option qui correspond le mieux aux pr\u00e9f\u00e9rences et besoins individuels, qu&rsquo;il s&rsquo;agisse de la flexibilit\u00e9 de la voiture ou du confort des transports publics.<\/span><\/p>\n<h3><b>En Voiture<\/b><\/h3>\n<p><span style=\"font-weight: 400;\">Los Arcos est strat\u00e9giquement<\/span><b> situ\u00e9 sur l&rsquo;Autoroute A-12<\/b><span style=\"font-weight: 400;\">, connue sous le nom d&rsquo;Autoroute du Chemin, qui relie Pampelune \u00e0 Logro\u00f1o. Cette voie permet un acc\u00e8s direct et pratique \u00e0 la localit\u00e9 depuis les deux villes, offrant aux voyageurs une route efficace pour atteindre Los Arcos.<\/span><\/p>\n<p><span style=\"font-weight: 400;\">En plus de l&rsquo;Autoroute A-12,<\/span><b> Los Arcos est travers\u00e9 par la route NA-1110<\/b><span style=\"font-weight: 400;\">, qui auparavant \u00e9tait la nationale et relie le village \u00e0 d&rsquo;autres localit\u00e9s voisines telles que Viana, Torres del R\u00edo et Sansol. Cet itin\u00e9raire pittoresque permet d&rsquo;explorer la beaut\u00e9 de l&rsquo;environnement pendant le trajet.<\/span><\/p>\n<h3><b>En Bus<\/b><\/h3>\n<p><span style=\"font-weight: 400;\">Los Arcos dispose de services de bus qui relient la localit\u00e9 \u00e0 d&rsquo;autres villes voisines, offrant une option de transport public pour ceux qui pr\u00e9f\u00e8rent ne pas utiliser de v\u00e9hicules priv\u00e9s. <\/span><b>Il existe des lignes quotidiennes reliant Logro\u00f1o \u00e0 Pampelune<\/b><span style=\"font-weight: 400;\">, offrant aux voyageurs une certaine flexibilit\u00e9 dans leurs horaires d&rsquo;arriv\u00e9e et de d\u00e9part.<\/span><\/p>\n<p><span style=\"font-weight: 400;\">Pour obtenir des informations actualis\u00e9es sur les horaires et les itin\u00e9raires, il est conseill\u00e9 de faire appel \u00e0 un professionnel et, bien s\u00fbr, de planifier votre voyage suffisamment \u00e0 l&rsquo;avance. Il existe des <\/span><span style=\"text-decoration: underline;\"><strong><a href=\"https:\/\/www.mundiplus.com\/fr\/\">entreprises sp\u00e9cialis\u00e9es dans l&rsquo;organisation du Chemin de Saint-Jacques<\/a><\/strong><\/span><span style=\"font-weight: 400;\"> qui offrent leurs services aux p\u00e8lerins d\u00e8s la planification du voyage.<\/span><\/p>\n<h2><span ><b>Sites \u00e0 ne pas manquer \u00e0 Los Arcos<\/b><span style=\"font-weight: 400;\">\u00a0<\/span><\/span><\/h2>\n<p><span style=\"font-weight: 400;\">Voici quelques-uns des lieux \u00e0 ne pas manquer lors de votre passage \u00e0 Los Arcos.<\/span><\/p>\n<p><img decoding=\"async\" class=\"size-full wp-image-30373 aligncenter\" src=\"https:\/\/www.mundiplus.com\/wp-content\/uploads\/2024\/04\/Los-Arcos-Iglesia-de-Santa-Maria-y-rio-Odron.jpg\" alt=\"\u00c9glise de Santa Mar\u00eda \u00e0 Los Arcos\" width=\"1000\" height=\"667\" \/><\/p>\n<h3><b>Basilique de Santa Mar\u00eda<\/b><\/h3>\n<p><span style=\"font-weight: 400;\">La Basilique de Santa Mar\u00eda de Los Arcos, <\/span><b>le plus ancien temple religieux de Navarre<\/b><span style=\"font-weight: 400;\">, est un <\/span><b>tr\u00e9sor architectural pal\u00e9ochr\u00e9tien<\/b><span style=\"font-weight: 400;\"> qui combine des \u00e9l\u00e9ments romains, pal\u00e9ochr\u00e9tiens et m\u00e9di\u00e9vaux. Son histoire remonte au <\/span><b>IIIe si\u00e8cle<\/b><span style=\"font-weight: 400;\">, lorsqu&rsquo;il s&rsquo;agissait d&rsquo;un mausol\u00e9e romain qui a ensuite \u00e9t\u00e9 transform\u00e9 en basilique chr\u00e9tienne au <\/span><b>Ve si\u00e8cle<\/b><span style=\"font-weight: 400;\">. Pour tout p\u00e8lerin empruntant la <\/span><span style=\"text-decoration: underline;\"><strong><a href=\"https:\/\/www.mundiplus.com\/fr\/caminos\/a-pie\/camino-frances\">Route Fran\u00e7aise du Chemin de Saint-Jacques<\/a><\/strong><\/span><span style=\"font-weight: 400;\">, c&rsquo;est ind\u00e9niablement un site incontournable.<\/span><\/p>\n<h3><b>Portes des Remparts<\/b><\/h3>\n<p><span style=\"font-weight: 400;\">Les anciennes murailles m\u00e9di\u00e9vales de Los Arcos, aujourd&rsquo;hui int\u00e9gr\u00e9es dans l&rsquo;urbanisme, poss\u00e8dent des portes imposantes. Le <\/span><b>Portail du Tabac<\/b><span style=\"font-weight: 400;\">, avec son grand arc en pierre, et le <\/span><b>Portail de Castilla<\/b><span style=\"font-weight: 400;\">, pr\u00e8s de la rivi\u00e8re et de la Tour Paroissiale, sont des t\u00e9moignages visibles de la richesse historique du lieu.<\/span><\/p>\n<h3><b>Place de Santa Mar\u00eda<\/b><\/h3>\n<p><span style=\"font-weight: 400;\">D&rsquo;autre part, la <\/span><b>Place de Santa Mar\u00eda<\/b><span style=\"font-weight: 400;\">, accessible depuis le Portail de Castilla, est le c\u0153ur du village. Elle est entour\u00e9e de <\/span><b>b\u00e2timents du XVIIe si\u00e8cle<\/b><span style=\"font-weight: 400;\"> et domin\u00e9e par le portique de l&rsquo;\u00e9glise paroissiale. C&rsquo;est un endroit pittoresque qui invite \u00e0 s&rsquo;immerger dans l&rsquo;atmosph\u00e8re historique de la localit\u00e9.<\/span><\/p>\n<h3><b>La Glaci\u00e8re de Los Arcos<\/b><\/h3>\n<p><span style=\"font-weight: 400;\">Une attraction particuli\u00e8re est <\/span><b>la Glaci\u00e8re de Los Arcos<\/b><span style=\"font-weight: 400;\">, construite en 1720 par la Confr\u00e9rie des \u00c2mes B\u00e9atifi\u00e9es du Purgatoire. Cette structure originale, consid\u00e9r\u00e9e comme l&rsquo;une des premi\u00e8res glaci\u00e8res de l&rsquo;histoire, \u00e9tait utilis\u00e9e pour <\/span><b>conserver la neige en hiver et la vendre en mars<\/b><span style=\"font-weight: 400;\">, un t\u00e9moignage curieux des pratiques de l&rsquo;\u00e9poque.<\/span><\/p>\n<h3><b>Maison de la Culture Thyssen-Bornemisza<\/b><\/h3>\n<p><span style=\"font-weight: 400;\">La Maison de la Culture Thyssen-Bornemisza, inaugur\u00e9e en 2000 en l&rsquo;honneur de Carmen Thyssen-Bornemisza, est un espace qui enrichit<\/span> <span style=\"font-weight: 400;\">l&rsquo;<\/span><b>offre culturelle de Los Arcos<\/b><span style=\"font-weight: 400;\">. Sa connexion avec l&rsquo;histoire locale ajoute une touche sp\u00e9ciale \u00e0 ce centre culturel.<\/span><\/p>\n<p><img decoding=\"async\" class=\"size-full wp-image-30372 aligncenter\" src=\"https:\/\/www.mundiplus.com\/wp-content\/uploads\/2024\/04\/Los-Arcos-Casa-de-Cultura.jpg\" alt=\"Maison de la Culture Los Arcos\" width=\"1000\" height=\"667\" \/><\/p>\n<h3><b>H\u00f4tel de Ville<\/b><\/h3>\n<p><span style=\"font-weight: 400;\">L&rsquo;H\u00f4tel de Ville, <\/span><b>construit en 1764<\/b><span style=\"font-weight: 400;\">, montre l&rsquo;\u00e9l\u00e9gance propre aux <\/span><b>constructions baroques<\/b><span style=\"font-weight: 400;\">. Il se distingue par ses d\u00e9tails ornementaux,<\/span> <span style=\"font-weight: 400;\">comme la fa\u00e7ade avec <\/span><b>des ferronneries et des armoiries d\u00e9cor\u00e9es<\/b><span style=\"font-weight: 400;\">.<\/span><\/p>\n<h2><span ><b>Participer \u00e0 des \u00e9v\u00e9nements locaux \u00e0 Los Arcos<\/b><\/span><\/h2>\n<p><span style=\"font-weight: 400;\">D&rsquo;autre part, la visite peut co\u00efncider avec les <\/span><b>festivit\u00e9s locales<\/b><span style=\"font-weight: 400;\">. Par exemple, les c\u00e9l\u00e9brations en l&rsquo;honneur de Notre-Dame de l&rsquo;Assomption et de Saint-Roch<\/span> <span style=\"font-weight: 400;\">en ao\u00fbt, la Foire du Chemin de Saint-Jacques ou la Romer\u00eda \u00e0 San Blas en f\u00e9vrier. S&rsquo;immerger dans l&rsquo;une de ces traditions ajoutera une touche sp\u00e9ciale \u00e0 l&rsquo;exp\u00e9rience.<\/span><\/p>\n<h2><span ><b>Conseils et Astuces pour les p\u00e8lerins visitant Los Arcos<\/b><\/span><\/h2>\n<p><span style=\"font-weight: 400;\">Planifier votre visite pendant les f\u00eates locales peut offrir une exp\u00e9rience culturelle unique. Cependant, pour \u00e9viter les foules, il est recommand\u00e9 de choisir des dates en dehors des \u00e9v\u00e9nements principaux. Prenez en compte ces conseils sur votre <\/span><span style=\"text-decoration: underline;\"><strong><a href=\"https:\/\/www.mundiplus.com\/fr\/caminos\/a-pie\/camino-frances\">carte du Chemin de Saint-Jacques Fran\u00e7ais<\/a><\/strong><\/span><span style=\"font-weight: 400;\"> pour vous assurer de ne rien oublier.<\/span><\/p>\n<h3><b>R\u00e9servations d&rsquo;h\u00e9bergement<\/b><\/h3>\n<p><span style=\"font-weight: 400;\">En raison de la popularit\u00e9 de Los Arcos en tant qu&rsquo;\u00e9tape sur le Chemin de Saint-Jacques, surtout pendant la haute saison, il est conseill\u00e9 de <\/span><b>r\u00e9server votre h\u00e9bergement \u00e0 l&rsquo;avance<\/b><span style=\"font-weight: 400;\">. Ainsi, vous vous assurez un endroit confortable pour vous reposer.<\/span><\/p>\n<h3><b>Exploration d\u00e9taill\u00e9e : Prenez votre temps !<\/b><\/h3>\n<p><span style=\"font-weight: 400;\">Explorer chaque coin de Los Arcos r\u00e9v\u00e9lera des d\u00e9tails architecturaux, historiques et culturels surprenants. Prendre le temps d&rsquo;explorer en profondeur la Place de Santa Mar\u00eda, de parcourir la Calle Mayor et de visiter chaque ermite ajoutera de la valeur \u00e0 votre exp\u00e9rience.<\/span><\/p>\n<h3><b>Gastronomie locale<\/b><\/h3>\n<p><span style=\"font-weight: 400;\">Ne manquez pas l&rsquo;occasion de <\/span><b>go\u00fbter \u00e0 la gastronomie locale<\/b><span style=\"font-weight: 400;\">. Los Arcos offre une vari\u00e9t\u00e9 d&rsquo;options culinaires qui refl\u00e8tent la riche tradition gastronomique de la r\u00e9gion.<\/span> <span style=\"font-weight: 400;\">Profitez-en pour d\u00e9guster des plats authentiques et d\u00e9couvrir des saveurs uniques.<\/span><span style=\"font-weight: 400;\"><br \/>\n<\/span><\/p>\n<p><span style=\"font-weight: 400;\">Si vous souhaitez vivre cette aventure pleinement, n&rsquo;oubliez pas de planifier votre voyage avec une assistance professionnelle comme celle que nous vous proposons chez <\/span><b>Mundiplus<\/b><span style=\"font-weight: 400;\">.<\/span><\/p>\n","protected":false},"excerpt":{"rendered":"<p>La ville historique de Los Arcos, situ\u00e9e strat\u00e9giquement entre Estella et Viana (Navarre), est un arr\u00eat incontournable sur le c\u00e9l\u00e8bre Chemin de Saint-Jacques. Ce charmant village, travers\u00e9 par la rivi\u00e8re Odr\u00f3n, allie parfaitement histoire, art, folklore et gastronomie. Los Arcos et le Chemin de Saint-Jacques Los Arcos, \u00e0 l&rsquo;instar d&rsquo;autres localit\u00e9s comme Puente La Reina, [&hellip;]<\/p>\n","protected":false},"author":1,"featured_media":95756,"comment_status":"open","ping_status":"open","sticky":false,"template":"","format":"standard","meta":{"footnotes":""},"categories":[571,599],"tags":[],"class_list":["post-113140","post","type-post","status-publish","format-standard","has-post-thumbnail","hentry","category-blog-du-chemin","category-villages-et-regions"],"_links":{"self":[{"href":"https:\/\/www.mundiplus.com\/fr\/wp-json\/wp\/v2\/posts\/113140","targetHints":{"allow":["GET"]}}],"collection":[{"href":"https:\/\/www.mundiplus.com\/fr\/wp-json\/wp\/v2\/posts"}],"about":[{"href":"https:\/\/www.mundiplus.com\/fr\/wp-json\/wp\/v2\/types\/post"}],"author":[{"embeddable":true,"href":"https:\/\/www.mundiplus.com\/fr\/wp-json\/wp\/v2\/users\/1"}],"replies":[{"embeddable":true,"href":"https:\/\/www.mundiplus.com\/fr\/wp-json\/wp\/v2\/comments?post=113140"}],"version-history":[{"count":0,"href":"https:\/\/www.mundiplus.com\/fr\/wp-json\/wp\/v2\/posts\/113140\/revisions"}],"wp:featuredmedia":[{"embeddable":true,"href":"https:\/\/www.mundiplus.com\/fr\/wp-json\/wp\/v2\/media\/95756"}],"wp:attachment":[{"href":"https:\/\/www.mundiplus.com\/fr\/wp-json\/wp\/v2\/media?parent=113140"}],"wp:term":[{"taxonomy":"category","embeddable":true,"href":"https:\/\/www.mundiplus.com\/fr\/wp-json\/wp\/v2\/categories?post=113140"},{"taxonomy":"post_tag","embeddable":true,"href":"https:\/\/www.mundiplus.com\/fr\/wp-json\/wp\/v2\/tags?post=113140"}],"curies":[{"name":"wp","href":"https:\/\/api.w.org\/{rel}","templated":true}]}}