{"id":113216,"date":"2024-02-14T17:12:01","date_gmt":"2024-02-14T17:12:01","guid":{"rendered":"https:\/\/www.mundiplus.com\/que-voir-a-fromista\/"},"modified":"2024-11-13T18:36:47","modified_gmt":"2024-11-13T18:36:47","slug":"que-voir-a-fromista","status":"publish","type":"post","link":"https:\/\/www.mundiplus.com\/fr\/blog\/que-voir-a-fromista\/","title":{"rendered":"Que voir \u00e0 Fr\u00f3mista"},"content":{"rendered":"<p><span style=\"font-weight: 400;\">Le paisible village de <\/span><b>Fr\u00f3mista<\/b><span style=\"font-weight: 400;\">, situ\u00e9 dans la province de Palencia, est un carrefour qui a laiss\u00e9 une empreinte ind\u00e9l\u00e9bile dans le paysage rural castillan.<\/span><\/p>\n<p><span style=\"font-weight: 400;\">Entour\u00e9e par <\/span><b>les routes religieuses du Chemin Fran\u00e7ais et du Chemin Lebaniego Castillan<\/b><span style=\"font-weight: 400;\">, ainsi que par la pr\u00e9sence imposante du Canal de Castille, Fr\u00f3mista offre aux visiteurs une exp\u00e9rience unique.\u00a0<\/span><\/p>\n<p><span style=\"font-weight: 400;\">Restez avec nous et nous vous d\u00e9crirons les principaux points d&rsquo;int\u00e9r\u00eat de cette localit\u00e9.<\/span><\/p>\n<h2><b>Histoire de Fr\u00f3mista<\/b><\/h2>\n<p><span style=\"font-weight: 400;\">L&rsquo;histoire de Fr\u00f3mista se divise en <\/span><b>deux moments cl\u00e9s<\/b><span style=\"font-weight: 400;\"> qui ont influenc\u00e9 son d\u00e9veloppement.<\/span><\/p>\n<ul>\n<li style=\"font-weight: 400;\" aria-level=\"1\"><span style=\"font-weight: 400;\">Au <\/span><b>Moyen \u00c2ge<\/b><span style=\"font-weight: 400;\">, la renaissance du territoire et les <\/span><a href=\"https:\/\/www.mundiplus.com\/fr\/blog\/historia-del-camino-de-santiago\"><span style=\"font-weight: 400;\">p\u00e8lerinages vers Saint-Jacques-de-Compostelle<\/span><\/a><span style=\"font-weight: 400;\"> ont fait de Fr\u00f3mista une \u00e9tape essentielle sur le Chemin de Compostelle.\u00a0<\/span><\/li>\n<li style=\"font-weight: 400;\" aria-level=\"1\"><span style=\"font-weight: 400;\">Plus tard, <\/span><b>durant l&rsquo;apog\u00e9e du Canal de Castille au XVIIIe si\u00e8cle<\/b><span style=\"font-weight: 400;\">, la localit\u00e9 a connu une revitalisation \u00e9conomique gr\u00e2ce \u00e0 la diversification de l&rsquo;agriculture et au d\u00e9veloppement du commerce.<\/span><\/li>\n<\/ul>\n<h2><b>Connexions et comment arriver \u00e0 Fr\u00f3mista<\/b><\/h2>\n<p><span style=\"font-weight: 400;\">Fr\u00f3mista, situ\u00e9e \u00e0 environ <\/span><b>30 kilom\u00e8tres au nord de la capitale de Palencia<\/b><span style=\"font-weight: 400;\">, reste un carrefour bien desservi.<\/span><\/p>\n<h3><b>En voiture<\/b><\/h3>\n<p><span style=\"font-weight: 400;\">L&rsquo;autoroute A-67, qui relie la Cantabrie \u00e0 la plaine castillane, facilite l&rsquo;acc\u00e8s en voiture \u00e0 Fr\u00f3mista. De plus, les routes d\u00e9partementales permettent d&rsquo;acc\u00e9der \u00e0 partir de villages voisins d&rsquo;int\u00e9r\u00eat, comme <\/span><strong>Carri\u00f3n de los Condes<\/strong><span style=\"font-weight: 400;\">.<\/span><\/p>\n<h3><b>En bus et en train<\/b><\/h3>\n<p><span style=\"font-weight: 400;\">Pour ceux qui d\u00e9pendent des transports publics, Fr\u00f3mista dispose d&rsquo;une <\/span><b>station de train qui relie plusieurs villes<\/b><span style=\"font-weight: 400;\">. De plus, des services de bus depuis Palencia et <\/span><strong>Burgos<\/strong><span style=\"font-weight: 400;\"> offrent des options suppl\u00e9mentaires pour se rendre dans la localit\u00e9.<\/span><\/p>\n<p><img fetchpriority=\"high\" decoding=\"async\" class=\"size-full wp-image-30413 aligncenter\" src=\"https:\/\/www.mundiplus.com\/wp-content\/uploads\/2024\/04\/Fromista-plaza.jpg\" alt=\"Plaza San Mart\u00edn en Fr\u00f3mista\" width=\"1000\" height=\"667\" \/><\/p>\n<h2><b>Lieux \u00e0 ne pas manquer \u00e0 Fr\u00f3mista<\/b><\/h2>\n<p><span style=\"font-weight: 400;\">Voici quelques-unes des meilleures options que vous pouvez envisager lors de votre promenade.\u00a0<\/span><\/p>\n<h3><b>\u00c9glise de Saint-Martin de Tours<\/b><\/h3>\n<p><span style=\"font-weight: 400;\">Le monument le plus embl\u00e9matique de Fr\u00f3mista est l&rsquo;<\/span><b>\u00e9glise de Saint-Martin de Tours<\/b><span style=\"font-weight: 400;\">. Consid\u00e9r\u00e9e comme un <\/span><b>joyau du roman castillan<\/b><span style=\"font-weight: 400;\">, cette \u00e9glise, <\/span><b>entam\u00e9e au XIe si\u00e8cle sur ordre de Do\u00f1a Mayor de Castille<\/b><span style=\"font-weight: 400;\">, a subi des transformations au fil du temps.\u00a0<\/span><\/p>\n<p><span style=\"font-weight: 400;\">Bien qu&rsquo;elle ait \u00e9t\u00e9 en ruine au XIXe si\u00e8cle, sa d\u00e9claration en tant que Monument National a permis sa restauration, r\u00e9v\u00e9lant des d\u00e9tails architecturaux tels que des chapiteaux et des modillons.<\/span><\/p>\n<h3><b>Les lettres de Fr\u00f3mista<\/b><\/h3>\n<p><span style=\"font-weight: 400;\">Sur la Plaza de San Mart\u00edn, \u00e0 c\u00f4t\u00e9 de l&rsquo;\u00e9glise homonyme, se trouvent les lettres de Fr\u00f3mista, <\/span><b>un endroit id\u00e9al pour capturer des souvenirs<\/b><span style=\"font-weight: 400;\">. On y trouve \u00e9galement le <\/span><b>logo du Patrimoine Mondial de l&rsquo;UNESCO<\/b><span style=\"font-weight: 400;\">, d\u00e9cern\u00e9 au Chemin Fran\u00e7ais en 1993 et \u00e0 tous les Chemins de Saint-Jacques en 2015.<\/span><\/p>\n<h3><b>Vestigia &#8211; Le miracle du Chemin<\/b><\/h3>\n<p><span style=\"font-weight: 400;\">L&rsquo;\u00e9glise de Sainte-Marie du Ch\u00e2teau abrite \u00ab\u00a0<\/span><b>Vestigia, le miracle du Chemin<\/b><span style=\"font-weight: 400;\">\u00ab\u00a0, une exposition d\u00e9di\u00e9e au Chemin de Saint-Jacques. \u00c0 travers des images, de la lumi\u00e8re et du son, <\/span><b>l&rsquo;exposition raconte les l\u00e9gendes de la Route Jacobea<\/b><span style=\"font-weight: 400;\">, immergeant les visiteurs dans l&rsquo;histoire qui entoure le Chemin.<\/span><\/p>\n<h3><b>\u00c9glise de Saint-Pierre<\/b><\/h3>\n<p><span style=\"font-weight: 400;\">Une autre \u00e9tape essentielle est l&rsquo;<\/span><b>\u00e9glise de Saint-Pierre<\/b><span style=\"font-weight: 400;\">, l&rsquo;\u00e9glise paroissiale actuelle, <\/span><b>construite au XVe si\u00e8cle<\/b><span style=\"font-weight: 400;\">. \u00c0 l&rsquo;int\u00e9rieur, elle abrite le <\/span><b>Mus\u00e9e d&rsquo;Art Sacr\u00e9<\/b><span style=\"font-weight: 400;\">, qui pr\u00e9sente des panneaux hispano-flamands et d&rsquo;autres pi\u00e8ces d&rsquo;int\u00e9r\u00eat artistique.<\/span><\/p>\n<h3><b>Canal de Castille<\/b><\/h3>\n<p><span style=\"font-weight: 400;\">On ne peut pas quitter Fr\u00f3mista sans explorer les rives du <\/span><b>Canal de Castille<\/b><span style=\"font-weight: 400;\">, une \u0153uvre d&rsquo;ing\u00e9nierie remarquable du <\/span><b>XVIIIe si\u00e8cle<\/b><span style=\"font-weight: 400;\">. Bien qu&rsquo;il ne soit pas termin\u00e9, le canal reste un \u00e9l\u00e9ment distinctif du paysage. On y trouve une \u00e9cluse quadruple, <\/span><b>unique en son genre sur le canal<\/b><span style=\"font-weight: 400;\">.<\/span><\/p>\n<p><img decoding=\"async\" class=\"size-full wp-image-30414 aligncenter\" src=\"https:\/\/www.mundiplus.com\/wp-content\/uploads\/2024\/04\/Fromista-canal-de-castilla.jpg\" alt=\"Canal de Castilla en Fr\u00f3mista\" width=\"1000\" height=\"668\" \/><\/p>\n<h2><b>Sentiers de p\u00e8lerinage et routes religieuses \u00e0 Fr\u00f3mista<\/b><\/h2>\n<p><span style=\"font-weight: 400;\">Cette ville est un point cl\u00e9 du chemin jacob\u00e9en et d&rsquo;autres p\u00e8lerinages. Si vous d\u00e9cidez de parcourir le trajet de mani\u00e8re organis\u00e9e \u00e0 travers l&rsquo;une des <\/span><a href=\"https:\/\/www.mundiplus.com\/fr\/\"><span style=\"font-weight: 400;\">entreprises de voyages pour le Chemin de Saint-Jacques<\/span><\/a><span style=\"font-weight: 400;\">, ce serait une sage d\u00e9cision, surtout si c&rsquo;est votre premi\u00e8re fois.<\/span><\/p>\n<p><span style=\"font-weight: 400;\">Si vous voulez des informations d\u00e9taill\u00e9es sur les routes et comment planifier votre voyage, <\/span><b>MundiPlus<\/b><span style=\"font-weight: 400;\"> vous offre une assistance personnalis\u00e9e et tout ce que vous devez savoir pour vivre votre exp\u00e9rience au maximum.<\/span><\/p>\n<h3><b>Chemin Lebaniego Castillan<\/b><\/h3>\n<p><span style=\"font-weight: 400;\">Moins connu mais tout aussi fascinant, le Chemin Lebaniego Castillan relie Fr\u00f3mista au Monast\u00e8re de Li\u00e9bana en Cantabrie. Ce chemin de p\u00e8lerinage, <\/span><b>avec 500 ans d&rsquo;histoire<\/b><span style=\"font-weight: 400;\">, se termine \u00e0 Fr\u00f3mista comme la deuxi\u00e8me \u00e9tape d\u00e9butant \u00e0 Amayuelas de Abajo.<\/span><\/p>\n<h3><b>Chemin de Saint-Jacques Fran\u00e7ais<\/b><\/h3>\n<p><span style=\"font-weight: 400;\">La localit\u00e9 fait partie int\u00e9grante du <\/span><a href=\"https:\/\/www.mundiplus.com\/fr\/caminos\/a-pie\/camino-frances\"><span style=\"font-weight: 400;\">Chemin Fran\u00e7ais vers Santiago<\/span><\/a><span style=\"font-weight: 400;\">, et <\/span><b>attire des p\u00e8lerins du monde entier<\/b><span style=\"font-weight: 400;\">. Sa situation strat\u00e9gique fait de Fr\u00f3mista la fin de l&rsquo;\u00e9tape qui commence \u00e0 <\/span><strong>Castrojeriz<\/strong><span style=\"font-weight: 400;\">, permettant aux p\u00e8lerins de s&rsquo;immerger dans la riche histoire et les paysages agricoles.<\/span><\/p>\n<h3><b>Vers Santiago par diff\u00e9rentes routes<\/b><\/h3>\n<p><span style=\"font-weight: 400;\">En plus du Chemin Fran\u00e7ais, riche en histoire et en traditions, vous pourriez \u00eatre int\u00e9ress\u00e9 par les trois autres qui sont pr\u00e9f\u00e9r\u00e9s par de nombreux p\u00e8lerins espagnols et d&rsquo;autres pays \u00e0 la recherche d&rsquo;aventure et de spiritualit\u00e9 : <\/span><\/p>\n<ul>\n<li style=\"font-weight: 400;\" aria-level=\"1\"><span style=\"font-weight: 400;\">Le<\/span> <a href=\"https:\/\/www.mundiplus.com\/fr\/caminos\/a-pie\/camino-portugues-costa\"><span style=\"font-weight: 400;\">Chemin Portugais de la C\u00f4te<\/span><\/a><span style=\"font-weight: 400;\">, depuis Porto (Portugal), en passant par Viana do Castelo et Vigo.<\/span><\/li>\n<li style=\"font-weight: 400;\" aria-level=\"1\"><span style=\"font-weight: 400;\">Le<\/span><a href=\"https:\/\/www.mundiplus.com\/fr\/caminos\/a-pie\/camino-portugues\/camino-de-santiago-desde-tui\"> <span style=\"font-weight: 400;\">Chemin Portugais de Tui<\/span><\/a><span style=\"font-weight: 400;\">, que vous pouvez parcourir en environ 8 jours.<\/span><\/li>\n<li style=\"font-weight: 400;\" aria-level=\"1\"><span style=\"font-weight: 400;\">Le<\/span><a href=\"https:\/\/www.mundiplus.com\/fr\/caminos\/a-pie\/camino-norte\"> <span style=\"font-weight: 400;\">Chemin du Nord<\/span><\/a><span style=\"font-weight: 400;\">, qui longe la c\u00f4te cantabrique d&rsquo;est en ouest.<\/span><\/li>\n<\/ul>\n<h2><b>H\u00e9bergement \u00e0 Fr\u00f3mista<\/b><\/h2>\n<p><span style=\"font-weight: 400;\">Mais revenons maintenant \u00e0 la ville de Palencia qui nous occupe. Que ce soit pour une escapade ou pour ceux qui effectuent des routes de p\u00e8lerinage, Fr\u00f3mista offre diverses options d&rsquo;h\u00e9bergement, allant des h\u00f4tels aux auberges. L&rsquo;<\/span><b>Auberge Luz de Fr\u00f3mista<\/b><span style=\"font-weight: 400;\">, situ\u00e9e sur l&rsquo;avenue principale, est particuli\u00e8rement populaire aupr\u00e8s des p\u00e8lerins, offrant les commodit\u00e9s n\u00e9cessaires pour les marcheurs.<\/span><\/p>\n<p><img decoding=\"async\" class=\"size-full wp-image-30412 aligncenter\" src=\"https:\/\/www.mundiplus.com\/wp-content\/uploads\/2024\/04\/Fromista-peregrino.jpg\" alt=\"P\u00e8lerin \u00e0 Fr\u00f3mista\" width=\"1000\" height=\"667\" \/><\/p>\n<h2><b>Une destination incontournable \u00e0 Palencia<\/b><\/h2>\n<p><span style=\"font-weight: 400;\">Avec sa riche histoire, ses monuments remarquables et son r\u00f4le vital dans les routes religieuses, Fr\u00f3mista est indiscutablement une destination incontournable dans la province de Palencia.\u00a0<\/span><\/p>\n<p><span style=\"font-weight: 400;\">Que ce soit en explorant l&rsquo;<\/span><a href=\"https:\/\/www.mundiplus.com\/fr\/blog\/romanico-en-el-camino-frances\"><span style=\"font-weight: 400;\">architecture romane<\/span><\/a><span style=\"font-weight: 400;\">, en suivant les pas des p\u00e8lerins<\/span> <span style=\"font-weight: 400;\">ou en profitant du paysage du Canal de Castille, elle offre une <\/span><b>exp\u00e9rience unique<\/b><span style=\"font-weight: 400;\"> qui invite \u00e0 s&rsquo;immerger dans le pass\u00e9 et le pr\u00e9sent.<\/span><\/p>\n<p><span style=\"font-weight: 400;\">Contactez-nous d\u00e8s maintenant pour planifier votre voyage \u00e0 Santiago en passant par Fr\u00f3mista et vivre l&rsquo;exp\u00e9rience pleinement. M\u00eame si vous ne souhaitez pas ou ne pouvez pas commencer votre voyage depuis la province de Palencia, vous avez une option bien plus courte en partant de Lugo pour faire le <\/span><a href=\"https:\/\/www.mundiplus.com\/fr\/caminos\/a-pie\/camino-frances\/camino-de-santiago-desde-sarria\"><span style=\"font-weight: 400;\">Chemin de Saint-Jacques depuis Sarria<\/span><\/a><span style=\"font-weight: 400;\">, une exp\u00e9rience qui allie aventure p\u00e9destre et spiritualit\u00e9.<\/span><\/p>\n","protected":false},"excerpt":{"rendered":"<p>Le paisible village de Fr\u00f3mista, situ\u00e9 dans la province de Palencia, est un carrefour qui a laiss\u00e9 une empreinte ind\u00e9l\u00e9bile dans le paysage rural castillan. Entour\u00e9e par les routes religieuses du Chemin Fran\u00e7ais et du Chemin Lebaniego Castillan, ainsi que par la pr\u00e9sence imposante du Canal de Castille, Fr\u00f3mista offre aux visiteurs une exp\u00e9rience unique.\u00a0 [&hellip;]<\/p>\n","protected":false},"author":1,"featured_media":95856,"comment_status":"open","ping_status":"open","sticky":false,"template":"","format":"standard","meta":{"footnotes":""},"categories":[571,583],"tags":[],"class_list":["post-113216","post","type-post","status-publish","format-standard","has-post-thumbnail","hentry","category-blog-du-chemin","category-histoire"],"_links":{"self":[{"href":"https:\/\/www.mundiplus.com\/fr\/wp-json\/wp\/v2\/posts\/113216","targetHints":{"allow":["GET"]}}],"collection":[{"href":"https:\/\/www.mundiplus.com\/fr\/wp-json\/wp\/v2\/posts"}],"about":[{"href":"https:\/\/www.mundiplus.com\/fr\/wp-json\/wp\/v2\/types\/post"}],"author":[{"embeddable":true,"href":"https:\/\/www.mundiplus.com\/fr\/wp-json\/wp\/v2\/users\/1"}],"replies":[{"embeddable":true,"href":"https:\/\/www.mundiplus.com\/fr\/wp-json\/wp\/v2\/comments?post=113216"}],"version-history":[{"count":0,"href":"https:\/\/www.mundiplus.com\/fr\/wp-json\/wp\/v2\/posts\/113216\/revisions"}],"wp:featuredmedia":[{"embeddable":true,"href":"https:\/\/www.mundiplus.com\/fr\/wp-json\/wp\/v2\/media\/95856"}],"wp:attachment":[{"href":"https:\/\/www.mundiplus.com\/fr\/wp-json\/wp\/v2\/media?parent=113216"}],"wp:term":[{"taxonomy":"category","embeddable":true,"href":"https:\/\/www.mundiplus.com\/fr\/wp-json\/wp\/v2\/categories?post=113216"},{"taxonomy":"post_tag","embeddable":true,"href":"https:\/\/www.mundiplus.com\/fr\/wp-json\/wp\/v2\/tags?post=113216"}],"curies":[{"name":"wp","href":"https:\/\/api.w.org\/{rel}","templated":true}]}}