{"id":113327,"date":"2024-01-16T18:42:44","date_gmt":"2024-01-16T18:42:44","guid":{"rendered":"https:\/\/www.mundiplus.com\/que-voir-a-villafranca-del-bierzo\/"},"modified":"2024-11-14T15:26:15","modified_gmt":"2024-11-14T15:26:15","slug":"que-voir-a-villafranca-del-bierzo","status":"publish","type":"post","link":"https:\/\/www.mundiplus.com\/fr\/blog\/villafranca-del-bierzo\/","title":{"rendered":"Que voir \u00e0 Villafranca del Bierzo ?"},"content":{"rendered":"<p><span style=\"font-weight: 400;\">\u00c0 une distance de <\/span><b>132 km de la ville de <\/b><a href=\"https:\/\/www.mundiplus.com\/fr\/blog\/que-ver-en-leon\"><b>Le\u00f3n<\/b><\/a><span style=\"font-weight: 400;\">, ce joli et charmant village vous invite \u00e0 la d\u00e9tente et \u00e0 la d\u00e9connexion, car ici, il semble que le temps se soit arr\u00eat\u00e9. Son histoire remonte \u00e0 l&rsquo;\u00e9poque romaine, p\u00e9riode durant laquelle, en raison de sa situation g\u00e9ographique strat\u00e9gique,<\/span> <span style=\"font-weight: 400;\">il a \u00e9t\u00e9 <\/span><b>toujours li\u00e9 \u00e0 des conflits militaires.<\/b><\/p>\n<p><span style=\"font-weight: 400;\">Durant cette p\u00e9riode, Villafranca del Bierzo \u00e9tait une forteresse militaire utilis\u00e9e pour <\/span><b>prot\u00e9ger la fameuse route de l&rsquo;or<\/b><span style=\"font-weight: 400;\">. Plus tard, \u00e9tant situ\u00e9 au <\/span><b>d\u00e9but de la vall\u00e9e du Rio Valcarce,<\/b><span style=\"font-weight: 400;\"> le village est devenu un passage oblig\u00e9 pour les p\u00e8lerins se rendant \u00e0 Compostelle depuis Le\u00f3n.<\/span><\/p>\n<p><span style=\"font-weight: 400;\">Que vous fassiez la p\u00e8lerinage par vous-m\u00eame ou \u00e0 travers une des <\/span><a href=\"https:\/\/www.mundiplus.com\/fr\/\"><span style=\"font-weight: 400;\">agences de voyages pour le Camino de Santiago<\/span><\/a><span style=\"font-weight: 400;\">, si vous suivez la <\/span><a href=\"https:\/\/www.mundiplus.com\/fr\/caminos\/a-pie\/camino-frances\"><span style=\"font-weight: 400;\">route fran\u00e7aise<\/span><\/a><span style=\"font-weight: 400;\"> depuis Le\u00f3n, vous passerez par cette ville pittoresque.<\/span><\/p>\n<p><span style=\"font-weight: 400;\">Parmi les lieux \u00e0 visiter \u00e0 Villafranca del Bierzo, on trouve :<\/span><\/p>\n<h2><b>L&rsquo;\u00e9glise de Saint-Jacques Ap\u00f4tre<\/b><\/h2>\n<p><span style=\"font-weight: 400;\">Il s&rsquo;agit de l&rsquo;un des monuments les plus importants de cette route jacob\u00e9enne.<\/span> <span style=\"font-weight: 400;\">Elle a \u00e9t\u00e9 construite au <\/span><b>XIIe si\u00e8cle.<\/b><span style=\"font-weight: 400;\"> \u00c0 l&rsquo;\u00e9poque, l&rsquo;\u00e9v\u00eaque d&rsquo;Astorga demanda au pape une permission sp\u00e9ciale pour construire un temple en l&rsquo;honneur de l&rsquo;Ap\u00f4tre Saint-Jacques. Ce temple \u00e9tait destin\u00e9 aux <\/span><b>p\u00e8lerins qui ne pouvaient pas atteindre Compostelle pour des raisons de sant\u00e9, afin qu&rsquo;ils puissent tout de m\u00eame obtenir le Jubil\u00e9.<\/b><\/p>\n<p><span style=\"font-weight: 400;\">Les p\u00e8lerins doivent traverser la c\u00e9l\u00e8bre <\/span><b>Porte du Pardon<\/b><span style=\"font-weight: 400;\">, qui ne s&rsquo;ouvre que lors des Ann\u00e9es Saintes. En passant, il est int\u00e9ressant de noter qu&rsquo;elle est <\/span><b>rest\u00e9e ferm\u00e9e durant les XIXe et XXe si\u00e8cles<\/b><span style=\"font-weight: 400;\"> \u00e0 cause de la peste qui a frapp\u00e9 la r\u00e9gion, ainsi que des pillages.<\/span><\/p>\n<p><span style=\"font-weight: 400;\">Il s&rsquo;agit d&rsquo;un temple \u00e0 une seule nef, avec des arcs en plein cintre. \u00c0 l&rsquo;int\u00e9rieur, vous pourrez admirer l&rsquo;abside typique de ce genre d&rsquo;\u00e9glises, ainsi qu&rsquo;un Christ Crucifi\u00e9 de taille naturelle datant du XIVe si\u00e8cle.<\/span><\/p>\n<p><img fetchpriority=\"high\" decoding=\"async\" class=\"size-full wp-image-30405 aligncenter\" src=\"https:\/\/www.mundiplus.com\/wp-content\/uploads\/2024\/04\/Villafranca-bierzo-iglesia-santiago-apostol.jpg\" alt=\"Iglesia de Santiago Ap\u00f3stol en Villafranca del Bierzo\" width=\"1000\" height=\"667\" \/><\/p>\n<h2><b>Le ch\u00e2teau des Marquis de Villafranca<\/b><\/h2>\n<p><span style=\"font-weight: 400;\">Il s&rsquo;agit d&rsquo;un <\/span><b>ch\u00e2teau de plan carr\u00e9<\/b><span style=\"font-weight: 400;\"> avec de larges tours circulaires aux coins. Il a \u00e9t\u00e9 construit au <\/span><b>d\u00e9but du XVIe si\u00e8cle par le IIe Marquis de Villafranca<\/b><span style=\"font-weight: 400;\">. Aujourd&rsquo;hui, il s&rsquo;agit d&rsquo;une propri\u00e9t\u00e9 priv\u00e9e et, malheureusement, nous ne pouvons pas visiter l&rsquo;int\u00e9rieur.<\/span><\/p>\n<p><span style=\"font-weight: 400;\">Cette construction a \u00e9t\u00e9 \u00e9rig\u00e9e <\/span><b>sur les ruines d&rsquo;un ch\u00e2teau plus ancien appel\u00e9 <\/b><b><i>La Fuerza. <\/i><\/b><span style=\"font-weight: 400;\">Lors de l&rsquo;invasion fran\u00e7aise, il a \u00e9t\u00e9 <\/span><b>pill\u00e9 par les Anglais<\/b><span style=\"font-weight: 400;\"> qui fuyaient vers Lugo et, par la suite, <\/span><b>les troupes fran\u00e7aises l&rsquo;ont d\u00e9truit <\/b><span style=\"font-weight: 400;\">et tout br\u00fbl\u00e9 sur leur passage.<\/span><\/p>\n<h2><b>L&rsquo;\u00e9glise de Saint-Fran\u00e7ois<\/b><\/h2>\n<p><span style=\"font-weight: 400;\">Au bout de la rue San Jer\u00f3nimo, se trouve l&rsquo;<\/span><b>\u00e9glise de Saint-Fran\u00e7ois<\/b><span style=\"font-weight: 400;\">. Il s&rsquo;agit d&rsquo;<\/span><b>un ancien couvent franciscain construit au XIIe si\u00e8cle,<\/b><span style=\"font-weight: 400;\"> bien que de nos jours seul le temple soit conserv\u00e9.<\/span><\/p>\n<p><span style=\"font-weight: 400;\">Sa <\/span><b>fa\u00e7ade de style roman<\/b><span style=\"font-weight: 400;\"> est une v\u00e9ritable beaut\u00e9, bien qu&rsquo;elle comporte aussi des \u00e9l\u00e9ments baroques et gothiques ajout\u00e9s au fil des agrandissements r\u00e9alis\u00e9s.<\/span><\/p>\n<p><span style=\"font-weight: 400;\">\u00c0 l&rsquo;int\u00e9rieur, vous pourrez admirer son imposant <\/span><b>retable majeur,<\/b><span style=\"font-weight: 400;\"> de style churrigueresque, ainsi qu&rsquo;une belle peinture de Christ Eucharistique de l&rsquo;\u00e9cole de Juan de Flandes. L&rsquo;un des points les plus remarquables est le <\/span><b>ch\u0153ur<\/b><span style=\"font-weight: 400;\">, de style plateresque, parfaitement en harmonie avec le style aust\u00e8re des franciscains.<\/span><\/p>\n<p><span style=\"font-weight: 400;\">On y trouve \u00e9galement plusieurs tombes<\/span><b> de chevaliers et dames importants de la soci\u00e9t\u00e9 de Villafranca.<\/b><\/p>\n<h2><b>La coll\u00e9giale de Sainte-Marie<\/b><\/h2>\n<p><span style=\"font-weight: 400;\">Construite sur un <\/span><b>ancien monast\u00e8re<\/b><span style=\"font-weight: 400;\"> fond\u00e9 au milieu du XIIe si\u00e8cle par l&rsquo;ordre de Cluny. Elle servait d&rsquo;h\u00e9bergement aux p\u00e8lerins fran\u00e7ais, en plus de promouvoir l&rsquo;agriculture vinicole dans la r\u00e9gion.<\/span><\/p>\n<p><span style=\"font-weight: 400;\">C&rsquo;est un exemple typique de <\/span><b>l&rsquo;architecture berciana du XVIe si\u00e8cle<\/b><span style=\"font-weight: 400;\">, qui \u00e9tait tr\u00e8s populaire dans la r\u00e9gion. Sachez que cette construction<\/span><b> a pris pr\u00e8s de 200 ans \u00e0 \u00eatre achev\u00e9e<\/b><span style=\"font-weight: 400;\">.<\/span><\/p>\n<p><span style=\"font-weight: 400;\">L&rsquo;\u00e9glise a \u00e9t\u00e9 construite sur ordre du Marquis de Villafranca. \u00c0 l&rsquo;int\u00e9rieur, vous pourrez observer diverses vo\u00fbtes et une magnifique coupole qui abritent, entre autres, diff\u00e9rents retables et un merveilleux ch\u0153ur baroque \u2013 rococo.<\/span><\/p>\n<p><img decoding=\"async\" class=\"size-full wp-image-30406 aligncenter\" src=\"https:\/\/www.mundiplus.com\/wp-content\/uploads\/2024\/04\/Villafranca-bierzo.jpg\" alt=\"Puente en Villafranca del Bierzo\" width=\"1000\" height=\"667\" \/><\/p>\n<h2><b>Le couvent de Saint-Nicolas<\/b><\/h2>\n<p><span style=\"font-weight: 400;\">Son nom officiel est <\/span><b>Couvent de Saint-Nicolas El Real<\/b><span style=\"font-weight: 400;\">, qui, avec l&rsquo;\u00e9glise, forme l&rsquo;un des complexes religieux les plus importants de la r\u00e9gion. Il a \u00e9t\u00e9 <\/span><b>construit au XVIIe si\u00e8cle<\/b><span style=\"font-weight: 400;\">, avec un design traditionnel de la Compagnie de J\u00e9sus, con\u00e7u comme une \u00e9cole pour enfants.<\/span><\/p>\n<p><span style=\"font-weight: 400;\">Il poss\u00e8de une impressionnante fa\u00e7ade couronn\u00e9e par l&rsquo;\u00e9cusson des j\u00e9suites. \u00c0 l&rsquo;int\u00e9rieur, on trouve l&rsquo;image du saint patron de Villafranca, le Christ de l&rsquo;Esp\u00e9rance.<\/span><\/p>\n<h2><b>Place principale de Villafranca del Bierzo<\/b><\/h2>\n<p><span style=\"font-weight: 400;\">Comme dans tout village espagnol, une visite \u00e0 la Place principale de Villafranca del Bierzo est indispensable pour d\u00e9couvrir la vie quotidienne. Elle est domin\u00e9e par l&rsquo;h\u00f4tel de ville et, au fil des ans, des arcades ont \u00e9t\u00e9 ajout\u00e9es pour prot\u00e9ger du soleil les diff\u00e9rentes terrasses de bars et restaurants situ\u00e9s autour.<\/span><\/p>\n<p><span style=\"font-weight: 400;\">C&rsquo;est l&rsquo;endroit id\u00e9al si vous souhaitez go\u00fbter \u00e0 la gastronomie locale ou simplement prendre un verre tout en profitant de la vue. Ind\u00e9niablement, c&rsquo;est l&rsquo;un des <\/span><a href=\"https:\/\/www.mundiplus.com\/fr\/blog\/pueblos-pintorescos-camino-de-santiago\"><span style=\"font-weight: 400;\">villages les plus pittoresques<\/span><\/a><span style=\"font-weight: 400;\"> de la route jacob\u00e9enne, alors notez-le sur votre carte du Camino de Santiago Fran\u00e7ais.<\/span><\/p>\n<h2><b>La rue de l&rsquo;Eau<\/b><\/h2>\n<p><span style=\"font-weight: 400;\">Enfin, mais pas moins importante, il y a la rue de l&rsquo;Eau, pour certains, <\/span><b>la plus c\u00e9l\u00e8bre de Villafranca del Bierzo<\/b><span style=\"font-weight: 400;\">, entour\u00e9e de superbes <\/span><b>maisons de style seigneurial,<\/b><span style=\"font-weight: 400;\"> dont beaucoup sont orn\u00e9es de blasons, certains palais, et \u00e9galement des caves.<\/span><\/p>\n<p><span style=\"font-weight: 400;\">Villafranca del Bierzo se trouve \u00e0 quelques kilom\u00e8tres de la fronti\u00e8re entre Le\u00f3n et Lugo, donc si vous planifiez de faire le <\/span><a href=\"https:\/\/www.mundiplus.com\/fr\/caminos\/a-pie\/camino-frances\/camino-de-santiago-desde-sarria\"><span style=\"font-weight: 400;\">Camino de Santiago depuis Sarria<\/span><\/a><span style=\"font-weight: 400;\">, il pourrait \u00eatre int\u00e9ressant de r\u00e9organiser votre parcours et de commencer un peu plus t\u00f4t. Cela repr\u00e9sentera seulement 65 km de plus, mais cela en vaut vraiment la peine.<\/span><\/p>\n<p><img decoding=\"async\" class=\"size-full wp-image-30407 aligncenter\" src=\"https:\/\/www.mundiplus.com\/wp-content\/uploads\/2024\/04\/peregrino-solitario-atardecer-1.jpg\" alt=\"P\u00e8lerin \u00e0 Villafranca del Bierzo\" width=\"1000\" height=\"601\" \/><\/p>\n<h2><b>Autres routes jacob\u00e9ennes<\/b><\/h2>\n<p><span style=\"font-weight: 400;\">En plus du Camino Franc\u00e9s, charg\u00e9 d&rsquo;histoire et de traditions, vous pouvez envisager pour de futurs p\u00e8lerinages, les trois autres plus populaires : <\/span><\/p>\n<ul>\n<li style=\"font-weight: 400;\" aria-level=\"1\"><span style=\"font-weight: 400;\">Le<\/span><a href=\"https:\/\/www.mundiplus.com\/fr\/caminos\/a-pie\/camino-norte\"> <span style=\"font-weight: 400;\">Camino del Norte<\/span><\/a><span style=\"font-weight: 400;\">, qui traverse la c\u00f4te cantabrique d&rsquo;Est en Ouest.<\/span><\/li>\n<li style=\"font-weight: 400;\" aria-level=\"1\"><span style=\"font-weight: 400;\">Le<\/span><a href=\"https:\/\/www.mundiplus.com\/fr\/caminos\/a-pie\/camino-portugues-costa\"> <span style=\"font-weight: 400;\">Camino Portugu\u00e9s de la Costa<\/span><\/a><span style=\"font-weight: 400;\">, de Porto (Portugal), passant par Viana do Castelo et Vigo.<\/span><\/li>\n<li style=\"font-weight: 400;\" aria-level=\"1\"><span style=\"font-weight: 400;\">Le<\/span><a href=\"https:\/\/www.mundiplus.com\/fr\/caminos\/a-pie\/camino-portugues\/camino-de-santiago-desde-tui\"> <span style=\"font-weight: 400;\">Camino Portugu\u00e9s de Tui<\/span><\/a><span style=\"font-weight: 400;\">, qui peut \u00eatre parcouru en environ 8 jours.<\/span><\/li>\n<\/ul>\n<p><span style=\"font-weight: 400;\">Ind\u00e9niablement, la route jacob\u00e9enne vous emm\u00e8ne \u00e0 travers les villages et r\u00e9gions les plus pittoresques de toute la p\u00e9ninsule. Une travers\u00e9e qui allie aventure et spiritualit\u00e9.<\/span><\/p>\n","protected":false},"excerpt":{"rendered":"<p>\u00c0 une distance de 132 km de la ville de Le\u00f3n, ce joli et charmant village vous invite \u00e0 la d\u00e9tente et \u00e0 la d\u00e9connexion, car ici, il semble que le temps se soit arr\u00eat\u00e9. Son histoire remonte \u00e0 l&rsquo;\u00e9poque romaine, p\u00e9riode durant laquelle, en raison de sa situation g\u00e9ographique strat\u00e9gique, il a \u00e9t\u00e9 toujours [&hellip;]<\/p>\n","protected":false},"author":1,"featured_media":95836,"comment_status":"open","ping_status":"open","sticky":false,"template":"","format":"standard","meta":{"footnotes":""},"categories":[571,599],"tags":[],"class_list":["post-113327","post","type-post","status-publish","format-standard","has-post-thumbnail","hentry","category-blog-du-chemin","category-villages-et-regions"],"_links":{"self":[{"href":"https:\/\/www.mundiplus.com\/fr\/wp-json\/wp\/v2\/posts\/113327","targetHints":{"allow":["GET"]}}],"collection":[{"href":"https:\/\/www.mundiplus.com\/fr\/wp-json\/wp\/v2\/posts"}],"about":[{"href":"https:\/\/www.mundiplus.com\/fr\/wp-json\/wp\/v2\/types\/post"}],"author":[{"embeddable":true,"href":"https:\/\/www.mundiplus.com\/fr\/wp-json\/wp\/v2\/users\/1"}],"replies":[{"embeddable":true,"href":"https:\/\/www.mundiplus.com\/fr\/wp-json\/wp\/v2\/comments?post=113327"}],"version-history":[{"count":0,"href":"https:\/\/www.mundiplus.com\/fr\/wp-json\/wp\/v2\/posts\/113327\/revisions"}],"wp:featuredmedia":[{"embeddable":true,"href":"https:\/\/www.mundiplus.com\/fr\/wp-json\/wp\/v2\/media\/95836"}],"wp:attachment":[{"href":"https:\/\/www.mundiplus.com\/fr\/wp-json\/wp\/v2\/media?parent=113327"}],"wp:term":[{"taxonomy":"category","embeddable":true,"href":"https:\/\/www.mundiplus.com\/fr\/wp-json\/wp\/v2\/categories?post=113327"},{"taxonomy":"post_tag","embeddable":true,"href":"https:\/\/www.mundiplus.com\/fr\/wp-json\/wp\/v2\/tags?post=113327"}],"curies":[{"name":"wp","href":"https:\/\/api.w.org\/{rel}","templated":true}]}}